{"id":877,"date":"2012-05-02T16:04:18","date_gmt":"2012-05-02T14:04:18","guid":{"rendered":"http:\/\/www.huruguen.fr\/?p=877"},"modified":"2020-10-16T06:55:43","modified_gmt":"2020-10-16T05:55:43","slug":"spring-shooting-book-lydia-roess-bordeaux-parc-bordelais","status":"publish","type":"post","link":"https:\/\/www.huruguen.fr\/site\/spring-shooting-book-lydia-roess-bordeaux-parc-bordelais\/","title":{"rendered":"Spring with Lydia in Bordeaux"},"content":{"rendered":"<p><a href=\"https:\/\/www.huruguen.fr\/site\/wp-content\/uploads\/2012\/05\/lydia-bordeaux-parc-bordelais-mode-book-sebastien-huruguen-portrait.jpg\"><img loading=\"lazy\" decoding=\"async\" class=\"alignnone wp-image-55671 size-full\" src=\"https:\/\/www.huruguen.fr\/site\/wp-content\/uploads\/2012\/05\/lydia-bordeaux-parc-bordelais-mode-book-sebastien-huruguen-portrait.jpg\" alt=\"\" width=\"1500\" height=\"1000\" data-id=\"55671\" srcset=\"https:\/\/www.huruguen.fr\/site\/wp-content\/uploads\/2012\/05\/lydia-bordeaux-parc-bordelais-mode-book-sebastien-huruguen-portrait.jpg 1500w, https:\/\/www.huruguen.fr\/site\/wp-content\/uploads\/2012\/05\/lydia-bordeaux-parc-bordelais-mode-book-sebastien-huruguen-portrait-300x200.jpg 300w, https:\/\/www.huruguen.fr\/site\/wp-content\/uploads\/2012\/05\/lydia-bordeaux-parc-bordelais-mode-book-sebastien-huruguen-portrait-768x512.jpg 768w, https:\/\/www.huruguen.fr\/site\/wp-content\/uploads\/2012\/05\/lydia-bordeaux-parc-bordelais-mode-book-sebastien-huruguen-portrait-1024x683.jpg 1024w\" sizes=\"auto, (max-width: 1500px) 100vw, 1500px\" \/><\/a><\/p>\n<p>&nbsp;<\/p>\n<h2>Photographe Book Bordeaux<\/h2>\n<p>&nbsp;<\/p>\n<p><span style=\"font-size: 14pt;\">Quelques images ensoleill\u00e9es pour accompagner l&rsquo;arriv\u00e9e des beaux jours printaniers dans le sud ouest de la France.<\/span><br \/>\n<span style=\"font-size: 14pt;\"> Merci \u00e0 <a href=\"https:\/\/www.instagram.com\/lydiaroess\/\" target=\"_blank\" rel=\"noopener noreferrer\">Lydia<\/a> et Alex&nbsp;pour cette s\u00e9ance photo book improvis\u00e9e au Parc Bordelais.<\/span><\/p>\n<p>&nbsp;<\/p>\n<div id=\"kad-wp-gallery86\" class=\"kad-wp-gallery kad-light-wp-gallery clearfix kt-gallery-column-2 rowtight\"><div class=\"tcol-lg-6 tcol-md-6 tcol-sm-6 tcol-xs-12 tcol-ss-12 g_item\"><div class=\"grid_item kad_gallery_fade_in gallery_item\"><a href=\"https:\/\/www.huruguen.fr\/site\/wp-content\/uploads\/2012\/05\/lydia-bordeaux-parc-bordelais-mode-book-sebastien-huruguen-portrait-banc-danseuse.jpg\" data-rel=\"lightbox\" class=\"lightboxhover\"><img loading=\"lazy\" decoding=\"async\" src=\"https:\/\/www.huruguen.fr\/site\/wp-content\/uploads\/2012\/05\/lydia-bordeaux-parc-bordelais-mode-book-sebastien-huruguen-portrait-banc-danseuse-600x600.jpg\" width=\"600\" height=\"600\" alt=\"lydia-bordeaux-parc-bordelais-mode-book-sebastien-huruguen-portrait-banc-danseuse-actualit\u00e9s\" srcset=\"https:\/\/www.huruguen.fr\/site\/wp-content\/uploads\/2012\/05\/lydia-bordeaux-parc-bordelais-mode-book-sebastien-huruguen-portrait-banc-danseuse-600x600.jpg 600w, https:\/\/www.huruguen.fr\/site\/wp-content\/uploads\/2012\/05\/lydia-bordeaux-parc-bordelais-mode-book-sebastien-huruguen-portrait-banc-danseuse-150x150.jpg 150w, https:\/\/www.huruguen.fr\/site\/wp-content\/uploads\/2012\/05\/lydia-bordeaux-parc-bordelais-mode-book-sebastien-huruguen-portrait-banc-danseuse-60x60.jpg 60w\" sizes=\"auto, (max-width: 600px) 100vw, 600px\" class=\"light-dropshaddow\"\/><\/a><\/div><\/div><div class=\"tcol-lg-6 tcol-md-6 tcol-sm-6 tcol-xs-12 tcol-ss-12 g_item\"><div class=\"grid_item kad_gallery_fade_in gallery_item\"><a href=\"https:\/\/www.huruguen.fr\/site\/wp-content\/uploads\/2016\/03\/lydia-mode-jardin-public-bordeaux-pont-robe-mannequin-model-sebastien-huruguen-photographe-bordeaux.jpg\" data-rel=\"lightbox\" class=\"lightboxhover\"><img loading=\"lazy\" decoding=\"async\" src=\"https:\/\/www.huruguen.fr\/site\/wp-content\/uploads\/2016\/03\/lydia-mode-jardin-public-bordeaux-pont-robe-mannequin-model-sebastien-huruguen-photographe-bordeaux-600x600.jpg\" width=\"600\" height=\"600\" alt=\"lydia-mode-jardin-public-bordeaux-pont-robe-mannequin-model-sebastien-huruguen-photographe-bordeaux\" srcset=\"https:\/\/www.huruguen.fr\/site\/wp-content\/uploads\/2016\/03\/lydia-mode-jardin-public-bordeaux-pont-robe-mannequin-model-sebastien-huruguen-photographe-bordeaux-600x600.jpg 600w, https:\/\/www.huruguen.fr\/site\/wp-content\/uploads\/2016\/03\/lydia-mode-jardin-public-bordeaux-pont-robe-mannequin-model-sebastien-huruguen-photographe-bordeaux-150x150.jpg 150w, https:\/\/www.huruguen.fr\/site\/wp-content\/uploads\/2016\/03\/lydia-mode-jardin-public-bordeaux-pont-robe-mannequin-model-sebastien-huruguen-photographe-bordeaux-60x60.jpg 60w, https:\/\/www.huruguen.fr\/site\/wp-content\/uploads\/2016\/03\/lydia-mode-jardin-public-bordeaux-pont-robe-mannequin-model-sebastien-huruguen-photographe-bordeaux-800x800.jpg 800w, https:\/\/www.huruguen.fr\/site\/wp-content\/uploads\/2016\/03\/lydia-mode-jardin-public-bordeaux-pont-robe-mannequin-model-sebastien-huruguen-photographe-bordeaux-400x400.jpg 400w\" sizes=\"auto, (max-width: 600px) 100vw, 600px\" class=\"light-dropshaddow\"\/><\/a><\/div><\/div><div class=\"tcol-lg-6 tcol-md-6 tcol-sm-6 tcol-xs-12 tcol-ss-12 g_item\"><div class=\"grid_item kad_gallery_fade_in gallery_item\"><a href=\"https:\/\/www.huruguen.fr\/site\/wp-content\/uploads\/2012\/05\/lydia-bordeaux-parc-bordelais-mode-book-sebastien-huruguen-6.jpg\" data-rel=\"lightbox\" class=\"lightboxhover\"><img loading=\"lazy\" decoding=\"async\" src=\"https:\/\/www.huruguen.fr\/site\/wp-content\/uploads\/2012\/05\/lydia-bordeaux-parc-bordelais-mode-book-sebastien-huruguen-6-600x600.jpg\" width=\"600\" height=\"600\" alt=\"lydia-bordeaux-parc-bordelais-mode-book-sebastien-huruguen-6\" srcset=\"https:\/\/www.huruguen.fr\/site\/wp-content\/uploads\/2012\/05\/lydia-bordeaux-parc-bordelais-mode-book-sebastien-huruguen-6-600x600.jpg 600w, https:\/\/www.huruguen.fr\/site\/wp-content\/uploads\/2012\/05\/lydia-bordeaux-parc-bordelais-mode-book-sebastien-huruguen-6-150x150.jpg 150w, https:\/\/www.huruguen.fr\/site\/wp-content\/uploads\/2012\/05\/lydia-bordeaux-parc-bordelais-mode-book-sebastien-huruguen-6-60x60.jpg 60w\" sizes=\"auto, (max-width: 600px) 100vw, 600px\" class=\"light-dropshaddow\"\/><\/a><\/div><\/div><div class=\"tcol-lg-6 tcol-md-6 tcol-sm-6 tcol-xs-12 tcol-ss-12 g_item\"><div class=\"grid_item kad_gallery_fade_in gallery_item\"><a href=\"https:\/\/www.huruguen.fr\/site\/wp-content\/uploads\/2016\/03\/lydia-book-photo-sebastien-huruguen-bordeaux-printemps-spring-canon-eos.jpg\" data-rel=\"lightbox\" class=\"lightboxhover\"><img loading=\"lazy\" decoding=\"async\" src=\"https:\/\/www.huruguen.fr\/site\/wp-content\/uploads\/2016\/03\/lydia-book-photo-sebastien-huruguen-bordeaux-printemps-spring-canon-eos-600x600.jpg\" width=\"600\" height=\"600\" alt=\"lydia-book-photo-sebastien-huruguen-bordeaux-printemps-spring-canon-eos\" srcset=\"https:\/\/www.huruguen.fr\/site\/wp-content\/uploads\/2016\/03\/lydia-book-photo-sebastien-huruguen-bordeaux-printemps-spring-canon-eos-600x600.jpg 600w, https:\/\/www.huruguen.fr\/site\/wp-content\/uploads\/2016\/03\/lydia-book-photo-sebastien-huruguen-bordeaux-printemps-spring-canon-eos-150x150.jpg 150w, https:\/\/www.huruguen.fr\/site\/wp-content\/uploads\/2016\/03\/lydia-book-photo-sebastien-huruguen-bordeaux-printemps-spring-canon-eos-60x60.jpg 60w, https:\/\/www.huruguen.fr\/site\/wp-content\/uploads\/2016\/03\/lydia-book-photo-sebastien-huruguen-bordeaux-printemps-spring-canon-eos-800x800.jpg 800w, https:\/\/www.huruguen.fr\/site\/wp-content\/uploads\/2016\/03\/lydia-book-photo-sebastien-huruguen-bordeaux-printemps-spring-canon-eos-400x400.jpg 400w\" sizes=\"auto, (max-width: 600px) 100vw, 600px\" class=\"light-dropshaddow\"\/><\/a><\/div><\/div><div class=\"tcol-lg-6 tcol-md-6 tcol-sm-6 tcol-xs-12 tcol-ss-12 g_item\"><div class=\"grid_item kad_gallery_fade_in gallery_item\"><a href=\"https:\/\/www.huruguen.fr\/site\/wp-content\/uploads\/2016\/03\/lydia-portrait-fashion-book-photo-sebastien-huruguen-bordeaux.jpg\" data-rel=\"lightbox\" class=\"lightboxhover\"><img loading=\"lazy\" decoding=\"async\" src=\"https:\/\/www.huruguen.fr\/site\/wp-content\/uploads\/2016\/03\/lydia-portrait-fashion-book-photo-sebastien-huruguen-bordeaux-600x600.jpg\" width=\"600\" height=\"600\" alt=\"lydia-portrait-fashion-book-photo-sebastien-huruguen-bordeaux\" srcset=\"https:\/\/www.huruguen.fr\/site\/wp-content\/uploads\/2016\/03\/lydia-portrait-fashion-book-photo-sebastien-huruguen-bordeaux-600x600.jpg 600w, https:\/\/www.huruguen.fr\/site\/wp-content\/uploads\/2016\/03\/lydia-portrait-fashion-book-photo-sebastien-huruguen-bordeaux-150x150.jpg 150w, https:\/\/www.huruguen.fr\/site\/wp-content\/uploads\/2016\/03\/lydia-portrait-fashion-book-photo-sebastien-huruguen-bordeaux-60x60.jpg 60w, https:\/\/www.huruguen.fr\/site\/wp-content\/uploads\/2016\/03\/lydia-portrait-fashion-book-photo-sebastien-huruguen-bordeaux-800x800.jpg 800w, https:\/\/www.huruguen.fr\/site\/wp-content\/uploads\/2016\/03\/lydia-portrait-fashion-book-photo-sebastien-huruguen-bordeaux-400x400.jpg 400w\" sizes=\"auto, (max-width: 600px) 100vw, 600px\" class=\"light-dropshaddow\"\/><\/a><\/div><\/div><div class=\"tcol-lg-6 tcol-md-6 tcol-sm-6 tcol-xs-12 tcol-ss-12 g_item\"><div class=\"grid_item kad_gallery_fade_in gallery_item\"><a href=\"https:\/\/www.huruguen.fr\/site\/wp-content\/uploads\/2016\/03\/lydia-parc-bordelais-arbre-branche-book-photo-sebastien-huruguen-bordeaux.jpg\" data-rel=\"lightbox\" class=\"lightboxhover\"><img loading=\"lazy\" decoding=\"async\" src=\"https:\/\/www.huruguen.fr\/site\/wp-content\/uploads\/2016\/03\/lydia-parc-bordelais-arbre-branche-book-photo-sebastien-huruguen-bordeaux-600x600.jpg\" width=\"600\" height=\"600\" alt=\"lydia-parc-bordelais-arbre-branche-book-photo-sebastien-huruguen-bordeaux\" srcset=\"https:\/\/www.huruguen.fr\/site\/wp-content\/uploads\/2016\/03\/lydia-parc-bordelais-arbre-branche-book-photo-sebastien-huruguen-bordeaux-600x600.jpg 600w, https:\/\/www.huruguen.fr\/site\/wp-content\/uploads\/2016\/03\/lydia-parc-bordelais-arbre-branche-book-photo-sebastien-huruguen-bordeaux-150x150.jpg 150w, https:\/\/www.huruguen.fr\/site\/wp-content\/uploads\/2016\/03\/lydia-parc-bordelais-arbre-branche-book-photo-sebastien-huruguen-bordeaux-60x60.jpg 60w, https:\/\/www.huruguen.fr\/site\/wp-content\/uploads\/2016\/03\/lydia-parc-bordelais-arbre-branche-book-photo-sebastien-huruguen-bordeaux-800x800.jpg 800w, https:\/\/www.huruguen.fr\/site\/wp-content\/uploads\/2016\/03\/lydia-parc-bordelais-arbre-branche-book-photo-sebastien-huruguen-bordeaux-400x400.jpg 400w\" sizes=\"auto, (max-width: 600px) 100vw, 600px\" class=\"light-dropshaddow\"\/><\/a><\/div><\/div><div class=\"tcol-lg-6 tcol-md-6 tcol-sm-6 tcol-xs-12 tcol-ss-12 g_item\"><div class=\"grid_item kad_gallery_fade_in gallery_item\"><a href=\"https:\/\/www.huruguen.fr\/site\/wp-content\/uploads\/2012\/05\/lydia-bordeaux-parc-bordelais-mode-book-sebastien-huruguen-portrait.jpg\" data-rel=\"lightbox\" class=\"lightboxhover\"><img loading=\"lazy\" decoding=\"async\" src=\"https:\/\/www.huruguen.fr\/site\/wp-content\/uploads\/2012\/05\/lydia-bordeaux-parc-bordelais-mode-book-sebastien-huruguen-portrait-600x600.jpg\" width=\"600\" height=\"600\" alt=\"lydia-bordeaux-parc-bordelais-mode-book-sebastien-huruguen-portrait\" srcset=\"https:\/\/www.huruguen.fr\/site\/wp-content\/uploads\/2012\/05\/lydia-bordeaux-parc-bordelais-mode-book-sebastien-huruguen-portrait-600x600.jpg 600w, https:\/\/www.huruguen.fr\/site\/wp-content\/uploads\/2012\/05\/lydia-bordeaux-parc-bordelais-mode-book-sebastien-huruguen-portrait-150x150.jpg 150w, https:\/\/www.huruguen.fr\/site\/wp-content\/uploads\/2012\/05\/lydia-bordeaux-parc-bordelais-mode-book-sebastien-huruguen-portrait-60x60.jpg 60w\" sizes=\"auto, (max-width: 600px) 100vw, 600px\" class=\"light-dropshaddow\"\/><\/a><\/div><\/div><div class=\"tcol-lg-6 tcol-md-6 tcol-sm-6 tcol-xs-12 tcol-ss-12 g_item\"><div class=\"grid_item kad_gallery_fade_in gallery_item\"><a href=\"https:\/\/www.huruguen.fr\/site\/wp-content\/uploads\/2012\/05\/lydia-bordeaux-parc-bordelais-mode-book-sebastien-huruguen-7.jpg\" data-rel=\"lightbox\" class=\"lightboxhover\"><img loading=\"lazy\" decoding=\"async\" src=\"https:\/\/www.huruguen.fr\/site\/wp-content\/uploads\/2012\/05\/lydia-bordeaux-parc-bordelais-mode-book-sebastien-huruguen-7-600x600.jpg\" width=\"600\" height=\"600\" alt=\"lydia-bordeaux-parc-bordelais-mode-book-sebastien-huruguen-7\" srcset=\"https:\/\/www.huruguen.fr\/site\/wp-content\/uploads\/2012\/05\/lydia-bordeaux-parc-bordelais-mode-book-sebastien-huruguen-7-600x600.jpg 600w, https:\/\/www.huruguen.fr\/site\/wp-content\/uploads\/2012\/05\/lydia-bordeaux-parc-bordelais-mode-book-sebastien-huruguen-7-150x150.jpg 150w, https:\/\/www.huruguen.fr\/site\/wp-content\/uploads\/2012\/05\/lydia-bordeaux-parc-bordelais-mode-book-sebastien-huruguen-7-60x60.jpg 60w\" sizes=\"auto, (max-width: 600px) 100vw, 600px\" class=\"light-dropshaddow\"\/><\/a><\/div><\/div><div class=\"tcol-lg-6 tcol-md-6 tcol-sm-6 tcol-xs-12 tcol-ss-12 g_item\"><div class=\"grid_item kad_gallery_fade_in gallery_item\"><a href=\"https:\/\/www.huruguen.fr\/site\/wp-content\/uploads\/2016\/03\/lydia-nb-parc-bordelais-book-photo-sebastien-huruguen-bordeaux.jpg\" data-rel=\"lightbox\" class=\"lightboxhover\"><img loading=\"lazy\" decoding=\"async\" src=\"https:\/\/www.huruguen.fr\/site\/wp-content\/uploads\/2016\/03\/lydia-nb-parc-bordelais-book-photo-sebastien-huruguen-bordeaux-600x600.jpg\" width=\"600\" height=\"600\" alt=\"lydia-nb-parc-bordelais-book-photo-sebastien-huruguen-bordeaux\" srcset=\"https:\/\/www.huruguen.fr\/site\/wp-content\/uploads\/2016\/03\/lydia-nb-parc-bordelais-book-photo-sebastien-huruguen-bordeaux-600x600.jpg 600w, https:\/\/www.huruguen.fr\/site\/wp-content\/uploads\/2016\/03\/lydia-nb-parc-bordelais-book-photo-sebastien-huruguen-bordeaux-150x150.jpg 150w, https:\/\/www.huruguen.fr\/site\/wp-content\/uploads\/2016\/03\/lydia-nb-parc-bordelais-book-photo-sebastien-huruguen-bordeaux-60x60.jpg 60w, https:\/\/www.huruguen.fr\/site\/wp-content\/uploads\/2016\/03\/lydia-nb-parc-bordelais-book-photo-sebastien-huruguen-bordeaux-800x800.jpg 800w, https:\/\/www.huruguen.fr\/site\/wp-content\/uploads\/2016\/03\/lydia-nb-parc-bordelais-book-photo-sebastien-huruguen-bordeaux-400x400.jpg 400w\" sizes=\"auto, (max-width: 600px) 100vw, 600px\" class=\"light-dropshaddow\"\/><\/a><\/div><\/div><\/div>\n<h3>S\u00e9bastien Huruguen <a href=\"https:\/\/www.huruguen.fr\/site\/portfolio\/seance-photo-book-bordeaux-photographe-mannequin-modele-particuliers-pro\/\">s\u00e9ance photo Book<\/a> \u00e0 Bordeaux.<\/h3>\n","protected":false},"excerpt":{"rendered":"<p>&nbsp; Photographe Book Bordeaux &nbsp; Quelques images ensoleill\u00e9es pour accompagner l&rsquo;arriv\u00e9e des beaux jours printaniers dans le sud ouest de la France. Merci \u00e0 Lydia et Alex&nbsp;pour cette s\u00e9ance photo book improvis\u00e9e au Parc Bordelais. &nbsp; S\u00e9bastien Huruguen s\u00e9ance photo &hellip; <a href=\"https:\/\/www.huruguen.fr\/site\/spring-shooting-book-lydia-roess-bordeaux-parc-bordelais\/\">Lire la suite<\/a><\/p>\n","protected":false},"author":1,"featured_media":55666,"comment_status":"closed","ping_status":"open","sticky":false,"template":"","format":"standard","meta":{"kt_blocks_editor_width":"","footnotes":""},"categories":[1537],"tags":[2302,937,938,2282,2279,2317,393,2303,2500,2360,2499,133,2290,68,150,936],"class_list":["post-877","post","type-post","status-publish","format-standard","has-post-thumbnail","hentry","category-reportages","tag-bordeaux","tag-fasion","tag-flickr","tag-france","tag-huruguen","tag-lydia","tag-mannequin","tag-mode","tag-parc-bordelais","tag-photos","tag-printemps","tag-roess","tag-seb","tag-sebastien","tag-soleil","tag-spring"],"yoast_head":"<!-- This site is optimized with the Yoast SEO plugin v27.4 - https:\/\/yoast.com\/product\/yoast-seo-wordpress\/ -->\n<title>Spring with Lydia in Bordeaux - Photographe Professionnel \u00e0 Bordeaux &#x1f4f7; Sebastien Huruguen<\/title>\n<meta name=\"robots\" content=\"index, follow, max-snippet:-1, max-image-preview:large, max-video-preview:-1\" \/>\n<link rel=\"canonical\" href=\"https:\/\/www.huruguen.fr\/site\/spring-shooting-book-lydia-roess-bordeaux-parc-bordelais\/\" \/>\n<meta property=\"og:locale\" content=\"fr_FR\" \/>\n<meta property=\"og:type\" content=\"article\" \/>\n<meta property=\"og:title\" content=\"Spring with Lydia in Bordeaux - Photographe Professionnel \u00e0 Bordeaux &#x1f4f7; Sebastien Huruguen\" \/>\n<meta property=\"og:description\" content=\"&nbsp; Photographe Book Bordeaux &nbsp; Quelques images ensoleill\u00e9es pour accompagner l&rsquo;arriv\u00e9e des beaux jours printaniers dans le sud ouest de la France. Merci \u00e0 Lydia et Alex&nbsp;pour cette s\u00e9ance photo book improvis\u00e9e au Parc Bordelais. &nbsp; S\u00e9bastien Huruguen s\u00e9ance photo &hellip; Lire la suite\" \/>\n<meta property=\"og:url\" content=\"https:\/\/www.huruguen.fr\/site\/spring-shooting-book-lydia-roess-bordeaux-parc-bordelais\/\" \/>\n<meta property=\"og:site_name\" content=\"Photographe Professionnel \u00e0 Bordeaux &#x1f4f7; Sebastien Huruguen\" \/>\n<meta property=\"article:publisher\" content=\"https:\/\/www.facebook.com\/huruguen\" \/>\n<meta property=\"article:author\" content=\"https:\/\/www.facebook.com\/huruguen\/\" \/>\n<meta property=\"article:published_time\" content=\"2012-05-02T14:04:18+00:00\" \/>\n<meta property=\"article:modified_time\" content=\"2020-10-16T05:55:43+00:00\" \/>\n<meta property=\"og:image\" content=\"https:\/\/www.huruguen.fr\/site\/wp-content\/uploads\/2016\/03\/lydia-mode-jardin-public-bordeaux-pont-robe-mannequin-model-sebastien-huruguen-photographe-bordeaux.jpg\" \/>\n\t<meta property=\"og:image:width\" content=\"1500\" \/>\n\t<meta property=\"og:image:height\" content=\"1000\" \/>\n\t<meta property=\"og:image:type\" content=\"image\/jpeg\" \/>\n<meta name=\"author\" content=\"Sebastien Huruguen\" \/>\n<meta name=\"twitter:card\" content=\"summary_large_image\" \/>\n<meta name=\"twitter:creator\" content=\"@www_huruguen_fr\" \/>\n<meta name=\"twitter:site\" content=\"@www_huruguen_fr\" \/>\n<meta name=\"twitter:label1\" content=\"\u00c9crit par\" \/>\n\t<meta name=\"twitter:data1\" content=\"Sebastien Huruguen\" \/>\n<script type=\"application\/ld+json\" class=\"yoast-schema-graph\">{\"@context\":\"https:\\\/\\\/schema.org\",\"@graph\":[{\"@type\":\"Article\",\"@id\":\"https:\\\/\\\/www.huruguen.fr\\\/site\\\/spring-shooting-book-lydia-roess-bordeaux-parc-bordelais\\\/#article\",\"isPartOf\":{\"@id\":\"https:\\\/\\\/www.huruguen.fr\\\/site\\\/spring-shooting-book-lydia-roess-bordeaux-parc-bordelais\\\/\"},\"author\":{\"name\":\"Sebastien Huruguen\",\"@id\":\"https:\\\/\\\/www.huruguen.fr\\\/site\\\/#\\\/schema\\\/person\\\/bdce6395a337c00db735bf5fa1268715\"},\"headline\":\"Spring with Lydia in Bordeaux\",\"datePublished\":\"2012-05-02T14:04:18+00:00\",\"dateModified\":\"2020-10-16T05:55:43+00:00\",\"mainEntityOfPage\":{\"@id\":\"https:\\\/\\\/www.huruguen.fr\\\/site\\\/spring-shooting-book-lydia-roess-bordeaux-parc-bordelais\\\/\"},\"wordCount\":64,\"publisher\":{\"@id\":\"https:\\\/\\\/www.huruguen.fr\\\/site\\\/#organization\"},\"image\":{\"@id\":\"https:\\\/\\\/www.huruguen.fr\\\/site\\\/spring-shooting-book-lydia-roess-bordeaux-parc-bordelais\\\/#primaryimage\"},\"thumbnailUrl\":\"https:\\\/\\\/www.huruguen.fr\\\/site\\\/wp-content\\\/uploads\\\/2016\\\/03\\\/lydia-mode-jardin-public-bordeaux-pont-robe-mannequin-model-sebastien-huruguen-photographe-bordeaux.jpg\",\"keywords\":[\"bordeaux\",\"fasion\",\"flickr\",\"France\",\"huruguen\",\"Lydia\",\"mannequin\",\"mode\",\"parc bordelais\",\"photos\",\"printemps\",\"Roess\",\"seb\",\"s\u00e9bastien\",\"soleil\",\"spring\"],\"articleSection\":[\"Actualit\u00e9s\"],\"inLanguage\":\"fr-FR\"},{\"@type\":\"WebPage\",\"@id\":\"https:\\\/\\\/www.huruguen.fr\\\/site\\\/spring-shooting-book-lydia-roess-bordeaux-parc-bordelais\\\/\",\"url\":\"https:\\\/\\\/www.huruguen.fr\\\/site\\\/spring-shooting-book-lydia-roess-bordeaux-parc-bordelais\\\/\",\"name\":\"Spring with Lydia in Bordeaux - Photographe Professionnel \u00e0 Bordeaux &#x1f4f7; Sebastien Huruguen\",\"isPartOf\":{\"@id\":\"https:\\\/\\\/www.huruguen.fr\\\/site\\\/#website\"},\"primaryImageOfPage\":{\"@id\":\"https:\\\/\\\/www.huruguen.fr\\\/site\\\/spring-shooting-book-lydia-roess-bordeaux-parc-bordelais\\\/#primaryimage\"},\"image\":{\"@id\":\"https:\\\/\\\/www.huruguen.fr\\\/site\\\/spring-shooting-book-lydia-roess-bordeaux-parc-bordelais\\\/#primaryimage\"},\"thumbnailUrl\":\"https:\\\/\\\/www.huruguen.fr\\\/site\\\/wp-content\\\/uploads\\\/2016\\\/03\\\/lydia-mode-jardin-public-bordeaux-pont-robe-mannequin-model-sebastien-huruguen-photographe-bordeaux.jpg\",\"datePublished\":\"2012-05-02T14:04:18+00:00\",\"dateModified\":\"2020-10-16T05:55:43+00:00\",\"breadcrumb\":{\"@id\":\"https:\\\/\\\/www.huruguen.fr\\\/site\\\/spring-shooting-book-lydia-roess-bordeaux-parc-bordelais\\\/#breadcrumb\"},\"inLanguage\":\"fr-FR\",\"potentialAction\":[{\"@type\":\"ReadAction\",\"target\":[\"https:\\\/\\\/www.huruguen.fr\\\/site\\\/spring-shooting-book-lydia-roess-bordeaux-parc-bordelais\\\/\"]}]},{\"@type\":\"ImageObject\",\"inLanguage\":\"fr-FR\",\"@id\":\"https:\\\/\\\/www.huruguen.fr\\\/site\\\/spring-shooting-book-lydia-roess-bordeaux-parc-bordelais\\\/#primaryimage\",\"url\":\"https:\\\/\\\/www.huruguen.fr\\\/site\\\/wp-content\\\/uploads\\\/2016\\\/03\\\/lydia-mode-jardin-public-bordeaux-pont-robe-mannequin-model-sebastien-huruguen-photographe-bordeaux.jpg\",\"contentUrl\":\"https:\\\/\\\/www.huruguen.fr\\\/site\\\/wp-content\\\/uploads\\\/2016\\\/03\\\/lydia-mode-jardin-public-bordeaux-pont-robe-mannequin-model-sebastien-huruguen-photographe-bordeaux.jpg\",\"width\":1500,\"height\":1000,\"caption\":\"lydia-mode-jardin-public-bordeaux-pont-robe-mannequin-model-sebastien-huruguen-photographe-bordeaux\"},{\"@type\":\"BreadcrumbList\",\"@id\":\"https:\\\/\\\/www.huruguen.fr\\\/site\\\/spring-shooting-book-lydia-roess-bordeaux-parc-bordelais\\\/#breadcrumb\",\"itemListElement\":[{\"@type\":\"ListItem\",\"position\":1,\"name\":\"Accueil\",\"item\":\"https:\\\/\\\/www.huruguen.fr\\\/site\\\/\"},{\"@type\":\"ListItem\",\"position\":2,\"name\":\"Spring with Lydia in Bordeaux\"}]},{\"@type\":\"WebSite\",\"@id\":\"https:\\\/\\\/www.huruguen.fr\\\/site\\\/#website\",\"url\":\"https:\\\/\\\/www.huruguen.fr\\\/site\\\/\",\"name\":\"Photographe Professionnel \u00e0 Bordeaux Sebastien Huruguen\",\"description\":\"Photographe professionnel ind\u00e9pendant a Bordeaux. Prestations et services photograpphiques pour les professionnels et particuliers : reportages, s\u00e9ances photos, studio, packshot.\",\"publisher\":{\"@id\":\"https:\\\/\\\/www.huruguen.fr\\\/site\\\/#organization\"},\"potentialAction\":[{\"@type\":\"SearchAction\",\"target\":{\"@type\":\"EntryPoint\",\"urlTemplate\":\"https:\\\/\\\/www.huruguen.fr\\\/site\\\/?s={search_term_string}\"},\"query-input\":{\"@type\":\"PropertyValueSpecification\",\"valueRequired\":true,\"valueName\":\"search_term_string\"}}],\"inLanguage\":\"fr-FR\"},{\"@type\":\"Organization\",\"@id\":\"https:\\\/\\\/www.huruguen.fr\\\/site\\\/#organization\",\"name\":\"S\u00e9bastien Huruguen Photographe\",\"url\":\"https:\\\/\\\/www.huruguen.fr\\\/site\\\/\",\"logo\":{\"@type\":\"ImageObject\",\"inLanguage\":\"fr-FR\",\"@id\":\"https:\\\/\\\/www.huruguen.fr\\\/site\\\/#\\\/schema\\\/logo\\\/image\\\/\",\"url\":\"https:\\\/\\\/www.huruguen.fr\\\/site\\\/wp-content\\\/uploads\\\/2018\\\/03\\\/Logo-Huruguen-triptique-2018-noir-1500.jpg\",\"contentUrl\":\"https:\\\/\\\/www.huruguen.fr\\\/site\\\/wp-content\\\/uploads\\\/2018\\\/03\\\/Logo-Huruguen-triptique-2018-noir-1500.jpg\",\"width\":1500,\"height\":1500,\"caption\":\"S\u00e9bastien Huruguen Photographe\"},\"image\":{\"@id\":\"https:\\\/\\\/www.huruguen.fr\\\/site\\\/#\\\/schema\\\/logo\\\/image\\\/\"},\"sameAs\":[\"https:\\\/\\\/www.facebook.com\\\/huruguen\",\"https:\\\/\\\/x.com\\\/www_huruguen_fr\",\"https:\\\/\\\/www.instagram.com\\\/sebastien.huruguen\\\/\"]},{\"@type\":\"Person\",\"@id\":\"https:\\\/\\\/www.huruguen.fr\\\/site\\\/#\\\/schema\\\/person\\\/bdce6395a337c00db735bf5fa1268715\",\"name\":\"Sebastien Huruguen\",\"description\":\"S\u00e9bastien Huruguen est photographe professionnel \u00e0 Bordeaux.\",\"sameAs\":[\"https:\\\/\\\/www.huruguen.fr\",\"https:\\\/\\\/www.facebook.com\\\/huruguen\\\/\",\"https:\\\/\\\/www.instagram.com\\\/sebastien.huruguen\\\/\",\"https:\\\/\\\/www.linkedin.com\\\/in\\\/sbastien-huruguen-95452342\\\/\",\"https:\\\/\\\/www.pinterest.fr\\\/shuruguen\\\/\",\"https:\\\/\\\/x.com\\\/www_huruguen_fr\",\"https:\\\/\\\/www.youtube.com\\\/channel\\\/UChEt96Suus_jyoBce80fNOA?nohtml5=False\"]}]}<\/script>\n<!-- \/ Yoast SEO plugin. -->","yoast_head_json":{"title":"Spring with Lydia in Bordeaux - Photographe Professionnel \u00e0 Bordeaux &#x1f4f7; Sebastien Huruguen","robots":{"index":"index","follow":"follow","max-snippet":"max-snippet:-1","max-image-preview":"max-image-preview:large","max-video-preview":"max-video-preview:-1"},"canonical":"https:\/\/www.huruguen.fr\/site\/spring-shooting-book-lydia-roess-bordeaux-parc-bordelais\/","og_locale":"fr_FR","og_type":"article","og_title":"Spring with Lydia in Bordeaux - Photographe Professionnel \u00e0 Bordeaux &#x1f4f7; Sebastien Huruguen","og_description":"&nbsp; Photographe Book Bordeaux &nbsp; Quelques images ensoleill\u00e9es pour accompagner l&rsquo;arriv\u00e9e des beaux jours printaniers dans le sud ouest de la France. Merci \u00e0 Lydia et Alex&nbsp;pour cette s\u00e9ance photo book improvis\u00e9e au Parc Bordelais. &nbsp; S\u00e9bastien Huruguen s\u00e9ance photo &hellip; Lire la suite","og_url":"https:\/\/www.huruguen.fr\/site\/spring-shooting-book-lydia-roess-bordeaux-parc-bordelais\/","og_site_name":"Photographe Professionnel \u00e0 Bordeaux &#x1f4f7; Sebastien Huruguen","article_publisher":"https:\/\/www.facebook.com\/huruguen","article_author":"https:\/\/www.facebook.com\/huruguen\/","article_published_time":"2012-05-02T14:04:18+00:00","article_modified_time":"2020-10-16T05:55:43+00:00","og_image":[{"width":1500,"height":1000,"url":"https:\/\/www.huruguen.fr\/site\/wp-content\/uploads\/2016\/03\/lydia-mode-jardin-public-bordeaux-pont-robe-mannequin-model-sebastien-huruguen-photographe-bordeaux.jpg","type":"image\/jpeg"}],"author":"Sebastien Huruguen","twitter_card":"summary_large_image","twitter_creator":"@www_huruguen_fr","twitter_site":"@www_huruguen_fr","twitter_misc":{"\u00c9crit par":"Sebastien Huruguen"},"schema":{"@context":"https:\/\/schema.org","@graph":[{"@type":"Article","@id":"https:\/\/www.huruguen.fr\/site\/spring-shooting-book-lydia-roess-bordeaux-parc-bordelais\/#article","isPartOf":{"@id":"https:\/\/www.huruguen.fr\/site\/spring-shooting-book-lydia-roess-bordeaux-parc-bordelais\/"},"author":{"name":"Sebastien Huruguen","@id":"https:\/\/www.huruguen.fr\/site\/#\/schema\/person\/bdce6395a337c00db735bf5fa1268715"},"headline":"Spring with Lydia in Bordeaux","datePublished":"2012-05-02T14:04:18+00:00","dateModified":"2020-10-16T05:55:43+00:00","mainEntityOfPage":{"@id":"https:\/\/www.huruguen.fr\/site\/spring-shooting-book-lydia-roess-bordeaux-parc-bordelais\/"},"wordCount":64,"publisher":{"@id":"https:\/\/www.huruguen.fr\/site\/#organization"},"image":{"@id":"https:\/\/www.huruguen.fr\/site\/spring-shooting-book-lydia-roess-bordeaux-parc-bordelais\/#primaryimage"},"thumbnailUrl":"https:\/\/www.huruguen.fr\/site\/wp-content\/uploads\/2016\/03\/lydia-mode-jardin-public-bordeaux-pont-robe-mannequin-model-sebastien-huruguen-photographe-bordeaux.jpg","keywords":["bordeaux","fasion","flickr","France","huruguen","Lydia","mannequin","mode","parc bordelais","photos","printemps","Roess","seb","s\u00e9bastien","soleil","spring"],"articleSection":["Actualit\u00e9s"],"inLanguage":"fr-FR"},{"@type":"WebPage","@id":"https:\/\/www.huruguen.fr\/site\/spring-shooting-book-lydia-roess-bordeaux-parc-bordelais\/","url":"https:\/\/www.huruguen.fr\/site\/spring-shooting-book-lydia-roess-bordeaux-parc-bordelais\/","name":"Spring with Lydia in Bordeaux - Photographe Professionnel \u00e0 Bordeaux &#x1f4f7; Sebastien Huruguen","isPartOf":{"@id":"https:\/\/www.huruguen.fr\/site\/#website"},"primaryImageOfPage":{"@id":"https:\/\/www.huruguen.fr\/site\/spring-shooting-book-lydia-roess-bordeaux-parc-bordelais\/#primaryimage"},"image":{"@id":"https:\/\/www.huruguen.fr\/site\/spring-shooting-book-lydia-roess-bordeaux-parc-bordelais\/#primaryimage"},"thumbnailUrl":"https:\/\/www.huruguen.fr\/site\/wp-content\/uploads\/2016\/03\/lydia-mode-jardin-public-bordeaux-pont-robe-mannequin-model-sebastien-huruguen-photographe-bordeaux.jpg","datePublished":"2012-05-02T14:04:18+00:00","dateModified":"2020-10-16T05:55:43+00:00","breadcrumb":{"@id":"https:\/\/www.huruguen.fr\/site\/spring-shooting-book-lydia-roess-bordeaux-parc-bordelais\/#breadcrumb"},"inLanguage":"fr-FR","potentialAction":[{"@type":"ReadAction","target":["https:\/\/www.huruguen.fr\/site\/spring-shooting-book-lydia-roess-bordeaux-parc-bordelais\/"]}]},{"@type":"ImageObject","inLanguage":"fr-FR","@id":"https:\/\/www.huruguen.fr\/site\/spring-shooting-book-lydia-roess-bordeaux-parc-bordelais\/#primaryimage","url":"https:\/\/www.huruguen.fr\/site\/wp-content\/uploads\/2016\/03\/lydia-mode-jardin-public-bordeaux-pont-robe-mannequin-model-sebastien-huruguen-photographe-bordeaux.jpg","contentUrl":"https:\/\/www.huruguen.fr\/site\/wp-content\/uploads\/2016\/03\/lydia-mode-jardin-public-bordeaux-pont-robe-mannequin-model-sebastien-huruguen-photographe-bordeaux.jpg","width":1500,"height":1000,"caption":"lydia-mode-jardin-public-bordeaux-pont-robe-mannequin-model-sebastien-huruguen-photographe-bordeaux"},{"@type":"BreadcrumbList","@id":"https:\/\/www.huruguen.fr\/site\/spring-shooting-book-lydia-roess-bordeaux-parc-bordelais\/#breadcrumb","itemListElement":[{"@type":"ListItem","position":1,"name":"Accueil","item":"https:\/\/www.huruguen.fr\/site\/"},{"@type":"ListItem","position":2,"name":"Spring with Lydia in Bordeaux"}]},{"@type":"WebSite","@id":"https:\/\/www.huruguen.fr\/site\/#website","url":"https:\/\/www.huruguen.fr\/site\/","name":"Photographe Professionnel \u00e0 Bordeaux Sebastien Huruguen","description":"Photographe professionnel ind\u00e9pendant a Bordeaux. Prestations et services photograpphiques pour les professionnels et particuliers : reportages, s\u00e9ances photos, studio, packshot.","publisher":{"@id":"https:\/\/www.huruguen.fr\/site\/#organization"},"potentialAction":[{"@type":"SearchAction","target":{"@type":"EntryPoint","urlTemplate":"https:\/\/www.huruguen.fr\/site\/?s={search_term_string}"},"query-input":{"@type":"PropertyValueSpecification","valueRequired":true,"valueName":"search_term_string"}}],"inLanguage":"fr-FR"},{"@type":"Organization","@id":"https:\/\/www.huruguen.fr\/site\/#organization","name":"S\u00e9bastien Huruguen Photographe","url":"https:\/\/www.huruguen.fr\/site\/","logo":{"@type":"ImageObject","inLanguage":"fr-FR","@id":"https:\/\/www.huruguen.fr\/site\/#\/schema\/logo\/image\/","url":"https:\/\/www.huruguen.fr\/site\/wp-content\/uploads\/2018\/03\/Logo-Huruguen-triptique-2018-noir-1500.jpg","contentUrl":"https:\/\/www.huruguen.fr\/site\/wp-content\/uploads\/2018\/03\/Logo-Huruguen-triptique-2018-noir-1500.jpg","width":1500,"height":1500,"caption":"S\u00e9bastien Huruguen Photographe"},"image":{"@id":"https:\/\/www.huruguen.fr\/site\/#\/schema\/logo\/image\/"},"sameAs":["https:\/\/www.facebook.com\/huruguen","https:\/\/x.com\/www_huruguen_fr","https:\/\/www.instagram.com\/sebastien.huruguen\/"]},{"@type":"Person","@id":"https:\/\/www.huruguen.fr\/site\/#\/schema\/person\/bdce6395a337c00db735bf5fa1268715","name":"Sebastien Huruguen","description":"S\u00e9bastien Huruguen est photographe professionnel \u00e0 Bordeaux.","sameAs":["https:\/\/www.huruguen.fr","https:\/\/www.facebook.com\/huruguen\/","https:\/\/www.instagram.com\/sebastien.huruguen\/","https:\/\/www.linkedin.com\/in\/sbastien-huruguen-95452342\/","https:\/\/www.pinterest.fr\/shuruguen\/","https:\/\/x.com\/www_huruguen_fr","https:\/\/www.youtube.com\/channel\/UChEt96Suus_jyoBce80fNOA?nohtml5=False"]}]}},"_links":{"self":[{"href":"https:\/\/www.huruguen.fr\/site\/wp-json\/wp\/v2\/posts\/877","targetHints":{"allow":["GET"]}}],"collection":[{"href":"https:\/\/www.huruguen.fr\/site\/wp-json\/wp\/v2\/posts"}],"about":[{"href":"https:\/\/www.huruguen.fr\/site\/wp-json\/wp\/v2\/types\/post"}],"author":[{"embeddable":true,"href":"https:\/\/www.huruguen.fr\/site\/wp-json\/wp\/v2\/users\/1"}],"replies":[{"embeddable":true,"href":"https:\/\/www.huruguen.fr\/site\/wp-json\/wp\/v2\/comments?post=877"}],"version-history":[{"count":14,"href":"https:\/\/www.huruguen.fr\/site\/wp-json\/wp\/v2\/posts\/877\/revisions"}],"predecessor-version":[{"id":61443,"href":"https:\/\/www.huruguen.fr\/site\/wp-json\/wp\/v2\/posts\/877\/revisions\/61443"}],"wp:featuredmedia":[{"embeddable":true,"href":"https:\/\/www.huruguen.fr\/site\/wp-json\/wp\/v2\/media\/55666"}],"wp:attachment":[{"href":"https:\/\/www.huruguen.fr\/site\/wp-json\/wp\/v2\/media?parent=877"}],"wp:term":[{"taxonomy":"category","embeddable":true,"href":"https:\/\/www.huruguen.fr\/site\/wp-json\/wp\/v2\/categories?post=877"},{"taxonomy":"post_tag","embeddable":true,"href":"https:\/\/www.huruguen.fr\/site\/wp-json\/wp\/v2\/tags?post=877"}],"curies":[{"name":"wp","href":"https:\/\/api.w.org\/{rel}","templated":true}]}}