{"id":862,"date":"2012-04-02T16:30:07","date_gmt":"2012-04-02T14:30:07","guid":{"rendered":"http:\/\/www.huruguen.fr\/?p=862"},"modified":"2024-02-05T11:37:53","modified_gmt":"2024-02-05T10:37:53","slug":"merignac-magazine-n35","status":"publish","type":"post","link":"https:\/\/www.huruguen.fr\/site\/merignac-magazine-n35\/","title":{"rendered":"MERIGNAC Magazine n\u00b035"},"content":{"rendered":"<p>Voici le num\u00e9ro du mois d&rsquo;avril du Magazine de la ville de M\u00e9rignac,.<\/p>\n<p>Les M\u00e9rignacais pourront le d\u00e9couvrir tr\u00e8s prochainement dans leur boite aux lettres.<\/p>\n<p>C&rsquo;est avez plaisir que j&rsquo;ai r\u00e9alis\u00e9 l&rsquo;illustration des dossiers\u00a0de ce num\u00e9ro d&rsquo;avril, notamment consacr\u00e9 aux jeunes et la culture.<\/p>\n<p><a href=\"https:\/\/www.huruguen.fr\/site\/wp-content\/uploads\/2011\/08\/Couverture-Merignac-magazine-n35-Sebastien-Huruguen-jeunes-heureux-adolescents-lyceens-etudiants.jpg\"><img loading=\"lazy\" decoding=\"async\" class=\"alignnone size-full wp-image-53510\" src=\"https:\/\/www.huruguen.fr\/site\/wp-content\/uploads\/2011\/08\/Couverture-Merignac-magazine-n35-Sebastien-Huruguen-jeunes-heureux-adolescents-lyceens-etudiants.jpg\" alt=\"Couverture Merignac magazine n35 Sebastien Huruguen jeunes heureux adolescents lyceens etudiants\" width=\"982\" height=\"1400\" data-id=\"53510\" srcset=\"https:\/\/www.huruguen.fr\/site\/wp-content\/uploads\/2011\/08\/Couverture-Merignac-magazine-n35-Sebastien-Huruguen-jeunes-heureux-adolescents-lyceens-etudiants.jpg 982w, https:\/\/www.huruguen.fr\/site\/wp-content\/uploads\/2011\/08\/Couverture-Merignac-magazine-n35-Sebastien-Huruguen-jeunes-heureux-adolescents-lyceens-etudiants-210x300.jpg 210w, https:\/\/www.huruguen.fr\/site\/wp-content\/uploads\/2011\/08\/Couverture-Merignac-magazine-n35-Sebastien-Huruguen-jeunes-heureux-adolescents-lyceens-etudiants-768x1095.jpg 768w, https:\/\/www.huruguen.fr\/site\/wp-content\/uploads\/2011\/08\/Couverture-Merignac-magazine-n35-Sebastien-Huruguen-jeunes-heureux-adolescents-lyceens-etudiants-718x1024.jpg 718w\" sizes=\"auto, (max-width: 982px) 100vw, 982px\" \/><\/a><\/p>\n<p>Vous pouvez consulter ce nouveau num\u00e9ro directement en ligne sur le <a title=\"Ville de M\u00e9rignac\" href=\"https:\/\/www.merignac.com\/\" target=\"_blank\" rel=\"noopener\">site de la ville de M\u00e9rignac<\/a> : M\u00e9rignac Magazine n\u00b035.<\/p>\n","protected":false},"excerpt":{"rendered":"<p>Voici le num\u00e9ro du mois d&rsquo;avril du Magazine de la ville de M\u00e9rignac,. Les M\u00e9rignacais pourront le d\u00e9couvrir tr\u00e8s prochainement dans leur boite aux lettres. C&rsquo;est avez plaisir que j&rsquo;ai r\u00e9alis\u00e9 l&rsquo;illustration des dossiers\u00a0de ce num\u00e9ro d&rsquo;avril, notamment consacr\u00e9 aux &hellip; <a href=\"https:\/\/www.huruguen.fr\/site\/merignac-magazine-n35\/\">Lire la suite<\/a><\/p>\n","protected":false},"author":1,"featured_media":868,"comment_status":"closed","ping_status":"open","sticky":false,"template":"","format":"standard","meta":{"kt_blocks_editor_width":"","footnotes":""},"categories":[1537],"tags":[2493,2302,931,932,2362,2361,2292,923,924,925,2496,928,927,926,919,920,832,2497,912,2498,934],"class_list":["post-862","post","type-post","status-publish","format-standard","has-post-thumbnail","hentry","category-reportages","tag-agence-seppa","tag-bordeaux","tag-client","tag-clients","tag-cub","tag-gironde","tag-magazine","tag-merignac","tag-merignac-mag","tag-merignac-magazine","tag-mlm","tag-mlm-n35","tag-mlm35","tag-n35","tag-parution","tag-publication","tag-sebastien-huruguen","tag-seppa","tag-seppa-communication","tag-travaux","tag-works"],"yoast_head":"<!-- This site is optimized with the Yoast SEO plugin v27.4 - https:\/\/yoast.com\/product\/yoast-seo-wordpress\/ -->\n<title>MERIGNAC Magazine n\u00b035 - Photographe Professionnel \u00e0 Bordeaux &#x1f4f7; Sebastien Huruguen<\/title>\n<meta name=\"robots\" content=\"index, follow, max-snippet:-1, max-image-preview:large, max-video-preview:-1\" \/>\n<link rel=\"canonical\" href=\"https:\/\/www.huruguen.fr\/site\/merignac-magazine-n35\/\" \/>\n<meta property=\"og:locale\" content=\"fr_FR\" \/>\n<meta property=\"og:type\" content=\"article\" \/>\n<meta property=\"og:title\" content=\"MERIGNAC Magazine n\u00b035 - Photographe Professionnel \u00e0 Bordeaux &#x1f4f7; Sebastien Huruguen\" \/>\n<meta property=\"og:description\" content=\"Voici le num\u00e9ro du mois d&rsquo;avril du Magazine de la ville de M\u00e9rignac,. Les M\u00e9rignacais pourront le d\u00e9couvrir tr\u00e8s prochainement dans leur boite aux lettres. C&rsquo;est avez plaisir que j&rsquo;ai r\u00e9alis\u00e9 l&rsquo;illustration des dossiers\u00a0de ce num\u00e9ro d&rsquo;avril, notamment consacr\u00e9 aux &hellip; Lire la suite\" \/>\n<meta property=\"og:url\" content=\"https:\/\/www.huruguen.fr\/site\/merignac-magazine-n35\/\" \/>\n<meta property=\"og:site_name\" content=\"Photographe Professionnel \u00e0 Bordeaux &#x1f4f7; Sebastien Huruguen\" \/>\n<meta property=\"article:publisher\" content=\"https:\/\/www.facebook.com\/huruguen\" \/>\n<meta property=\"article:author\" content=\"https:\/\/www.facebook.com\/huruguen\/\" \/>\n<meta property=\"article:published_time\" content=\"2012-04-02T14:30:07+00:00\" \/>\n<meta property=\"article:modified_time\" content=\"2024-02-05T10:37:53+00:00\" \/>\n<meta property=\"og:image\" content=\"https:\/\/www.huruguen.fr\/site\/wp-content\/uploads\/2012\/04\/MG_3249.jpg\" \/>\n\t<meta property=\"og:image:width\" content=\"960\" \/>\n\t<meta property=\"og:image:height\" content=\"640\" \/>\n\t<meta property=\"og:image:type\" content=\"image\/jpeg\" \/>\n<meta name=\"author\" content=\"Sebastien Huruguen\" \/>\n<meta name=\"twitter:card\" content=\"summary_large_image\" \/>\n<meta name=\"twitter:creator\" content=\"@www_huruguen_fr\" \/>\n<meta name=\"twitter:site\" content=\"@www_huruguen_fr\" \/>\n<meta name=\"twitter:label1\" content=\"\u00c9crit par\" \/>\n\t<meta name=\"twitter:data1\" content=\"Sebastien Huruguen\" \/>\n<script type=\"application\/ld+json\" class=\"yoast-schema-graph\">{\"@context\":\"https:\\\/\\\/schema.org\",\"@graph\":[{\"@type\":\"Article\",\"@id\":\"https:\\\/\\\/www.huruguen.fr\\\/site\\\/merignac-magazine-n35\\\/#article\",\"isPartOf\":{\"@id\":\"https:\\\/\\\/www.huruguen.fr\\\/site\\\/merignac-magazine-n35\\\/\"},\"author\":{\"name\":\"Sebastien Huruguen\",\"@id\":\"https:\\\/\\\/www.huruguen.fr\\\/site\\\/#\\\/schema\\\/person\\\/bdce6395a337c00db735bf5fa1268715\"},\"headline\":\"MERIGNAC Magazine n\u00b035\",\"datePublished\":\"2012-04-02T14:30:07+00:00\",\"dateModified\":\"2024-02-05T10:37:53+00:00\",\"mainEntityOfPage\":{\"@id\":\"https:\\\/\\\/www.huruguen.fr\\\/site\\\/merignac-magazine-n35\\\/\"},\"wordCount\":83,\"publisher\":{\"@id\":\"https:\\\/\\\/www.huruguen.fr\\\/site\\\/#organization\"},\"image\":{\"@id\":\"https:\\\/\\\/www.huruguen.fr\\\/site\\\/merignac-magazine-n35\\\/#primaryimage\"},\"thumbnailUrl\":\"https:\\\/\\\/www.huruguen.fr\\\/site\\\/wp-content\\\/uploads\\\/2012\\\/04\\\/MG_3249.jpg\",\"keywords\":[\"agence seppa\",\"bordeaux\",\"client\",\"clients\",\"CUB\",\"gironde\",\"Magazine\",\"Merignac\",\"Merignac mag\",\"merignac magazine\",\"MLM\",\"MLM n\u00b035\",\"MLM35\",\"n\u00b035\",\"parution\",\"publication\",\"sebastien huruguen\",\"seppa\",\"seppa communication\",\"travaux\",\"works\"],\"articleSection\":[\"Actualit\u00e9s\"],\"inLanguage\":\"fr-FR\"},{\"@type\":\"WebPage\",\"@id\":\"https:\\\/\\\/www.huruguen.fr\\\/site\\\/merignac-magazine-n35\\\/\",\"url\":\"https:\\\/\\\/www.huruguen.fr\\\/site\\\/merignac-magazine-n35\\\/\",\"name\":\"MERIGNAC Magazine n\u00b035 - Photographe Professionnel \u00e0 Bordeaux &#x1f4f7; Sebastien Huruguen\",\"isPartOf\":{\"@id\":\"https:\\\/\\\/www.huruguen.fr\\\/site\\\/#website\"},\"primaryImageOfPage\":{\"@id\":\"https:\\\/\\\/www.huruguen.fr\\\/site\\\/merignac-magazine-n35\\\/#primaryimage\"},\"image\":{\"@id\":\"https:\\\/\\\/www.huruguen.fr\\\/site\\\/merignac-magazine-n35\\\/#primaryimage\"},\"thumbnailUrl\":\"https:\\\/\\\/www.huruguen.fr\\\/site\\\/wp-content\\\/uploads\\\/2012\\\/04\\\/MG_3249.jpg\",\"datePublished\":\"2012-04-02T14:30:07+00:00\",\"dateModified\":\"2024-02-05T10:37:53+00:00\",\"breadcrumb\":{\"@id\":\"https:\\\/\\\/www.huruguen.fr\\\/site\\\/merignac-magazine-n35\\\/#breadcrumb\"},\"inLanguage\":\"fr-FR\",\"potentialAction\":[{\"@type\":\"ReadAction\",\"target\":[\"https:\\\/\\\/www.huruguen.fr\\\/site\\\/merignac-magazine-n35\\\/\"]}]},{\"@type\":\"ImageObject\",\"inLanguage\":\"fr-FR\",\"@id\":\"https:\\\/\\\/www.huruguen.fr\\\/site\\\/merignac-magazine-n35\\\/#primaryimage\",\"url\":\"https:\\\/\\\/www.huruguen.fr\\\/site\\\/wp-content\\\/uploads\\\/2012\\\/04\\\/MG_3249.jpg\",\"contentUrl\":\"https:\\\/\\\/www.huruguen.fr\\\/site\\\/wp-content\\\/uploads\\\/2012\\\/04\\\/MG_3249.jpg\",\"width\":\"960\",\"height\":\"640\",\"caption\":\"Dossier sur la jeunesse\"},{\"@type\":\"BreadcrumbList\",\"@id\":\"https:\\\/\\\/www.huruguen.fr\\\/site\\\/merignac-magazine-n35\\\/#breadcrumb\",\"itemListElement\":[{\"@type\":\"ListItem\",\"position\":1,\"name\":\"Accueil\",\"item\":\"https:\\\/\\\/www.huruguen.fr\\\/site\\\/\"},{\"@type\":\"ListItem\",\"position\":2,\"name\":\"MERIGNAC Magazine n\u00b035\"}]},{\"@type\":\"WebSite\",\"@id\":\"https:\\\/\\\/www.huruguen.fr\\\/site\\\/#website\",\"url\":\"https:\\\/\\\/www.huruguen.fr\\\/site\\\/\",\"name\":\"Photographe Professionnel \u00e0 Bordeaux Sebastien Huruguen\",\"description\":\"Photographe professionnel ind\u00e9pendant a Bordeaux. Prestations et services photograpphiques pour les professionnels et particuliers : reportages, s\u00e9ances photos, studio, packshot.\",\"publisher\":{\"@id\":\"https:\\\/\\\/www.huruguen.fr\\\/site\\\/#organization\"},\"potentialAction\":[{\"@type\":\"SearchAction\",\"target\":{\"@type\":\"EntryPoint\",\"urlTemplate\":\"https:\\\/\\\/www.huruguen.fr\\\/site\\\/?s={search_term_string}\"},\"query-input\":{\"@type\":\"PropertyValueSpecification\",\"valueRequired\":true,\"valueName\":\"search_term_string\"}}],\"inLanguage\":\"fr-FR\"},{\"@type\":\"Organization\",\"@id\":\"https:\\\/\\\/www.huruguen.fr\\\/site\\\/#organization\",\"name\":\"S\u00e9bastien Huruguen Photographe\",\"url\":\"https:\\\/\\\/www.huruguen.fr\\\/site\\\/\",\"logo\":{\"@type\":\"ImageObject\",\"inLanguage\":\"fr-FR\",\"@id\":\"https:\\\/\\\/www.huruguen.fr\\\/site\\\/#\\\/schema\\\/logo\\\/image\\\/\",\"url\":\"https:\\\/\\\/www.huruguen.fr\\\/site\\\/wp-content\\\/uploads\\\/2018\\\/03\\\/Logo-Huruguen-triptique-2018-noir-1500.jpg\",\"contentUrl\":\"https:\\\/\\\/www.huruguen.fr\\\/site\\\/wp-content\\\/uploads\\\/2018\\\/03\\\/Logo-Huruguen-triptique-2018-noir-1500.jpg\",\"width\":1500,\"height\":1500,\"caption\":\"S\u00e9bastien Huruguen Photographe\"},\"image\":{\"@id\":\"https:\\\/\\\/www.huruguen.fr\\\/site\\\/#\\\/schema\\\/logo\\\/image\\\/\"},\"sameAs\":[\"https:\\\/\\\/www.facebook.com\\\/huruguen\",\"https:\\\/\\\/x.com\\\/www_huruguen_fr\",\"https:\\\/\\\/www.instagram.com\\\/sebastien.huruguen\\\/\"]},{\"@type\":\"Person\",\"@id\":\"https:\\\/\\\/www.huruguen.fr\\\/site\\\/#\\\/schema\\\/person\\\/bdce6395a337c00db735bf5fa1268715\",\"name\":\"Sebastien Huruguen\",\"description\":\"S\u00e9bastien Huruguen est photographe professionnel \u00e0 Bordeaux.\",\"sameAs\":[\"https:\\\/\\\/www.huruguen.fr\",\"https:\\\/\\\/www.facebook.com\\\/huruguen\\\/\",\"https:\\\/\\\/www.instagram.com\\\/sebastien.huruguen\\\/\",\"https:\\\/\\\/www.linkedin.com\\\/in\\\/sbastien-huruguen-95452342\\\/\",\"https:\\\/\\\/www.pinterest.fr\\\/shuruguen\\\/\",\"https:\\\/\\\/x.com\\\/www_huruguen_fr\",\"https:\\\/\\\/www.youtube.com\\\/channel\\\/UChEt96Suus_jyoBce80fNOA?nohtml5=False\"]}]}<\/script>\n<!-- \/ Yoast SEO plugin. -->","yoast_head_json":{"title":"MERIGNAC Magazine n\u00b035 - Photographe Professionnel \u00e0 Bordeaux &#x1f4f7; Sebastien Huruguen","robots":{"index":"index","follow":"follow","max-snippet":"max-snippet:-1","max-image-preview":"max-image-preview:large","max-video-preview":"max-video-preview:-1"},"canonical":"https:\/\/www.huruguen.fr\/site\/merignac-magazine-n35\/","og_locale":"fr_FR","og_type":"article","og_title":"MERIGNAC Magazine n\u00b035 - Photographe Professionnel \u00e0 Bordeaux &#x1f4f7; Sebastien Huruguen","og_description":"Voici le num\u00e9ro du mois d&rsquo;avril du Magazine de la ville de M\u00e9rignac,. Les M\u00e9rignacais pourront le d\u00e9couvrir tr\u00e8s prochainement dans leur boite aux lettres. C&rsquo;est avez plaisir que j&rsquo;ai r\u00e9alis\u00e9 l&rsquo;illustration des dossiers\u00a0de ce num\u00e9ro d&rsquo;avril, notamment consacr\u00e9 aux &hellip; Lire la suite","og_url":"https:\/\/www.huruguen.fr\/site\/merignac-magazine-n35\/","og_site_name":"Photographe Professionnel \u00e0 Bordeaux &#x1f4f7; Sebastien Huruguen","article_publisher":"https:\/\/www.facebook.com\/huruguen","article_author":"https:\/\/www.facebook.com\/huruguen\/","article_published_time":"2012-04-02T14:30:07+00:00","article_modified_time":"2024-02-05T10:37:53+00:00","og_image":[{"width":960,"height":640,"url":"https:\/\/www.huruguen.fr\/site\/wp-content\/uploads\/2012\/04\/MG_3249.jpg","type":"image\/jpeg"}],"author":"Sebastien Huruguen","twitter_card":"summary_large_image","twitter_creator":"@www_huruguen_fr","twitter_site":"@www_huruguen_fr","twitter_misc":{"\u00c9crit par":"Sebastien Huruguen"},"schema":{"@context":"https:\/\/schema.org","@graph":[{"@type":"Article","@id":"https:\/\/www.huruguen.fr\/site\/merignac-magazine-n35\/#article","isPartOf":{"@id":"https:\/\/www.huruguen.fr\/site\/merignac-magazine-n35\/"},"author":{"name":"Sebastien Huruguen","@id":"https:\/\/www.huruguen.fr\/site\/#\/schema\/person\/bdce6395a337c00db735bf5fa1268715"},"headline":"MERIGNAC Magazine n\u00b035","datePublished":"2012-04-02T14:30:07+00:00","dateModified":"2024-02-05T10:37:53+00:00","mainEntityOfPage":{"@id":"https:\/\/www.huruguen.fr\/site\/merignac-magazine-n35\/"},"wordCount":83,"publisher":{"@id":"https:\/\/www.huruguen.fr\/site\/#organization"},"image":{"@id":"https:\/\/www.huruguen.fr\/site\/merignac-magazine-n35\/#primaryimage"},"thumbnailUrl":"https:\/\/www.huruguen.fr\/site\/wp-content\/uploads\/2012\/04\/MG_3249.jpg","keywords":["agence seppa","bordeaux","client","clients","CUB","gironde","Magazine","Merignac","Merignac mag","merignac magazine","MLM","MLM n\u00b035","MLM35","n\u00b035","parution","publication","sebastien huruguen","seppa","seppa communication","travaux","works"],"articleSection":["Actualit\u00e9s"],"inLanguage":"fr-FR"},{"@type":"WebPage","@id":"https:\/\/www.huruguen.fr\/site\/merignac-magazine-n35\/","url":"https:\/\/www.huruguen.fr\/site\/merignac-magazine-n35\/","name":"MERIGNAC Magazine n\u00b035 - Photographe Professionnel \u00e0 Bordeaux &#x1f4f7; Sebastien Huruguen","isPartOf":{"@id":"https:\/\/www.huruguen.fr\/site\/#website"},"primaryImageOfPage":{"@id":"https:\/\/www.huruguen.fr\/site\/merignac-magazine-n35\/#primaryimage"},"image":{"@id":"https:\/\/www.huruguen.fr\/site\/merignac-magazine-n35\/#primaryimage"},"thumbnailUrl":"https:\/\/www.huruguen.fr\/site\/wp-content\/uploads\/2012\/04\/MG_3249.jpg","datePublished":"2012-04-02T14:30:07+00:00","dateModified":"2024-02-05T10:37:53+00:00","breadcrumb":{"@id":"https:\/\/www.huruguen.fr\/site\/merignac-magazine-n35\/#breadcrumb"},"inLanguage":"fr-FR","potentialAction":[{"@type":"ReadAction","target":["https:\/\/www.huruguen.fr\/site\/merignac-magazine-n35\/"]}]},{"@type":"ImageObject","inLanguage":"fr-FR","@id":"https:\/\/www.huruguen.fr\/site\/merignac-magazine-n35\/#primaryimage","url":"https:\/\/www.huruguen.fr\/site\/wp-content\/uploads\/2012\/04\/MG_3249.jpg","contentUrl":"https:\/\/www.huruguen.fr\/site\/wp-content\/uploads\/2012\/04\/MG_3249.jpg","width":"960","height":"640","caption":"Dossier sur la jeunesse"},{"@type":"BreadcrumbList","@id":"https:\/\/www.huruguen.fr\/site\/merignac-magazine-n35\/#breadcrumb","itemListElement":[{"@type":"ListItem","position":1,"name":"Accueil","item":"https:\/\/www.huruguen.fr\/site\/"},{"@type":"ListItem","position":2,"name":"MERIGNAC Magazine n\u00b035"}]},{"@type":"WebSite","@id":"https:\/\/www.huruguen.fr\/site\/#website","url":"https:\/\/www.huruguen.fr\/site\/","name":"Photographe Professionnel \u00e0 Bordeaux Sebastien Huruguen","description":"Photographe professionnel ind\u00e9pendant a Bordeaux. Prestations et services photograpphiques pour les professionnels et particuliers : reportages, s\u00e9ances photos, studio, packshot.","publisher":{"@id":"https:\/\/www.huruguen.fr\/site\/#organization"},"potentialAction":[{"@type":"SearchAction","target":{"@type":"EntryPoint","urlTemplate":"https:\/\/www.huruguen.fr\/site\/?s={search_term_string}"},"query-input":{"@type":"PropertyValueSpecification","valueRequired":true,"valueName":"search_term_string"}}],"inLanguage":"fr-FR"},{"@type":"Organization","@id":"https:\/\/www.huruguen.fr\/site\/#organization","name":"S\u00e9bastien Huruguen Photographe","url":"https:\/\/www.huruguen.fr\/site\/","logo":{"@type":"ImageObject","inLanguage":"fr-FR","@id":"https:\/\/www.huruguen.fr\/site\/#\/schema\/logo\/image\/","url":"https:\/\/www.huruguen.fr\/site\/wp-content\/uploads\/2018\/03\/Logo-Huruguen-triptique-2018-noir-1500.jpg","contentUrl":"https:\/\/www.huruguen.fr\/site\/wp-content\/uploads\/2018\/03\/Logo-Huruguen-triptique-2018-noir-1500.jpg","width":1500,"height":1500,"caption":"S\u00e9bastien Huruguen Photographe"},"image":{"@id":"https:\/\/www.huruguen.fr\/site\/#\/schema\/logo\/image\/"},"sameAs":["https:\/\/www.facebook.com\/huruguen","https:\/\/x.com\/www_huruguen_fr","https:\/\/www.instagram.com\/sebastien.huruguen\/"]},{"@type":"Person","@id":"https:\/\/www.huruguen.fr\/site\/#\/schema\/person\/bdce6395a337c00db735bf5fa1268715","name":"Sebastien Huruguen","description":"S\u00e9bastien Huruguen est photographe professionnel \u00e0 Bordeaux.","sameAs":["https:\/\/www.huruguen.fr","https:\/\/www.facebook.com\/huruguen\/","https:\/\/www.instagram.com\/sebastien.huruguen\/","https:\/\/www.linkedin.com\/in\/sbastien-huruguen-95452342\/","https:\/\/www.pinterest.fr\/shuruguen\/","https:\/\/x.com\/www_huruguen_fr","https:\/\/www.youtube.com\/channel\/UChEt96Suus_jyoBce80fNOA?nohtml5=False"]}]}},"_links":{"self":[{"href":"https:\/\/www.huruguen.fr\/site\/wp-json\/wp\/v2\/posts\/862","targetHints":{"allow":["GET"]}}],"collection":[{"href":"https:\/\/www.huruguen.fr\/site\/wp-json\/wp\/v2\/posts"}],"about":[{"href":"https:\/\/www.huruguen.fr\/site\/wp-json\/wp\/v2\/types\/post"}],"author":[{"embeddable":true,"href":"https:\/\/www.huruguen.fr\/site\/wp-json\/wp\/v2\/users\/1"}],"replies":[{"embeddable":true,"href":"https:\/\/www.huruguen.fr\/site\/wp-json\/wp\/v2\/comments?post=862"}],"version-history":[{"count":5,"href":"https:\/\/www.huruguen.fr\/site\/wp-json\/wp\/v2\/posts\/862\/revisions"}],"predecessor-version":[{"id":62905,"href":"https:\/\/www.huruguen.fr\/site\/wp-json\/wp\/v2\/posts\/862\/revisions\/62905"}],"wp:featuredmedia":[{"embeddable":true,"href":"https:\/\/www.huruguen.fr\/site\/wp-json\/wp\/v2\/media\/868"}],"wp:attachment":[{"href":"https:\/\/www.huruguen.fr\/site\/wp-json\/wp\/v2\/media?parent=862"}],"wp:term":[{"taxonomy":"category","embeddable":true,"href":"https:\/\/www.huruguen.fr\/site\/wp-json\/wp\/v2\/categories?post=862"},{"taxonomy":"post_tag","embeddable":true,"href":"https:\/\/www.huruguen.fr\/site\/wp-json\/wp\/v2\/tags?post=862"}],"curies":[{"name":"wp","href":"https:\/\/api.w.org\/{rel}","templated":true}]}}