{"id":655,"date":"2011-10-28T15:27:10","date_gmt":"2011-10-28T13:27:10","guid":{"rendered":"http:\/\/www.huruguen.fr\/?p=655"},"modified":"2020-04-16T11:30:05","modified_gmt":"2020-04-16T10:30:05","slug":"la-journee-shopping-doceane-centre-commercial-meriadeck","status":"publish","type":"post","link":"https:\/\/www.huruguen.fr\/site\/la-journee-shopping-doceane-centre-commercial-meriadeck\/","title":{"rendered":"La Journee Shopping d&rsquo;Oceane &#8211; Centre Commercial Meriadeck"},"content":{"rendered":"<p><a href=\"https:\/\/www.huruguen.fr\/site\/wp-content\/uploads\/2011\/10\/mg_6678.jpg\"><img loading=\"lazy\" decoding=\"async\" class=\"alignnone size-full wp-image-56178\" src=\"https:\/\/www.huruguen.fr\/site\/wp-content\/uploads\/2011\/10\/mg_6678.jpg\" alt=\"\" width=\"800\" height=\"533\" data-id=\"56178\" srcset=\"https:\/\/www.huruguen.fr\/site\/wp-content\/uploads\/2011\/10\/mg_6678.jpg 800w, https:\/\/www.huruguen.fr\/site\/wp-content\/uploads\/2011\/10\/mg_6678-300x200.jpg 300w, https:\/\/www.huruguen.fr\/site\/wp-content\/uploads\/2011\/10\/mg_6678-768x512.jpg 768w\" sizes=\"auto, (max-width: 800px) 100vw, 800px\" \/><\/a><\/p>\n<p>&nbsp;<\/p>\n<h2>La Journee Shopping d&rsquo;Oceane<\/h2>\n<p>&nbsp;<\/p>\n<p>Voici quelques photos de la journ\u00e9e shopping d&rsquo;Oc\u00e9ane, la gagnante du <a title=\"Elite Model Look France\" href=\"https:\/\/www.facebook.com\/EliteModelLookFrance\/\" target=\"_blank\" rel=\"noopener noreferrer\">Concours Elite Facebook 2011<\/a> organis\u00e9 \u00e0 Meriadeck.<br \/>\n500\u20ac \u00e0 d\u00e9penser dans le Centre Commercial M\u00e9riadeck&#8230; Accompagn\u00e9e par sa famille et sa personnal shopper\u00a0!!<\/p>\n<p>&nbsp;<\/p>\n<h2>Centre Commercial Meriadeck<\/h2>\n<p>&nbsp;<\/p>\n<p>Plus d&rsquo;images sur la <a title=\"Journ\u00e9e Shopping d&#039;Oc\u00e9ane - Centre Commercial M\u00e9riadeck\" href=\"https:\/\/www.facebook.com\/pg\/centre.meriadeck\/photos\/?tab=album&amp;album_id=10150898067990562\" target=\"_blank\" rel=\"noopener noreferrer\">Page Facebook <\/a>du Centre Commercial M\u00e9riadeck.<\/p>\n<p>&nbsp;<\/p>\n<div id=\"kad-wp-gallery46\" class=\"kad-wp-gallery kad-light-wp-gallery clearfix kt-gallery-column-3 rowtight\"><div class=\"tcol-lg-4 tcol-md-4 tcol-sm-4 tcol-xs-6 tcol-ss-12 g_item\"><div class=\"grid_item kad_gallery_fade_in gallery_item\"><a href=\"https:\/\/www.huruguen.fr\/site\/wp-content\/uploads\/2011\/10\/mg_6656.jpg\" data-rel=\"lightbox\" class=\"lightboxhover\"><img loading=\"lazy\" decoding=\"async\" src=\"https:\/\/www.huruguen.fr\/site\/wp-content\/uploads\/2011\/10\/mg_6656-400x400.jpg\" width=\"400\" height=\"400\" alt=\"mg_6656\" srcset=\"https:\/\/www.huruguen.fr\/site\/wp-content\/uploads\/2011\/10\/mg_6656-400x400.jpg 400w, https:\/\/www.huruguen.fr\/site\/wp-content\/uploads\/2011\/10\/mg_6656-150x150.jpg 150w, https:\/\/www.huruguen.fr\/site\/wp-content\/uploads\/2011\/10\/mg_6656-60x60.jpg 60w\" sizes=\"auto, (max-width: 400px) 100vw, 400px\" class=\"light-dropshaddow\"\/><\/a><\/div><\/div><div class=\"tcol-lg-4 tcol-md-4 tcol-sm-4 tcol-xs-6 tcol-ss-12 g_item\"><div class=\"grid_item kad_gallery_fade_in gallery_item\"><a href=\"https:\/\/www.huruguen.fr\/site\/wp-content\/uploads\/2011\/10\/mg_6651.jpg\" data-rel=\"lightbox\" class=\"lightboxhover\"><img loading=\"lazy\" decoding=\"async\" src=\"https:\/\/www.huruguen.fr\/site\/wp-content\/uploads\/2011\/10\/mg_6651-400x400.jpg\" width=\"400\" height=\"400\" alt=\"mg_6651\" srcset=\"https:\/\/www.huruguen.fr\/site\/wp-content\/uploads\/2011\/10\/mg_6651-400x400.jpg 400w, https:\/\/www.huruguen.fr\/site\/wp-content\/uploads\/2011\/10\/mg_6651-150x150.jpg 150w, https:\/\/www.huruguen.fr\/site\/wp-content\/uploads\/2011\/10\/mg_6651-60x60.jpg 60w\" sizes=\"auto, (max-width: 400px) 100vw, 400px\" class=\"light-dropshaddow\"\/><\/a><\/div><\/div><div class=\"tcol-lg-4 tcol-md-4 tcol-sm-4 tcol-xs-6 tcol-ss-12 g_item\"><div class=\"grid_item kad_gallery_fade_in gallery_item\"><a href=\"https:\/\/www.huruguen.fr\/site\/wp-content\/uploads\/2011\/10\/mg_6545.jpg\" data-rel=\"lightbox\" class=\"lightboxhover\"><img loading=\"lazy\" decoding=\"async\" src=\"https:\/\/www.huruguen.fr\/site\/wp-content\/uploads\/2011\/10\/mg_6545-400x400.jpg\" width=\"400\" height=\"400\" alt=\"mg_6545\" srcset=\"https:\/\/www.huruguen.fr\/site\/wp-content\/uploads\/2011\/10\/mg_6545-400x400.jpg 400w, https:\/\/www.huruguen.fr\/site\/wp-content\/uploads\/2011\/10\/mg_6545-150x150.jpg 150w, https:\/\/www.huruguen.fr\/site\/wp-content\/uploads\/2011\/10\/mg_6545-60x60.jpg 60w\" sizes=\"auto, (max-width: 400px) 100vw, 400px\" class=\"light-dropshaddow\"\/><\/a><\/div><\/div><div class=\"tcol-lg-4 tcol-md-4 tcol-sm-4 tcol-xs-6 tcol-ss-12 g_item\"><div class=\"grid_item kad_gallery_fade_in gallery_item\"><a href=\"https:\/\/www.huruguen.fr\/site\/wp-content\/uploads\/2011\/10\/mg_6368.jpg\" data-rel=\"lightbox\" class=\"lightboxhover\"><img loading=\"lazy\" decoding=\"async\" src=\"https:\/\/www.huruguen.fr\/site\/wp-content\/uploads\/2011\/10\/mg_6368-400x400.jpg\" width=\"400\" height=\"400\" alt=\"mg_6368\" srcset=\"https:\/\/www.huruguen.fr\/site\/wp-content\/uploads\/2011\/10\/mg_6368-400x400.jpg 400w, https:\/\/www.huruguen.fr\/site\/wp-content\/uploads\/2011\/10\/mg_6368-150x150.jpg 150w, https:\/\/www.huruguen.fr\/site\/wp-content\/uploads\/2011\/10\/mg_6368-60x60.jpg 60w\" sizes=\"auto, (max-width: 400px) 100vw, 400px\" class=\"light-dropshaddow\"\/><\/a><\/div><\/div><div class=\"tcol-lg-4 tcol-md-4 tcol-sm-4 tcol-xs-6 tcol-ss-12 g_item\"><div class=\"grid_item kad_gallery_fade_in gallery_item\"><a href=\"https:\/\/www.huruguen.fr\/site\/wp-content\/uploads\/2011\/10\/mg_6601.jpg\" data-rel=\"lightbox\" class=\"lightboxhover\"><img loading=\"lazy\" decoding=\"async\" src=\"https:\/\/www.huruguen.fr\/site\/wp-content\/uploads\/2011\/10\/mg_6601-400x400.jpg\" width=\"400\" height=\"400\" alt=\"mg_6601\" srcset=\"https:\/\/www.huruguen.fr\/site\/wp-content\/uploads\/2011\/10\/mg_6601-400x400.jpg 400w, https:\/\/www.huruguen.fr\/site\/wp-content\/uploads\/2011\/10\/mg_6601-150x150.jpg 150w, https:\/\/www.huruguen.fr\/site\/wp-content\/uploads\/2011\/10\/mg_6601-60x60.jpg 60w\" sizes=\"auto, (max-width: 400px) 100vw, 400px\" class=\"light-dropshaddow\"\/><\/a><\/div><\/div><div class=\"tcol-lg-4 tcol-md-4 tcol-sm-4 tcol-xs-6 tcol-ss-12 g_item\"><div class=\"grid_item kad_gallery_fade_in gallery_item\"><a href=\"https:\/\/www.huruguen.fr\/site\/wp-content\/uploads\/2011\/10\/mg_6837.jpg\" data-rel=\"lightbox\" class=\"lightboxhover\"><img loading=\"lazy\" decoding=\"async\" src=\"https:\/\/www.huruguen.fr\/site\/wp-content\/uploads\/2011\/10\/mg_6837-400x400.jpg\" width=\"400\" height=\"400\" alt=\"mg_6837\" srcset=\"https:\/\/www.huruguen.fr\/site\/wp-content\/uploads\/2011\/10\/mg_6837-400x400.jpg 400w, https:\/\/www.huruguen.fr\/site\/wp-content\/uploads\/2011\/10\/mg_6837-150x150.jpg 150w, https:\/\/www.huruguen.fr\/site\/wp-content\/uploads\/2011\/10\/mg_6837-60x60.jpg 60w\" sizes=\"auto, (max-width: 400px) 100vw, 400px\" class=\"light-dropshaddow\"\/><\/a><\/div><\/div><div class=\"tcol-lg-4 tcol-md-4 tcol-sm-4 tcol-xs-6 tcol-ss-12 g_item\"><div class=\"grid_item kad_gallery_fade_in gallery_item\"><a href=\"https:\/\/www.huruguen.fr\/site\/wp-content\/uploads\/2011\/10\/mg_6621.jpg\" data-rel=\"lightbox\" class=\"lightboxhover\"><img loading=\"lazy\" decoding=\"async\" src=\"https:\/\/www.huruguen.fr\/site\/wp-content\/uploads\/2011\/10\/mg_6621-400x400.jpg\" width=\"400\" height=\"400\" alt=\"mg_6621\" srcset=\"https:\/\/www.huruguen.fr\/site\/wp-content\/uploads\/2011\/10\/mg_6621-400x400.jpg 400w, https:\/\/www.huruguen.fr\/site\/wp-content\/uploads\/2011\/10\/mg_6621-150x150.jpg 150w, https:\/\/www.huruguen.fr\/site\/wp-content\/uploads\/2011\/10\/mg_6621-60x60.jpg 60w\" sizes=\"auto, (max-width: 400px) 100vw, 400px\" class=\"light-dropshaddow\"\/><\/a><\/div><\/div><div class=\"tcol-lg-4 tcol-md-4 tcol-sm-4 tcol-xs-6 tcol-ss-12 g_item\"><div class=\"grid_item kad_gallery_fade_in gallery_item\"><a href=\"https:\/\/www.huruguen.fr\/site\/wp-content\/uploads\/2011\/10\/mg_6283.jpg\" data-rel=\"lightbox\" class=\"lightboxhover\"><img loading=\"lazy\" decoding=\"async\" src=\"https:\/\/www.huruguen.fr\/site\/wp-content\/uploads\/2011\/10\/mg_6283-400x400.jpg\" width=\"400\" height=\"400\" alt=\"mg_6283\" srcset=\"https:\/\/www.huruguen.fr\/site\/wp-content\/uploads\/2011\/10\/mg_6283-400x400.jpg 400w, https:\/\/www.huruguen.fr\/site\/wp-content\/uploads\/2011\/10\/mg_6283-150x150.jpg 150w, https:\/\/www.huruguen.fr\/site\/wp-content\/uploads\/2011\/10\/mg_6283-60x60.jpg 60w\" sizes=\"auto, (max-width: 400px) 100vw, 400px\" class=\"light-dropshaddow\"\/><\/a><\/div><\/div><div class=\"tcol-lg-4 tcol-md-4 tcol-sm-4 tcol-xs-6 tcol-ss-12 g_item\"><div class=\"grid_item kad_gallery_fade_in gallery_item\"><a href=\"https:\/\/www.huruguen.fr\/site\/wp-content\/uploads\/2011\/10\/mg_6424.jpg\" data-rel=\"lightbox\" class=\"lightboxhover\"><img loading=\"lazy\" decoding=\"async\" src=\"https:\/\/www.huruguen.fr\/site\/wp-content\/uploads\/2011\/10\/mg_6424-400x400.jpg\" width=\"400\" height=\"400\" alt=\"mg_6424\" srcset=\"https:\/\/www.huruguen.fr\/site\/wp-content\/uploads\/2011\/10\/mg_6424-400x400.jpg 400w, https:\/\/www.huruguen.fr\/site\/wp-content\/uploads\/2011\/10\/mg_6424-150x150.jpg 150w, https:\/\/www.huruguen.fr\/site\/wp-content\/uploads\/2011\/10\/mg_6424-60x60.jpg 60w\" sizes=\"auto, (max-width: 400px) 100vw, 400px\" class=\"light-dropshaddow\"\/><\/a><\/div><\/div><div class=\"tcol-lg-4 tcol-md-4 tcol-sm-4 tcol-xs-6 tcol-ss-12 g_item\"><div class=\"grid_item kad_gallery_fade_in gallery_item\"><a href=\"https:\/\/www.huruguen.fr\/site\/wp-content\/uploads\/2011\/10\/mg_6778.jpg\" data-rel=\"lightbox\" class=\"lightboxhover\"><img loading=\"lazy\" decoding=\"async\" src=\"https:\/\/www.huruguen.fr\/site\/wp-content\/uploads\/2011\/10\/mg_6778-400x400.jpg\" width=\"400\" height=\"400\" alt=\"mg_6778\" srcset=\"https:\/\/www.huruguen.fr\/site\/wp-content\/uploads\/2011\/10\/mg_6778-400x400.jpg 400w, https:\/\/www.huruguen.fr\/site\/wp-content\/uploads\/2011\/10\/mg_6778-150x150.jpg 150w, https:\/\/www.huruguen.fr\/site\/wp-content\/uploads\/2011\/10\/mg_6778-60x60.jpg 60w\" sizes=\"auto, (max-width: 400px) 100vw, 400px\" class=\"light-dropshaddow\"\/><\/a><\/div><\/div><div class=\"tcol-lg-4 tcol-md-4 tcol-sm-4 tcol-xs-6 tcol-ss-12 g_item\"><div class=\"grid_item kad_gallery_fade_in gallery_item\"><a href=\"https:\/\/www.huruguen.fr\/site\/wp-content\/uploads\/2011\/10\/mg_6524.jpg\" data-rel=\"lightbox\" class=\"lightboxhover\"><img loading=\"lazy\" decoding=\"async\" src=\"https:\/\/www.huruguen.fr\/site\/wp-content\/uploads\/2011\/10\/mg_6524-400x400.jpg\" width=\"400\" height=\"400\" alt=\"mg_6524\" srcset=\"https:\/\/www.huruguen.fr\/site\/wp-content\/uploads\/2011\/10\/mg_6524-400x400.jpg 400w, https:\/\/www.huruguen.fr\/site\/wp-content\/uploads\/2011\/10\/mg_6524-150x150.jpg 150w, https:\/\/www.huruguen.fr\/site\/wp-content\/uploads\/2011\/10\/mg_6524-60x60.jpg 60w\" sizes=\"auto, (max-width: 400px) 100vw, 400px\" class=\"light-dropshaddow\"\/><\/a><\/div><\/div><div class=\"tcol-lg-4 tcol-md-4 tcol-sm-4 tcol-xs-6 tcol-ss-12 g_item\"><div class=\"grid_item kad_gallery_fade_in gallery_item\"><a href=\"https:\/\/www.huruguen.fr\/site\/wp-content\/uploads\/2011\/10\/mg_6678.jpg\" data-rel=\"lightbox\" class=\"lightboxhover\"><img loading=\"lazy\" decoding=\"async\" src=\"https:\/\/www.huruguen.fr\/site\/wp-content\/uploads\/2011\/10\/mg_6678-400x400.jpg\" width=\"400\" height=\"400\" alt=\"mg_6678\" srcset=\"https:\/\/www.huruguen.fr\/site\/wp-content\/uploads\/2011\/10\/mg_6678-400x400.jpg 400w, https:\/\/www.huruguen.fr\/site\/wp-content\/uploads\/2011\/10\/mg_6678-150x150.jpg 150w, https:\/\/www.huruguen.fr\/site\/wp-content\/uploads\/2011\/10\/mg_6678-60x60.jpg 60w\" sizes=\"auto, (max-width: 400px) 100vw, 400px\" class=\"light-dropshaddow\"\/><\/a><\/div><\/div><div class=\"tcol-lg-4 tcol-md-4 tcol-sm-4 tcol-xs-6 tcol-ss-12 g_item\"><div class=\"grid_item kad_gallery_fade_in gallery_item\"><a href=\"https:\/\/www.huruguen.fr\/site\/wp-content\/uploads\/2011\/10\/mg_6355.jpg\" data-rel=\"lightbox\" class=\"lightboxhover\"><img loading=\"lazy\" decoding=\"async\" src=\"https:\/\/www.huruguen.fr\/site\/wp-content\/uploads\/2011\/10\/mg_6355-400x400.jpg\" width=\"400\" height=\"400\" alt=\"mg_6355\" srcset=\"https:\/\/www.huruguen.fr\/site\/wp-content\/uploads\/2011\/10\/mg_6355-400x400.jpg 400w, https:\/\/www.huruguen.fr\/site\/wp-content\/uploads\/2011\/10\/mg_6355-150x150.jpg 150w, https:\/\/www.huruguen.fr\/site\/wp-content\/uploads\/2011\/10\/mg_6355-60x60.jpg 60w\" sizes=\"auto, (max-width: 400px) 100vw, 400px\" class=\"light-dropshaddow\"\/><\/a><\/div><\/div><\/div>\n<p>S\u00e9bastien Huruguen Photographe professionnel \u00e0 Bordeaux.<\/p>\n","protected":false},"excerpt":{"rendered":"<p>&nbsp; La Journee Shopping d&rsquo;Oceane &nbsp; Voici quelques photos de la journ\u00e9e shopping d&rsquo;Oc\u00e9ane, la gagnante du Concours Elite Facebook 2011 organis\u00e9 \u00e0 Meriadeck. 500\u20ac \u00e0 d\u00e9penser dans le Centre Commercial M\u00e9riadeck&#8230; Accompagn\u00e9e par sa famille et sa personnal shopper\u00a0!! &hellip; <a href=\"https:\/\/www.huruguen.fr\/site\/la-journee-shopping-doceane-centre-commercial-meriadeck\/\">Lire la suite<\/a><\/p>\n","protected":false},"author":1,"featured_media":657,"comment_status":"open","ping_status":"open","sticky":false,"template":"","format":"standard","meta":{"kt_blocks_editor_width":"","footnotes":""},"categories":[1537],"tags":[2356,2469,2459,829,2302,2461,2464,823,822,2465,2467,833,835,2460,836,2282,826,2361,2279,816,837,830,819,2462,2466,827,828,2360,2290,2468,68,832,818,817,2463],"class_list":["post-655","post","type-post","status-publish","format-standard","has-post-thumbnail","hentry","category-reportages","tag-2356","tag-500e","tag-and-co","tag-andco-2","tag-bordeaux","tag-boutiques","tag-centre","tag-centre-commercial","tag-centre-commercial-meriadeck","tag-commercial","tag-concours","tag-copines","tag-depenser","tag-elite","tag-elite-facebook","tag-france","tag-gagnante","tag-gironde","tag-huruguen","tag-journee-2","tag-journee-shopping","tag-le-bouscat","tag-magasins","tag-meriadeck","tag-model-look","tag-oceane-2","tag-personnal-shopper","tag-photos","tag-seb","tag-seb-huruguen","tag-sebastien","tag-sebastien-huruguen","tag-shop","tag-shoping","tag-shopping"],"yoast_head":"<!-- This site is optimized with the Yoast SEO plugin v27.4 - https:\/\/yoast.com\/product\/yoast-seo-wordpress\/ -->\n<title>La Journee Shopping d&#039;Oceane - Centre Commercial Meriadeck - Photographe Professionnel \u00e0 Bordeaux &#x1f4f7; Sebastien Huruguen<\/title>\n<meta name=\"description\" content=\"S\u00e9bastien Huruguen photographe professionne \u00e0 Bordeaux. La journ\u00e9e shopping d&#039;Oc\u00e9ance gagnante du concours Elite Facebook a gagn\u00e9 500\u20ac de shopping dans le centre commercial Auchan M\u00e9riadeck et sa gallerie de boutiques situ\u00e9es au coeur de la m\u00e9tropole bordelaise.\" \/>\n<meta name=\"robots\" content=\"index, follow, max-snippet:-1, max-image-preview:large, max-video-preview:-1\" \/>\n<link rel=\"canonical\" href=\"https:\/\/www.huruguen.fr\/site\/la-journee-shopping-doceane-centre-commercial-meriadeck\/\" \/>\n<meta property=\"og:locale\" content=\"fr_FR\" \/>\n<meta property=\"og:type\" content=\"article\" \/>\n<meta property=\"og:title\" content=\"La Journee Shopping d&#039;Oceane - Centre Commercial Meriadeck - Photographe Professionnel \u00e0 Bordeaux &#x1f4f7; Sebastien Huruguen\" \/>\n<meta property=\"og:description\" content=\"S\u00e9bastien Huruguen photographe professionne \u00e0 Bordeaux. La journ\u00e9e shopping d&#039;Oc\u00e9ance gagnante du concours Elite Facebook a gagn\u00e9 500\u20ac de shopping dans le centre commercial Auchan M\u00e9riadeck et sa gallerie de boutiques situ\u00e9es au coeur de la m\u00e9tropole bordelaise.\" \/>\n<meta property=\"og:url\" content=\"https:\/\/www.huruguen.fr\/site\/la-journee-shopping-doceane-centre-commercial-meriadeck\/\" \/>\n<meta property=\"og:site_name\" content=\"Photographe Professionnel \u00e0 Bordeaux &#x1f4f7; Sebastien Huruguen\" \/>\n<meta property=\"article:publisher\" content=\"https:\/\/www.facebook.com\/huruguen\" \/>\n<meta property=\"article:author\" content=\"https:\/\/www.facebook.com\/huruguen\/\" \/>\n<meta property=\"article:published_time\" content=\"2011-10-28T13:27:10+00:00\" \/>\n<meta property=\"article:modified_time\" content=\"2020-04-16T10:30:05+00:00\" \/>\n<meta property=\"og:image\" content=\"https:\/\/www.huruguen.fr\/site\/wp-content\/uploads\/2011\/10\/Oceane-960p.jpg\" \/>\n\t<meta property=\"og:image:width\" content=\"960\" \/>\n\t<meta property=\"og:image:height\" content=\"640\" \/>\n\t<meta property=\"og:image:type\" content=\"image\/jpeg\" \/>\n<meta name=\"author\" content=\"Sebastien Huruguen\" \/>\n<meta name=\"twitter:card\" content=\"summary_large_image\" \/>\n<meta name=\"twitter:creator\" content=\"@www_huruguen_fr\" \/>\n<meta name=\"twitter:site\" content=\"@www_huruguen_fr\" \/>\n<meta name=\"twitter:label1\" content=\"\u00c9crit par\" \/>\n\t<meta name=\"twitter:data1\" content=\"Sebastien Huruguen\" \/>\n<script type=\"application\/ld+json\" class=\"yoast-schema-graph\">{\"@context\":\"https:\\\/\\\/schema.org\",\"@graph\":[{\"@type\":\"Article\",\"@id\":\"https:\\\/\\\/www.huruguen.fr\\\/site\\\/la-journee-shopping-doceane-centre-commercial-meriadeck\\\/#article\",\"isPartOf\":{\"@id\":\"https:\\\/\\\/www.huruguen.fr\\\/site\\\/la-journee-shopping-doceane-centre-commercial-meriadeck\\\/\"},\"author\":{\"name\":\"Sebastien Huruguen\",\"@id\":\"https:\\\/\\\/www.huruguen.fr\\\/site\\\/#\\\/schema\\\/person\\\/bdce6395a337c00db735bf5fa1268715\"},\"headline\":\"La Journee Shopping d&rsquo;Oceane &#8211; Centre Commercial Meriadeck\",\"datePublished\":\"2011-10-28T13:27:10+00:00\",\"dateModified\":\"2020-04-16T10:30:05+00:00\",\"mainEntityOfPage\":{\"@id\":\"https:\\\/\\\/www.huruguen.fr\\\/site\\\/la-journee-shopping-doceane-centre-commercial-meriadeck\\\/\"},\"wordCount\":84,\"commentCount\":0,\"publisher\":{\"@id\":\"https:\\\/\\\/www.huruguen.fr\\\/site\\\/#organization\"},\"image\":{\"@id\":\"https:\\\/\\\/www.huruguen.fr\\\/site\\\/la-journee-shopping-doceane-centre-commercial-meriadeck\\\/#primaryimage\"},\"thumbnailUrl\":\"https:\\\/\\\/www.huruguen.fr\\\/site\\\/wp-content\\\/uploads\\\/2011\\\/10\\\/Oceane-960p.jpg\",\"keywords\":[\"33\",\"500\u20ac\",\"And Co\",\"Andco\",\"bordeaux\",\"boutiques\",\"centre\",\"centre commercial\",\"centre commercial meriadeck\",\"commercial\",\"concours\",\"copines\",\"d\u00e9penser\",\"Elite\",\"Elite facebook\",\"France\",\"gagnante\",\"gironde\",\"huruguen\",\"Journ\u00e9e\",\"journ\u00e9e shopping\",\"le bouscat\",\"magasins\",\"meriadeck\",\"model look\",\"Oceane\",\"Personnal shopper\",\"photos\",\"seb\",\"seb huruguen\",\"s\u00e9bastien\",\"sebastien huruguen\",\"shop\",\"shoping\",\"shopping\"],\"articleSection\":[\"Actualit\u00e9s\"],\"inLanguage\":\"fr-FR\",\"potentialAction\":[{\"@type\":\"CommentAction\",\"name\":\"Comment\",\"target\":[\"https:\\\/\\\/www.huruguen.fr\\\/site\\\/la-journee-shopping-doceane-centre-commercial-meriadeck\\\/#respond\"]}]},{\"@type\":\"WebPage\",\"@id\":\"https:\\\/\\\/www.huruguen.fr\\\/site\\\/la-journee-shopping-doceane-centre-commercial-meriadeck\\\/\",\"url\":\"https:\\\/\\\/www.huruguen.fr\\\/site\\\/la-journee-shopping-doceane-centre-commercial-meriadeck\\\/\",\"name\":\"La Journee Shopping d'Oceane - Centre Commercial Meriadeck - Photographe Professionnel \u00e0 Bordeaux &#x1f4f7; Sebastien Huruguen\",\"isPartOf\":{\"@id\":\"https:\\\/\\\/www.huruguen.fr\\\/site\\\/#website\"},\"primaryImageOfPage\":{\"@id\":\"https:\\\/\\\/www.huruguen.fr\\\/site\\\/la-journee-shopping-doceane-centre-commercial-meriadeck\\\/#primaryimage\"},\"image\":{\"@id\":\"https:\\\/\\\/www.huruguen.fr\\\/site\\\/la-journee-shopping-doceane-centre-commercial-meriadeck\\\/#primaryimage\"},\"thumbnailUrl\":\"https:\\\/\\\/www.huruguen.fr\\\/site\\\/wp-content\\\/uploads\\\/2011\\\/10\\\/Oceane-960p.jpg\",\"datePublished\":\"2011-10-28T13:27:10+00:00\",\"dateModified\":\"2020-04-16T10:30:05+00:00\",\"description\":\"S\u00e9bastien Huruguen photographe professionne \u00e0 Bordeaux. La journ\u00e9e shopping d'Oc\u00e9ance gagnante du concours Elite Facebook a gagn\u00e9 500\u20ac de shopping dans le centre commercial Auchan M\u00e9riadeck et sa gallerie de boutiques situ\u00e9es au coeur de la m\u00e9tropole bordelaise.\",\"breadcrumb\":{\"@id\":\"https:\\\/\\\/www.huruguen.fr\\\/site\\\/la-journee-shopping-doceane-centre-commercial-meriadeck\\\/#breadcrumb\"},\"inLanguage\":\"fr-FR\",\"potentialAction\":[{\"@type\":\"ReadAction\",\"target\":[\"https:\\\/\\\/www.huruguen.fr\\\/site\\\/la-journee-shopping-doceane-centre-commercial-meriadeck\\\/\"]}]},{\"@type\":\"ImageObject\",\"inLanguage\":\"fr-FR\",\"@id\":\"https:\\\/\\\/www.huruguen.fr\\\/site\\\/la-journee-shopping-doceane-centre-commercial-meriadeck\\\/#primaryimage\",\"url\":\"https:\\\/\\\/www.huruguen.fr\\\/site\\\/wp-content\\\/uploads\\\/2011\\\/10\\\/Oceane-960p.jpg\",\"contentUrl\":\"https:\\\/\\\/www.huruguen.fr\\\/site\\\/wp-content\\\/uploads\\\/2011\\\/10\\\/Oceane-960p.jpg\",\"width\":\"960\",\"height\":\"640\",\"caption\":\"La Journ\u00e9e Shopping d'Oceane\"},{\"@type\":\"BreadcrumbList\",\"@id\":\"https:\\\/\\\/www.huruguen.fr\\\/site\\\/la-journee-shopping-doceane-centre-commercial-meriadeck\\\/#breadcrumb\",\"itemListElement\":[{\"@type\":\"ListItem\",\"position\":1,\"name\":\"Accueil\",\"item\":\"https:\\\/\\\/www.huruguen.fr\\\/site\\\/\"},{\"@type\":\"ListItem\",\"position\":2,\"name\":\"La Journee Shopping d&rsquo;Oceane &#8211; Centre Commercial Meriadeck\"}]},{\"@type\":\"WebSite\",\"@id\":\"https:\\\/\\\/www.huruguen.fr\\\/site\\\/#website\",\"url\":\"https:\\\/\\\/www.huruguen.fr\\\/site\\\/\",\"name\":\"Photographe Professionnel \u00e0 Bordeaux Sebastien Huruguen\",\"description\":\"Photographe professionnel ind\u00e9pendant a Bordeaux. Prestations et services photograpphiques pour les professionnels et particuliers : reportages, s\u00e9ances photos, studio, packshot.\",\"publisher\":{\"@id\":\"https:\\\/\\\/www.huruguen.fr\\\/site\\\/#organization\"},\"potentialAction\":[{\"@type\":\"SearchAction\",\"target\":{\"@type\":\"EntryPoint\",\"urlTemplate\":\"https:\\\/\\\/www.huruguen.fr\\\/site\\\/?s={search_term_string}\"},\"query-input\":{\"@type\":\"PropertyValueSpecification\",\"valueRequired\":true,\"valueName\":\"search_term_string\"}}],\"inLanguage\":\"fr-FR\"},{\"@type\":\"Organization\",\"@id\":\"https:\\\/\\\/www.huruguen.fr\\\/site\\\/#organization\",\"name\":\"S\u00e9bastien Huruguen Photographe\",\"url\":\"https:\\\/\\\/www.huruguen.fr\\\/site\\\/\",\"logo\":{\"@type\":\"ImageObject\",\"inLanguage\":\"fr-FR\",\"@id\":\"https:\\\/\\\/www.huruguen.fr\\\/site\\\/#\\\/schema\\\/logo\\\/image\\\/\",\"url\":\"https:\\\/\\\/www.huruguen.fr\\\/site\\\/wp-content\\\/uploads\\\/2018\\\/03\\\/Logo-Huruguen-triptique-2018-noir-1500.jpg\",\"contentUrl\":\"https:\\\/\\\/www.huruguen.fr\\\/site\\\/wp-content\\\/uploads\\\/2018\\\/03\\\/Logo-Huruguen-triptique-2018-noir-1500.jpg\",\"width\":1500,\"height\":1500,\"caption\":\"S\u00e9bastien Huruguen Photographe\"},\"image\":{\"@id\":\"https:\\\/\\\/www.huruguen.fr\\\/site\\\/#\\\/schema\\\/logo\\\/image\\\/\"},\"sameAs\":[\"https:\\\/\\\/www.facebook.com\\\/huruguen\",\"https:\\\/\\\/x.com\\\/www_huruguen_fr\",\"https:\\\/\\\/www.instagram.com\\\/sebastien.huruguen\\\/\"]},{\"@type\":\"Person\",\"@id\":\"https:\\\/\\\/www.huruguen.fr\\\/site\\\/#\\\/schema\\\/person\\\/bdce6395a337c00db735bf5fa1268715\",\"name\":\"Sebastien Huruguen\",\"description\":\"S\u00e9bastien Huruguen est photographe professionnel \u00e0 Bordeaux.\",\"sameAs\":[\"https:\\\/\\\/www.huruguen.fr\",\"https:\\\/\\\/www.facebook.com\\\/huruguen\\\/\",\"https:\\\/\\\/www.instagram.com\\\/sebastien.huruguen\\\/\",\"https:\\\/\\\/www.linkedin.com\\\/in\\\/sbastien-huruguen-95452342\\\/\",\"https:\\\/\\\/www.pinterest.fr\\\/shuruguen\\\/\",\"https:\\\/\\\/x.com\\\/www_huruguen_fr\",\"https:\\\/\\\/www.youtube.com\\\/channel\\\/UChEt96Suus_jyoBce80fNOA?nohtml5=False\"]}]}<\/script>\n<!-- \/ Yoast SEO plugin. -->","yoast_head_json":{"title":"La Journee Shopping d'Oceane - Centre Commercial Meriadeck - Photographe Professionnel \u00e0 Bordeaux &#x1f4f7; Sebastien Huruguen","description":"S\u00e9bastien Huruguen photographe professionne \u00e0 Bordeaux. La journ\u00e9e shopping d'Oc\u00e9ance gagnante du concours Elite Facebook a gagn\u00e9 500\u20ac de shopping dans le centre commercial Auchan M\u00e9riadeck et sa gallerie de boutiques situ\u00e9es au coeur de la m\u00e9tropole bordelaise.","robots":{"index":"index","follow":"follow","max-snippet":"max-snippet:-1","max-image-preview":"max-image-preview:large","max-video-preview":"max-video-preview:-1"},"canonical":"https:\/\/www.huruguen.fr\/site\/la-journee-shopping-doceane-centre-commercial-meriadeck\/","og_locale":"fr_FR","og_type":"article","og_title":"La Journee Shopping d'Oceane - Centre Commercial Meriadeck - Photographe Professionnel \u00e0 Bordeaux &#x1f4f7; Sebastien Huruguen","og_description":"S\u00e9bastien Huruguen photographe professionne \u00e0 Bordeaux. La journ\u00e9e shopping d'Oc\u00e9ance gagnante du concours Elite Facebook a gagn\u00e9 500\u20ac de shopping dans le centre commercial Auchan M\u00e9riadeck et sa gallerie de boutiques situ\u00e9es au coeur de la m\u00e9tropole bordelaise.","og_url":"https:\/\/www.huruguen.fr\/site\/la-journee-shopping-doceane-centre-commercial-meriadeck\/","og_site_name":"Photographe Professionnel \u00e0 Bordeaux &#x1f4f7; Sebastien Huruguen","article_publisher":"https:\/\/www.facebook.com\/huruguen","article_author":"https:\/\/www.facebook.com\/huruguen\/","article_published_time":"2011-10-28T13:27:10+00:00","article_modified_time":"2020-04-16T10:30:05+00:00","og_image":[{"width":960,"height":640,"url":"https:\/\/www.huruguen.fr\/site\/wp-content\/uploads\/2011\/10\/Oceane-960p.jpg","type":"image\/jpeg"}],"author":"Sebastien Huruguen","twitter_card":"summary_large_image","twitter_creator":"@www_huruguen_fr","twitter_site":"@www_huruguen_fr","twitter_misc":{"\u00c9crit par":"Sebastien Huruguen"},"schema":{"@context":"https:\/\/schema.org","@graph":[{"@type":"Article","@id":"https:\/\/www.huruguen.fr\/site\/la-journee-shopping-doceane-centre-commercial-meriadeck\/#article","isPartOf":{"@id":"https:\/\/www.huruguen.fr\/site\/la-journee-shopping-doceane-centre-commercial-meriadeck\/"},"author":{"name":"Sebastien Huruguen","@id":"https:\/\/www.huruguen.fr\/site\/#\/schema\/person\/bdce6395a337c00db735bf5fa1268715"},"headline":"La Journee Shopping d&rsquo;Oceane &#8211; Centre Commercial Meriadeck","datePublished":"2011-10-28T13:27:10+00:00","dateModified":"2020-04-16T10:30:05+00:00","mainEntityOfPage":{"@id":"https:\/\/www.huruguen.fr\/site\/la-journee-shopping-doceane-centre-commercial-meriadeck\/"},"wordCount":84,"commentCount":0,"publisher":{"@id":"https:\/\/www.huruguen.fr\/site\/#organization"},"image":{"@id":"https:\/\/www.huruguen.fr\/site\/la-journee-shopping-doceane-centre-commercial-meriadeck\/#primaryimage"},"thumbnailUrl":"https:\/\/www.huruguen.fr\/site\/wp-content\/uploads\/2011\/10\/Oceane-960p.jpg","keywords":["33","500\u20ac","And Co","Andco","bordeaux","boutiques","centre","centre commercial","centre commercial meriadeck","commercial","concours","copines","d\u00e9penser","Elite","Elite facebook","France","gagnante","gironde","huruguen","Journ\u00e9e","journ\u00e9e shopping","le bouscat","magasins","meriadeck","model look","Oceane","Personnal shopper","photos","seb","seb huruguen","s\u00e9bastien","sebastien huruguen","shop","shoping","shopping"],"articleSection":["Actualit\u00e9s"],"inLanguage":"fr-FR","potentialAction":[{"@type":"CommentAction","name":"Comment","target":["https:\/\/www.huruguen.fr\/site\/la-journee-shopping-doceane-centre-commercial-meriadeck\/#respond"]}]},{"@type":"WebPage","@id":"https:\/\/www.huruguen.fr\/site\/la-journee-shopping-doceane-centre-commercial-meriadeck\/","url":"https:\/\/www.huruguen.fr\/site\/la-journee-shopping-doceane-centre-commercial-meriadeck\/","name":"La Journee Shopping d'Oceane - Centre Commercial Meriadeck - Photographe Professionnel \u00e0 Bordeaux &#x1f4f7; Sebastien Huruguen","isPartOf":{"@id":"https:\/\/www.huruguen.fr\/site\/#website"},"primaryImageOfPage":{"@id":"https:\/\/www.huruguen.fr\/site\/la-journee-shopping-doceane-centre-commercial-meriadeck\/#primaryimage"},"image":{"@id":"https:\/\/www.huruguen.fr\/site\/la-journee-shopping-doceane-centre-commercial-meriadeck\/#primaryimage"},"thumbnailUrl":"https:\/\/www.huruguen.fr\/site\/wp-content\/uploads\/2011\/10\/Oceane-960p.jpg","datePublished":"2011-10-28T13:27:10+00:00","dateModified":"2020-04-16T10:30:05+00:00","description":"S\u00e9bastien Huruguen photographe professionne \u00e0 Bordeaux. La journ\u00e9e shopping d'Oc\u00e9ance gagnante du concours Elite Facebook a gagn\u00e9 500\u20ac de shopping dans le centre commercial Auchan M\u00e9riadeck et sa gallerie de boutiques situ\u00e9es au coeur de la m\u00e9tropole bordelaise.","breadcrumb":{"@id":"https:\/\/www.huruguen.fr\/site\/la-journee-shopping-doceane-centre-commercial-meriadeck\/#breadcrumb"},"inLanguage":"fr-FR","potentialAction":[{"@type":"ReadAction","target":["https:\/\/www.huruguen.fr\/site\/la-journee-shopping-doceane-centre-commercial-meriadeck\/"]}]},{"@type":"ImageObject","inLanguage":"fr-FR","@id":"https:\/\/www.huruguen.fr\/site\/la-journee-shopping-doceane-centre-commercial-meriadeck\/#primaryimage","url":"https:\/\/www.huruguen.fr\/site\/wp-content\/uploads\/2011\/10\/Oceane-960p.jpg","contentUrl":"https:\/\/www.huruguen.fr\/site\/wp-content\/uploads\/2011\/10\/Oceane-960p.jpg","width":"960","height":"640","caption":"La Journ\u00e9e Shopping d'Oceane"},{"@type":"BreadcrumbList","@id":"https:\/\/www.huruguen.fr\/site\/la-journee-shopping-doceane-centre-commercial-meriadeck\/#breadcrumb","itemListElement":[{"@type":"ListItem","position":1,"name":"Accueil","item":"https:\/\/www.huruguen.fr\/site\/"},{"@type":"ListItem","position":2,"name":"La Journee Shopping d&rsquo;Oceane &#8211; Centre Commercial Meriadeck"}]},{"@type":"WebSite","@id":"https:\/\/www.huruguen.fr\/site\/#website","url":"https:\/\/www.huruguen.fr\/site\/","name":"Photographe Professionnel \u00e0 Bordeaux Sebastien Huruguen","description":"Photographe professionnel ind\u00e9pendant a Bordeaux. Prestations et services photograpphiques pour les professionnels et particuliers : reportages, s\u00e9ances photos, studio, packshot.","publisher":{"@id":"https:\/\/www.huruguen.fr\/site\/#organization"},"potentialAction":[{"@type":"SearchAction","target":{"@type":"EntryPoint","urlTemplate":"https:\/\/www.huruguen.fr\/site\/?s={search_term_string}"},"query-input":{"@type":"PropertyValueSpecification","valueRequired":true,"valueName":"search_term_string"}}],"inLanguage":"fr-FR"},{"@type":"Organization","@id":"https:\/\/www.huruguen.fr\/site\/#organization","name":"S\u00e9bastien Huruguen Photographe","url":"https:\/\/www.huruguen.fr\/site\/","logo":{"@type":"ImageObject","inLanguage":"fr-FR","@id":"https:\/\/www.huruguen.fr\/site\/#\/schema\/logo\/image\/","url":"https:\/\/www.huruguen.fr\/site\/wp-content\/uploads\/2018\/03\/Logo-Huruguen-triptique-2018-noir-1500.jpg","contentUrl":"https:\/\/www.huruguen.fr\/site\/wp-content\/uploads\/2018\/03\/Logo-Huruguen-triptique-2018-noir-1500.jpg","width":1500,"height":1500,"caption":"S\u00e9bastien Huruguen Photographe"},"image":{"@id":"https:\/\/www.huruguen.fr\/site\/#\/schema\/logo\/image\/"},"sameAs":["https:\/\/www.facebook.com\/huruguen","https:\/\/x.com\/www_huruguen_fr","https:\/\/www.instagram.com\/sebastien.huruguen\/"]},{"@type":"Person","@id":"https:\/\/www.huruguen.fr\/site\/#\/schema\/person\/bdce6395a337c00db735bf5fa1268715","name":"Sebastien Huruguen","description":"S\u00e9bastien Huruguen est photographe professionnel \u00e0 Bordeaux.","sameAs":["https:\/\/www.huruguen.fr","https:\/\/www.facebook.com\/huruguen\/","https:\/\/www.instagram.com\/sebastien.huruguen\/","https:\/\/www.linkedin.com\/in\/sbastien-huruguen-95452342\/","https:\/\/www.pinterest.fr\/shuruguen\/","https:\/\/x.com\/www_huruguen_fr","https:\/\/www.youtube.com\/channel\/UChEt96Suus_jyoBce80fNOA?nohtml5=False"]}]}},"_links":{"self":[{"href":"https:\/\/www.huruguen.fr\/site\/wp-json\/wp\/v2\/posts\/655","targetHints":{"allow":["GET"]}}],"collection":[{"href":"https:\/\/www.huruguen.fr\/site\/wp-json\/wp\/v2\/posts"}],"about":[{"href":"https:\/\/www.huruguen.fr\/site\/wp-json\/wp\/v2\/types\/post"}],"author":[{"embeddable":true,"href":"https:\/\/www.huruguen.fr\/site\/wp-json\/wp\/v2\/users\/1"}],"replies":[{"embeddable":true,"href":"https:\/\/www.huruguen.fr\/site\/wp-json\/wp\/v2\/comments?post=655"}],"version-history":[{"count":11,"href":"https:\/\/www.huruguen.fr\/site\/wp-json\/wp\/v2\/posts\/655\/revisions"}],"predecessor-version":[{"id":60519,"href":"https:\/\/www.huruguen.fr\/site\/wp-json\/wp\/v2\/posts\/655\/revisions\/60519"}],"wp:featuredmedia":[{"embeddable":true,"href":"https:\/\/www.huruguen.fr\/site\/wp-json\/wp\/v2\/media\/657"}],"wp:attachment":[{"href":"https:\/\/www.huruguen.fr\/site\/wp-json\/wp\/v2\/media?parent=655"}],"wp:term":[{"taxonomy":"category","embeddable":true,"href":"https:\/\/www.huruguen.fr\/site\/wp-json\/wp\/v2\/categories?post=655"},{"taxonomy":"post_tag","embeddable":true,"href":"https:\/\/www.huruguen.fr\/site\/wp-json\/wp\/v2\/tags?post=655"}],"curies":[{"name":"wp","href":"https:\/\/api.w.org\/{rel}","templated":true}]}}