{"id":62242,"date":"2022-03-28T16:13:51","date_gmt":"2022-03-28T15:13:51","guid":{"rendered":"https:\/\/www.huruguen.fr\/site\/?p=62242"},"modified":"2022-11-17T10:11:11","modified_gmt":"2022-11-17T09:11:11","slug":"seance-photo-au-skatepark-de-gradignan","status":"publish","type":"post","link":"https:\/\/www.huruguen.fr\/site\/seance-photo-au-skatepark-de-gradignan\/","title":{"rendered":"S\u00e9ance photo au skatepark de Gradignan"},"content":{"rendered":"\n\n\n<figure class=\"wp-block-image size-full\"><a href=\"https:\/\/www.huruguen.fr\/site\/wp-content\/uploads\/2022\/03\/skate-romain-gradignan-skatepark-sebastien-huruguen-4.jpg\"><img loading=\"lazy\" decoding=\"async\" width=\"1500\" height=\"1000\" src=\"https:\/\/www.huruguen.fr\/site\/wp-content\/uploads\/2022\/03\/skate-romain-gradignan-skatepark-sebastien-huruguen-4.jpg\" alt=\"skatepark street parc gradignan vans sebastien huruguen photographe bordeaux\" class=\"wp-image-62246\" srcset=\"https:\/\/www.huruguen.fr\/site\/wp-content\/uploads\/2022\/03\/skate-romain-gradignan-skatepark-sebastien-huruguen-4.jpg 1500w, https:\/\/www.huruguen.fr\/site\/wp-content\/uploads\/2022\/03\/skate-romain-gradignan-skatepark-sebastien-huruguen-4-300x200.jpg 300w, https:\/\/www.huruguen.fr\/site\/wp-content\/uploads\/2022\/03\/skate-romain-gradignan-skatepark-sebastien-huruguen-4-1024x683.jpg 1024w, https:\/\/www.huruguen.fr\/site\/wp-content\/uploads\/2022\/03\/skate-romain-gradignan-skatepark-sebastien-huruguen-4-768x512.jpg 768w, https:\/\/www.huruguen.fr\/site\/wp-content\/uploads\/2022\/03\/skate-romain-gradignan-skatepark-sebastien-huruguen-4-740x494.jpg 740w, https:\/\/www.huruguen.fr\/site\/wp-content\/uploads\/2022\/03\/skate-romain-gradignan-skatepark-sebastien-huruguen-4-370x247.jpg 370w, https:\/\/www.huruguen.fr\/site\/wp-content\/uploads\/2022\/03\/skate-romain-gradignan-skatepark-sebastien-huruguen-4-680x452.jpg 680w, https:\/\/www.huruguen.fr\/site\/wp-content\/uploads\/2022\/03\/skate-romain-gradignan-skatepark-sebastien-huruguen-4-340x226.jpg 340w, https:\/\/www.huruguen.fr\/site\/wp-content\/uploads\/2022\/03\/skate-romain-gradignan-skatepark-sebastien-huruguen-4-848x565.jpg 848w\" sizes=\"auto, (max-width: 1500px) 100vw, 1500px\" \/><\/a><\/figure>\n\n\n\n<div style=\"height:100px\" aria-hidden=\"true\" class=\"wp-block-spacer\"><\/div>\n\n\n<style>.wp-block-kadence-advancedgallery.kb-gallery-wrap-id-_c616de-02{margin-top:0px;margin-right:0px;margin-bottom:0px;margin-left:0px;}.wp-block-kadence-advancedgallery .kb-gallery-type-masonry.kb-gallery-id-_c616de-02{margin:-5px;}.kb-gallery-type-masonry.kb-gallery-id-_c616de-02 .kadence-blocks-gallery-item{padding:5px;}.kb-gallery-id-_c616de-02 .kadence-blocks-gallery-item .kb-gal-image-radius, .kb-gallery-id-_c616de-02 .kb-slide-item .kb-gal-image-radius img{border-radius:0px 0px 0px 0px;;}<\/style><div class=\"kb-gallery-wrap-id-_c616de-02 alignnone wp-block-kadence-advancedgallery\"><ul class=\"kb-gallery-ul kb-gallery-non-static kb-gallery-type-masonry kb-masonry-init kb-gallery-id-_c616de-02 kb-gallery-caption-style-bottom-hover kb-gallery-filter-none kb-gallery-magnific-init\" data-image-filter=\"none\" data-item-selector=\".kadence-blocks-gallery-item\" data-lightbox-caption=\"true\" data-columns-xxl=\"2\" data-columns-xl=\"2\" data-columns-md=\"2\" data-columns-sm=\"2\" data-columns-xs=\"1\" data-columns-ss=\"1\"><li class=\"kadence-blocks-gallery-item\"><div class=\"kadence-blocks-gallery-item-inner\"><figure class=\"kb-gallery-figure kb-gallery-item-has-link kadence-blocks-gallery-item-hide-caption\"><a href=\"https:\/\/www.huruguen.fr\/site\/wp-content\/uploads\/2022\/03\/skate-romain-gradignan-skatepark-sebastien-huruguen-1.jpg\" class=\"kb-gallery-item-link\"   role=\"button\" aria-haspopup=\"dialog\"><div class=\"kb-gal-image-radius\" style=\"max-width:1024px;\"><div class=\"kb-gallery-image-contain kadence-blocks-gallery-intrinsic\" style=\"padding-bottom:66%;\"><img loading=\"lazy\" decoding=\"async\" src=\"https:\/\/www.huruguen.fr\/site\/wp-content\/uploads\/2022\/03\/skate-romain-gradignan-skatepark-sebastien-huruguen-1-1024x683.jpg\" width=\"1024\" height=\"683\" alt=\"\" data-full-image=\"https:\/\/www.huruguen.fr\/site\/wp-content\/uploads\/2022\/03\/skate-romain-gradignan-skatepark-sebastien-huruguen-1.jpg\" data-light-image=\"https:\/\/www.huruguen.fr\/site\/wp-content\/uploads\/2022\/03\/skate-romain-gradignan-skatepark-sebastien-huruguen-1.jpg\" data-id=\"62243\" class=\"wp-image-62243\" srcset=\"https:\/\/www.huruguen.fr\/site\/wp-content\/uploads\/2022\/03\/skate-romain-gradignan-skatepark-sebastien-huruguen-1-1024x683.jpg 1024w, https:\/\/www.huruguen.fr\/site\/wp-content\/uploads\/2022\/03\/skate-romain-gradignan-skatepark-sebastien-huruguen-1-300x200.jpg 300w, https:\/\/www.huruguen.fr\/site\/wp-content\/uploads\/2022\/03\/skate-romain-gradignan-skatepark-sebastien-huruguen-1-768x512.jpg 768w, https:\/\/www.huruguen.fr\/site\/wp-content\/uploads\/2022\/03\/skate-romain-gradignan-skatepark-sebastien-huruguen-1.jpg 1500w\" sizes=\"auto, (max-width: 1024px) 100vw, 1024px\" \/><\/div><\/div><\/a><\/figure><\/div><\/li><li class=\"kadence-blocks-gallery-item\"><div class=\"kadence-blocks-gallery-item-inner\"><figure class=\"kb-gallery-figure kb-gallery-item-has-link kadence-blocks-gallery-item-hide-caption\"><a href=\"https:\/\/www.huruguen.fr\/site\/wp-content\/uploads\/2022\/03\/skate-romain-gradignan-skatepark-sebastien-huruguen-2.jpg\" class=\"kb-gallery-item-link\"   role=\"button\" aria-haspopup=\"dialog\"><div class=\"kb-gal-image-radius\" style=\"max-width:1024px;\"><div class=\"kb-gallery-image-contain kadence-blocks-gallery-intrinsic\" style=\"padding-bottom:66%;\"><img loading=\"lazy\" decoding=\"async\" src=\"https:\/\/www.huruguen.fr\/site\/wp-content\/uploads\/2022\/03\/skate-romain-gradignan-skatepark-sebastien-huruguen-2-1024x683.jpg\" width=\"1024\" height=\"683\" alt=\"\" data-full-image=\"https:\/\/www.huruguen.fr\/site\/wp-content\/uploads\/2022\/03\/skate-romain-gradignan-skatepark-sebastien-huruguen-2.jpg\" data-light-image=\"https:\/\/www.huruguen.fr\/site\/wp-content\/uploads\/2022\/03\/skate-romain-gradignan-skatepark-sebastien-huruguen-2.jpg\" data-id=\"62244\" class=\"wp-image-62244\" srcset=\"https:\/\/www.huruguen.fr\/site\/wp-content\/uploads\/2022\/03\/skate-romain-gradignan-skatepark-sebastien-huruguen-2-1024x683.jpg 1024w, https:\/\/www.huruguen.fr\/site\/wp-content\/uploads\/2022\/03\/skate-romain-gradignan-skatepark-sebastien-huruguen-2-300x200.jpg 300w, https:\/\/www.huruguen.fr\/site\/wp-content\/uploads\/2022\/03\/skate-romain-gradignan-skatepark-sebastien-huruguen-2-768x512.jpg 768w, https:\/\/www.huruguen.fr\/site\/wp-content\/uploads\/2022\/03\/skate-romain-gradignan-skatepark-sebastien-huruguen-2.jpg 1500w\" sizes=\"auto, (max-width: 1024px) 100vw, 1024px\" \/><\/div><\/div><\/a><\/figure><\/div><\/li><li class=\"kadence-blocks-gallery-item\"><div class=\"kadence-blocks-gallery-item-inner\"><figure class=\"kb-gallery-figure kb-gallery-item-has-link kadence-blocks-gallery-item-hide-caption\"><a href=\"https:\/\/www.huruguen.fr\/site\/wp-content\/uploads\/2022\/03\/skate-romain-gradignan-skatepark-sebastien-huruguen-3.jpg\" class=\"kb-gallery-item-link\"   role=\"button\" aria-haspopup=\"dialog\"><div class=\"kb-gal-image-radius\" style=\"max-width:1024px;\"><div class=\"kb-gallery-image-contain kadence-blocks-gallery-intrinsic\" style=\"padding-bottom:66%;\"><img loading=\"lazy\" decoding=\"async\" src=\"https:\/\/www.huruguen.fr\/site\/wp-content\/uploads\/2022\/03\/skate-romain-gradignan-skatepark-sebastien-huruguen-3-1024x683.jpg\" width=\"1024\" height=\"683\" alt=\"\" data-full-image=\"https:\/\/www.huruguen.fr\/site\/wp-content\/uploads\/2022\/03\/skate-romain-gradignan-skatepark-sebastien-huruguen-3.jpg\" data-light-image=\"https:\/\/www.huruguen.fr\/site\/wp-content\/uploads\/2022\/03\/skate-romain-gradignan-skatepark-sebastien-huruguen-3.jpg\" data-id=\"62245\" class=\"wp-image-62245\" srcset=\"https:\/\/www.huruguen.fr\/site\/wp-content\/uploads\/2022\/03\/skate-romain-gradignan-skatepark-sebastien-huruguen-3-1024x683.jpg 1024w, https:\/\/www.huruguen.fr\/site\/wp-content\/uploads\/2022\/03\/skate-romain-gradignan-skatepark-sebastien-huruguen-3-300x200.jpg 300w, https:\/\/www.huruguen.fr\/site\/wp-content\/uploads\/2022\/03\/skate-romain-gradignan-skatepark-sebastien-huruguen-3-768x512.jpg 768w, https:\/\/www.huruguen.fr\/site\/wp-content\/uploads\/2022\/03\/skate-romain-gradignan-skatepark-sebastien-huruguen-3.jpg 1500w\" sizes=\"auto, (max-width: 1024px) 100vw, 1024px\" \/><\/div><\/div><\/a><\/figure><\/div><\/li><li class=\"kadence-blocks-gallery-item\"><div class=\"kadence-blocks-gallery-item-inner\"><figure class=\"kb-gallery-figure kb-gallery-item-has-link kadence-blocks-gallery-item-hide-caption\"><a href=\"https:\/\/www.huruguen.fr\/site\/wp-content\/uploads\/2022\/03\/skate-romain-gradignan-skatepark-sebastien-huruguen-5.jpg\" class=\"kb-gallery-item-link\"   role=\"button\" aria-haspopup=\"dialog\"><div class=\"kb-gal-image-radius\" style=\"max-width:1024px;\"><div class=\"kb-gallery-image-contain kadence-blocks-gallery-intrinsic\" style=\"padding-bottom:66%;\"><img loading=\"lazy\" decoding=\"async\" src=\"https:\/\/www.huruguen.fr\/site\/wp-content\/uploads\/2022\/03\/skate-romain-gradignan-skatepark-sebastien-huruguen-5-1024x683.jpg\" width=\"1024\" height=\"683\" alt=\"\" data-full-image=\"https:\/\/www.huruguen.fr\/site\/wp-content\/uploads\/2022\/03\/skate-romain-gradignan-skatepark-sebastien-huruguen-5.jpg\" data-light-image=\"https:\/\/www.huruguen.fr\/site\/wp-content\/uploads\/2022\/03\/skate-romain-gradignan-skatepark-sebastien-huruguen-5.jpg\" data-id=\"62247\" class=\"wp-image-62247\" srcset=\"https:\/\/www.huruguen.fr\/site\/wp-content\/uploads\/2022\/03\/skate-romain-gradignan-skatepark-sebastien-huruguen-5-1024x683.jpg 1024w, https:\/\/www.huruguen.fr\/site\/wp-content\/uploads\/2022\/03\/skate-romain-gradignan-skatepark-sebastien-huruguen-5-300x200.jpg 300w, https:\/\/www.huruguen.fr\/site\/wp-content\/uploads\/2022\/03\/skate-romain-gradignan-skatepark-sebastien-huruguen-5-768x512.jpg 768w, https:\/\/www.huruguen.fr\/site\/wp-content\/uploads\/2022\/03\/skate-romain-gradignan-skatepark-sebastien-huruguen-5.jpg 1500w\" sizes=\"auto, (max-width: 1024px) 100vw, 1024px\" \/><\/div><\/div><\/a><\/figure><\/div><\/li><li class=\"kadence-blocks-gallery-item\"><div class=\"kadence-blocks-gallery-item-inner\"><figure class=\"kb-gallery-figure kb-gallery-item-has-link kadence-blocks-gallery-item-hide-caption\"><a href=\"https:\/\/www.huruguen.fr\/site\/wp-content\/uploads\/2022\/03\/skate-romain-gradignan-skatepark-sebastien-huruguen-6.jpg\" class=\"kb-gallery-item-link\"   role=\"button\" aria-haspopup=\"dialog\"><div class=\"kb-gal-image-radius\" style=\"max-width:1024px;\"><div class=\"kb-gallery-image-contain kadence-blocks-gallery-intrinsic\" style=\"padding-bottom:66%;\"><img loading=\"lazy\" decoding=\"async\" src=\"https:\/\/www.huruguen.fr\/site\/wp-content\/uploads\/2022\/03\/skate-romain-gradignan-skatepark-sebastien-huruguen-6-1024x683.jpg\" width=\"1024\" height=\"683\" alt=\"\" data-full-image=\"https:\/\/www.huruguen.fr\/site\/wp-content\/uploads\/2022\/03\/skate-romain-gradignan-skatepark-sebastien-huruguen-6.jpg\" data-light-image=\"https:\/\/www.huruguen.fr\/site\/wp-content\/uploads\/2022\/03\/skate-romain-gradignan-skatepark-sebastien-huruguen-6.jpg\" data-id=\"62248\" class=\"wp-image-62248\" srcset=\"https:\/\/www.huruguen.fr\/site\/wp-content\/uploads\/2022\/03\/skate-romain-gradignan-skatepark-sebastien-huruguen-6-1024x683.jpg 1024w, https:\/\/www.huruguen.fr\/site\/wp-content\/uploads\/2022\/03\/skate-romain-gradignan-skatepark-sebastien-huruguen-6-300x200.jpg 300w, https:\/\/www.huruguen.fr\/site\/wp-content\/uploads\/2022\/03\/skate-romain-gradignan-skatepark-sebastien-huruguen-6-768x512.jpg 768w, https:\/\/www.huruguen.fr\/site\/wp-content\/uploads\/2022\/03\/skate-romain-gradignan-skatepark-sebastien-huruguen-6.jpg 1500w\" sizes=\"auto, (max-width: 1024px) 100vw, 1024px\" \/><\/div><\/div><\/a><\/figure><\/div><\/li><li class=\"kadence-blocks-gallery-item\"><div class=\"kadence-blocks-gallery-item-inner\"><figure class=\"kb-gallery-figure kb-gallery-item-has-link kadence-blocks-gallery-item-hide-caption\"><a href=\"https:\/\/www.huruguen.fr\/site\/wp-content\/uploads\/2022\/03\/skate-romain-gradignan-skatepark-sebastien-huruguen-7.jpg\" class=\"kb-gallery-item-link\"   role=\"button\" aria-haspopup=\"dialog\"><div class=\"kb-gal-image-radius\" style=\"max-width:1024px;\"><div class=\"kb-gallery-image-contain kadence-blocks-gallery-intrinsic\" style=\"padding-bottom:66%;\"><img loading=\"lazy\" decoding=\"async\" src=\"https:\/\/www.huruguen.fr\/site\/wp-content\/uploads\/2022\/03\/skate-romain-gradignan-skatepark-sebastien-huruguen-7-1024x683.jpg\" width=\"1024\" height=\"683\" alt=\"\" data-full-image=\"https:\/\/www.huruguen.fr\/site\/wp-content\/uploads\/2022\/03\/skate-romain-gradignan-skatepark-sebastien-huruguen-7.jpg\" data-light-image=\"https:\/\/www.huruguen.fr\/site\/wp-content\/uploads\/2022\/03\/skate-romain-gradignan-skatepark-sebastien-huruguen-7.jpg\" data-id=\"62249\" class=\"wp-image-62249\" srcset=\"https:\/\/www.huruguen.fr\/site\/wp-content\/uploads\/2022\/03\/skate-romain-gradignan-skatepark-sebastien-huruguen-7-1024x683.jpg 1024w, https:\/\/www.huruguen.fr\/site\/wp-content\/uploads\/2022\/03\/skate-romain-gradignan-skatepark-sebastien-huruguen-7-300x200.jpg 300w, https:\/\/www.huruguen.fr\/site\/wp-content\/uploads\/2022\/03\/skate-romain-gradignan-skatepark-sebastien-huruguen-7-768x512.jpg 768w, https:\/\/www.huruguen.fr\/site\/wp-content\/uploads\/2022\/03\/skate-romain-gradignan-skatepark-sebastien-huruguen-7.jpg 1500w\" sizes=\"auto, (max-width: 1024px) 100vw, 1024px\" \/><\/div><\/div><\/a><\/figure><\/div><\/li><\/ul><\/div>\n\n\n<div style=\"height:100px\" aria-hidden=\"true\" class=\"wp-block-spacer\"><\/div>\n\n\n\n<p>S\u00e9ance photo au skatepark de Gradignan.<\/p>\n\n\n\n<p>Un nouveau spot en b\u00e9ton orient\u00e9 street, r\u00e9alis\u00e9 \u00e0 la place de l&rsquo;ancien park par <a href=\"https:\/\/www.instagram.com\/hall04_skateparks_\/\" target=\"_blank\" rel=\"noreferrer noopener\">@hall04_skateparks_<\/a> au printemps 2019.<\/p>\n\n\n\n<div style=\"height:100px\" aria-hidden=\"true\" class=\"wp-block-spacer\"><\/div>\n","protected":false},"excerpt":{"rendered":"<p>S\u00e9ance photo au skatepark de Gradignan. Un nouveau spot en b\u00e9ton orient\u00e9 street, r\u00e9alis\u00e9 \u00e0 la place de l&rsquo;ancien park par @hall04_skateparks_ au printemps 2019.<\/p>\n","protected":false},"author":1,"featured_media":62246,"comment_status":"closed","ping_status":"open","sticky":false,"template":"","format":"standard","meta":{"kt_blocks_editor_width":"","footnotes":""},"categories":[1537],"tags":[2356,3239,2361,3233,2373,3235,2294,3236,2473,3237,2372,3232,3238],"class_list":["post-62242","post","type-post","status-publish","format-standard","has-post-thumbnail","hentry","category-reportages","tag-2356","tag-beton","tag-gironde","tag-gradignan","tag-parc","tag-sk8","tag-skate","tag-skate-bordeaux","tag-skateboard","tag-skateparc","tag-skatepark","tag-skatepark-gradignan","tag-streetpark"],"yoast_head":"<!-- This site is optimized with the Yoast SEO plugin v27.4 - https:\/\/yoast.com\/product\/yoast-seo-wordpress\/ -->\n<title>S\u00e9ance photo au skatepark de Gradignan - Photographe Professionnel \u00e0 Bordeaux &#x1f4f7; Sebastien Huruguen<\/title>\n<meta name=\"description\" content=\"S\u00e9ance photo au nouveau skatepark b\u00e9ton de Gradignan dans le parc Mandavit-Malartic \u00e0 c\u00f4t\u00e9 de Bordeaux. S\u00e9bastien Huruguen photographe\" \/>\n<meta name=\"robots\" content=\"index, follow, max-snippet:-1, max-image-preview:large, max-video-preview:-1\" \/>\n<link rel=\"canonical\" href=\"https:\/\/www.huruguen.fr\/site\/seance-photo-au-skatepark-de-gradignan\/\" \/>\n<meta property=\"og:locale\" content=\"fr_FR\" \/>\n<meta property=\"og:type\" content=\"article\" \/>\n<meta property=\"og:title\" content=\"S\u00e9ance photo au skatepark de Gradignan - Photographe Professionnel \u00e0 Bordeaux &#x1f4f7; Sebastien Huruguen\" \/>\n<meta property=\"og:description\" content=\"S\u00e9ance photo au nouveau skatepark b\u00e9ton de Gradignan dans le parc Mandavit-Malartic \u00e0 c\u00f4t\u00e9 de Bordeaux. S\u00e9bastien Huruguen photographe\" \/>\n<meta property=\"og:url\" content=\"https:\/\/www.huruguen.fr\/site\/seance-photo-au-skatepark-de-gradignan\/\" \/>\n<meta property=\"og:site_name\" content=\"Photographe Professionnel \u00e0 Bordeaux &#x1f4f7; Sebastien Huruguen\" \/>\n<meta property=\"article:publisher\" content=\"https:\/\/www.facebook.com\/huruguen\" \/>\n<meta property=\"article:author\" content=\"https:\/\/www.facebook.com\/huruguen\/\" \/>\n<meta property=\"article:published_time\" content=\"2022-03-28T15:13:51+00:00\" \/>\n<meta property=\"article:modified_time\" content=\"2022-11-17T09:11:11+00:00\" \/>\n<meta property=\"og:image\" content=\"https:\/\/www.huruguen.fr\/site\/wp-content\/uploads\/2022\/03\/skate-romain-gradignan-skatepark-sebastien-huruguen-4.jpg\" \/>\n\t<meta property=\"og:image:width\" content=\"1500\" \/>\n\t<meta property=\"og:image:height\" content=\"1000\" \/>\n\t<meta property=\"og:image:type\" content=\"image\/jpeg\" \/>\n<meta name=\"author\" content=\"Sebastien Huruguen\" \/>\n<meta name=\"twitter:card\" content=\"summary_large_image\" \/>\n<meta name=\"twitter:creator\" content=\"@www_huruguen_fr\" \/>\n<meta name=\"twitter:site\" content=\"@www_huruguen_fr\" \/>\n<meta name=\"twitter:label1\" content=\"\u00c9crit par\" \/>\n\t<meta name=\"twitter:data1\" content=\"Sebastien Huruguen\" \/>\n\t<meta name=\"twitter:label2\" content=\"Dur\u00e9e de lecture estim\u00e9e\" \/>\n\t<meta name=\"twitter:data2\" content=\"2 minutes\" \/>\n<script type=\"application\/ld+json\" class=\"yoast-schema-graph\">{\"@context\":\"https:\\\/\\\/schema.org\",\"@graph\":[{\"@type\":\"Article\",\"@id\":\"https:\\\/\\\/www.huruguen.fr\\\/site\\\/seance-photo-au-skatepark-de-gradignan\\\/#article\",\"isPartOf\":{\"@id\":\"https:\\\/\\\/www.huruguen.fr\\\/site\\\/seance-photo-au-skatepark-de-gradignan\\\/\"},\"author\":{\"name\":\"Sebastien Huruguen\",\"@id\":\"https:\\\/\\\/www.huruguen.fr\\\/site\\\/#\\\/schema\\\/person\\\/bdce6395a337c00db735bf5fa1268715\"},\"headline\":\"S\u00e9ance photo au skatepark de Gradignan\",\"datePublished\":\"2022-03-28T15:13:51+00:00\",\"dateModified\":\"2022-11-17T09:11:11+00:00\",\"mainEntityOfPage\":{\"@id\":\"https:\\\/\\\/www.huruguen.fr\\\/site\\\/seance-photo-au-skatepark-de-gradignan\\\/\"},\"wordCount\":35,\"publisher\":{\"@id\":\"https:\\\/\\\/www.huruguen.fr\\\/site\\\/#organization\"},\"image\":{\"@id\":\"https:\\\/\\\/www.huruguen.fr\\\/site\\\/seance-photo-au-skatepark-de-gradignan\\\/#primaryimage\"},\"thumbnailUrl\":\"https:\\\/\\\/www.huruguen.fr\\\/site\\\/wp-content\\\/uploads\\\/2022\\\/03\\\/skate-romain-gradignan-skatepark-sebastien-huruguen-4.jpg\",\"keywords\":[\"33\",\"b\u00e9ton\",\"gironde\",\"gradignan\",\"parc\",\"sk8\",\"skate\",\"skate bordeaux\",\"skateboard\",\"skateparc\",\"skatepark\",\"skatepark gradignan\",\"streetpark\"],\"articleSection\":[\"Actualit\u00e9s\"],\"inLanguage\":\"fr-FR\"},{\"@type\":\"WebPage\",\"@id\":\"https:\\\/\\\/www.huruguen.fr\\\/site\\\/seance-photo-au-skatepark-de-gradignan\\\/\",\"url\":\"https:\\\/\\\/www.huruguen.fr\\\/site\\\/seance-photo-au-skatepark-de-gradignan\\\/\",\"name\":\"S\u00e9ance photo au skatepark de Gradignan - Photographe Professionnel \u00e0 Bordeaux &#x1f4f7; Sebastien Huruguen\",\"isPartOf\":{\"@id\":\"https:\\\/\\\/www.huruguen.fr\\\/site\\\/#website\"},\"primaryImageOfPage\":{\"@id\":\"https:\\\/\\\/www.huruguen.fr\\\/site\\\/seance-photo-au-skatepark-de-gradignan\\\/#primaryimage\"},\"image\":{\"@id\":\"https:\\\/\\\/www.huruguen.fr\\\/site\\\/seance-photo-au-skatepark-de-gradignan\\\/#primaryimage\"},\"thumbnailUrl\":\"https:\\\/\\\/www.huruguen.fr\\\/site\\\/wp-content\\\/uploads\\\/2022\\\/03\\\/skate-romain-gradignan-skatepark-sebastien-huruguen-4.jpg\",\"datePublished\":\"2022-03-28T15:13:51+00:00\",\"dateModified\":\"2022-11-17T09:11:11+00:00\",\"description\":\"S\u00e9ance photo au nouveau skatepark b\u00e9ton de Gradignan dans le parc Mandavit-Malartic \u00e0 c\u00f4t\u00e9 de Bordeaux. S\u00e9bastien Huruguen photographe\",\"breadcrumb\":{\"@id\":\"https:\\\/\\\/www.huruguen.fr\\\/site\\\/seance-photo-au-skatepark-de-gradignan\\\/#breadcrumb\"},\"inLanguage\":\"fr-FR\",\"potentialAction\":[{\"@type\":\"ReadAction\",\"target\":[\"https:\\\/\\\/www.huruguen.fr\\\/site\\\/seance-photo-au-skatepark-de-gradignan\\\/\"]}]},{\"@type\":\"ImageObject\",\"inLanguage\":\"fr-FR\",\"@id\":\"https:\\\/\\\/www.huruguen.fr\\\/site\\\/seance-photo-au-skatepark-de-gradignan\\\/#primaryimage\",\"url\":\"https:\\\/\\\/www.huruguen.fr\\\/site\\\/wp-content\\\/uploads\\\/2022\\\/03\\\/skate-romain-gradignan-skatepark-sebastien-huruguen-4.jpg\",\"contentUrl\":\"https:\\\/\\\/www.huruguen.fr\\\/site\\\/wp-content\\\/uploads\\\/2022\\\/03\\\/skate-romain-gradignan-skatepark-sebastien-huruguen-4.jpg\",\"width\":1500,\"height\":1000,\"caption\":\"skatepark street parc gradignan vans sebastien huruguen photographe bordeaux\"},{\"@type\":\"BreadcrumbList\",\"@id\":\"https:\\\/\\\/www.huruguen.fr\\\/site\\\/seance-photo-au-skatepark-de-gradignan\\\/#breadcrumb\",\"itemListElement\":[{\"@type\":\"ListItem\",\"position\":1,\"name\":\"Accueil\",\"item\":\"https:\\\/\\\/www.huruguen.fr\\\/site\\\/\"},{\"@type\":\"ListItem\",\"position\":2,\"name\":\"S\u00e9ance photo au skatepark de Gradignan\"}]},{\"@type\":\"WebSite\",\"@id\":\"https:\\\/\\\/www.huruguen.fr\\\/site\\\/#website\",\"url\":\"https:\\\/\\\/www.huruguen.fr\\\/site\\\/\",\"name\":\"Photographe Professionnel \u00e0 Bordeaux Sebastien Huruguen\",\"description\":\"Photographe professionnel ind\u00e9pendant a Bordeaux. Prestations et services photograpphiques pour les professionnels et particuliers : reportages, s\u00e9ances photos, studio, packshot.\",\"publisher\":{\"@id\":\"https:\\\/\\\/www.huruguen.fr\\\/site\\\/#organization\"},\"potentialAction\":[{\"@type\":\"SearchAction\",\"target\":{\"@type\":\"EntryPoint\",\"urlTemplate\":\"https:\\\/\\\/www.huruguen.fr\\\/site\\\/?s={search_term_string}\"},\"query-input\":{\"@type\":\"PropertyValueSpecification\",\"valueRequired\":true,\"valueName\":\"search_term_string\"}}],\"inLanguage\":\"fr-FR\"},{\"@type\":\"Organization\",\"@id\":\"https:\\\/\\\/www.huruguen.fr\\\/site\\\/#organization\",\"name\":\"S\u00e9bastien Huruguen Photographe\",\"url\":\"https:\\\/\\\/www.huruguen.fr\\\/site\\\/\",\"logo\":{\"@type\":\"ImageObject\",\"inLanguage\":\"fr-FR\",\"@id\":\"https:\\\/\\\/www.huruguen.fr\\\/site\\\/#\\\/schema\\\/logo\\\/image\\\/\",\"url\":\"https:\\\/\\\/www.huruguen.fr\\\/site\\\/wp-content\\\/uploads\\\/2018\\\/03\\\/Logo-Huruguen-triptique-2018-noir-1500.jpg\",\"contentUrl\":\"https:\\\/\\\/www.huruguen.fr\\\/site\\\/wp-content\\\/uploads\\\/2018\\\/03\\\/Logo-Huruguen-triptique-2018-noir-1500.jpg\",\"width\":1500,\"height\":1500,\"caption\":\"S\u00e9bastien Huruguen Photographe\"},\"image\":{\"@id\":\"https:\\\/\\\/www.huruguen.fr\\\/site\\\/#\\\/schema\\\/logo\\\/image\\\/\"},\"sameAs\":[\"https:\\\/\\\/www.facebook.com\\\/huruguen\",\"https:\\\/\\\/x.com\\\/www_huruguen_fr\",\"https:\\\/\\\/www.instagram.com\\\/sebastien.huruguen\\\/\"]},{\"@type\":\"Person\",\"@id\":\"https:\\\/\\\/www.huruguen.fr\\\/site\\\/#\\\/schema\\\/person\\\/bdce6395a337c00db735bf5fa1268715\",\"name\":\"Sebastien Huruguen\",\"description\":\"S\u00e9bastien Huruguen est photographe professionnel \u00e0 Bordeaux.\",\"sameAs\":[\"https:\\\/\\\/www.huruguen.fr\",\"https:\\\/\\\/www.facebook.com\\\/huruguen\\\/\",\"https:\\\/\\\/www.instagram.com\\\/sebastien.huruguen\\\/\",\"https:\\\/\\\/www.linkedin.com\\\/in\\\/sbastien-huruguen-95452342\\\/\",\"https:\\\/\\\/www.pinterest.fr\\\/shuruguen\\\/\",\"https:\\\/\\\/x.com\\\/www_huruguen_fr\",\"https:\\\/\\\/www.youtube.com\\\/channel\\\/UChEt96Suus_jyoBce80fNOA?nohtml5=False\"]}]}<\/script>\n<!-- \/ Yoast SEO plugin. -->","yoast_head_json":{"title":"S\u00e9ance photo au skatepark de Gradignan - Photographe Professionnel \u00e0 Bordeaux &#x1f4f7; Sebastien Huruguen","description":"S\u00e9ance photo au nouveau skatepark b\u00e9ton de Gradignan dans le parc Mandavit-Malartic \u00e0 c\u00f4t\u00e9 de Bordeaux. S\u00e9bastien Huruguen photographe","robots":{"index":"index","follow":"follow","max-snippet":"max-snippet:-1","max-image-preview":"max-image-preview:large","max-video-preview":"max-video-preview:-1"},"canonical":"https:\/\/www.huruguen.fr\/site\/seance-photo-au-skatepark-de-gradignan\/","og_locale":"fr_FR","og_type":"article","og_title":"S\u00e9ance photo au skatepark de Gradignan - Photographe Professionnel \u00e0 Bordeaux &#x1f4f7; Sebastien Huruguen","og_description":"S\u00e9ance photo au nouveau skatepark b\u00e9ton de Gradignan dans le parc Mandavit-Malartic \u00e0 c\u00f4t\u00e9 de Bordeaux. S\u00e9bastien Huruguen photographe","og_url":"https:\/\/www.huruguen.fr\/site\/seance-photo-au-skatepark-de-gradignan\/","og_site_name":"Photographe Professionnel \u00e0 Bordeaux &#x1f4f7; Sebastien Huruguen","article_publisher":"https:\/\/www.facebook.com\/huruguen","article_author":"https:\/\/www.facebook.com\/huruguen\/","article_published_time":"2022-03-28T15:13:51+00:00","article_modified_time":"2022-11-17T09:11:11+00:00","og_image":[{"width":1500,"height":1000,"url":"https:\/\/www.huruguen.fr\/site\/wp-content\/uploads\/2022\/03\/skate-romain-gradignan-skatepark-sebastien-huruguen-4.jpg","type":"image\/jpeg"}],"author":"Sebastien Huruguen","twitter_card":"summary_large_image","twitter_creator":"@www_huruguen_fr","twitter_site":"@www_huruguen_fr","twitter_misc":{"\u00c9crit par":"Sebastien Huruguen","Dur\u00e9e de lecture estim\u00e9e":"2 minutes"},"schema":{"@context":"https:\/\/schema.org","@graph":[{"@type":"Article","@id":"https:\/\/www.huruguen.fr\/site\/seance-photo-au-skatepark-de-gradignan\/#article","isPartOf":{"@id":"https:\/\/www.huruguen.fr\/site\/seance-photo-au-skatepark-de-gradignan\/"},"author":{"name":"Sebastien Huruguen","@id":"https:\/\/www.huruguen.fr\/site\/#\/schema\/person\/bdce6395a337c00db735bf5fa1268715"},"headline":"S\u00e9ance photo au skatepark de Gradignan","datePublished":"2022-03-28T15:13:51+00:00","dateModified":"2022-11-17T09:11:11+00:00","mainEntityOfPage":{"@id":"https:\/\/www.huruguen.fr\/site\/seance-photo-au-skatepark-de-gradignan\/"},"wordCount":35,"publisher":{"@id":"https:\/\/www.huruguen.fr\/site\/#organization"},"image":{"@id":"https:\/\/www.huruguen.fr\/site\/seance-photo-au-skatepark-de-gradignan\/#primaryimage"},"thumbnailUrl":"https:\/\/www.huruguen.fr\/site\/wp-content\/uploads\/2022\/03\/skate-romain-gradignan-skatepark-sebastien-huruguen-4.jpg","keywords":["33","b\u00e9ton","gironde","gradignan","parc","sk8","skate","skate bordeaux","skateboard","skateparc","skatepark","skatepark gradignan","streetpark"],"articleSection":["Actualit\u00e9s"],"inLanguage":"fr-FR"},{"@type":"WebPage","@id":"https:\/\/www.huruguen.fr\/site\/seance-photo-au-skatepark-de-gradignan\/","url":"https:\/\/www.huruguen.fr\/site\/seance-photo-au-skatepark-de-gradignan\/","name":"S\u00e9ance photo au skatepark de Gradignan - Photographe Professionnel \u00e0 Bordeaux &#x1f4f7; Sebastien Huruguen","isPartOf":{"@id":"https:\/\/www.huruguen.fr\/site\/#website"},"primaryImageOfPage":{"@id":"https:\/\/www.huruguen.fr\/site\/seance-photo-au-skatepark-de-gradignan\/#primaryimage"},"image":{"@id":"https:\/\/www.huruguen.fr\/site\/seance-photo-au-skatepark-de-gradignan\/#primaryimage"},"thumbnailUrl":"https:\/\/www.huruguen.fr\/site\/wp-content\/uploads\/2022\/03\/skate-romain-gradignan-skatepark-sebastien-huruguen-4.jpg","datePublished":"2022-03-28T15:13:51+00:00","dateModified":"2022-11-17T09:11:11+00:00","description":"S\u00e9ance photo au nouveau skatepark b\u00e9ton de Gradignan dans le parc Mandavit-Malartic \u00e0 c\u00f4t\u00e9 de Bordeaux. S\u00e9bastien Huruguen photographe","breadcrumb":{"@id":"https:\/\/www.huruguen.fr\/site\/seance-photo-au-skatepark-de-gradignan\/#breadcrumb"},"inLanguage":"fr-FR","potentialAction":[{"@type":"ReadAction","target":["https:\/\/www.huruguen.fr\/site\/seance-photo-au-skatepark-de-gradignan\/"]}]},{"@type":"ImageObject","inLanguage":"fr-FR","@id":"https:\/\/www.huruguen.fr\/site\/seance-photo-au-skatepark-de-gradignan\/#primaryimage","url":"https:\/\/www.huruguen.fr\/site\/wp-content\/uploads\/2022\/03\/skate-romain-gradignan-skatepark-sebastien-huruguen-4.jpg","contentUrl":"https:\/\/www.huruguen.fr\/site\/wp-content\/uploads\/2022\/03\/skate-romain-gradignan-skatepark-sebastien-huruguen-4.jpg","width":1500,"height":1000,"caption":"skatepark street parc gradignan vans sebastien huruguen photographe bordeaux"},{"@type":"BreadcrumbList","@id":"https:\/\/www.huruguen.fr\/site\/seance-photo-au-skatepark-de-gradignan\/#breadcrumb","itemListElement":[{"@type":"ListItem","position":1,"name":"Accueil","item":"https:\/\/www.huruguen.fr\/site\/"},{"@type":"ListItem","position":2,"name":"S\u00e9ance photo au skatepark de Gradignan"}]},{"@type":"WebSite","@id":"https:\/\/www.huruguen.fr\/site\/#website","url":"https:\/\/www.huruguen.fr\/site\/","name":"Photographe Professionnel \u00e0 Bordeaux Sebastien Huruguen","description":"Photographe professionnel ind\u00e9pendant a Bordeaux. Prestations et services photograpphiques pour les professionnels et particuliers : reportages, s\u00e9ances photos, studio, packshot.","publisher":{"@id":"https:\/\/www.huruguen.fr\/site\/#organization"},"potentialAction":[{"@type":"SearchAction","target":{"@type":"EntryPoint","urlTemplate":"https:\/\/www.huruguen.fr\/site\/?s={search_term_string}"},"query-input":{"@type":"PropertyValueSpecification","valueRequired":true,"valueName":"search_term_string"}}],"inLanguage":"fr-FR"},{"@type":"Organization","@id":"https:\/\/www.huruguen.fr\/site\/#organization","name":"S\u00e9bastien Huruguen Photographe","url":"https:\/\/www.huruguen.fr\/site\/","logo":{"@type":"ImageObject","inLanguage":"fr-FR","@id":"https:\/\/www.huruguen.fr\/site\/#\/schema\/logo\/image\/","url":"https:\/\/www.huruguen.fr\/site\/wp-content\/uploads\/2018\/03\/Logo-Huruguen-triptique-2018-noir-1500.jpg","contentUrl":"https:\/\/www.huruguen.fr\/site\/wp-content\/uploads\/2018\/03\/Logo-Huruguen-triptique-2018-noir-1500.jpg","width":1500,"height":1500,"caption":"S\u00e9bastien Huruguen Photographe"},"image":{"@id":"https:\/\/www.huruguen.fr\/site\/#\/schema\/logo\/image\/"},"sameAs":["https:\/\/www.facebook.com\/huruguen","https:\/\/x.com\/www_huruguen_fr","https:\/\/www.instagram.com\/sebastien.huruguen\/"]},{"@type":"Person","@id":"https:\/\/www.huruguen.fr\/site\/#\/schema\/person\/bdce6395a337c00db735bf5fa1268715","name":"Sebastien Huruguen","description":"S\u00e9bastien Huruguen est photographe professionnel \u00e0 Bordeaux.","sameAs":["https:\/\/www.huruguen.fr","https:\/\/www.facebook.com\/huruguen\/","https:\/\/www.instagram.com\/sebastien.huruguen\/","https:\/\/www.linkedin.com\/in\/sbastien-huruguen-95452342\/","https:\/\/www.pinterest.fr\/shuruguen\/","https:\/\/x.com\/www_huruguen_fr","https:\/\/www.youtube.com\/channel\/UChEt96Suus_jyoBce80fNOA?nohtml5=False"]}]}},"_links":{"self":[{"href":"https:\/\/www.huruguen.fr\/site\/wp-json\/wp\/v2\/posts\/62242","targetHints":{"allow":["GET"]}}],"collection":[{"href":"https:\/\/www.huruguen.fr\/site\/wp-json\/wp\/v2\/posts"}],"about":[{"href":"https:\/\/www.huruguen.fr\/site\/wp-json\/wp\/v2\/types\/post"}],"author":[{"embeddable":true,"href":"https:\/\/www.huruguen.fr\/site\/wp-json\/wp\/v2\/users\/1"}],"replies":[{"embeddable":true,"href":"https:\/\/www.huruguen.fr\/site\/wp-json\/wp\/v2\/comments?post=62242"}],"version-history":[{"count":5,"href":"https:\/\/www.huruguen.fr\/site\/wp-json\/wp\/v2\/posts\/62242\/revisions"}],"predecessor-version":[{"id":62557,"href":"https:\/\/www.huruguen.fr\/site\/wp-json\/wp\/v2\/posts\/62242\/revisions\/62557"}],"wp:featuredmedia":[{"embeddable":true,"href":"https:\/\/www.huruguen.fr\/site\/wp-json\/wp\/v2\/media\/62246"}],"wp:attachment":[{"href":"https:\/\/www.huruguen.fr\/site\/wp-json\/wp\/v2\/media?parent=62242"}],"wp:term":[{"taxonomy":"category","embeddable":true,"href":"https:\/\/www.huruguen.fr\/site\/wp-json\/wp\/v2\/categories?post=62242"},{"taxonomy":"post_tag","embeddable":true,"href":"https:\/\/www.huruguen.fr\/site\/wp-json\/wp\/v2\/tags?post=62242"}],"curies":[{"name":"wp","href":"https:\/\/api.w.org\/{rel}","templated":true}]}}