{"id":61036,"date":"2020-06-23T14:20:40","date_gmt":"2020-06-23T13:20:40","guid":{"rendered":"https:\/\/www.huruguen.fr\/site\/?p=61036"},"modified":"2020-08-05T23:18:10","modified_gmt":"2020-08-05T22:18:10","slug":"fabrique-de-styles-nouvelle-boutique-deco-a-bordeaux","status":"publish","type":"post","link":"https:\/\/www.huruguen.fr\/site\/fabrique-de-styles-nouvelle-boutique-deco-a-bordeaux\/","title":{"rendered":"Fabrique de Styles, nouvelle boutique d\u00e9co \u00e0 Bordeaux"},"content":{"rendered":"\n<figure class=\"wp-block-image size-large\"><img loading=\"lazy\" decoding=\"async\" width=\"1024\" height=\"683\" src=\"https:\/\/www.huruguen.fr\/site\/wp-content\/uploads\/2020\/06\/fabrique-de-styles-boutique-bordeaux-deco-cours-intendance-sebastien-huruguen-7-1024x683.jpg\" alt=\"\" class=\"wp-image-61049\" srcset=\"https:\/\/www.huruguen.fr\/site\/wp-content\/uploads\/2020\/06\/fabrique-de-styles-boutique-bordeaux-deco-cours-intendance-sebastien-huruguen-7-1024x683.jpg 1024w, https:\/\/www.huruguen.fr\/site\/wp-content\/uploads\/2020\/06\/fabrique-de-styles-boutique-bordeaux-deco-cours-intendance-sebastien-huruguen-7-300x200.jpg 300w, https:\/\/www.huruguen.fr\/site\/wp-content\/uploads\/2020\/06\/fabrique-de-styles-boutique-bordeaux-deco-cours-intendance-sebastien-huruguen-7-768x512.jpg 768w, https:\/\/www.huruguen.fr\/site\/wp-content\/uploads\/2020\/06\/fabrique-de-styles-boutique-bordeaux-deco-cours-intendance-sebastien-huruguen-7.jpg 1500w\" sizes=\"auto, (max-width: 1024px) 100vw, 1024px\" \/><\/figure>\n\n\n\n<div class=\"wp-block-columns is-layout-flex wp-container-core-columns-is-layout-9d6595d7 wp-block-columns-is-layout-flex\">\n<div class=\"wp-block-column is-layout-flow wp-block-column-is-layout-flow\">\n<h5 class=\"wp-block-heading\"><strong>Fabrique de Styles ouvre sa premi\u00e8re boutique de centre-ville \u00e0 Bordeaux<\/strong><\/h5>\n\n\n\n<p>Cette jeune enseigne de magasins et vente en ligne d\u00e9di\u00e9e \u00e0 l\u2019univers de la maison ouvre sa 3\u00e8me boutique en France, et son premier magasin de centre-ville dans le tr\u00e8s pris\u00e9 triangle d\u2019or bordelais.<\/p>\n\n\n\n<p>400m2 sur deux \u00e9tages dans lesquels sont r\u00e9unis 80 marques et plus de 5000 produits s\u00e9lectionn\u00e9s sur le volet. Meubles, accessoires d\u00e9co, plantes, \u00e9picerie, cosm\u00e9tiques tendance green ou luminaires, il y en a pour tous les go\u00fbts et \u00e0 tous les prix.<\/p>\n\n\n\n<p>L\u2019accent est mis sur le choix de marques fran\u00e7aises et europ\u00e9ennes reconnues pour leur expertise et savoir-faire, afin de faire de ce concept store XXL le nouveau rep\u00e8re des bordelais en qu\u00eate d\u2019inspiration.<\/p>\n\n\n\n<h5 class=\"wp-block-heading\"><strong>Une implantation bordelaise, une \u00e9vidence pour cette entreprise bas\u00e9e \u00e0 B\u00e8gles&nbsp;<\/strong><\/h5>\n\n\n\n<p>L\u2019aventure Fabrique de Styles a d\u00e9but\u00e9 il y a 1 an et demi avec le lancement de la boutique en ligne puis l\u2019ouverture de 2 magasins \u00e0 Thionville et \u00e0 Melesse (pr\u00e8s de Rennes). Mais le si\u00e8ge social de l\u2019entreprise, lui, a toujours \u00e9t\u00e9 situ\u00e9 \u00e0 B\u00e8gles. Pour la jeune \u00e9quipe \u00e0 l\u2019origine de ce projet, le choix de s\u2019implanter sur le prestigieux Cours de l\u2019Intendance bordelais a donc \u00e9t\u00e9 vu comme la suite logique du d\u00e9veloppement de l\u2019enseigne.&nbsp;<\/p>\n<\/div>\n\n\n\n<div class=\"wp-block-column is-layout-flow wp-block-column-is-layout-flow\">\n<h5 class=\"wp-block-heading\"><strong>Toute l\u2019inspiration pour la maison avec une s\u00e9lection pointues de marques pionni\u00e8res dans leurs domaines&nbsp;<\/strong><\/h5>\n\n\n\n<p>Opinel, Fermob, Moulin Roty ou encore Mme Stoltz, ces marques sont appr\u00e9ci\u00e9es du grand public, mais pas toujours facile de les d\u00e9nicher. C\u2019est tout l\u2019enjeu de Fabrique de Styles, qui met en lumi\u00e8re des marques reconnues pour la qualit\u00e9 de leurs produits. Un seul crit\u00e8re pour Marion, responsable achats de l\u2019enseigne : des marques pointues qui inspirent les int\u00e9rieurs, et qui sont bien souvent \u00e0 l\u2019origine des tendances. Chez Fabrique de Styles on ne se limite pas \u00e0 la d\u00e9co, mais \u00e0 tout ce qui peut inspirer notre quotidien : de l\u2019\u00e9picerie inventive, des cosm\u00e9tiques green, des plantes, des affiches\u2026&nbsp;<\/p>\n\n\n\n<p>\u00ab&nbsp;<em>Je prends soin de s\u00e9lectionner des marques qui sont pionni\u00e8res dans leurs domaines. Par exemple \u00ab Fer \u00e0 Cheval \u00bb qui est la plus ancienne savonnerie de Marseille ou encore Bergamotte qui a r\u00e9volutionn\u00e9 la livraison de fleurs fra\u00eeches.&nbsp;<\/em>\u00bb explique Marion Baby, responsable des achats.&nbsp;<\/p>\n\n\n\n<h5 class=\"wp-block-heading\"><strong>Cap sur le made-in-France :&nbsp;<\/strong><\/h5>\n\n\n\n<p>Fabrique de Styles a \u00e0 c\u0153ur de r\u00e9f\u00e9rencer un maximum de marques fran\u00e7aises, reconnues pour leur savoir-faire et leur expertise. Dans les rayons de la nouvelle boutique, pas moins de 80 marques majoritairement fran\u00e7aises et europ\u00e9ennes ont \u00e9t\u00e9 s\u00e9lectionn\u00e9es.&nbsp;<\/p>\n<\/div>\n<\/div>\n\n\n\n<p>Une implantation \u00e0 Bordeaux, c\u2019est aussi l\u2019opportunit\u00e9 de valoriser les entreprises locales. Les professionnels de l\u2019ameublement et de la d\u00e9coration le savent, la ville compte de nombreuses marques et fournisseurs reconnus sur le march\u00e9. Egalement r\u00e9f\u00e9renc\u00e9es dans les 2 premiers magasins et sur le site web, ces marques girondines ont \u00e9videmment toute leur place dans les rayons de la nouvelle boutique bordelaise. Harmony pour le textile ; Corep et Market Set pour les luminaires ; Sema Design dans les meubles, vaisselle et petite d\u00e9coration\u2026&nbsp;<\/p>\n\n\n\n<p class=\"has-text-align-right\"><a aria-label=\"undefined (s\u2019ouvre dans un nouvel onglet)\" rel=\"noreferrer noopener\" href=\"https:\/\/www.fabriquedestyles.com\/\" target=\"_blank\" class=\"yoast-seo-link\">fabriquedestyles<\/a><a href=\"https:\/\/www.fabriquedestyles.com\/\" target=\"_blank\" aria-label=\"undefined (s\u2019ouvre dans un nouvel onglet)\" rel=\"noreferrer noopener\" class=\"yoast-seo-link\">.<\/a><a aria-label=\"undefined (s\u2019ouvre dans un nouvel onglet)\" rel=\"noreferrer noopener\" href=\"https:\/\/www.fabriquedestyles.com\/\" target=\"_blank\" class=\"yoast-seo-link\">com<\/a><\/p>\n\n\n\n<figure class=\"wp-block-gallery columns-2 is-cropped wp-block-gallery-2 is-layout-flex wp-block-gallery-is-layout-flex\"><ul class=\"blocks-gallery-grid\"><li class=\"blocks-gallery-item\"><figure><a href=\"https:\/\/www.huruguen.fr\/site\/wp-content\/uploads\/2020\/06\/fabrique-de-styles-boutique-bordeaux-deco-cours-intendance-sebastien-huruguen-1.jpg\"><img loading=\"lazy\" decoding=\"async\" width=\"1024\" height=\"683\" src=\"https:\/\/www.huruguen.fr\/site\/wp-content\/uploads\/2020\/06\/fabrique-de-styles-boutique-bordeaux-deco-cours-intendance-sebastien-huruguen-1-1024x683.jpg\" alt=\"\" data-id=\"61044\" data-full-url=\"https:\/\/www.huruguen.fr\/site\/wp-content\/uploads\/2020\/06\/fabrique-de-styles-boutique-bordeaux-deco-cours-intendance-sebastien-huruguen-1.jpg\" data-link=\"https:\/\/www.huruguen.fr\/site\/?attachment_id=61044\" class=\"wp-image-61044\" srcset=\"https:\/\/www.huruguen.fr\/site\/wp-content\/uploads\/2020\/06\/fabrique-de-styles-boutique-bordeaux-deco-cours-intendance-sebastien-huruguen-1-1024x683.jpg 1024w, https:\/\/www.huruguen.fr\/site\/wp-content\/uploads\/2020\/06\/fabrique-de-styles-boutique-bordeaux-deco-cours-intendance-sebastien-huruguen-1-300x200.jpg 300w, https:\/\/www.huruguen.fr\/site\/wp-content\/uploads\/2020\/06\/fabrique-de-styles-boutique-bordeaux-deco-cours-intendance-sebastien-huruguen-1-768x512.jpg 768w, https:\/\/www.huruguen.fr\/site\/wp-content\/uploads\/2020\/06\/fabrique-de-styles-boutique-bordeaux-deco-cours-intendance-sebastien-huruguen-1.jpg 1500w\" sizes=\"auto, (max-width: 1024px) 100vw, 1024px\" \/><\/a><\/figure><\/li><li class=\"blocks-gallery-item\"><figure><a href=\"https:\/\/www.huruguen.fr\/site\/wp-content\/uploads\/2020\/06\/fabrique-de-styles-boutique-bordeaux-deco-cours-intendance-sebastien-huruguen-2.jpg\"><img loading=\"lazy\" decoding=\"async\" width=\"1024\" height=\"683\" src=\"https:\/\/www.huruguen.fr\/site\/wp-content\/uploads\/2020\/06\/fabrique-de-styles-boutique-bordeaux-deco-cours-intendance-sebastien-huruguen-2-1024x683.jpg\" alt=\"\" data-id=\"61045\" data-full-url=\"https:\/\/www.huruguen.fr\/site\/wp-content\/uploads\/2020\/06\/fabrique-de-styles-boutique-bordeaux-deco-cours-intendance-sebastien-huruguen-2.jpg\" data-link=\"https:\/\/www.huruguen.fr\/site\/?attachment_id=61045\" class=\"wp-image-61045\" srcset=\"https:\/\/www.huruguen.fr\/site\/wp-content\/uploads\/2020\/06\/fabrique-de-styles-boutique-bordeaux-deco-cours-intendance-sebastien-huruguen-2-1024x683.jpg 1024w, https:\/\/www.huruguen.fr\/site\/wp-content\/uploads\/2020\/06\/fabrique-de-styles-boutique-bordeaux-deco-cours-intendance-sebastien-huruguen-2-300x200.jpg 300w, https:\/\/www.huruguen.fr\/site\/wp-content\/uploads\/2020\/06\/fabrique-de-styles-boutique-bordeaux-deco-cours-intendance-sebastien-huruguen-2-768x512.jpg 768w, https:\/\/www.huruguen.fr\/site\/wp-content\/uploads\/2020\/06\/fabrique-de-styles-boutique-bordeaux-deco-cours-intendance-sebastien-huruguen-2.jpg 1500w\" sizes=\"auto, (max-width: 1024px) 100vw, 1024px\" \/><\/a><\/figure><\/li><li class=\"blocks-gallery-item\"><figure><a href=\"https:\/\/www.huruguen.fr\/site\/wp-content\/uploads\/2020\/06\/fabrique-de-styles-boutique-bordeaux-deco-cours-intendance-sebastien-huruguen-5.jpg\"><img loading=\"lazy\" decoding=\"async\" width=\"1024\" height=\"683\" src=\"https:\/\/www.huruguen.fr\/site\/wp-content\/uploads\/2020\/06\/fabrique-de-styles-boutique-bordeaux-deco-cours-intendance-sebastien-huruguen-5-1024x683.jpg\" alt=\"\" data-id=\"61037\" data-full-url=\"https:\/\/www.huruguen.fr\/site\/wp-content\/uploads\/2020\/06\/fabrique-de-styles-boutique-bordeaux-deco-cours-intendance-sebastien-huruguen-5.jpg\" data-link=\"https:\/\/www.huruguen.fr\/site\/?attachment_id=61037\" class=\"wp-image-61037\" srcset=\"https:\/\/www.huruguen.fr\/site\/wp-content\/uploads\/2020\/06\/fabrique-de-styles-boutique-bordeaux-deco-cours-intendance-sebastien-huruguen-5-1024x683.jpg 1024w, https:\/\/www.huruguen.fr\/site\/wp-content\/uploads\/2020\/06\/fabrique-de-styles-boutique-bordeaux-deco-cours-intendance-sebastien-huruguen-5-300x200.jpg 300w, https:\/\/www.huruguen.fr\/site\/wp-content\/uploads\/2020\/06\/fabrique-de-styles-boutique-bordeaux-deco-cours-intendance-sebastien-huruguen-5-768x512.jpg 768w, https:\/\/www.huruguen.fr\/site\/wp-content\/uploads\/2020\/06\/fabrique-de-styles-boutique-bordeaux-deco-cours-intendance-sebastien-huruguen-5-340x226.jpg 340w, https:\/\/www.huruguen.fr\/site\/wp-content\/uploads\/2020\/06\/fabrique-de-styles-boutique-bordeaux-deco-cours-intendance-sebastien-huruguen-5-740x494.jpg 740w, https:\/\/www.huruguen.fr\/site\/wp-content\/uploads\/2020\/06\/fabrique-de-styles-boutique-bordeaux-deco-cours-intendance-sebastien-huruguen-5-370x247.jpg 370w, https:\/\/www.huruguen.fr\/site\/wp-content\/uploads\/2020\/06\/fabrique-de-styles-boutique-bordeaux-deco-cours-intendance-sebastien-huruguen-5-848x565.jpg 848w, https:\/\/www.huruguen.fr\/site\/wp-content\/uploads\/2020\/06\/fabrique-de-styles-boutique-bordeaux-deco-cours-intendance-sebastien-huruguen-5.jpg 1500w\" sizes=\"auto, (max-width: 1024px) 100vw, 1024px\" \/><\/a><\/figure><\/li><li class=\"blocks-gallery-item\"><figure><a href=\"https:\/\/www.huruguen.fr\/site\/wp-content\/uploads\/2020\/06\/fabrique-de-styles-boutique-bordeaux-deco-cours-intendance-sebastien-huruguen-3.jpg\"><img loading=\"lazy\" decoding=\"async\" width=\"1024\" height=\"683\" src=\"https:\/\/www.huruguen.fr\/site\/wp-content\/uploads\/2020\/06\/fabrique-de-styles-boutique-bordeaux-deco-cours-intendance-sebastien-huruguen-3-1024x683.jpg\" alt=\"\" data-id=\"61046\" data-full-url=\"https:\/\/www.huruguen.fr\/site\/wp-content\/uploads\/2020\/06\/fabrique-de-styles-boutique-bordeaux-deco-cours-intendance-sebastien-huruguen-3.jpg\" data-link=\"https:\/\/www.huruguen.fr\/site\/?attachment_id=61046\" class=\"wp-image-61046\" srcset=\"https:\/\/www.huruguen.fr\/site\/wp-content\/uploads\/2020\/06\/fabrique-de-styles-boutique-bordeaux-deco-cours-intendance-sebastien-huruguen-3-1024x683.jpg 1024w, https:\/\/www.huruguen.fr\/site\/wp-content\/uploads\/2020\/06\/fabrique-de-styles-boutique-bordeaux-deco-cours-intendance-sebastien-huruguen-3-300x200.jpg 300w, https:\/\/www.huruguen.fr\/site\/wp-content\/uploads\/2020\/06\/fabrique-de-styles-boutique-bordeaux-deco-cours-intendance-sebastien-huruguen-3-768x512.jpg 768w, https:\/\/www.huruguen.fr\/site\/wp-content\/uploads\/2020\/06\/fabrique-de-styles-boutique-bordeaux-deco-cours-intendance-sebastien-huruguen-3.jpg 1500w\" sizes=\"auto, (max-width: 1024px) 100vw, 1024px\" \/><\/a><\/figure><\/li><li class=\"blocks-gallery-item\"><figure><a href=\"https:\/\/www.huruguen.fr\/site\/wp-content\/uploads\/2020\/06\/fabrique-de-styles-boutique-bordeaux-deco-cours-intendance-sebastien-huruguen-11.jpg\"><img loading=\"lazy\" decoding=\"async\" width=\"1024\" height=\"683\" src=\"https:\/\/www.huruguen.fr\/site\/wp-content\/uploads\/2020\/06\/fabrique-de-styles-boutique-bordeaux-deco-cours-intendance-sebastien-huruguen-11-1024x683.jpg\" alt=\"\" data-id=\"61053\" data-full-url=\"https:\/\/www.huruguen.fr\/site\/wp-content\/uploads\/2020\/06\/fabrique-de-styles-boutique-bordeaux-deco-cours-intendance-sebastien-huruguen-11.jpg\" data-link=\"https:\/\/www.huruguen.fr\/site\/?attachment_id=61053\" class=\"wp-image-61053\" srcset=\"https:\/\/www.huruguen.fr\/site\/wp-content\/uploads\/2020\/06\/fabrique-de-styles-boutique-bordeaux-deco-cours-intendance-sebastien-huruguen-11-1024x683.jpg 1024w, https:\/\/www.huruguen.fr\/site\/wp-content\/uploads\/2020\/06\/fabrique-de-styles-boutique-bordeaux-deco-cours-intendance-sebastien-huruguen-11-300x200.jpg 300w, https:\/\/www.huruguen.fr\/site\/wp-content\/uploads\/2020\/06\/fabrique-de-styles-boutique-bordeaux-deco-cours-intendance-sebastien-huruguen-11-768x512.jpg 768w, https:\/\/www.huruguen.fr\/site\/wp-content\/uploads\/2020\/06\/fabrique-de-styles-boutique-bordeaux-deco-cours-intendance-sebastien-huruguen-11.jpg 1500w\" sizes=\"auto, (max-width: 1024px) 100vw, 1024px\" \/><\/a><\/figure><\/li><li class=\"blocks-gallery-item\"><figure><a href=\"https:\/\/www.huruguen.fr\/site\/wp-content\/uploads\/2020\/06\/fabrique-de-styles-boutique-bordeaux-deco-cours-intendance-sebastien-huruguen-10.jpg\"><img loading=\"lazy\" decoding=\"async\" width=\"1024\" height=\"683\" src=\"https:\/\/www.huruguen.fr\/site\/wp-content\/uploads\/2020\/06\/fabrique-de-styles-boutique-bordeaux-deco-cours-intendance-sebastien-huruguen-10-1024x683.jpg\" alt=\"\" data-id=\"61052\" data-full-url=\"https:\/\/www.huruguen.fr\/site\/wp-content\/uploads\/2020\/06\/fabrique-de-styles-boutique-bordeaux-deco-cours-intendance-sebastien-huruguen-10.jpg\" data-link=\"https:\/\/www.huruguen.fr\/site\/?attachment_id=61052\" class=\"wp-image-61052\" srcset=\"https:\/\/www.huruguen.fr\/site\/wp-content\/uploads\/2020\/06\/fabrique-de-styles-boutique-bordeaux-deco-cours-intendance-sebastien-huruguen-10-1024x683.jpg 1024w, https:\/\/www.huruguen.fr\/site\/wp-content\/uploads\/2020\/06\/fabrique-de-styles-boutique-bordeaux-deco-cours-intendance-sebastien-huruguen-10-300x200.jpg 300w, https:\/\/www.huruguen.fr\/site\/wp-content\/uploads\/2020\/06\/fabrique-de-styles-boutique-bordeaux-deco-cours-intendance-sebastien-huruguen-10-768x512.jpg 768w, https:\/\/www.huruguen.fr\/site\/wp-content\/uploads\/2020\/06\/fabrique-de-styles-boutique-bordeaux-deco-cours-intendance-sebastien-huruguen-10.jpg 1500w\" sizes=\"auto, (max-width: 1024px) 100vw, 1024px\" \/><\/a><\/figure><\/li><li class=\"blocks-gallery-item\"><figure><a href=\"https:\/\/www.huruguen.fr\/site\/wp-content\/uploads\/2020\/06\/fabrique-de-styles-boutique-bordeaux-deco-cours-intendance-sebastien-huruguen-9.jpg\"><img loading=\"lazy\" decoding=\"async\" width=\"1024\" height=\"683\" src=\"https:\/\/www.huruguen.fr\/site\/wp-content\/uploads\/2020\/06\/fabrique-de-styles-boutique-bordeaux-deco-cours-intendance-sebastien-huruguen-9-1024x683.jpg\" alt=\"\" data-id=\"61051\" data-full-url=\"https:\/\/www.huruguen.fr\/site\/wp-content\/uploads\/2020\/06\/fabrique-de-styles-boutique-bordeaux-deco-cours-intendance-sebastien-huruguen-9.jpg\" data-link=\"https:\/\/www.huruguen.fr\/site\/?attachment_id=61051\" class=\"wp-image-61051\" srcset=\"https:\/\/www.huruguen.fr\/site\/wp-content\/uploads\/2020\/06\/fabrique-de-styles-boutique-bordeaux-deco-cours-intendance-sebastien-huruguen-9-1024x683.jpg 1024w, https:\/\/www.huruguen.fr\/site\/wp-content\/uploads\/2020\/06\/fabrique-de-styles-boutique-bordeaux-deco-cours-intendance-sebastien-huruguen-9-300x200.jpg 300w, https:\/\/www.huruguen.fr\/site\/wp-content\/uploads\/2020\/06\/fabrique-de-styles-boutique-bordeaux-deco-cours-intendance-sebastien-huruguen-9-768x512.jpg 768w, https:\/\/www.huruguen.fr\/site\/wp-content\/uploads\/2020\/06\/fabrique-de-styles-boutique-bordeaux-deco-cours-intendance-sebastien-huruguen-9.jpg 1500w\" sizes=\"auto, (max-width: 1024px) 100vw, 1024px\" \/><\/a><\/figure><\/li><li class=\"blocks-gallery-item\"><figure><a href=\"https:\/\/www.huruguen.fr\/site\/wp-content\/uploads\/2020\/06\/fabrique-de-styles-boutique-bordeaux-deco-cours-intendance-sebastien-huruguen-8.jpg\"><img loading=\"lazy\" decoding=\"async\" width=\"1024\" height=\"683\" src=\"https:\/\/www.huruguen.fr\/site\/wp-content\/uploads\/2020\/06\/fabrique-de-styles-boutique-bordeaux-deco-cours-intendance-sebastien-huruguen-8-1024x683.jpg\" alt=\"\" data-id=\"61050\" data-full-url=\"https:\/\/www.huruguen.fr\/site\/wp-content\/uploads\/2020\/06\/fabrique-de-styles-boutique-bordeaux-deco-cours-intendance-sebastien-huruguen-8.jpg\" data-link=\"https:\/\/www.huruguen.fr\/site\/?attachment_id=61050\" class=\"wp-image-61050\" srcset=\"https:\/\/www.huruguen.fr\/site\/wp-content\/uploads\/2020\/06\/fabrique-de-styles-boutique-bordeaux-deco-cours-intendance-sebastien-huruguen-8-1024x683.jpg 1024w, https:\/\/www.huruguen.fr\/site\/wp-content\/uploads\/2020\/06\/fabrique-de-styles-boutique-bordeaux-deco-cours-intendance-sebastien-huruguen-8-300x200.jpg 300w, https:\/\/www.huruguen.fr\/site\/wp-content\/uploads\/2020\/06\/fabrique-de-styles-boutique-bordeaux-deco-cours-intendance-sebastien-huruguen-8-768x512.jpg 768w, https:\/\/www.huruguen.fr\/site\/wp-content\/uploads\/2020\/06\/fabrique-de-styles-boutique-bordeaux-deco-cours-intendance-sebastien-huruguen-8.jpg 1500w\" sizes=\"auto, (max-width: 1024px) 100vw, 1024px\" \/><\/a><\/figure><\/li><li class=\"blocks-gallery-item\"><figure><a href=\"https:\/\/www.huruguen.fr\/site\/wp-content\/uploads\/2020\/06\/fabrique-de-styles-boutique-bordeaux-deco-cours-intendance-sebastien-huruguen-6.jpg\"><img loading=\"lazy\" decoding=\"async\" width=\"1024\" height=\"683\" src=\"https:\/\/www.huruguen.fr\/site\/wp-content\/uploads\/2020\/06\/fabrique-de-styles-boutique-bordeaux-deco-cours-intendance-sebastien-huruguen-6-1024x683.jpg\" alt=\"\" data-id=\"61048\" data-full-url=\"https:\/\/www.huruguen.fr\/site\/wp-content\/uploads\/2020\/06\/fabrique-de-styles-boutique-bordeaux-deco-cours-intendance-sebastien-huruguen-6.jpg\" data-link=\"https:\/\/www.huruguen.fr\/site\/?attachment_id=61048\" class=\"wp-image-61048\" srcset=\"https:\/\/www.huruguen.fr\/site\/wp-content\/uploads\/2020\/06\/fabrique-de-styles-boutique-bordeaux-deco-cours-intendance-sebastien-huruguen-6-1024x683.jpg 1024w, https:\/\/www.huruguen.fr\/site\/wp-content\/uploads\/2020\/06\/fabrique-de-styles-boutique-bordeaux-deco-cours-intendance-sebastien-huruguen-6-300x200.jpg 300w, https:\/\/www.huruguen.fr\/site\/wp-content\/uploads\/2020\/06\/fabrique-de-styles-boutique-bordeaux-deco-cours-intendance-sebastien-huruguen-6-768x512.jpg 768w, https:\/\/www.huruguen.fr\/site\/wp-content\/uploads\/2020\/06\/fabrique-de-styles-boutique-bordeaux-deco-cours-intendance-sebastien-huruguen-6.jpg 1500w\" sizes=\"auto, (max-width: 1024px) 100vw, 1024px\" \/><\/a><\/figure><\/li><li class=\"blocks-gallery-item\"><figure><a href=\"https:\/\/www.huruguen.fr\/site\/wp-content\/uploads\/2020\/06\/fabrique-de-styles-boutique-bordeaux-deco-cours-intendance-sebastien-huruguen-4.jpg\"><img loading=\"lazy\" decoding=\"async\" width=\"1024\" height=\"683\" src=\"https:\/\/www.huruguen.fr\/site\/wp-content\/uploads\/2020\/06\/fabrique-de-styles-boutique-bordeaux-deco-cours-intendance-sebastien-huruguen-4-1024x683.jpg\" alt=\"\" data-id=\"61047\" data-full-url=\"https:\/\/www.huruguen.fr\/site\/wp-content\/uploads\/2020\/06\/fabrique-de-styles-boutique-bordeaux-deco-cours-intendance-sebastien-huruguen-4.jpg\" data-link=\"https:\/\/www.huruguen.fr\/site\/?attachment_id=61047\" class=\"wp-image-61047\" srcset=\"https:\/\/www.huruguen.fr\/site\/wp-content\/uploads\/2020\/06\/fabrique-de-styles-boutique-bordeaux-deco-cours-intendance-sebastien-huruguen-4-1024x683.jpg 1024w, https:\/\/www.huruguen.fr\/site\/wp-content\/uploads\/2020\/06\/fabrique-de-styles-boutique-bordeaux-deco-cours-intendance-sebastien-huruguen-4-300x200.jpg 300w, https:\/\/www.huruguen.fr\/site\/wp-content\/uploads\/2020\/06\/fabrique-de-styles-boutique-bordeaux-deco-cours-intendance-sebastien-huruguen-4-768x512.jpg 768w, https:\/\/www.huruguen.fr\/site\/wp-content\/uploads\/2020\/06\/fabrique-de-styles-boutique-bordeaux-deco-cours-intendance-sebastien-huruguen-4.jpg 1500w\" sizes=\"auto, (max-width: 1024px) 100vw, 1024px\" \/><\/a><\/figure><\/li><\/ul><\/figure>\n\n\n\n<div style=\"height:56px\" aria-hidden=\"true\" class=\"wp-block-spacer\"><\/div>\n\n\n\n<figure class=\"wp-block-embed-facebook aligncenter wp-block-embed is-type-rich is-provider-facebook\"><div class=\"wp-block-embed__wrapper\">\n<div id=\"fb-root\"><\/div><script async=\"1\" defer=\"1\" crossorigin=\"anonymous\" src=\"https:\/\/connect.facebook.net\/fr_FR\/sdk.js#xfbml=1&amp;version=v8.0\" nonce=\"87kV9OP5\"><\/script><div class=\"fb-post\" data-href=\"https:\/\/www.facebook.com\/fabriquedestyles\/posts\/2985350334834990\" data-width=\"750\"><blockquote cite=\"https:\/\/www.facebook.com\/fabriquedestyles\/posts\/2985350334834990\" class=\"fb-xfbml-parse-ignore\"><p>Amis bordelais, nous vous attendons du lundi au samedi de 10h \u00e0 19h dans notre boutique du 23 Cours de l&#039;Intendance \u263a\ufe0f<\/p>Publi\u00e9e par <a href=\"https:\/\/www.facebook.com\/fabriquedestyles\/\">Fabrique de Styles<\/a> sur&nbsp;<a href=\"https:\/\/www.facebook.com\/fabriquedestyles\/posts\/2985350334834990\">Samedi 20 juin 2020<\/a><\/blockquote><\/div>\n<\/div><\/figure>\n\n\n\n<figure class=\"wp-block-embed-instagram wp-block-embed is-type-rich is-provider-instagram\"><div class=\"wp-block-embed__wrapper\">\nhttps:\/\/www.instagram.com\/p\/CBSiGHolQMH\/\n<\/div><\/figure>\n\n\n\n<blockquote class=\"instagram-media\" data-instgrm-captioned data-instgrm-permalink=\"https:\/\/www.instagram.com\/p\/CBSiGHolQMH\/?utm_source=ig_embed&amp;utm_campaign=loading\" data-instgrm-version=\"12\" style=\" background:#FFF; border:0; border-radius:3px; box-shadow:0 0 1px 0 rgba(0,0,0,0.5),0 1px 10px 0 rgba(0,0,0,0.15); margin: 1px; max-width:540px; min-width:326px; padding:0; width:99.375%; width:-webkit-calc(100% - 2px); width:calc(100% - 2px);\"><div style=\"padding:16px;\"> <a href=\"https:\/\/www.instagram.com\/p\/CBSiGHolQMH\/?utm_source=ig_embed&amp;utm_campaign=loading\" style=\" background:#FFFFFF; line-height:0; padding:0 0; text-align:center; text-decoration:none; width:100%;\" target=\"_blank\" rel=\"noopener noreferrer\"> <div style=\" display: flex; flex-direction: row; align-items: center;\"> <div style=\"background-color: #F4F4F4; border-radius: 50%; flex-grow: 0; height: 40px; margin-right: 14px; width: 40px;\"><\/div> <div style=\"display: flex; flex-direction: column; flex-grow: 1; justify-content: center;\"> <div style=\" background-color: #F4F4F4; border-radius: 4px; flex-grow: 0; height: 14px; margin-bottom: 6px; width: 100px;\"><\/div> <div style=\" background-color: #F4F4F4; border-radius: 4px; flex-grow: 0; height: 14px; width: 60px;\"><\/div><\/div><\/div><div style=\"padding: 19% 0;\"><\/div> <div style=\"display:block; height:50px; margin:0 auto 12px; width:50px;\"><svg width=\"50px\" height=\"50px\" viewBox=\"0 0 60 60\" version=\"1.1\" xmlns=\"https:\/\/www.w3.org\/2000\/svg\" xmlns:xlink=\"https:\/\/www.w3.org\/1999\/xlink\"><g stroke=\"none\" stroke-width=\"1\" fill=\"none\" fill-rule=\"evenodd\"><g transform=\"translate(-511.000000, -20.000000)\" fill=\"#000000\"><g><path d=\"M556.869,30.41 C554.814,30.41 553.148,32.076 553.148,34.131 C553.148,36.186 554.814,37.852 556.869,37.852 C558.924,37.852 560.59,36.186 560.59,34.131 C560.59,32.076 558.924,30.41 556.869,30.41 M541,60.657 C535.114,60.657 530.342,55.887 530.342,50 C530.342,44.114 535.114,39.342 541,39.342 C546.887,39.342 551.658,44.114 551.658,50 C551.658,55.887 546.887,60.657 541,60.657 M541,33.886 C532.1,33.886 524.886,41.1 524.886,50 C524.886,58.899 532.1,66.113 541,66.113 C549.9,66.113 557.115,58.899 557.115,50 C557.115,41.1 549.9,33.886 541,33.886 M565.378,62.101 C565.244,65.022 564.756,66.606 564.346,67.663 C563.803,69.06 563.154,70.057 562.106,71.106 C561.058,72.155 560.06,72.803 558.662,73.347 C557.607,73.757 556.021,74.244 553.102,74.378 C549.944,74.521 548.997,74.552 541,74.552 C533.003,74.552 532.056,74.521 528.898,74.378 C525.979,74.244 524.393,73.757 523.338,73.347 C521.94,72.803 520.942,72.155 519.894,71.106 C518.846,70.057 518.197,69.06 517.654,67.663 C517.244,66.606 516.755,65.022 516.623,62.101 C516.479,58.943 516.448,57.996 516.448,50 C516.448,42.003 516.479,41.056 516.623,37.899 C516.755,34.978 517.244,33.391 517.654,32.338 C518.197,30.938 518.846,29.942 519.894,28.894 C520.942,27.846 521.94,27.196 523.338,26.654 C524.393,26.244 525.979,25.756 528.898,25.623 C532.057,25.479 533.004,25.448 541,25.448 C548.997,25.448 549.943,25.479 553.102,25.623 C556.021,25.756 557.607,26.244 558.662,26.654 C560.06,27.196 561.058,27.846 562.106,28.894 C563.154,29.942 563.803,30.938 564.346,32.338 C564.756,33.391 565.244,34.978 565.378,37.899 C565.522,41.056 565.552,42.003 565.552,50 C565.552,57.996 565.522,58.943 565.378,62.101 M570.82,37.631 C570.674,34.438 570.167,32.258 569.425,30.349 C568.659,28.377 567.633,26.702 565.965,25.035 C564.297,23.368 562.623,22.342 560.652,21.575 C558.743,20.834 556.562,20.326 553.369,20.18 C550.169,20.033 549.148,20 541,20 C532.853,20 531.831,20.033 528.631,20.18 C525.438,20.326 523.257,20.834 521.349,21.575 C519.376,22.342 517.703,23.368 516.035,25.035 C514.368,26.702 513.342,28.377 512.574,30.349 C511.834,32.258 511.326,34.438 511.181,37.631 C511.035,40.831 511,41.851 511,50 C511,58.147 511.035,59.17 511.181,62.369 C511.326,65.562 511.834,67.743 512.574,69.651 C513.342,71.625 514.368,73.296 516.035,74.965 C517.703,76.634 519.376,77.658 521.349,78.425 C523.257,79.167 525.438,79.673 528.631,79.82 C531.831,79.965 532.853,80.001 541,80.001 C549.148,80.001 550.169,79.965 553.369,79.82 C556.562,79.673 558.743,79.167 560.652,78.425 C562.623,77.658 564.297,76.634 565.965,74.965 C567.633,73.296 568.659,71.625 569.425,69.651 C570.167,67.743 570.674,65.562 570.82,62.369 C570.966,59.17 571,58.147 571,50 C571,41.851 570.966,40.831 570.82,37.631\"><\/path><\/g><\/g><\/g><\/svg><\/div><div style=\"padding-top: 8px;\"> <div style=\" color:#3897f0; font-family:Arial,sans-serif; font-size:14px; font-style:normal; font-weight:550; line-height:18px;\"> Voir cette publication sur Instagram<\/div><\/div><div style=\"padding: 12.5% 0;\"><\/div> <div style=\"display: flex; flex-direction: row; margin-bottom: 14px; align-items: center;\"><div> <div style=\"background-color: #F4F4F4; border-radius: 50%; height: 12.5px; width: 12.5px; transform: translateX(0px) translateY(7px);\"><\/div> <div style=\"background-color: #F4F4F4; height: 12.5px; transform: rotate(-45deg) translateX(3px) translateY(1px); width: 12.5px; flex-grow: 0; margin-right: 14px; margin-left: 2px;\"><\/div> <div style=\"background-color: #F4F4F4; border-radius: 50%; height: 12.5px; width: 12.5px; transform: translateX(9px) translateY(-18px);\"><\/div><\/div><div style=\"margin-left: 8px;\"> <div style=\" background-color: #F4F4F4; border-radius: 50%; flex-grow: 0; height: 20px; width: 20px;\"><\/div> <div style=\" width: 0; height: 0; border-top: 2px solid transparent; border-left: 6px solid #f4f4f4; border-bottom: 2px solid transparent; transform: translateX(16px) translateY(-4px) rotate(30deg)\"><\/div><\/div><div style=\"margin-left: auto;\"> <div style=\" width: 0px; border-top: 8px solid #F4F4F4; border-right: 8px solid transparent; transform: translateY(16px);\"><\/div> <div style=\" background-color: #F4F4F4; flex-grow: 0; height: 12px; width: 16px; transform: translateY(-4px);\"><\/div> <div style=\" width: 0; height: 0; border-top: 8px solid #F4F4F4; border-left: 8px solid transparent; transform: translateY(-4px) translateX(8px);\"><\/div><\/div><\/div><\/a> <p style=\" margin:8px 0 0 0; padding:0 4px;\"> <a href=\"https:\/\/www.instagram.com\/p\/CBSiGHolQMH\/?utm_source=ig_embed&amp;utm_campaign=loading\" style=\" color:#000; font-family:Arial,sans-serif; font-size:14px; font-style:normal; font-weight:normal; line-height:17px; text-decoration:none; word-wrap:break-word;\" target=\"_blank\" rel=\"noopener noreferrer\">D\u00e9j\u00e0 1 mois que nous avons ouvert notre boutique bordelaise. Au c\u0153ur d&#39;un des plus beaux quartier de la ville, pour un de nos plus joli projet. 400m2 gard\u00e9s secrets pendant tout le confinement, et o\u00f9 Karim et son \u00e9quipe conseillent d\u00e9sormais les bordelais en qu\u00eate d&#39;inspiration. Petite visite en &#x1f4f7; . Et breaking news : tout nouveaux, tout beaux, notre nouvelle collection de canap\u00e9s &#x1f6cb;&#xfe0f; arrive d\u00e8s demain, on vous montre tout \u00e7a tr\u00e8s vite ! Sinon le plus simple reste de venir les d\u00e9couvrir directement en magasin &#x263a;&#xfe0f; . . . . #fabriquedestyles #fds #decoration #deco #decorationinterieure #home #homedecoration #newshop #shop #maison #bordeaux #bordeauxmaville<\/a><\/p> <p style=\" color:#c9c8cd; font-family:Arial,sans-serif; font-size:14px; line-height:17px; margin-bottom:0; margin-top:8px; overflow:hidden; padding:8px 0 7px; text-align:center; text-overflow:ellipsis; white-space:nowrap;\">Une publication partag\u00e9e par <a href=\"https:\/\/www.instagram.com\/fabriquedestyles\/?utm_source=ig_embed&amp;utm_campaign=loading\" style=\" color:#c9c8cd; font-family:Arial,sans-serif; font-size:14px; font-style:normal; font-weight:normal; line-height:17px;\" target=\"_blank\" rel=\"noopener noreferrer\"> Fabrique de Styles<\/a> (@fabriquedestyles) le <time style=\" font-family:Arial,sans-serif; font-size:14px; line-height:17px;\" datetime=\"2020-06-11T09:21:08+00:00\">11 Juin 2020 \u00e0 2 :21 PDT<\/time><\/p><\/div><\/blockquote> <script async src=\"\/\/www.instagram.com\/embed.js\"><\/script>\n","protected":false},"excerpt":{"rendered":"<p>Fabrique de Styles ouvre sa premi\u00e8re boutique de centre-ville \u00e0 Bordeaux.<br \/>\nCette jeune enseigne de magasins et vente en ligne d\u00e9di\u00e9e \u00e0 l\u2019univers de la maison ouvre sa 3\u00e8me boutique en France, et son premier magasin de centre-ville dans le tr\u00e8s pris\u00e9 triangle d\u2019or bordelais.<\/p>\n","protected":false},"author":1,"featured_media":61037,"comment_status":"closed","ping_status":"open","sticky":false,"template":"","format":"standard","meta":{"kt_blocks_editor_width":"","footnotes":""},"categories":[1537],"tags":[],"class_list":["post-61036","post","type-post","status-publish","format-standard","has-post-thumbnail","hentry","category-reportages"],"yoast_head":"<!-- This site is optimized with the Yoast SEO plugin v27.4 - https:\/\/yoast.com\/product\/yoast-seo-wordpress\/ -->\n<title>Fabrique de Styles, nouvelle boutique d\u00e9co \u00e0 Bordeaux - Photographe Professionnel \u00e0 Bordeaux &#x1f4f7; Sebastien Huruguen<\/title>\n<meta name=\"description\" content=\"Premier magasin de centre-ville ouvert \u00e0 Bordeaux cours de l&#039;intendance par l&#039;enseigne Fabrique de Styles d\u00e9di\u00e9e \u00e0 l\u2019univers de la maison et \u00e0 la d\u00e9co.\" \/>\n<meta name=\"robots\" content=\"index, follow, max-snippet:-1, max-image-preview:large, max-video-preview:-1\" \/>\n<link rel=\"canonical\" href=\"https:\/\/www.huruguen.fr\/site\/fabrique-de-styles-nouvelle-boutique-deco-a-bordeaux\/\" \/>\n<meta property=\"og:locale\" content=\"fr_FR\" \/>\n<meta property=\"og:type\" content=\"article\" \/>\n<meta property=\"og:title\" content=\"Fabrique de Styles, nouvelle boutique d\u00e9co \u00e0 Bordeaux - Photographe Professionnel \u00e0 Bordeaux &#x1f4f7; Sebastien Huruguen\" \/>\n<meta property=\"og:description\" content=\"Premier magasin de centre-ville ouvert \u00e0 Bordeaux cours de l&#039;intendance par l&#039;enseigne Fabrique de Styles d\u00e9di\u00e9e \u00e0 l\u2019univers de la maison et \u00e0 la d\u00e9co.\" \/>\n<meta property=\"og:url\" content=\"https:\/\/www.huruguen.fr\/site\/fabrique-de-styles-nouvelle-boutique-deco-a-bordeaux\/\" \/>\n<meta property=\"og:site_name\" content=\"Photographe Professionnel \u00e0 Bordeaux &#x1f4f7; Sebastien Huruguen\" \/>\n<meta property=\"article:publisher\" content=\"https:\/\/www.facebook.com\/huruguen\" \/>\n<meta property=\"article:author\" content=\"https:\/\/www.facebook.com\/huruguen\/\" \/>\n<meta property=\"article:published_time\" content=\"2020-06-23T13:20:40+00:00\" \/>\n<meta property=\"article:modified_time\" content=\"2020-08-05T22:18:10+00:00\" \/>\n<meta property=\"og:image\" content=\"https:\/\/www.huruguen.fr\/site\/wp-content\/uploads\/2020\/06\/fabrique-de-styles-boutique-bordeaux-deco-cours-intendance-sebastien-huruguen-5.jpg\" \/>\n\t<meta property=\"og:image:width\" content=\"1500\" \/>\n\t<meta property=\"og:image:height\" content=\"1000\" \/>\n\t<meta property=\"og:image:type\" content=\"image\/jpeg\" \/>\n<meta name=\"author\" content=\"Sebastien Huruguen\" \/>\n<meta name=\"twitter:card\" content=\"summary_large_image\" \/>\n<meta name=\"twitter:creator\" content=\"@www_huruguen_fr\" \/>\n<meta name=\"twitter:site\" content=\"@www_huruguen_fr\" \/>\n<meta name=\"twitter:label1\" content=\"\u00c9crit par\" \/>\n\t<meta name=\"twitter:data1\" content=\"Sebastien Huruguen\" \/>\n\t<meta name=\"twitter:label2\" content=\"Dur\u00e9e de lecture estim\u00e9e\" \/>\n\t<meta name=\"twitter:data2\" content=\"3 minutes\" \/>\n<script type=\"application\/ld+json\" class=\"yoast-schema-graph\">{\"@context\":\"https:\\\/\\\/schema.org\",\"@graph\":[{\"@type\":\"Article\",\"@id\":\"https:\\\/\\\/www.huruguen.fr\\\/site\\\/fabrique-de-styles-nouvelle-boutique-deco-a-bordeaux\\\/#article\",\"isPartOf\":{\"@id\":\"https:\\\/\\\/www.huruguen.fr\\\/site\\\/fabrique-de-styles-nouvelle-boutique-deco-a-bordeaux\\\/\"},\"author\":{\"name\":\"Sebastien Huruguen\",\"@id\":\"https:\\\/\\\/www.huruguen.fr\\\/site\\\/#\\\/schema\\\/person\\\/bdce6395a337c00db735bf5fa1268715\"},\"headline\":\"Fabrique de Styles, nouvelle boutique d\u00e9co \u00e0 Bordeaux\",\"datePublished\":\"2020-06-23T13:20:40+00:00\",\"dateModified\":\"2020-08-05T22:18:10+00:00\",\"mainEntityOfPage\":{\"@id\":\"https:\\\/\\\/www.huruguen.fr\\\/site\\\/fabrique-de-styles-nouvelle-boutique-deco-a-bordeaux\\\/\"},\"wordCount\":706,\"publisher\":{\"@id\":\"https:\\\/\\\/www.huruguen.fr\\\/site\\\/#organization\"},\"image\":{\"@id\":\"https:\\\/\\\/www.huruguen.fr\\\/site\\\/fabrique-de-styles-nouvelle-boutique-deco-a-bordeaux\\\/#primaryimage\"},\"thumbnailUrl\":\"https:\\\/\\\/www.huruguen.fr\\\/site\\\/wp-content\\\/uploads\\\/2020\\\/06\\\/fabrique-de-styles-boutique-bordeaux-deco-cours-intendance-sebastien-huruguen-5.jpg\",\"articleSection\":[\"Actualit\u00e9s\"],\"inLanguage\":\"fr-FR\"},{\"@type\":\"WebPage\",\"@id\":\"https:\\\/\\\/www.huruguen.fr\\\/site\\\/fabrique-de-styles-nouvelle-boutique-deco-a-bordeaux\\\/\",\"url\":\"https:\\\/\\\/www.huruguen.fr\\\/site\\\/fabrique-de-styles-nouvelle-boutique-deco-a-bordeaux\\\/\",\"name\":\"Fabrique de Styles, nouvelle boutique d\u00e9co \u00e0 Bordeaux - Photographe Professionnel \u00e0 Bordeaux &#x1f4f7; Sebastien Huruguen\",\"isPartOf\":{\"@id\":\"https:\\\/\\\/www.huruguen.fr\\\/site\\\/#website\"},\"primaryImageOfPage\":{\"@id\":\"https:\\\/\\\/www.huruguen.fr\\\/site\\\/fabrique-de-styles-nouvelle-boutique-deco-a-bordeaux\\\/#primaryimage\"},\"image\":{\"@id\":\"https:\\\/\\\/www.huruguen.fr\\\/site\\\/fabrique-de-styles-nouvelle-boutique-deco-a-bordeaux\\\/#primaryimage\"},\"thumbnailUrl\":\"https:\\\/\\\/www.huruguen.fr\\\/site\\\/wp-content\\\/uploads\\\/2020\\\/06\\\/fabrique-de-styles-boutique-bordeaux-deco-cours-intendance-sebastien-huruguen-5.jpg\",\"datePublished\":\"2020-06-23T13:20:40+00:00\",\"dateModified\":\"2020-08-05T22:18:10+00:00\",\"description\":\"Premier magasin de centre-ville ouvert \u00e0 Bordeaux cours de l'intendance par l'enseigne Fabrique de Styles d\u00e9di\u00e9e \u00e0 l\u2019univers de la maison et \u00e0 la d\u00e9co.\",\"breadcrumb\":{\"@id\":\"https:\\\/\\\/www.huruguen.fr\\\/site\\\/fabrique-de-styles-nouvelle-boutique-deco-a-bordeaux\\\/#breadcrumb\"},\"inLanguage\":\"fr-FR\",\"potentialAction\":[{\"@type\":\"ReadAction\",\"target\":[\"https:\\\/\\\/www.huruguen.fr\\\/site\\\/fabrique-de-styles-nouvelle-boutique-deco-a-bordeaux\\\/\"]}]},{\"@type\":\"ImageObject\",\"inLanguage\":\"fr-FR\",\"@id\":\"https:\\\/\\\/www.huruguen.fr\\\/site\\\/fabrique-de-styles-nouvelle-boutique-deco-a-bordeaux\\\/#primaryimage\",\"url\":\"https:\\\/\\\/www.huruguen.fr\\\/site\\\/wp-content\\\/uploads\\\/2020\\\/06\\\/fabrique-de-styles-boutique-bordeaux-deco-cours-intendance-sebastien-huruguen-5.jpg\",\"contentUrl\":\"https:\\\/\\\/www.huruguen.fr\\\/site\\\/wp-content\\\/uploads\\\/2020\\\/06\\\/fabrique-de-styles-boutique-bordeaux-deco-cours-intendance-sebastien-huruguen-5.jpg\",\"width\":1500,\"height\":1000,\"caption\":\"fabrique-de-styles-boutique-bordeaux-deco-cours-intendance-sebastien-huruguen-5\"},{\"@type\":\"BreadcrumbList\",\"@id\":\"https:\\\/\\\/www.huruguen.fr\\\/site\\\/fabrique-de-styles-nouvelle-boutique-deco-a-bordeaux\\\/#breadcrumb\",\"itemListElement\":[{\"@type\":\"ListItem\",\"position\":1,\"name\":\"Accueil\",\"item\":\"https:\\\/\\\/www.huruguen.fr\\\/site\\\/\"},{\"@type\":\"ListItem\",\"position\":2,\"name\":\"Fabrique de Styles, nouvelle boutique d\u00e9co \u00e0 Bordeaux\"}]},{\"@type\":\"WebSite\",\"@id\":\"https:\\\/\\\/www.huruguen.fr\\\/site\\\/#website\",\"url\":\"https:\\\/\\\/www.huruguen.fr\\\/site\\\/\",\"name\":\"Photographe Professionnel \u00e0 Bordeaux Sebastien Huruguen\",\"description\":\"Photographe professionnel ind\u00e9pendant a Bordeaux. Prestations et services photograpphiques pour les professionnels et particuliers : reportages, s\u00e9ances photos, studio, packshot.\",\"publisher\":{\"@id\":\"https:\\\/\\\/www.huruguen.fr\\\/site\\\/#organization\"},\"potentialAction\":[{\"@type\":\"SearchAction\",\"target\":{\"@type\":\"EntryPoint\",\"urlTemplate\":\"https:\\\/\\\/www.huruguen.fr\\\/site\\\/?s={search_term_string}\"},\"query-input\":{\"@type\":\"PropertyValueSpecification\",\"valueRequired\":true,\"valueName\":\"search_term_string\"}}],\"inLanguage\":\"fr-FR\"},{\"@type\":\"Organization\",\"@id\":\"https:\\\/\\\/www.huruguen.fr\\\/site\\\/#organization\",\"name\":\"S\u00e9bastien Huruguen Photographe\",\"url\":\"https:\\\/\\\/www.huruguen.fr\\\/site\\\/\",\"logo\":{\"@type\":\"ImageObject\",\"inLanguage\":\"fr-FR\",\"@id\":\"https:\\\/\\\/www.huruguen.fr\\\/site\\\/#\\\/schema\\\/logo\\\/image\\\/\",\"url\":\"https:\\\/\\\/www.huruguen.fr\\\/site\\\/wp-content\\\/uploads\\\/2018\\\/03\\\/Logo-Huruguen-triptique-2018-noir-1500.jpg\",\"contentUrl\":\"https:\\\/\\\/www.huruguen.fr\\\/site\\\/wp-content\\\/uploads\\\/2018\\\/03\\\/Logo-Huruguen-triptique-2018-noir-1500.jpg\",\"width\":1500,\"height\":1500,\"caption\":\"S\u00e9bastien Huruguen Photographe\"},\"image\":{\"@id\":\"https:\\\/\\\/www.huruguen.fr\\\/site\\\/#\\\/schema\\\/logo\\\/image\\\/\"},\"sameAs\":[\"https:\\\/\\\/www.facebook.com\\\/huruguen\",\"https:\\\/\\\/x.com\\\/www_huruguen_fr\",\"https:\\\/\\\/www.instagram.com\\\/sebastien.huruguen\\\/\"]},{\"@type\":\"Person\",\"@id\":\"https:\\\/\\\/www.huruguen.fr\\\/site\\\/#\\\/schema\\\/person\\\/bdce6395a337c00db735bf5fa1268715\",\"name\":\"Sebastien Huruguen\",\"description\":\"S\u00e9bastien Huruguen est photographe professionnel \u00e0 Bordeaux.\",\"sameAs\":[\"https:\\\/\\\/www.huruguen.fr\",\"https:\\\/\\\/www.facebook.com\\\/huruguen\\\/\",\"https:\\\/\\\/www.instagram.com\\\/sebastien.huruguen\\\/\",\"https:\\\/\\\/www.linkedin.com\\\/in\\\/sbastien-huruguen-95452342\\\/\",\"https:\\\/\\\/www.pinterest.fr\\\/shuruguen\\\/\",\"https:\\\/\\\/x.com\\\/www_huruguen_fr\",\"https:\\\/\\\/www.youtube.com\\\/channel\\\/UChEt96Suus_jyoBce80fNOA?nohtml5=False\"]}]}<\/script>\n<!-- \/ Yoast SEO plugin. -->","yoast_head_json":{"title":"Fabrique de Styles, nouvelle boutique d\u00e9co \u00e0 Bordeaux - Photographe Professionnel \u00e0 Bordeaux &#x1f4f7; Sebastien Huruguen","description":"Premier magasin de centre-ville ouvert \u00e0 Bordeaux cours de l'intendance par l'enseigne Fabrique de Styles d\u00e9di\u00e9e \u00e0 l\u2019univers de la maison et \u00e0 la d\u00e9co.","robots":{"index":"index","follow":"follow","max-snippet":"max-snippet:-1","max-image-preview":"max-image-preview:large","max-video-preview":"max-video-preview:-1"},"canonical":"https:\/\/www.huruguen.fr\/site\/fabrique-de-styles-nouvelle-boutique-deco-a-bordeaux\/","og_locale":"fr_FR","og_type":"article","og_title":"Fabrique de Styles, nouvelle boutique d\u00e9co \u00e0 Bordeaux - Photographe Professionnel \u00e0 Bordeaux &#x1f4f7; Sebastien Huruguen","og_description":"Premier magasin de centre-ville ouvert \u00e0 Bordeaux cours de l'intendance par l'enseigne Fabrique de Styles d\u00e9di\u00e9e \u00e0 l\u2019univers de la maison et \u00e0 la d\u00e9co.","og_url":"https:\/\/www.huruguen.fr\/site\/fabrique-de-styles-nouvelle-boutique-deco-a-bordeaux\/","og_site_name":"Photographe Professionnel \u00e0 Bordeaux &#x1f4f7; Sebastien Huruguen","article_publisher":"https:\/\/www.facebook.com\/huruguen","article_author":"https:\/\/www.facebook.com\/huruguen\/","article_published_time":"2020-06-23T13:20:40+00:00","article_modified_time":"2020-08-05T22:18:10+00:00","og_image":[{"width":1500,"height":1000,"url":"https:\/\/www.huruguen.fr\/site\/wp-content\/uploads\/2020\/06\/fabrique-de-styles-boutique-bordeaux-deco-cours-intendance-sebastien-huruguen-5.jpg","type":"image\/jpeg"}],"author":"Sebastien Huruguen","twitter_card":"summary_large_image","twitter_creator":"@www_huruguen_fr","twitter_site":"@www_huruguen_fr","twitter_misc":{"\u00c9crit par":"Sebastien Huruguen","Dur\u00e9e de lecture estim\u00e9e":"3 minutes"},"schema":{"@context":"https:\/\/schema.org","@graph":[{"@type":"Article","@id":"https:\/\/www.huruguen.fr\/site\/fabrique-de-styles-nouvelle-boutique-deco-a-bordeaux\/#article","isPartOf":{"@id":"https:\/\/www.huruguen.fr\/site\/fabrique-de-styles-nouvelle-boutique-deco-a-bordeaux\/"},"author":{"name":"Sebastien Huruguen","@id":"https:\/\/www.huruguen.fr\/site\/#\/schema\/person\/bdce6395a337c00db735bf5fa1268715"},"headline":"Fabrique de Styles, nouvelle boutique d\u00e9co \u00e0 Bordeaux","datePublished":"2020-06-23T13:20:40+00:00","dateModified":"2020-08-05T22:18:10+00:00","mainEntityOfPage":{"@id":"https:\/\/www.huruguen.fr\/site\/fabrique-de-styles-nouvelle-boutique-deco-a-bordeaux\/"},"wordCount":706,"publisher":{"@id":"https:\/\/www.huruguen.fr\/site\/#organization"},"image":{"@id":"https:\/\/www.huruguen.fr\/site\/fabrique-de-styles-nouvelle-boutique-deco-a-bordeaux\/#primaryimage"},"thumbnailUrl":"https:\/\/www.huruguen.fr\/site\/wp-content\/uploads\/2020\/06\/fabrique-de-styles-boutique-bordeaux-deco-cours-intendance-sebastien-huruguen-5.jpg","articleSection":["Actualit\u00e9s"],"inLanguage":"fr-FR"},{"@type":"WebPage","@id":"https:\/\/www.huruguen.fr\/site\/fabrique-de-styles-nouvelle-boutique-deco-a-bordeaux\/","url":"https:\/\/www.huruguen.fr\/site\/fabrique-de-styles-nouvelle-boutique-deco-a-bordeaux\/","name":"Fabrique de Styles, nouvelle boutique d\u00e9co \u00e0 Bordeaux - Photographe Professionnel \u00e0 Bordeaux &#x1f4f7; Sebastien Huruguen","isPartOf":{"@id":"https:\/\/www.huruguen.fr\/site\/#website"},"primaryImageOfPage":{"@id":"https:\/\/www.huruguen.fr\/site\/fabrique-de-styles-nouvelle-boutique-deco-a-bordeaux\/#primaryimage"},"image":{"@id":"https:\/\/www.huruguen.fr\/site\/fabrique-de-styles-nouvelle-boutique-deco-a-bordeaux\/#primaryimage"},"thumbnailUrl":"https:\/\/www.huruguen.fr\/site\/wp-content\/uploads\/2020\/06\/fabrique-de-styles-boutique-bordeaux-deco-cours-intendance-sebastien-huruguen-5.jpg","datePublished":"2020-06-23T13:20:40+00:00","dateModified":"2020-08-05T22:18:10+00:00","description":"Premier magasin de centre-ville ouvert \u00e0 Bordeaux cours de l'intendance par l'enseigne Fabrique de Styles d\u00e9di\u00e9e \u00e0 l\u2019univers de la maison et \u00e0 la d\u00e9co.","breadcrumb":{"@id":"https:\/\/www.huruguen.fr\/site\/fabrique-de-styles-nouvelle-boutique-deco-a-bordeaux\/#breadcrumb"},"inLanguage":"fr-FR","potentialAction":[{"@type":"ReadAction","target":["https:\/\/www.huruguen.fr\/site\/fabrique-de-styles-nouvelle-boutique-deco-a-bordeaux\/"]}]},{"@type":"ImageObject","inLanguage":"fr-FR","@id":"https:\/\/www.huruguen.fr\/site\/fabrique-de-styles-nouvelle-boutique-deco-a-bordeaux\/#primaryimage","url":"https:\/\/www.huruguen.fr\/site\/wp-content\/uploads\/2020\/06\/fabrique-de-styles-boutique-bordeaux-deco-cours-intendance-sebastien-huruguen-5.jpg","contentUrl":"https:\/\/www.huruguen.fr\/site\/wp-content\/uploads\/2020\/06\/fabrique-de-styles-boutique-bordeaux-deco-cours-intendance-sebastien-huruguen-5.jpg","width":1500,"height":1000,"caption":"fabrique-de-styles-boutique-bordeaux-deco-cours-intendance-sebastien-huruguen-5"},{"@type":"BreadcrumbList","@id":"https:\/\/www.huruguen.fr\/site\/fabrique-de-styles-nouvelle-boutique-deco-a-bordeaux\/#breadcrumb","itemListElement":[{"@type":"ListItem","position":1,"name":"Accueil","item":"https:\/\/www.huruguen.fr\/site\/"},{"@type":"ListItem","position":2,"name":"Fabrique de Styles, nouvelle boutique d\u00e9co \u00e0 Bordeaux"}]},{"@type":"WebSite","@id":"https:\/\/www.huruguen.fr\/site\/#website","url":"https:\/\/www.huruguen.fr\/site\/","name":"Photographe Professionnel \u00e0 Bordeaux Sebastien Huruguen","description":"Photographe professionnel ind\u00e9pendant a Bordeaux. Prestations et services photograpphiques pour les professionnels et particuliers : reportages, s\u00e9ances photos, studio, packshot.","publisher":{"@id":"https:\/\/www.huruguen.fr\/site\/#organization"},"potentialAction":[{"@type":"SearchAction","target":{"@type":"EntryPoint","urlTemplate":"https:\/\/www.huruguen.fr\/site\/?s={search_term_string}"},"query-input":{"@type":"PropertyValueSpecification","valueRequired":true,"valueName":"search_term_string"}}],"inLanguage":"fr-FR"},{"@type":"Organization","@id":"https:\/\/www.huruguen.fr\/site\/#organization","name":"S\u00e9bastien Huruguen Photographe","url":"https:\/\/www.huruguen.fr\/site\/","logo":{"@type":"ImageObject","inLanguage":"fr-FR","@id":"https:\/\/www.huruguen.fr\/site\/#\/schema\/logo\/image\/","url":"https:\/\/www.huruguen.fr\/site\/wp-content\/uploads\/2018\/03\/Logo-Huruguen-triptique-2018-noir-1500.jpg","contentUrl":"https:\/\/www.huruguen.fr\/site\/wp-content\/uploads\/2018\/03\/Logo-Huruguen-triptique-2018-noir-1500.jpg","width":1500,"height":1500,"caption":"S\u00e9bastien Huruguen Photographe"},"image":{"@id":"https:\/\/www.huruguen.fr\/site\/#\/schema\/logo\/image\/"},"sameAs":["https:\/\/www.facebook.com\/huruguen","https:\/\/x.com\/www_huruguen_fr","https:\/\/www.instagram.com\/sebastien.huruguen\/"]},{"@type":"Person","@id":"https:\/\/www.huruguen.fr\/site\/#\/schema\/person\/bdce6395a337c00db735bf5fa1268715","name":"Sebastien Huruguen","description":"S\u00e9bastien Huruguen est photographe professionnel \u00e0 Bordeaux.","sameAs":["https:\/\/www.huruguen.fr","https:\/\/www.facebook.com\/huruguen\/","https:\/\/www.instagram.com\/sebastien.huruguen\/","https:\/\/www.linkedin.com\/in\/sbastien-huruguen-95452342\/","https:\/\/www.pinterest.fr\/shuruguen\/","https:\/\/x.com\/www_huruguen_fr","https:\/\/www.youtube.com\/channel\/UChEt96Suus_jyoBce80fNOA?nohtml5=False"]}]}},"_links":{"self":[{"href":"https:\/\/www.huruguen.fr\/site\/wp-json\/wp\/v2\/posts\/61036","targetHints":{"allow":["GET"]}}],"collection":[{"href":"https:\/\/www.huruguen.fr\/site\/wp-json\/wp\/v2\/posts"}],"about":[{"href":"https:\/\/www.huruguen.fr\/site\/wp-json\/wp\/v2\/types\/post"}],"author":[{"embeddable":true,"href":"https:\/\/www.huruguen.fr\/site\/wp-json\/wp\/v2\/users\/1"}],"replies":[{"embeddable":true,"href":"https:\/\/www.huruguen.fr\/site\/wp-json\/wp\/v2\/comments?post=61036"}],"version-history":[{"count":14,"href":"https:\/\/www.huruguen.fr\/site\/wp-json\/wp\/v2\/posts\/61036\/revisions"}],"predecessor-version":[{"id":61114,"href":"https:\/\/www.huruguen.fr\/site\/wp-json\/wp\/v2\/posts\/61036\/revisions\/61114"}],"wp:featuredmedia":[{"embeddable":true,"href":"https:\/\/www.huruguen.fr\/site\/wp-json\/wp\/v2\/media\/61037"}],"wp:attachment":[{"href":"https:\/\/www.huruguen.fr\/site\/wp-json\/wp\/v2\/media?parent=61036"}],"wp:term":[{"taxonomy":"category","embeddable":true,"href":"https:\/\/www.huruguen.fr\/site\/wp-json\/wp\/v2\/categories?post=61036"},{"taxonomy":"post_tag","embeddable":true,"href":"https:\/\/www.huruguen.fr\/site\/wp-json\/wp\/v2\/tags?post=61036"}],"curies":[{"name":"wp","href":"https:\/\/api.w.org\/{rel}","templated":true}]}}