{"id":60768,"date":"2018-08-31T10:19:00","date_gmt":"2018-08-31T09:19:00","guid":{"rendered":"https:\/\/www.huruguen.fr\/site\/?p=60768"},"modified":"2020-09-24T22:59:09","modified_gmt":"2020-09-24T21:59:09","slug":"cross-tri-des-terres-blanches-2018-podiums","status":"publish","type":"post","link":"https:\/\/www.huruguen.fr\/site\/cross-tri-des-terres-blanches-2018-podiums\/","title":{"rendered":"Cross Tri des Terres Blanches 2018 \u2013 Podiums"},"content":{"rendered":"\n<figure class=\"wp-block-image size-large\"><a href=\"https:\/\/www.huruguen.fr\/site\/wp-content\/uploads\/2020\/04\/podium-cross-tri-des-terres-blanches-triathlon-XS-2018.jpg\"><img loading=\"lazy\" decoding=\"async\" width=\"1024\" height=\"683\" src=\"https:\/\/www.huruguen.fr\/site\/wp-content\/uploads\/2020\/04\/podium-cross-tri-des-terres-blanches-triathlon-XS-2018-1024x683.jpg\" alt=\"podium-cross-tri-des-terres-blanches-triathlon-XS-2018\" class=\"wp-image-60769\" srcset=\"https:\/\/www.huruguen.fr\/site\/wp-content\/uploads\/2020\/04\/podium-cross-tri-des-terres-blanches-triathlon-XS-2018-1024x683.jpg 1024w, https:\/\/www.huruguen.fr\/site\/wp-content\/uploads\/2020\/04\/podium-cross-tri-des-terres-blanches-triathlon-XS-2018-300x200.jpg 300w, https:\/\/www.huruguen.fr\/site\/wp-content\/uploads\/2020\/04\/podium-cross-tri-des-terres-blanches-triathlon-XS-2018-768x512.jpg 768w, https:\/\/www.huruguen.fr\/site\/wp-content\/uploads\/2020\/04\/podium-cross-tri-des-terres-blanches-triathlon-XS-2018-340x226.jpg 340w, https:\/\/www.huruguen.fr\/site\/wp-content\/uploads\/2020\/04\/podium-cross-tri-des-terres-blanches-triathlon-XS-2018-740x494.jpg 740w, https:\/\/www.huruguen.fr\/site\/wp-content\/uploads\/2020\/04\/podium-cross-tri-des-terres-blanches-triathlon-XS-2018-370x247.jpg 370w, https:\/\/www.huruguen.fr\/site\/wp-content\/uploads\/2020\/04\/podium-cross-tri-des-terres-blanches-triathlon-XS-2018.jpg 1500w\" sizes=\"auto, (max-width: 1024px) 100vw, 1024px\" \/><\/a><\/figure>\n\n\n\n<div style=\"height:100px\" aria-hidden=\"true\" class=\"wp-block-spacer\"><\/div>\n\n\n\n<h1 class=\"wp-block-heading\">Cross Tri des Terres Blanches 2018 \u2013 Podiums<\/h1>\n\n\n\n<div style=\"height:100px\" aria-hidden=\"true\" class=\"wp-block-spacer\"><\/div>\n\n\n\n<p>Retrouvez les podiums de la premi\u00e8re \u00e9dition du TRAIL DES TERRES BLANCHES et du Triathlon XS de la deuxi\u00e8me \u00e9dition du CROSS TRI DES TERRES BLANCHES organis\u00e9 le samedi 1er septembre 2018 au lac d\u2019Espiet en Gironde.<\/p>\n\n\n\n<div style=\"height:100px\" aria-hidden=\"true\" class=\"wp-block-spacer\"><\/div>\n\n\n\n<h2 class=\"wp-block-heading\">Podiums du CROSS TRI XS des Terres Blanches 2018<\/h2>\n\n\n\n<div style=\"height:100px\" aria-hidden=\"true\" class=\"wp-block-spacer\"><\/div>\n\n\n\n<figure class=\"wp-block-gallery columns-2 wp-block-gallery-2 is-layout-flex wp-block-gallery-is-layout-flex\"><ul class=\"blocks-gallery-grid\"><li class=\"blocks-gallery-item\"><figure><a href=\"https:\/\/www.huruguen.fr\/site\/wp-content\/uploads\/2020\/04\/podium-cross-tri-des-terres-blanches-triathlon-XS-2018-2.jpg\"><img loading=\"lazy\" decoding=\"async\" width=\"1500\" height=\"1000\" src=\"https:\/\/www.huruguen.fr\/site\/wp-content\/uploads\/2020\/04\/podium-cross-tri-des-terres-blanches-triathlon-XS-2018-2.jpg\" alt=\"\" data-id=\"60770\" data-full-url=\"https:\/\/www.huruguen.fr\/site\/wp-content\/uploads\/2020\/04\/podium-cross-tri-des-terres-blanches-triathlon-XS-2018-2.jpg\" data-link=\"https:\/\/www.huruguen.fr\/site\/?attachment_id=60770\" class=\"wp-image-60770\" srcset=\"https:\/\/www.huruguen.fr\/site\/wp-content\/uploads\/2020\/04\/podium-cross-tri-des-terres-blanches-triathlon-XS-2018-2.jpg 1500w, https:\/\/www.huruguen.fr\/site\/wp-content\/uploads\/2020\/04\/podium-cross-tri-des-terres-blanches-triathlon-XS-2018-2-300x200.jpg 300w, https:\/\/www.huruguen.fr\/site\/wp-content\/uploads\/2020\/04\/podium-cross-tri-des-terres-blanches-triathlon-XS-2018-2-1024x683.jpg 1024w, https:\/\/www.huruguen.fr\/site\/wp-content\/uploads\/2020\/04\/podium-cross-tri-des-terres-blanches-triathlon-XS-2018-2-768x512.jpg 768w\" sizes=\"auto, (max-width: 1500px) 100vw, 1500px\" \/><\/a><\/figure><\/li><li class=\"blocks-gallery-item\"><figure><a href=\"https:\/\/www.huruguen.fr\/site\/wp-content\/uploads\/2020\/04\/podium-cross-tri-des-terres-blanches-triathlon-XS-femmes-2018.jpg\"><img loading=\"lazy\" decoding=\"async\" width=\"1500\" height=\"1000\" src=\"https:\/\/www.huruguen.fr\/site\/wp-content\/uploads\/2020\/04\/podium-cross-tri-des-terres-blanches-triathlon-XS-femmes-2018.jpg\" alt=\"\" data-id=\"60771\" data-full-url=\"https:\/\/www.huruguen.fr\/site\/wp-content\/uploads\/2020\/04\/podium-cross-tri-des-terres-blanches-triathlon-XS-femmes-2018.jpg\" data-link=\"https:\/\/www.huruguen.fr\/site\/?attachment_id=60771\" class=\"wp-image-60771\" srcset=\"https:\/\/www.huruguen.fr\/site\/wp-content\/uploads\/2020\/04\/podium-cross-tri-des-terres-blanches-triathlon-XS-femmes-2018.jpg 1500w, https:\/\/www.huruguen.fr\/site\/wp-content\/uploads\/2020\/04\/podium-cross-tri-des-terres-blanches-triathlon-XS-femmes-2018-300x200.jpg 300w, https:\/\/www.huruguen.fr\/site\/wp-content\/uploads\/2020\/04\/podium-cross-tri-des-terres-blanches-triathlon-XS-femmes-2018-1024x683.jpg 1024w, https:\/\/www.huruguen.fr\/site\/wp-content\/uploads\/2020\/04\/podium-cross-tri-des-terres-blanches-triathlon-XS-femmes-2018-768x512.jpg 768w\" sizes=\"auto, (max-width: 1500px) 100vw, 1500px\" \/><\/a><\/figure><\/li><li class=\"blocks-gallery-item\"><figure><a href=\"https:\/\/www.huruguen.fr\/site\/wp-content\/uploads\/2020\/04\/podium-cross-tri-des-terres-blanches-triathlon-XS-hommes-2018.jpg\"><img loading=\"lazy\" decoding=\"async\" width=\"1500\" height=\"1000\" src=\"https:\/\/www.huruguen.fr\/site\/wp-content\/uploads\/2020\/04\/podium-cross-tri-des-terres-blanches-triathlon-XS-hommes-2018.jpg\" alt=\"\" data-id=\"60772\" data-full-url=\"https:\/\/www.huruguen.fr\/site\/wp-content\/uploads\/2020\/04\/podium-cross-tri-des-terres-blanches-triathlon-XS-hommes-2018.jpg\" data-link=\"https:\/\/www.huruguen.fr\/site\/?attachment_id=60772\" class=\"wp-image-60772\" srcset=\"https:\/\/www.huruguen.fr\/site\/wp-content\/uploads\/2020\/04\/podium-cross-tri-des-terres-blanches-triathlon-XS-hommes-2018.jpg 1500w, https:\/\/www.huruguen.fr\/site\/wp-content\/uploads\/2020\/04\/podium-cross-tri-des-terres-blanches-triathlon-XS-hommes-2018-300x200.jpg 300w, https:\/\/www.huruguen.fr\/site\/wp-content\/uploads\/2020\/04\/podium-cross-tri-des-terres-blanches-triathlon-XS-hommes-2018-1024x683.jpg 1024w, https:\/\/www.huruguen.fr\/site\/wp-content\/uploads\/2020\/04\/podium-cross-tri-des-terres-blanches-triathlon-XS-hommes-2018-768x512.jpg 768w\" sizes=\"auto, (max-width: 1500px) 100vw, 1500px\" \/><\/a><\/figure><\/li><li class=\"blocks-gallery-item\"><figure><a href=\"https:\/\/www.huruguen.fr\/site\/wp-content\/uploads\/2020\/04\/podium-cross-tri-des-terres-blanches-triathlon-XS-2018.jpg\"><img loading=\"lazy\" decoding=\"async\" width=\"1500\" height=\"1000\" src=\"https:\/\/www.huruguen.fr\/site\/wp-content\/uploads\/2020\/04\/podium-cross-tri-des-terres-blanches-triathlon-XS-2018.jpg\" alt=\"podium-cross-tri-des-terres-blanches-triathlon-XS-2018\" data-id=\"60769\" data-full-url=\"https:\/\/www.huruguen.fr\/site\/wp-content\/uploads\/2020\/04\/podium-cross-tri-des-terres-blanches-triathlon-XS-2018.jpg\" data-link=\"https:\/\/www.huruguen.fr\/site\/?attachment_id=60769\" class=\"wp-image-60769\" srcset=\"https:\/\/www.huruguen.fr\/site\/wp-content\/uploads\/2020\/04\/podium-cross-tri-des-terres-blanches-triathlon-XS-2018.jpg 1500w, https:\/\/www.huruguen.fr\/site\/wp-content\/uploads\/2020\/04\/podium-cross-tri-des-terres-blanches-triathlon-XS-2018-300x200.jpg 300w, https:\/\/www.huruguen.fr\/site\/wp-content\/uploads\/2020\/04\/podium-cross-tri-des-terres-blanches-triathlon-XS-2018-1024x683.jpg 1024w, https:\/\/www.huruguen.fr\/site\/wp-content\/uploads\/2020\/04\/podium-cross-tri-des-terres-blanches-triathlon-XS-2018-768x512.jpg 768w, https:\/\/www.huruguen.fr\/site\/wp-content\/uploads\/2020\/04\/podium-cross-tri-des-terres-blanches-triathlon-XS-2018-680x452.jpg 680w, https:\/\/www.huruguen.fr\/site\/wp-content\/uploads\/2020\/04\/podium-cross-tri-des-terres-blanches-triathlon-XS-2018-340x226.jpg 340w, https:\/\/www.huruguen.fr\/site\/wp-content\/uploads\/2020\/04\/podium-cross-tri-des-terres-blanches-triathlon-XS-2018-740x494.jpg 740w, https:\/\/www.huruguen.fr\/site\/wp-content\/uploads\/2020\/04\/podium-cross-tri-des-terres-blanches-triathlon-XS-2018-370x247.jpg 370w\" sizes=\"auto, (max-width: 1500px) 100vw, 1500px\" \/><\/a><\/figure><\/li><\/ul><\/figure>\n\n\n\n<div style=\"height:100px\" aria-hidden=\"true\" class=\"wp-block-spacer\"><\/div>\n\n\n\n<h2 class=\"wp-block-heading\">Podiums des TRAIL 7km et 14km des Terres Blanches 2018<\/h2>\n\n\n\n<div style=\"height:100px\" aria-hidden=\"true\" class=\"wp-block-spacer\"><\/div>\n\n\n\n<figure class=\"wp-block-gallery columns-2 wp-block-gallery-3 is-layout-flex wp-block-gallery-is-layout-flex\"><ul class=\"blocks-gallery-grid\"><li class=\"blocks-gallery-item\"><figure><a href=\"https:\/\/www.huruguen.fr\/site\/wp-content\/uploads\/2018\/08\/podiums-trail-des-terres-blanches-2018-1.jpg\"><img loading=\"lazy\" decoding=\"async\" width=\"1500\" height=\"1000\" src=\"https:\/\/www.huruguen.fr\/site\/wp-content\/uploads\/2018\/08\/podiums-trail-des-terres-blanches-2018-1.jpg\" alt=\"\" data-id=\"60774\" data-full-url=\"https:\/\/www.huruguen.fr\/site\/wp-content\/uploads\/2018\/08\/podiums-trail-des-terres-blanches-2018-1.jpg\" data-link=\"https:\/\/www.huruguen.fr\/site\/cross-tri-des-terres-blanches-2018-podiums\/podiums-trail-des-terres-blanches-2018-1\/\" class=\"wp-image-60774\" srcset=\"https:\/\/www.huruguen.fr\/site\/wp-content\/uploads\/2018\/08\/podiums-trail-des-terres-blanches-2018-1.jpg 1500w, https:\/\/www.huruguen.fr\/site\/wp-content\/uploads\/2018\/08\/podiums-trail-des-terres-blanches-2018-1-300x200.jpg 300w, https:\/\/www.huruguen.fr\/site\/wp-content\/uploads\/2018\/08\/podiums-trail-des-terres-blanches-2018-1-1024x683.jpg 1024w, https:\/\/www.huruguen.fr\/site\/wp-content\/uploads\/2018\/08\/podiums-trail-des-terres-blanches-2018-1-768x512.jpg 768w\" sizes=\"auto, (max-width: 1500px) 100vw, 1500px\" \/><\/a><\/figure><\/li><li class=\"blocks-gallery-item\"><figure><a href=\"https:\/\/www.huruguen.fr\/site\/wp-content\/uploads\/2018\/08\/podiums-trail-des-terres-blanches-2018-2.jpg\"><img loading=\"lazy\" decoding=\"async\" width=\"1500\" height=\"1000\" src=\"https:\/\/www.huruguen.fr\/site\/wp-content\/uploads\/2018\/08\/podiums-trail-des-terres-blanches-2018-2.jpg\" alt=\"\" data-id=\"60775\" data-full-url=\"https:\/\/www.huruguen.fr\/site\/wp-content\/uploads\/2018\/08\/podiums-trail-des-terres-blanches-2018-2.jpg\" data-link=\"https:\/\/www.huruguen.fr\/site\/cross-tri-des-terres-blanches-2018-podiums\/podiums-trail-des-terres-blanches-2018-2\/\" class=\"wp-image-60775\" srcset=\"https:\/\/www.huruguen.fr\/site\/wp-content\/uploads\/2018\/08\/podiums-trail-des-terres-blanches-2018-2.jpg 1500w, https:\/\/www.huruguen.fr\/site\/wp-content\/uploads\/2018\/08\/podiums-trail-des-terres-blanches-2018-2-300x200.jpg 300w, https:\/\/www.huruguen.fr\/site\/wp-content\/uploads\/2018\/08\/podiums-trail-des-terres-blanches-2018-2-1024x683.jpg 1024w, https:\/\/www.huruguen.fr\/site\/wp-content\/uploads\/2018\/08\/podiums-trail-des-terres-blanches-2018-2-768x512.jpg 768w\" sizes=\"auto, (max-width: 1500px) 100vw, 1500px\" \/><\/a><\/figure><\/li><li class=\"blocks-gallery-item\"><figure><a href=\"https:\/\/www.huruguen.fr\/site\/wp-content\/uploads\/2018\/08\/podiums-trail-des-terres-blanches-2018-3.jpg\"><img loading=\"lazy\" decoding=\"async\" width=\"1500\" height=\"1000\" src=\"https:\/\/www.huruguen.fr\/site\/wp-content\/uploads\/2018\/08\/podiums-trail-des-terres-blanches-2018-3.jpg\" alt=\"\" data-id=\"60776\" data-full-url=\"https:\/\/www.huruguen.fr\/site\/wp-content\/uploads\/2018\/08\/podiums-trail-des-terres-blanches-2018-3.jpg\" data-link=\"https:\/\/www.huruguen.fr\/site\/cross-tri-des-terres-blanches-2018-podiums\/podiums-trail-des-terres-blanches-2018-3\/\" class=\"wp-image-60776\" srcset=\"https:\/\/www.huruguen.fr\/site\/wp-content\/uploads\/2018\/08\/podiums-trail-des-terres-blanches-2018-3.jpg 1500w, https:\/\/www.huruguen.fr\/site\/wp-content\/uploads\/2018\/08\/podiums-trail-des-terres-blanches-2018-3-300x200.jpg 300w, https:\/\/www.huruguen.fr\/site\/wp-content\/uploads\/2018\/08\/podiums-trail-des-terres-blanches-2018-3-1024x683.jpg 1024w, https:\/\/www.huruguen.fr\/site\/wp-content\/uploads\/2018\/08\/podiums-trail-des-terres-blanches-2018-3-768x512.jpg 768w\" sizes=\"auto, (max-width: 1500px) 100vw, 1500px\" \/><\/a><\/figure><\/li><li class=\"blocks-gallery-item\"><figure><a href=\"https:\/\/www.huruguen.fr\/site\/wp-content\/uploads\/2018\/08\/podiums-trail-des-terres-blanches-2018-4.jpg\"><img loading=\"lazy\" decoding=\"async\" width=\"1500\" height=\"1000\" src=\"https:\/\/www.huruguen.fr\/site\/wp-content\/uploads\/2018\/08\/podiums-trail-des-terres-blanches-2018-4.jpg\" alt=\"\" data-id=\"60777\" data-full-url=\"https:\/\/www.huruguen.fr\/site\/wp-content\/uploads\/2018\/08\/podiums-trail-des-terres-blanches-2018-4.jpg\" data-link=\"https:\/\/www.huruguen.fr\/site\/cross-tri-des-terres-blanches-2018-podiums\/podiums-trail-des-terres-blanches-2018-4\/\" class=\"wp-image-60777\" srcset=\"https:\/\/www.huruguen.fr\/site\/wp-content\/uploads\/2018\/08\/podiums-trail-des-terres-blanches-2018-4.jpg 1500w, https:\/\/www.huruguen.fr\/site\/wp-content\/uploads\/2018\/08\/podiums-trail-des-terres-blanches-2018-4-300x200.jpg 300w, https:\/\/www.huruguen.fr\/site\/wp-content\/uploads\/2018\/08\/podiums-trail-des-terres-blanches-2018-4-1024x683.jpg 1024w, https:\/\/www.huruguen.fr\/site\/wp-content\/uploads\/2018\/08\/podiums-trail-des-terres-blanches-2018-4-768x512.jpg 768w\" sizes=\"auto, (max-width: 1500px) 100vw, 1500px\" \/><\/a><\/figure><\/li><li class=\"blocks-gallery-item\"><figure><a href=\"https:\/\/www.huruguen.fr\/site\/wp-content\/uploads\/2018\/08\/podiums-trail-des-terres-blanches-2018-5.jpg\"><img loading=\"lazy\" decoding=\"async\" width=\"1500\" height=\"1000\" src=\"https:\/\/www.huruguen.fr\/site\/wp-content\/uploads\/2018\/08\/podiums-trail-des-terres-blanches-2018-5.jpg\" alt=\"\" data-id=\"60778\" data-full-url=\"https:\/\/www.huruguen.fr\/site\/wp-content\/uploads\/2018\/08\/podiums-trail-des-terres-blanches-2018-5.jpg\" data-link=\"https:\/\/www.huruguen.fr\/site\/cross-tri-des-terres-blanches-2018-podiums\/podiums-trail-des-terres-blanches-2018-5\/\" class=\"wp-image-60778\" srcset=\"https:\/\/www.huruguen.fr\/site\/wp-content\/uploads\/2018\/08\/podiums-trail-des-terres-blanches-2018-5.jpg 1500w, https:\/\/www.huruguen.fr\/site\/wp-content\/uploads\/2018\/08\/podiums-trail-des-terres-blanches-2018-5-300x200.jpg 300w, https:\/\/www.huruguen.fr\/site\/wp-content\/uploads\/2018\/08\/podiums-trail-des-terres-blanches-2018-5-1024x683.jpg 1024w, https:\/\/www.huruguen.fr\/site\/wp-content\/uploads\/2018\/08\/podiums-trail-des-terres-blanches-2018-5-768x512.jpg 768w\" sizes=\"auto, (max-width: 1500px) 100vw, 1500px\" \/><\/a><\/figure><\/li><li class=\"blocks-gallery-item\"><figure><a href=\"https:\/\/www.huruguen.fr\/site\/wp-content\/uploads\/2018\/08\/podiums-trail-des-terres-blanches-2018-6.jpg\"><img loading=\"lazy\" decoding=\"async\" width=\"1500\" height=\"1000\" src=\"https:\/\/www.huruguen.fr\/site\/wp-content\/uploads\/2018\/08\/podiums-trail-des-terres-blanches-2018-6.jpg\" alt=\"\" data-id=\"60779\" data-full-url=\"https:\/\/www.huruguen.fr\/site\/wp-content\/uploads\/2018\/08\/podiums-trail-des-terres-blanches-2018-6.jpg\" data-link=\"https:\/\/www.huruguen.fr\/site\/cross-tri-des-terres-blanches-2018-podiums\/podiums-trail-des-terres-blanches-2018-6\/\" class=\"wp-image-60779\" srcset=\"https:\/\/www.huruguen.fr\/site\/wp-content\/uploads\/2018\/08\/podiums-trail-des-terres-blanches-2018-6.jpg 1500w, https:\/\/www.huruguen.fr\/site\/wp-content\/uploads\/2018\/08\/podiums-trail-des-terres-blanches-2018-6-300x200.jpg 300w, https:\/\/www.huruguen.fr\/site\/wp-content\/uploads\/2018\/08\/podiums-trail-des-terres-blanches-2018-6-1024x683.jpg 1024w, https:\/\/www.huruguen.fr\/site\/wp-content\/uploads\/2018\/08\/podiums-trail-des-terres-blanches-2018-6-768x512.jpg 768w\" sizes=\"auto, (max-width: 1500px) 100vw, 1500px\" \/><\/a><\/figure><\/li><li class=\"blocks-gallery-item\"><figure><a href=\"https:\/\/www.huruguen.fr\/site\/wp-content\/uploads\/2018\/08\/podiums-trail-des-terres-blanches-2018-7.jpg\"><img loading=\"lazy\" decoding=\"async\" width=\"1500\" height=\"1000\" src=\"https:\/\/www.huruguen.fr\/site\/wp-content\/uploads\/2018\/08\/podiums-trail-des-terres-blanches-2018-7.jpg\" alt=\"\" data-id=\"60780\" data-full-url=\"https:\/\/www.huruguen.fr\/site\/wp-content\/uploads\/2018\/08\/podiums-trail-des-terres-blanches-2018-7.jpg\" data-link=\"https:\/\/www.huruguen.fr\/site\/cross-tri-des-terres-blanches-2018-podiums\/podiums-trail-des-terres-blanches-2018-7\/\" class=\"wp-image-60780\" srcset=\"https:\/\/www.huruguen.fr\/site\/wp-content\/uploads\/2018\/08\/podiums-trail-des-terres-blanches-2018-7.jpg 1500w, https:\/\/www.huruguen.fr\/site\/wp-content\/uploads\/2018\/08\/podiums-trail-des-terres-blanches-2018-7-300x200.jpg 300w, https:\/\/www.huruguen.fr\/site\/wp-content\/uploads\/2018\/08\/podiums-trail-des-terres-blanches-2018-7-1024x683.jpg 1024w, https:\/\/www.huruguen.fr\/site\/wp-content\/uploads\/2018\/08\/podiums-trail-des-terres-blanches-2018-7-768x512.jpg 768w\" sizes=\"auto, (max-width: 1500px) 100vw, 1500px\" \/><\/a><\/figure><\/li><li class=\"blocks-gallery-item\"><figure><a href=\"https:\/\/www.huruguen.fr\/site\/wp-content\/uploads\/2018\/08\/podiums-trail-des-terres-blanches-2018-8.jpg\"><img loading=\"lazy\" decoding=\"async\" width=\"1500\" height=\"1000\" src=\"https:\/\/www.huruguen.fr\/site\/wp-content\/uploads\/2018\/08\/podiums-trail-des-terres-blanches-2018-8.jpg\" alt=\"\" data-id=\"60781\" data-full-url=\"https:\/\/www.huruguen.fr\/site\/wp-content\/uploads\/2018\/08\/podiums-trail-des-terres-blanches-2018-8.jpg\" data-link=\"https:\/\/www.huruguen.fr\/site\/cross-tri-des-terres-blanches-2018-podiums\/podiums-trail-des-terres-blanches-2018-8\/\" class=\"wp-image-60781\" srcset=\"https:\/\/www.huruguen.fr\/site\/wp-content\/uploads\/2018\/08\/podiums-trail-des-terres-blanches-2018-8.jpg 1500w, https:\/\/www.huruguen.fr\/site\/wp-content\/uploads\/2018\/08\/podiums-trail-des-terres-blanches-2018-8-300x200.jpg 300w, https:\/\/www.huruguen.fr\/site\/wp-content\/uploads\/2018\/08\/podiums-trail-des-terres-blanches-2018-8-1024x683.jpg 1024w, https:\/\/www.huruguen.fr\/site\/wp-content\/uploads\/2018\/08\/podiums-trail-des-terres-blanches-2018-8-768x512.jpg 768w\" sizes=\"auto, (max-width: 1500px) 100vw, 1500px\" \/><\/a><\/figure><\/li><li class=\"blocks-gallery-item\"><figure><a href=\"https:\/\/www.huruguen.fr\/site\/wp-content\/uploads\/2018\/08\/podiums-trail-des-terres-blanches-2018-9.jpg\"><img loading=\"lazy\" decoding=\"async\" width=\"1500\" height=\"1000\" src=\"https:\/\/www.huruguen.fr\/site\/wp-content\/uploads\/2018\/08\/podiums-trail-des-terres-blanches-2018-9.jpg\" alt=\"\" data-id=\"60782\" data-full-url=\"https:\/\/www.huruguen.fr\/site\/wp-content\/uploads\/2018\/08\/podiums-trail-des-terres-blanches-2018-9.jpg\" data-link=\"https:\/\/www.huruguen.fr\/site\/cross-tri-des-terres-blanches-2018-podiums\/podiums-trail-des-terres-blanches-2018-9\/\" class=\"wp-image-60782\" srcset=\"https:\/\/www.huruguen.fr\/site\/wp-content\/uploads\/2018\/08\/podiums-trail-des-terres-blanches-2018-9.jpg 1500w, https:\/\/www.huruguen.fr\/site\/wp-content\/uploads\/2018\/08\/podiums-trail-des-terres-blanches-2018-9-300x200.jpg 300w, https:\/\/www.huruguen.fr\/site\/wp-content\/uploads\/2018\/08\/podiums-trail-des-terres-blanches-2018-9-1024x683.jpg 1024w, https:\/\/www.huruguen.fr\/site\/wp-content\/uploads\/2018\/08\/podiums-trail-des-terres-blanches-2018-9-768x512.jpg 768w\" sizes=\"auto, (max-width: 1500px) 100vw, 1500px\" \/><\/a><\/figure><\/li><\/ul><\/figure>\n","protected":false},"excerpt":{"rendered":"<p>Cross Tri des Terres Blanches 2018 \u2013 Podiums Retrouvez les podiums de la premi\u00e8re \u00e9dition du TRAIL DES TERRES BLANCHES et du Triathlon XS de la deuxi\u00e8me \u00e9dition du CROSS TRI DES TERRES BLANCHES organis\u00e9 le samedi 1er septembre 2018 &hellip; <a href=\"https:\/\/www.huruguen.fr\/site\/cross-tri-des-terres-blanches-2018-podiums\/\">Lire la suite<\/a><\/p>\n","protected":false},"author":1,"featured_media":60769,"comment_status":"closed","ping_status":"open","sticky":false,"template":"","format":"standard","meta":{"kt_blocks_editor_width":"","footnotes":""},"categories":[1537],"tags":[3047,2945,3119,3129],"class_list":["post-60768","post","type-post","status-publish","format-standard","has-post-thumbnail","hentry","category-reportages","tag-cross-tri","tag-cross-tri-des-terres-blanches-2018","tag-podiums","tag-podiums-cross-tri-2018"],"yoast_head":"<!-- This site is optimized with the Yoast SEO plugin v27.4 - https:\/\/yoast.com\/product\/yoast-seo-wordpress\/ -->\n<title>Cross Tri des Terres Blanches 2018 \u2013 Podiums - Photographe Professionnel \u00e0 Bordeaux &#x1f4f7; Sebastien Huruguen<\/title>\n<meta name=\"description\" content=\"Les photos officielles des podiums de la 2\u00e8me \u00e9dition du Cross Tri des Terres Blanches 2018 et de la 1\u00e8re \u00e9dition du Trail des Terres Blanches 7km et 14km.\" \/>\n<meta name=\"robots\" content=\"index, follow, max-snippet:-1, max-image-preview:large, max-video-preview:-1\" \/>\n<link rel=\"canonical\" href=\"https:\/\/www.huruguen.fr\/site\/cross-tri-des-terres-blanches-2018-podiums\/\" \/>\n<meta property=\"og:locale\" content=\"fr_FR\" \/>\n<meta property=\"og:type\" content=\"article\" \/>\n<meta property=\"og:title\" content=\"Cross Tri des Terres Blanches 2018 \u2013 Podiums - Photographe Professionnel \u00e0 Bordeaux &#x1f4f7; Sebastien Huruguen\" \/>\n<meta property=\"og:description\" content=\"Les photos officielles des podiums de la 2\u00e8me \u00e9dition du Cross Tri des Terres Blanches 2018 et de la 1\u00e8re \u00e9dition du Trail des Terres Blanches 7km et 14km.\" \/>\n<meta property=\"og:url\" content=\"https:\/\/www.huruguen.fr\/site\/cross-tri-des-terres-blanches-2018-podiums\/\" \/>\n<meta property=\"og:site_name\" content=\"Photographe Professionnel \u00e0 Bordeaux &#x1f4f7; Sebastien Huruguen\" \/>\n<meta property=\"article:publisher\" content=\"https:\/\/www.facebook.com\/huruguen\" \/>\n<meta property=\"article:author\" content=\"https:\/\/www.facebook.com\/huruguen\/\" \/>\n<meta property=\"article:published_time\" content=\"2018-08-31T09:19:00+00:00\" \/>\n<meta property=\"article:modified_time\" content=\"2020-09-24T21:59:09+00:00\" \/>\n<meta property=\"og:image\" content=\"https:\/\/www.huruguen.fr\/site\/wp-content\/uploads\/2020\/04\/podium-cross-tri-des-terres-blanches-triathlon-XS-2018.jpg\" \/>\n\t<meta property=\"og:image:width\" content=\"1500\" \/>\n\t<meta property=\"og:image:height\" content=\"1000\" \/>\n\t<meta property=\"og:image:type\" content=\"image\/jpeg\" \/>\n<meta name=\"author\" content=\"Sebastien Huruguen\" \/>\n<meta name=\"twitter:card\" content=\"summary_large_image\" \/>\n<meta name=\"twitter:creator\" content=\"@www_huruguen_fr\" \/>\n<meta name=\"twitter:site\" content=\"@www_huruguen_fr\" \/>\n<meta name=\"twitter:label1\" content=\"\u00c9crit par\" \/>\n\t<meta name=\"twitter:data1\" content=\"Sebastien Huruguen\" \/>\n<script type=\"application\/ld+json\" class=\"yoast-schema-graph\">{\"@context\":\"https:\\\/\\\/schema.org\",\"@graph\":[{\"@type\":\"Article\",\"@id\":\"https:\\\/\\\/www.huruguen.fr\\\/site\\\/cross-tri-des-terres-blanches-2018-podiums\\\/#article\",\"isPartOf\":{\"@id\":\"https:\\\/\\\/www.huruguen.fr\\\/site\\\/cross-tri-des-terres-blanches-2018-podiums\\\/\"},\"author\":{\"name\":\"Sebastien Huruguen\",\"@id\":\"https:\\\/\\\/www.huruguen.fr\\\/site\\\/#\\\/schema\\\/person\\\/bdce6395a337c00db735bf5fa1268715\"},\"headline\":\"Cross Tri des Terres Blanches 2018 \u2013 Podiums\",\"datePublished\":\"2018-08-31T09:19:00+00:00\",\"dateModified\":\"2020-09-24T21:59:09+00:00\",\"mainEntityOfPage\":{\"@id\":\"https:\\\/\\\/www.huruguen.fr\\\/site\\\/cross-tri-des-terres-blanches-2018-podiums\\\/\"},\"wordCount\":68,\"publisher\":{\"@id\":\"https:\\\/\\\/www.huruguen.fr\\\/site\\\/#organization\"},\"image\":{\"@id\":\"https:\\\/\\\/www.huruguen.fr\\\/site\\\/cross-tri-des-terres-blanches-2018-podiums\\\/#primaryimage\"},\"thumbnailUrl\":\"https:\\\/\\\/www.huruguen.fr\\\/site\\\/wp-content\\\/uploads\\\/2020\\\/04\\\/podium-cross-tri-des-terres-blanches-triathlon-XS-2018.jpg\",\"keywords\":[\"cross tri\",\"cross tri des terres blanches 2018\",\"podiums\",\"podiums cross tri 2018\"],\"articleSection\":[\"Actualit\u00e9s\"],\"inLanguage\":\"fr-FR\"},{\"@type\":\"WebPage\",\"@id\":\"https:\\\/\\\/www.huruguen.fr\\\/site\\\/cross-tri-des-terres-blanches-2018-podiums\\\/\",\"url\":\"https:\\\/\\\/www.huruguen.fr\\\/site\\\/cross-tri-des-terres-blanches-2018-podiums\\\/\",\"name\":\"Cross Tri des Terres Blanches 2018 \u2013 Podiums - Photographe Professionnel \u00e0 Bordeaux &#x1f4f7; Sebastien Huruguen\",\"isPartOf\":{\"@id\":\"https:\\\/\\\/www.huruguen.fr\\\/site\\\/#website\"},\"primaryImageOfPage\":{\"@id\":\"https:\\\/\\\/www.huruguen.fr\\\/site\\\/cross-tri-des-terres-blanches-2018-podiums\\\/#primaryimage\"},\"image\":{\"@id\":\"https:\\\/\\\/www.huruguen.fr\\\/site\\\/cross-tri-des-terres-blanches-2018-podiums\\\/#primaryimage\"},\"thumbnailUrl\":\"https:\\\/\\\/www.huruguen.fr\\\/site\\\/wp-content\\\/uploads\\\/2020\\\/04\\\/podium-cross-tri-des-terres-blanches-triathlon-XS-2018.jpg\",\"datePublished\":\"2018-08-31T09:19:00+00:00\",\"dateModified\":\"2020-09-24T21:59:09+00:00\",\"description\":\"Les photos officielles des podiums de la 2\u00e8me \u00e9dition du Cross Tri des Terres Blanches 2018 et de la 1\u00e8re \u00e9dition du Trail des Terres Blanches 7km et 14km.\",\"breadcrumb\":{\"@id\":\"https:\\\/\\\/www.huruguen.fr\\\/site\\\/cross-tri-des-terres-blanches-2018-podiums\\\/#breadcrumb\"},\"inLanguage\":\"fr-FR\",\"potentialAction\":[{\"@type\":\"ReadAction\",\"target\":[\"https:\\\/\\\/www.huruguen.fr\\\/site\\\/cross-tri-des-terres-blanches-2018-podiums\\\/\"]}]},{\"@type\":\"ImageObject\",\"inLanguage\":\"fr-FR\",\"@id\":\"https:\\\/\\\/www.huruguen.fr\\\/site\\\/cross-tri-des-terres-blanches-2018-podiums\\\/#primaryimage\",\"url\":\"https:\\\/\\\/www.huruguen.fr\\\/site\\\/wp-content\\\/uploads\\\/2020\\\/04\\\/podium-cross-tri-des-terres-blanches-triathlon-XS-2018.jpg\",\"contentUrl\":\"https:\\\/\\\/www.huruguen.fr\\\/site\\\/wp-content\\\/uploads\\\/2020\\\/04\\\/podium-cross-tri-des-terres-blanches-triathlon-XS-2018.jpg\",\"width\":1500,\"height\":1000,\"caption\":\"podium-cross-tri-des-terres-blanches-triathlon-XS-2018\"},{\"@type\":\"BreadcrumbList\",\"@id\":\"https:\\\/\\\/www.huruguen.fr\\\/site\\\/cross-tri-des-terres-blanches-2018-podiums\\\/#breadcrumb\",\"itemListElement\":[{\"@type\":\"ListItem\",\"position\":1,\"name\":\"Accueil\",\"item\":\"https:\\\/\\\/www.huruguen.fr\\\/site\\\/\"},{\"@type\":\"ListItem\",\"position\":2,\"name\":\"Cross Tri des Terres Blanches 2018 \u2013 Podiums\"}]},{\"@type\":\"WebSite\",\"@id\":\"https:\\\/\\\/www.huruguen.fr\\\/site\\\/#website\",\"url\":\"https:\\\/\\\/www.huruguen.fr\\\/site\\\/\",\"name\":\"Photographe Professionnel \u00e0 Bordeaux Sebastien Huruguen\",\"description\":\"Photographe professionnel ind\u00e9pendant a Bordeaux. Prestations et services photograpphiques pour les professionnels et particuliers : reportages, s\u00e9ances photos, studio, packshot.\",\"publisher\":{\"@id\":\"https:\\\/\\\/www.huruguen.fr\\\/site\\\/#organization\"},\"potentialAction\":[{\"@type\":\"SearchAction\",\"target\":{\"@type\":\"EntryPoint\",\"urlTemplate\":\"https:\\\/\\\/www.huruguen.fr\\\/site\\\/?s={search_term_string}\"},\"query-input\":{\"@type\":\"PropertyValueSpecification\",\"valueRequired\":true,\"valueName\":\"search_term_string\"}}],\"inLanguage\":\"fr-FR\"},{\"@type\":\"Organization\",\"@id\":\"https:\\\/\\\/www.huruguen.fr\\\/site\\\/#organization\",\"name\":\"S\u00e9bastien Huruguen Photographe\",\"url\":\"https:\\\/\\\/www.huruguen.fr\\\/site\\\/\",\"logo\":{\"@type\":\"ImageObject\",\"inLanguage\":\"fr-FR\",\"@id\":\"https:\\\/\\\/www.huruguen.fr\\\/site\\\/#\\\/schema\\\/logo\\\/image\\\/\",\"url\":\"https:\\\/\\\/www.huruguen.fr\\\/site\\\/wp-content\\\/uploads\\\/2018\\\/03\\\/Logo-Huruguen-triptique-2018-noir-1500.jpg\",\"contentUrl\":\"https:\\\/\\\/www.huruguen.fr\\\/site\\\/wp-content\\\/uploads\\\/2018\\\/03\\\/Logo-Huruguen-triptique-2018-noir-1500.jpg\",\"width\":1500,\"height\":1500,\"caption\":\"S\u00e9bastien Huruguen Photographe\"},\"image\":{\"@id\":\"https:\\\/\\\/www.huruguen.fr\\\/site\\\/#\\\/schema\\\/logo\\\/image\\\/\"},\"sameAs\":[\"https:\\\/\\\/www.facebook.com\\\/huruguen\",\"https:\\\/\\\/x.com\\\/www_huruguen_fr\",\"https:\\\/\\\/www.instagram.com\\\/sebastien.huruguen\\\/\"]},{\"@type\":\"Person\",\"@id\":\"https:\\\/\\\/www.huruguen.fr\\\/site\\\/#\\\/schema\\\/person\\\/bdce6395a337c00db735bf5fa1268715\",\"name\":\"Sebastien Huruguen\",\"description\":\"S\u00e9bastien Huruguen est photographe professionnel \u00e0 Bordeaux.\",\"sameAs\":[\"https:\\\/\\\/www.huruguen.fr\",\"https:\\\/\\\/www.facebook.com\\\/huruguen\\\/\",\"https:\\\/\\\/www.instagram.com\\\/sebastien.huruguen\\\/\",\"https:\\\/\\\/www.linkedin.com\\\/in\\\/sbastien-huruguen-95452342\\\/\",\"https:\\\/\\\/www.pinterest.fr\\\/shuruguen\\\/\",\"https:\\\/\\\/x.com\\\/www_huruguen_fr\",\"https:\\\/\\\/www.youtube.com\\\/channel\\\/UChEt96Suus_jyoBce80fNOA?nohtml5=False\"]}]}<\/script>\n<!-- \/ Yoast SEO plugin. -->","yoast_head_json":{"title":"Cross Tri des Terres Blanches 2018 \u2013 Podiums - Photographe Professionnel \u00e0 Bordeaux &#x1f4f7; Sebastien Huruguen","description":"Les photos officielles des podiums de la 2\u00e8me \u00e9dition du Cross Tri des Terres Blanches 2018 et de la 1\u00e8re \u00e9dition du Trail des Terres Blanches 7km et 14km.","robots":{"index":"index","follow":"follow","max-snippet":"max-snippet:-1","max-image-preview":"max-image-preview:large","max-video-preview":"max-video-preview:-1"},"canonical":"https:\/\/www.huruguen.fr\/site\/cross-tri-des-terres-blanches-2018-podiums\/","og_locale":"fr_FR","og_type":"article","og_title":"Cross Tri des Terres Blanches 2018 \u2013 Podiums - Photographe Professionnel \u00e0 Bordeaux &#x1f4f7; Sebastien Huruguen","og_description":"Les photos officielles des podiums de la 2\u00e8me \u00e9dition du Cross Tri des Terres Blanches 2018 et de la 1\u00e8re \u00e9dition du Trail des Terres Blanches 7km et 14km.","og_url":"https:\/\/www.huruguen.fr\/site\/cross-tri-des-terres-blanches-2018-podiums\/","og_site_name":"Photographe Professionnel \u00e0 Bordeaux &#x1f4f7; Sebastien Huruguen","article_publisher":"https:\/\/www.facebook.com\/huruguen","article_author":"https:\/\/www.facebook.com\/huruguen\/","article_published_time":"2018-08-31T09:19:00+00:00","article_modified_time":"2020-09-24T21:59:09+00:00","og_image":[{"width":1500,"height":1000,"url":"https:\/\/www.huruguen.fr\/site\/wp-content\/uploads\/2020\/04\/podium-cross-tri-des-terres-blanches-triathlon-XS-2018.jpg","type":"image\/jpeg"}],"author":"Sebastien Huruguen","twitter_card":"summary_large_image","twitter_creator":"@www_huruguen_fr","twitter_site":"@www_huruguen_fr","twitter_misc":{"\u00c9crit par":"Sebastien Huruguen"},"schema":{"@context":"https:\/\/schema.org","@graph":[{"@type":"Article","@id":"https:\/\/www.huruguen.fr\/site\/cross-tri-des-terres-blanches-2018-podiums\/#article","isPartOf":{"@id":"https:\/\/www.huruguen.fr\/site\/cross-tri-des-terres-blanches-2018-podiums\/"},"author":{"name":"Sebastien Huruguen","@id":"https:\/\/www.huruguen.fr\/site\/#\/schema\/person\/bdce6395a337c00db735bf5fa1268715"},"headline":"Cross Tri des Terres Blanches 2018 \u2013 Podiums","datePublished":"2018-08-31T09:19:00+00:00","dateModified":"2020-09-24T21:59:09+00:00","mainEntityOfPage":{"@id":"https:\/\/www.huruguen.fr\/site\/cross-tri-des-terres-blanches-2018-podiums\/"},"wordCount":68,"publisher":{"@id":"https:\/\/www.huruguen.fr\/site\/#organization"},"image":{"@id":"https:\/\/www.huruguen.fr\/site\/cross-tri-des-terres-blanches-2018-podiums\/#primaryimage"},"thumbnailUrl":"https:\/\/www.huruguen.fr\/site\/wp-content\/uploads\/2020\/04\/podium-cross-tri-des-terres-blanches-triathlon-XS-2018.jpg","keywords":["cross tri","cross tri des terres blanches 2018","podiums","podiums cross tri 2018"],"articleSection":["Actualit\u00e9s"],"inLanguage":"fr-FR"},{"@type":"WebPage","@id":"https:\/\/www.huruguen.fr\/site\/cross-tri-des-terres-blanches-2018-podiums\/","url":"https:\/\/www.huruguen.fr\/site\/cross-tri-des-terres-blanches-2018-podiums\/","name":"Cross Tri des Terres Blanches 2018 \u2013 Podiums - Photographe Professionnel \u00e0 Bordeaux &#x1f4f7; Sebastien Huruguen","isPartOf":{"@id":"https:\/\/www.huruguen.fr\/site\/#website"},"primaryImageOfPage":{"@id":"https:\/\/www.huruguen.fr\/site\/cross-tri-des-terres-blanches-2018-podiums\/#primaryimage"},"image":{"@id":"https:\/\/www.huruguen.fr\/site\/cross-tri-des-terres-blanches-2018-podiums\/#primaryimage"},"thumbnailUrl":"https:\/\/www.huruguen.fr\/site\/wp-content\/uploads\/2020\/04\/podium-cross-tri-des-terres-blanches-triathlon-XS-2018.jpg","datePublished":"2018-08-31T09:19:00+00:00","dateModified":"2020-09-24T21:59:09+00:00","description":"Les photos officielles des podiums de la 2\u00e8me \u00e9dition du Cross Tri des Terres Blanches 2018 et de la 1\u00e8re \u00e9dition du Trail des Terres Blanches 7km et 14km.","breadcrumb":{"@id":"https:\/\/www.huruguen.fr\/site\/cross-tri-des-terres-blanches-2018-podiums\/#breadcrumb"},"inLanguage":"fr-FR","potentialAction":[{"@type":"ReadAction","target":["https:\/\/www.huruguen.fr\/site\/cross-tri-des-terres-blanches-2018-podiums\/"]}]},{"@type":"ImageObject","inLanguage":"fr-FR","@id":"https:\/\/www.huruguen.fr\/site\/cross-tri-des-terres-blanches-2018-podiums\/#primaryimage","url":"https:\/\/www.huruguen.fr\/site\/wp-content\/uploads\/2020\/04\/podium-cross-tri-des-terres-blanches-triathlon-XS-2018.jpg","contentUrl":"https:\/\/www.huruguen.fr\/site\/wp-content\/uploads\/2020\/04\/podium-cross-tri-des-terres-blanches-triathlon-XS-2018.jpg","width":1500,"height":1000,"caption":"podium-cross-tri-des-terres-blanches-triathlon-XS-2018"},{"@type":"BreadcrumbList","@id":"https:\/\/www.huruguen.fr\/site\/cross-tri-des-terres-blanches-2018-podiums\/#breadcrumb","itemListElement":[{"@type":"ListItem","position":1,"name":"Accueil","item":"https:\/\/www.huruguen.fr\/site\/"},{"@type":"ListItem","position":2,"name":"Cross Tri des Terres Blanches 2018 \u2013 Podiums"}]},{"@type":"WebSite","@id":"https:\/\/www.huruguen.fr\/site\/#website","url":"https:\/\/www.huruguen.fr\/site\/","name":"Photographe Professionnel \u00e0 Bordeaux Sebastien Huruguen","description":"Photographe professionnel ind\u00e9pendant a Bordeaux. Prestations et services photograpphiques pour les professionnels et particuliers : reportages, s\u00e9ances photos, studio, packshot.","publisher":{"@id":"https:\/\/www.huruguen.fr\/site\/#organization"},"potentialAction":[{"@type":"SearchAction","target":{"@type":"EntryPoint","urlTemplate":"https:\/\/www.huruguen.fr\/site\/?s={search_term_string}"},"query-input":{"@type":"PropertyValueSpecification","valueRequired":true,"valueName":"search_term_string"}}],"inLanguage":"fr-FR"},{"@type":"Organization","@id":"https:\/\/www.huruguen.fr\/site\/#organization","name":"S\u00e9bastien Huruguen Photographe","url":"https:\/\/www.huruguen.fr\/site\/","logo":{"@type":"ImageObject","inLanguage":"fr-FR","@id":"https:\/\/www.huruguen.fr\/site\/#\/schema\/logo\/image\/","url":"https:\/\/www.huruguen.fr\/site\/wp-content\/uploads\/2018\/03\/Logo-Huruguen-triptique-2018-noir-1500.jpg","contentUrl":"https:\/\/www.huruguen.fr\/site\/wp-content\/uploads\/2018\/03\/Logo-Huruguen-triptique-2018-noir-1500.jpg","width":1500,"height":1500,"caption":"S\u00e9bastien Huruguen Photographe"},"image":{"@id":"https:\/\/www.huruguen.fr\/site\/#\/schema\/logo\/image\/"},"sameAs":["https:\/\/www.facebook.com\/huruguen","https:\/\/x.com\/www_huruguen_fr","https:\/\/www.instagram.com\/sebastien.huruguen\/"]},{"@type":"Person","@id":"https:\/\/www.huruguen.fr\/site\/#\/schema\/person\/bdce6395a337c00db735bf5fa1268715","name":"Sebastien Huruguen","description":"S\u00e9bastien Huruguen est photographe professionnel \u00e0 Bordeaux.","sameAs":["https:\/\/www.huruguen.fr","https:\/\/www.facebook.com\/huruguen\/","https:\/\/www.instagram.com\/sebastien.huruguen\/","https:\/\/www.linkedin.com\/in\/sbastien-huruguen-95452342\/","https:\/\/www.pinterest.fr\/shuruguen\/","https:\/\/x.com\/www_huruguen_fr","https:\/\/www.youtube.com\/channel\/UChEt96Suus_jyoBce80fNOA?nohtml5=False"]}]}},"_links":{"self":[{"href":"https:\/\/www.huruguen.fr\/site\/wp-json\/wp\/v2\/posts\/60768","targetHints":{"allow":["GET"]}}],"collection":[{"href":"https:\/\/www.huruguen.fr\/site\/wp-json\/wp\/v2\/posts"}],"about":[{"href":"https:\/\/www.huruguen.fr\/site\/wp-json\/wp\/v2\/types\/post"}],"author":[{"embeddable":true,"href":"https:\/\/www.huruguen.fr\/site\/wp-json\/wp\/v2\/users\/1"}],"replies":[{"embeddable":true,"href":"https:\/\/www.huruguen.fr\/site\/wp-json\/wp\/v2\/comments?post=60768"}],"version-history":[{"count":7,"href":"https:\/\/www.huruguen.fr\/site\/wp-json\/wp\/v2\/posts\/60768\/revisions"}],"predecessor-version":[{"id":61291,"href":"https:\/\/www.huruguen.fr\/site\/wp-json\/wp\/v2\/posts\/60768\/revisions\/61291"}],"wp:featuredmedia":[{"embeddable":true,"href":"https:\/\/www.huruguen.fr\/site\/wp-json\/wp\/v2\/media\/60769"}],"wp:attachment":[{"href":"https:\/\/www.huruguen.fr\/site\/wp-json\/wp\/v2\/media?parent=60768"}],"wp:term":[{"taxonomy":"category","embeddable":true,"href":"https:\/\/www.huruguen.fr\/site\/wp-json\/wp\/v2\/categories?post=60768"},{"taxonomy":"post_tag","embeddable":true,"href":"https:\/\/www.huruguen.fr\/site\/wp-json\/wp\/v2\/tags?post=60768"}],"curies":[{"name":"wp","href":"https:\/\/api.w.org\/{rel}","templated":true}]}}