{"id":60700,"date":"2019-06-02T11:15:00","date_gmt":"2019-06-02T10:15:00","guid":{"rendered":"https:\/\/www.huruguen.fr\/site\/?p=60700"},"modified":"2024-04-03T13:01:13","modified_gmt":"2024-04-03T12:01:13","slug":"podiums-e-leclerc-frenchman-triathlon-2019","status":"publish","type":"post","link":"https:\/\/www.huruguen.fr\/site\/podiums-e-leclerc-frenchman-triathlon-2019\/","title":{"rendered":"Podiums \u2013 E.Leclerc Frenchman Triathlon 2019"},"content":{"rendered":"\n<figure class=\"wp-block-image size-full\"><img loading=\"lazy\" decoding=\"async\" width=\"2560\" height=\"1706\" src=\"https:\/\/www.huruguen.fr\/site\/wp-content\/uploads\/2020\/04\/frenchman-triathlon-xxl-2019-podiums-sebastien-huruguen-hourtin-19-scaled.jpg\" alt=\"frenchman-triathlon-xxl-2019-podiums-sebastien-huruguen-hourtin-19-scaled\" class=\"wp-image-60719\" srcset=\"https:\/\/www.huruguen.fr\/site\/wp-content\/uploads\/2020\/04\/frenchman-triathlon-xxl-2019-podiums-sebastien-huruguen-hourtin-19-scaled.jpg 2560w, https:\/\/www.huruguen.fr\/site\/wp-content\/uploads\/2020\/04\/frenchman-triathlon-xxl-2019-podiums-sebastien-huruguen-hourtin-19-300x200.jpg 300w, https:\/\/www.huruguen.fr\/site\/wp-content\/uploads\/2020\/04\/frenchman-triathlon-xxl-2019-podiums-sebastien-huruguen-hourtin-19-1024x683.jpg 1024w, https:\/\/www.huruguen.fr\/site\/wp-content\/uploads\/2020\/04\/frenchman-triathlon-xxl-2019-podiums-sebastien-huruguen-hourtin-19-768x512.jpg 768w, https:\/\/www.huruguen.fr\/site\/wp-content\/uploads\/2020\/04\/frenchman-triathlon-xxl-2019-podiums-sebastien-huruguen-hourtin-19-1536x1024.jpg 1536w, https:\/\/www.huruguen.fr\/site\/wp-content\/uploads\/2020\/04\/frenchman-triathlon-xxl-2019-podiums-sebastien-huruguen-hourtin-19-scaled-680x452.jpg 680w, https:\/\/www.huruguen.fr\/site\/wp-content\/uploads\/2020\/04\/frenchman-triathlon-xxl-2019-podiums-sebastien-huruguen-hourtin-19-scaled-340x226.jpg 340w, https:\/\/www.huruguen.fr\/site\/wp-content\/uploads\/2020\/04\/frenchman-triathlon-xxl-2019-podiums-sebastien-huruguen-hourtin-19-scaled-740x494.jpg 740w, https:\/\/www.huruguen.fr\/site\/wp-content\/uploads\/2020\/04\/frenchman-triathlon-xxl-2019-podiums-sebastien-huruguen-hourtin-19-scaled-370x247.jpg 370w\" sizes=\"auto, (max-width: 2560px) 100vw, 2560px\" \/><\/figure>\n\n\n\n<div style=\"height:100px\" aria-hidden=\"true\" class=\"wp-block-spacer\"><\/div>\n\n\n\n<h2 class=\"wp-block-heading\">Podiums E.LECLERC FRENCHMAN TRIATHLON XXL 2019<\/h2>\n\n\n\n<div style=\"height:100px\" aria-hidden=\"true\" class=\"wp-block-spacer\"><\/div>\n\n\n\n<p>La septi\u00e8me \u00e9dition du E.LECLERC FRENCHMAN triathlon XXL organis\u00e9 \u00e0 Hourtin a \u00e9t\u00e9 remport\u00e9 par&nbsp;<strong>Robin Moussel<\/strong>&nbsp;(EVREUX AC. TRIATHLON) \u00e9tablissant un nouveau record de l\u2019\u00e9preuve en 08:10:18.<br><strong>Camille Deligny<\/strong>&nbsp;(LOURDES TRIATHLON) remporte pour la deuxi\u00e8me fois le Frenchman en 09:35:48 apr\u00e8s sa victoire 2 jours plus t\u00f4t sur le Relais &amp; Ch\u00e2teau Cordeillan-Bages Triathlon Distance M.<\/p>\n\n\n\n<p>Chez les hommes, Nelis Pex (GO LIKE HELL) et Frederic Durand (TEAM CHARENTES TRIATHLON) compl\u00e8tent le podium. Chez les femmes Elodie Davy (DROMAD`ERDRE) prends la 2\u00e8me place et Ana\u00efs Tardieu (TEAM KUPA A) compl\u00e8te le podium.<\/p>\n\n\n\n<div style=\"height:100px\" aria-hidden=\"true\" class=\"wp-block-spacer\"><\/div>\n\n\n\n<figure class=\"wp-block-gallery columns-3 is-cropped wp-block-gallery-2 is-layout-flex wp-block-gallery-is-layout-flex\"><ul class=\"blocks-gallery-grid\"><li class=\"blocks-gallery-item\"><figure><a href=\"https:\/\/www.huruguen.fr\/site\/wp-content\/uploads\/2020\/04\/frenchman-triathlon-xxl-2019-podiums-sebastien-huruguen-hourtin-1-scaled.jpg\"><img loading=\"lazy\" decoding=\"async\" width=\"1024\" height=\"683\" src=\"https:\/\/www.huruguen.fr\/site\/wp-content\/uploads\/2020\/04\/frenchman-triathlon-xxl-2019-podiums-sebastien-huruguen-hourtin-1-1024x683.jpg\" alt=\"\" data-id=\"60701\" data-full-url=\"https:\/\/www.huruguen.fr\/site\/wp-content\/uploads\/2020\/04\/frenchman-triathlon-xxl-2019-podiums-sebastien-huruguen-hourtin-1-scaled.jpg\" data-link=\"https:\/\/www.huruguen.fr\/site\/?attachment_id=60701\" class=\"wp-image-60701\" srcset=\"https:\/\/www.huruguen.fr\/site\/wp-content\/uploads\/2020\/04\/frenchman-triathlon-xxl-2019-podiums-sebastien-huruguen-hourtin-1-1024x683.jpg 1024w, https:\/\/www.huruguen.fr\/site\/wp-content\/uploads\/2020\/04\/frenchman-triathlon-xxl-2019-podiums-sebastien-huruguen-hourtin-1-300x200.jpg 300w, https:\/\/www.huruguen.fr\/site\/wp-content\/uploads\/2020\/04\/frenchman-triathlon-xxl-2019-podiums-sebastien-huruguen-hourtin-1-768x512.jpg 768w, https:\/\/www.huruguen.fr\/site\/wp-content\/uploads\/2020\/04\/frenchman-triathlon-xxl-2019-podiums-sebastien-huruguen-hourtin-1-1536x1024.jpg 1536w\" sizes=\"auto, (max-width: 1024px) 100vw, 1024px\" \/><\/a><\/figure><\/li><li class=\"blocks-gallery-item\"><figure><a href=\"https:\/\/www.huruguen.fr\/site\/wp-content\/uploads\/2020\/04\/frenchman-triathlon-xxl-2019-podiums-sebastien-huruguen-hourtin-2-scaled.jpg\"><img loading=\"lazy\" decoding=\"async\" width=\"1024\" height=\"683\" src=\"https:\/\/www.huruguen.fr\/site\/wp-content\/uploads\/2020\/04\/frenchman-triathlon-xxl-2019-podiums-sebastien-huruguen-hourtin-2-1024x683.jpg\" alt=\"\" data-id=\"60702\" data-full-url=\"https:\/\/www.huruguen.fr\/site\/wp-content\/uploads\/2020\/04\/frenchman-triathlon-xxl-2019-podiums-sebastien-huruguen-hourtin-2-scaled.jpg\" data-link=\"https:\/\/www.huruguen.fr\/site\/?attachment_id=60702\" class=\"wp-image-60702\" srcset=\"https:\/\/www.huruguen.fr\/site\/wp-content\/uploads\/2020\/04\/frenchman-triathlon-xxl-2019-podiums-sebastien-huruguen-hourtin-2-1024x683.jpg 1024w, https:\/\/www.huruguen.fr\/site\/wp-content\/uploads\/2020\/04\/frenchman-triathlon-xxl-2019-podiums-sebastien-huruguen-hourtin-2-300x200.jpg 300w, https:\/\/www.huruguen.fr\/site\/wp-content\/uploads\/2020\/04\/frenchman-triathlon-xxl-2019-podiums-sebastien-huruguen-hourtin-2-768x512.jpg 768w, https:\/\/www.huruguen.fr\/site\/wp-content\/uploads\/2020\/04\/frenchman-triathlon-xxl-2019-podiums-sebastien-huruguen-hourtin-2-1536x1024.jpg 1536w\" sizes=\"auto, (max-width: 1024px) 100vw, 1024px\" \/><\/a><\/figure><\/li><li class=\"blocks-gallery-item\"><figure><a href=\"https:\/\/www.huruguen.fr\/site\/wp-content\/uploads\/2020\/04\/frenchman-triathlon-xxl-2019-podiums-sebastien-huruguen-hourtin-3-scaled.jpg\"><img loading=\"lazy\" decoding=\"async\" width=\"1024\" height=\"683\" src=\"https:\/\/www.huruguen.fr\/site\/wp-content\/uploads\/2020\/04\/frenchman-triathlon-xxl-2019-podiums-sebastien-huruguen-hourtin-3-1024x683.jpg\" alt=\"\" data-id=\"60703\" data-full-url=\"https:\/\/www.huruguen.fr\/site\/wp-content\/uploads\/2020\/04\/frenchman-triathlon-xxl-2019-podiums-sebastien-huruguen-hourtin-3-scaled.jpg\" data-link=\"https:\/\/www.huruguen.fr\/site\/?attachment_id=60703\" class=\"wp-image-60703\" srcset=\"https:\/\/www.huruguen.fr\/site\/wp-content\/uploads\/2020\/04\/frenchman-triathlon-xxl-2019-podiums-sebastien-huruguen-hourtin-3-1024x683.jpg 1024w, https:\/\/www.huruguen.fr\/site\/wp-content\/uploads\/2020\/04\/frenchman-triathlon-xxl-2019-podiums-sebastien-huruguen-hourtin-3-300x200.jpg 300w, https:\/\/www.huruguen.fr\/site\/wp-content\/uploads\/2020\/04\/frenchman-triathlon-xxl-2019-podiums-sebastien-huruguen-hourtin-3-768x512.jpg 768w, https:\/\/www.huruguen.fr\/site\/wp-content\/uploads\/2020\/04\/frenchman-triathlon-xxl-2019-podiums-sebastien-huruguen-hourtin-3-1536x1024.jpg 1536w\" sizes=\"auto, (max-width: 1024px) 100vw, 1024px\" \/><\/a><\/figure><\/li><li class=\"blocks-gallery-item\"><figure><a href=\"https:\/\/www.huruguen.fr\/site\/wp-content\/uploads\/2020\/04\/frenchman-triathlon-xxl-2019-podiums-sebastien-huruguen-hourtin-4-scaled.jpg\"><img loading=\"lazy\" decoding=\"async\" width=\"1024\" height=\"683\" src=\"https:\/\/www.huruguen.fr\/site\/wp-content\/uploads\/2020\/04\/frenchman-triathlon-xxl-2019-podiums-sebastien-huruguen-hourtin-4-1024x683.jpg\" alt=\"\" data-id=\"60704\" data-full-url=\"https:\/\/www.huruguen.fr\/site\/wp-content\/uploads\/2020\/04\/frenchman-triathlon-xxl-2019-podiums-sebastien-huruguen-hourtin-4-scaled.jpg\" data-link=\"https:\/\/www.huruguen.fr\/site\/?attachment_id=60704\" class=\"wp-image-60704\" srcset=\"https:\/\/www.huruguen.fr\/site\/wp-content\/uploads\/2020\/04\/frenchman-triathlon-xxl-2019-podiums-sebastien-huruguen-hourtin-4-1024x683.jpg 1024w, https:\/\/www.huruguen.fr\/site\/wp-content\/uploads\/2020\/04\/frenchman-triathlon-xxl-2019-podiums-sebastien-huruguen-hourtin-4-300x200.jpg 300w, https:\/\/www.huruguen.fr\/site\/wp-content\/uploads\/2020\/04\/frenchman-triathlon-xxl-2019-podiums-sebastien-huruguen-hourtin-4-768x512.jpg 768w, https:\/\/www.huruguen.fr\/site\/wp-content\/uploads\/2020\/04\/frenchman-triathlon-xxl-2019-podiums-sebastien-huruguen-hourtin-4-1536x1024.jpg 1536w\" sizes=\"auto, (max-width: 1024px) 100vw, 1024px\" \/><\/a><\/figure><\/li><li class=\"blocks-gallery-item\"><figure><a href=\"https:\/\/www.huruguen.fr\/site\/wp-content\/uploads\/2020\/04\/frenchman-triathlon-xxl-2019-podiums-sebastien-huruguen-hourtin-5-scaled.jpg\"><img loading=\"lazy\" decoding=\"async\" width=\"1024\" height=\"683\" src=\"https:\/\/www.huruguen.fr\/site\/wp-content\/uploads\/2020\/04\/frenchman-triathlon-xxl-2019-podiums-sebastien-huruguen-hourtin-5-1024x683.jpg\" alt=\"\" data-id=\"60705\" data-full-url=\"https:\/\/www.huruguen.fr\/site\/wp-content\/uploads\/2020\/04\/frenchman-triathlon-xxl-2019-podiums-sebastien-huruguen-hourtin-5-scaled.jpg\" data-link=\"https:\/\/www.huruguen.fr\/site\/?attachment_id=60705\" class=\"wp-image-60705\" srcset=\"https:\/\/www.huruguen.fr\/site\/wp-content\/uploads\/2020\/04\/frenchman-triathlon-xxl-2019-podiums-sebastien-huruguen-hourtin-5-1024x683.jpg 1024w, https:\/\/www.huruguen.fr\/site\/wp-content\/uploads\/2020\/04\/frenchman-triathlon-xxl-2019-podiums-sebastien-huruguen-hourtin-5-300x200.jpg 300w, https:\/\/www.huruguen.fr\/site\/wp-content\/uploads\/2020\/04\/frenchman-triathlon-xxl-2019-podiums-sebastien-huruguen-hourtin-5-768x512.jpg 768w, https:\/\/www.huruguen.fr\/site\/wp-content\/uploads\/2020\/04\/frenchman-triathlon-xxl-2019-podiums-sebastien-huruguen-hourtin-5-1536x1024.jpg 1536w\" sizes=\"auto, (max-width: 1024px) 100vw, 1024px\" \/><\/a><\/figure><\/li><li class=\"blocks-gallery-item\"><figure><a href=\"https:\/\/www.huruguen.fr\/site\/wp-content\/uploads\/2020\/04\/frenchman-triathlon-xxl-2019-podiums-sebastien-huruguen-hourtin-6-scaled.jpg\"><img loading=\"lazy\" decoding=\"async\" width=\"1024\" height=\"683\" src=\"https:\/\/www.huruguen.fr\/site\/wp-content\/uploads\/2020\/04\/frenchman-triathlon-xxl-2019-podiums-sebastien-huruguen-hourtin-6-1024x683.jpg\" alt=\"\" data-id=\"60706\" data-full-url=\"https:\/\/www.huruguen.fr\/site\/wp-content\/uploads\/2020\/04\/frenchman-triathlon-xxl-2019-podiums-sebastien-huruguen-hourtin-6-scaled.jpg\" data-link=\"https:\/\/www.huruguen.fr\/site\/?attachment_id=60706\" class=\"wp-image-60706\" srcset=\"https:\/\/www.huruguen.fr\/site\/wp-content\/uploads\/2020\/04\/frenchman-triathlon-xxl-2019-podiums-sebastien-huruguen-hourtin-6-1024x683.jpg 1024w, https:\/\/www.huruguen.fr\/site\/wp-content\/uploads\/2020\/04\/frenchman-triathlon-xxl-2019-podiums-sebastien-huruguen-hourtin-6-300x200.jpg 300w, https:\/\/www.huruguen.fr\/site\/wp-content\/uploads\/2020\/04\/frenchman-triathlon-xxl-2019-podiums-sebastien-huruguen-hourtin-6-768x512.jpg 768w, https:\/\/www.huruguen.fr\/site\/wp-content\/uploads\/2020\/04\/frenchman-triathlon-xxl-2019-podiums-sebastien-huruguen-hourtin-6-1536x1024.jpg 1536w\" sizes=\"auto, (max-width: 1024px) 100vw, 1024px\" \/><\/a><\/figure><\/li><li class=\"blocks-gallery-item\"><figure><a href=\"https:\/\/www.huruguen.fr\/site\/wp-content\/uploads\/2020\/04\/frenchman-triathlon-xxl-2019-podiums-sebastien-huruguen-hourtin-7-scaled.jpg\"><img loading=\"lazy\" decoding=\"async\" width=\"1024\" height=\"683\" src=\"https:\/\/www.huruguen.fr\/site\/wp-content\/uploads\/2020\/04\/frenchman-triathlon-xxl-2019-podiums-sebastien-huruguen-hourtin-7-1024x683.jpg\" alt=\"\" data-id=\"60707\" data-full-url=\"https:\/\/www.huruguen.fr\/site\/wp-content\/uploads\/2020\/04\/frenchman-triathlon-xxl-2019-podiums-sebastien-huruguen-hourtin-7-scaled.jpg\" data-link=\"https:\/\/www.huruguen.fr\/site\/?attachment_id=60707\" class=\"wp-image-60707\" srcset=\"https:\/\/www.huruguen.fr\/site\/wp-content\/uploads\/2020\/04\/frenchman-triathlon-xxl-2019-podiums-sebastien-huruguen-hourtin-7-1024x683.jpg 1024w, https:\/\/www.huruguen.fr\/site\/wp-content\/uploads\/2020\/04\/frenchman-triathlon-xxl-2019-podiums-sebastien-huruguen-hourtin-7-300x200.jpg 300w, https:\/\/www.huruguen.fr\/site\/wp-content\/uploads\/2020\/04\/frenchman-triathlon-xxl-2019-podiums-sebastien-huruguen-hourtin-7-768x512.jpg 768w, https:\/\/www.huruguen.fr\/site\/wp-content\/uploads\/2020\/04\/frenchman-triathlon-xxl-2019-podiums-sebastien-huruguen-hourtin-7-1536x1024.jpg 1536w\" sizes=\"auto, (max-width: 1024px) 100vw, 1024px\" \/><\/a><\/figure><\/li><li class=\"blocks-gallery-item\"><figure><a href=\"https:\/\/www.huruguen.fr\/site\/wp-content\/uploads\/2020\/04\/frenchman-triathlon-xxl-2019-podiums-sebastien-huruguen-hourtin-8-scaled.jpg\"><img loading=\"lazy\" decoding=\"async\" width=\"1024\" height=\"683\" src=\"https:\/\/www.huruguen.fr\/site\/wp-content\/uploads\/2020\/04\/frenchman-triathlon-xxl-2019-podiums-sebastien-huruguen-hourtin-8-1024x683.jpg\" alt=\"\" data-id=\"60708\" data-full-url=\"https:\/\/www.huruguen.fr\/site\/wp-content\/uploads\/2020\/04\/frenchman-triathlon-xxl-2019-podiums-sebastien-huruguen-hourtin-8-scaled.jpg\" data-link=\"https:\/\/www.huruguen.fr\/site\/?attachment_id=60708\" class=\"wp-image-60708\" srcset=\"https:\/\/www.huruguen.fr\/site\/wp-content\/uploads\/2020\/04\/frenchman-triathlon-xxl-2019-podiums-sebastien-huruguen-hourtin-8-1024x683.jpg 1024w, https:\/\/www.huruguen.fr\/site\/wp-content\/uploads\/2020\/04\/frenchman-triathlon-xxl-2019-podiums-sebastien-huruguen-hourtin-8-300x200.jpg 300w, https:\/\/www.huruguen.fr\/site\/wp-content\/uploads\/2020\/04\/frenchman-triathlon-xxl-2019-podiums-sebastien-huruguen-hourtin-8-768x512.jpg 768w, https:\/\/www.huruguen.fr\/site\/wp-content\/uploads\/2020\/04\/frenchman-triathlon-xxl-2019-podiums-sebastien-huruguen-hourtin-8-1536x1024.jpg 1536w\" sizes=\"auto, (max-width: 1024px) 100vw, 1024px\" \/><\/a><\/figure><\/li><li class=\"blocks-gallery-item\"><figure><a href=\"https:\/\/www.huruguen.fr\/site\/wp-content\/uploads\/2020\/04\/frenchman-triathlon-xxl-2019-podiums-sebastien-huruguen-hourtin-9-scaled.jpg\"><img loading=\"lazy\" decoding=\"async\" width=\"1024\" height=\"683\" src=\"https:\/\/www.huruguen.fr\/site\/wp-content\/uploads\/2020\/04\/frenchman-triathlon-xxl-2019-podiums-sebastien-huruguen-hourtin-9-1024x683.jpg\" alt=\"\" data-id=\"60709\" data-full-url=\"https:\/\/www.huruguen.fr\/site\/wp-content\/uploads\/2020\/04\/frenchman-triathlon-xxl-2019-podiums-sebastien-huruguen-hourtin-9-scaled.jpg\" data-link=\"https:\/\/www.huruguen.fr\/site\/?attachment_id=60709\" class=\"wp-image-60709\" srcset=\"https:\/\/www.huruguen.fr\/site\/wp-content\/uploads\/2020\/04\/frenchman-triathlon-xxl-2019-podiums-sebastien-huruguen-hourtin-9-1024x683.jpg 1024w, https:\/\/www.huruguen.fr\/site\/wp-content\/uploads\/2020\/04\/frenchman-triathlon-xxl-2019-podiums-sebastien-huruguen-hourtin-9-300x200.jpg 300w, https:\/\/www.huruguen.fr\/site\/wp-content\/uploads\/2020\/04\/frenchman-triathlon-xxl-2019-podiums-sebastien-huruguen-hourtin-9-768x512.jpg 768w, https:\/\/www.huruguen.fr\/site\/wp-content\/uploads\/2020\/04\/frenchman-triathlon-xxl-2019-podiums-sebastien-huruguen-hourtin-9-1536x1024.jpg 1536w\" sizes=\"auto, (max-width: 1024px) 100vw, 1024px\" \/><\/a><\/figure><\/li><li class=\"blocks-gallery-item\"><figure><a href=\"https:\/\/www.huruguen.fr\/site\/wp-content\/uploads\/2020\/04\/frenchman-triathlon-xxl-2019-podiums-sebastien-huruguen-hourtin-10-scaled.jpg\"><img loading=\"lazy\" decoding=\"async\" width=\"1024\" height=\"683\" src=\"https:\/\/www.huruguen.fr\/site\/wp-content\/uploads\/2020\/04\/frenchman-triathlon-xxl-2019-podiums-sebastien-huruguen-hourtin-10-1024x683.jpg\" alt=\"\" data-id=\"60710\" data-full-url=\"https:\/\/www.huruguen.fr\/site\/wp-content\/uploads\/2020\/04\/frenchman-triathlon-xxl-2019-podiums-sebastien-huruguen-hourtin-10-scaled.jpg\" data-link=\"https:\/\/www.huruguen.fr\/site\/?attachment_id=60710\" class=\"wp-image-60710\" srcset=\"https:\/\/www.huruguen.fr\/site\/wp-content\/uploads\/2020\/04\/frenchman-triathlon-xxl-2019-podiums-sebastien-huruguen-hourtin-10-1024x683.jpg 1024w, https:\/\/www.huruguen.fr\/site\/wp-content\/uploads\/2020\/04\/frenchman-triathlon-xxl-2019-podiums-sebastien-huruguen-hourtin-10-300x200.jpg 300w, https:\/\/www.huruguen.fr\/site\/wp-content\/uploads\/2020\/04\/frenchman-triathlon-xxl-2019-podiums-sebastien-huruguen-hourtin-10-768x512.jpg 768w, https:\/\/www.huruguen.fr\/site\/wp-content\/uploads\/2020\/04\/frenchman-triathlon-xxl-2019-podiums-sebastien-huruguen-hourtin-10-1536x1024.jpg 1536w\" sizes=\"auto, (max-width: 1024px) 100vw, 1024px\" \/><\/a><\/figure><\/li><li class=\"blocks-gallery-item\"><figure><a href=\"https:\/\/www.huruguen.fr\/site\/wp-content\/uploads\/2020\/04\/frenchman-triathlon-xxl-2019-podiums-sebastien-huruguen-hourtin-11-scaled.jpg\"><img loading=\"lazy\" decoding=\"async\" width=\"1024\" height=\"683\" src=\"https:\/\/www.huruguen.fr\/site\/wp-content\/uploads\/2020\/04\/frenchman-triathlon-xxl-2019-podiums-sebastien-huruguen-hourtin-11-1024x683.jpg\" alt=\"\" data-id=\"60711\" data-full-url=\"https:\/\/www.huruguen.fr\/site\/wp-content\/uploads\/2020\/04\/frenchman-triathlon-xxl-2019-podiums-sebastien-huruguen-hourtin-11-scaled.jpg\" data-link=\"https:\/\/www.huruguen.fr\/site\/?attachment_id=60711\" class=\"wp-image-60711\" srcset=\"https:\/\/www.huruguen.fr\/site\/wp-content\/uploads\/2020\/04\/frenchman-triathlon-xxl-2019-podiums-sebastien-huruguen-hourtin-11-1024x683.jpg 1024w, https:\/\/www.huruguen.fr\/site\/wp-content\/uploads\/2020\/04\/frenchman-triathlon-xxl-2019-podiums-sebastien-huruguen-hourtin-11-300x200.jpg 300w, https:\/\/www.huruguen.fr\/site\/wp-content\/uploads\/2020\/04\/frenchman-triathlon-xxl-2019-podiums-sebastien-huruguen-hourtin-11-768x512.jpg 768w, https:\/\/www.huruguen.fr\/site\/wp-content\/uploads\/2020\/04\/frenchman-triathlon-xxl-2019-podiums-sebastien-huruguen-hourtin-11-1536x1024.jpg 1536w\" sizes=\"auto, (max-width: 1024px) 100vw, 1024px\" \/><\/a><\/figure><\/li><li class=\"blocks-gallery-item\"><figure><a href=\"https:\/\/www.huruguen.fr\/site\/wp-content\/uploads\/2020\/04\/frenchman-triathlon-xxl-2019-podiums-sebastien-huruguen-hourtin-12-scaled.jpg\"><img loading=\"lazy\" decoding=\"async\" width=\"1024\" height=\"683\" src=\"https:\/\/www.huruguen.fr\/site\/wp-content\/uploads\/2020\/04\/frenchman-triathlon-xxl-2019-podiums-sebastien-huruguen-hourtin-12-1024x683.jpg\" alt=\"\" data-id=\"60712\" data-full-url=\"https:\/\/www.huruguen.fr\/site\/wp-content\/uploads\/2020\/04\/frenchman-triathlon-xxl-2019-podiums-sebastien-huruguen-hourtin-12-scaled.jpg\" data-link=\"https:\/\/www.huruguen.fr\/site\/?attachment_id=60712\" class=\"wp-image-60712\" srcset=\"https:\/\/www.huruguen.fr\/site\/wp-content\/uploads\/2020\/04\/frenchman-triathlon-xxl-2019-podiums-sebastien-huruguen-hourtin-12-1024x683.jpg 1024w, https:\/\/www.huruguen.fr\/site\/wp-content\/uploads\/2020\/04\/frenchman-triathlon-xxl-2019-podiums-sebastien-huruguen-hourtin-12-300x200.jpg 300w, https:\/\/www.huruguen.fr\/site\/wp-content\/uploads\/2020\/04\/frenchman-triathlon-xxl-2019-podiums-sebastien-huruguen-hourtin-12-768x512.jpg 768w, https:\/\/www.huruguen.fr\/site\/wp-content\/uploads\/2020\/04\/frenchman-triathlon-xxl-2019-podiums-sebastien-huruguen-hourtin-12-1536x1024.jpg 1536w\" sizes=\"auto, (max-width: 1024px) 100vw, 1024px\" \/><\/a><\/figure><\/li><li class=\"blocks-gallery-item\"><figure><a href=\"https:\/\/www.huruguen.fr\/site\/wp-content\/uploads\/2020\/04\/frenchman-triathlon-xxl-2019-podiums-sebastien-huruguen-hourtin-13-scaled.jpg\"><img loading=\"lazy\" decoding=\"async\" width=\"1024\" height=\"683\" src=\"https:\/\/www.huruguen.fr\/site\/wp-content\/uploads\/2020\/04\/frenchman-triathlon-xxl-2019-podiums-sebastien-huruguen-hourtin-13-1024x683.jpg\" alt=\"\" data-id=\"60713\" data-full-url=\"https:\/\/www.huruguen.fr\/site\/wp-content\/uploads\/2020\/04\/frenchman-triathlon-xxl-2019-podiums-sebastien-huruguen-hourtin-13-scaled.jpg\" data-link=\"https:\/\/www.huruguen.fr\/site\/?attachment_id=60713\" class=\"wp-image-60713\" srcset=\"https:\/\/www.huruguen.fr\/site\/wp-content\/uploads\/2020\/04\/frenchman-triathlon-xxl-2019-podiums-sebastien-huruguen-hourtin-13-1024x683.jpg 1024w, https:\/\/www.huruguen.fr\/site\/wp-content\/uploads\/2020\/04\/frenchman-triathlon-xxl-2019-podiums-sebastien-huruguen-hourtin-13-300x200.jpg 300w, https:\/\/www.huruguen.fr\/site\/wp-content\/uploads\/2020\/04\/frenchman-triathlon-xxl-2019-podiums-sebastien-huruguen-hourtin-13-768x512.jpg 768w, https:\/\/www.huruguen.fr\/site\/wp-content\/uploads\/2020\/04\/frenchman-triathlon-xxl-2019-podiums-sebastien-huruguen-hourtin-13-1536x1024.jpg 1536w\" sizes=\"auto, (max-width: 1024px) 100vw, 1024px\" \/><\/a><\/figure><\/li><li class=\"blocks-gallery-item\"><figure><a href=\"https:\/\/www.huruguen.fr\/site\/wp-content\/uploads\/2020\/04\/frenchman-triathlon-xxl-2019-podiums-sebastien-huruguen-hourtin-14-scaled.jpg\"><img loading=\"lazy\" decoding=\"async\" width=\"1024\" height=\"683\" src=\"https:\/\/www.huruguen.fr\/site\/wp-content\/uploads\/2020\/04\/frenchman-triathlon-xxl-2019-podiums-sebastien-huruguen-hourtin-14-1024x683.jpg\" alt=\"\" data-id=\"60714\" data-full-url=\"https:\/\/www.huruguen.fr\/site\/wp-content\/uploads\/2020\/04\/frenchman-triathlon-xxl-2019-podiums-sebastien-huruguen-hourtin-14-scaled.jpg\" data-link=\"https:\/\/www.huruguen.fr\/site\/?attachment_id=60714\" class=\"wp-image-60714\" srcset=\"https:\/\/www.huruguen.fr\/site\/wp-content\/uploads\/2020\/04\/frenchman-triathlon-xxl-2019-podiums-sebastien-huruguen-hourtin-14-1024x683.jpg 1024w, https:\/\/www.huruguen.fr\/site\/wp-content\/uploads\/2020\/04\/frenchman-triathlon-xxl-2019-podiums-sebastien-huruguen-hourtin-14-300x200.jpg 300w, https:\/\/www.huruguen.fr\/site\/wp-content\/uploads\/2020\/04\/frenchman-triathlon-xxl-2019-podiums-sebastien-huruguen-hourtin-14-768x512.jpg 768w, https:\/\/www.huruguen.fr\/site\/wp-content\/uploads\/2020\/04\/frenchman-triathlon-xxl-2019-podiums-sebastien-huruguen-hourtin-14-1536x1024.jpg 1536w\" sizes=\"auto, (max-width: 1024px) 100vw, 1024px\" \/><\/a><\/figure><\/li><li class=\"blocks-gallery-item\"><figure><a href=\"https:\/\/www.huruguen.fr\/site\/wp-content\/uploads\/2020\/04\/frenchman-triathlon-xxl-2019-podiums-sebastien-huruguen-hourtin-15-scaled.jpg\"><img loading=\"lazy\" decoding=\"async\" width=\"1024\" height=\"683\" src=\"https:\/\/www.huruguen.fr\/site\/wp-content\/uploads\/2020\/04\/frenchman-triathlon-xxl-2019-podiums-sebastien-huruguen-hourtin-15-1024x683.jpg\" alt=\"\" data-id=\"60715\" data-full-url=\"https:\/\/www.huruguen.fr\/site\/wp-content\/uploads\/2020\/04\/frenchman-triathlon-xxl-2019-podiums-sebastien-huruguen-hourtin-15-scaled.jpg\" data-link=\"https:\/\/www.huruguen.fr\/site\/?attachment_id=60715\" class=\"wp-image-60715\" srcset=\"https:\/\/www.huruguen.fr\/site\/wp-content\/uploads\/2020\/04\/frenchman-triathlon-xxl-2019-podiums-sebastien-huruguen-hourtin-15-1024x683.jpg 1024w, https:\/\/www.huruguen.fr\/site\/wp-content\/uploads\/2020\/04\/frenchman-triathlon-xxl-2019-podiums-sebastien-huruguen-hourtin-15-300x200.jpg 300w, https:\/\/www.huruguen.fr\/site\/wp-content\/uploads\/2020\/04\/frenchman-triathlon-xxl-2019-podiums-sebastien-huruguen-hourtin-15-768x512.jpg 768w, https:\/\/www.huruguen.fr\/site\/wp-content\/uploads\/2020\/04\/frenchman-triathlon-xxl-2019-podiums-sebastien-huruguen-hourtin-15-1536x1024.jpg 1536w\" sizes=\"auto, (max-width: 1024px) 100vw, 1024px\" \/><\/a><\/figure><\/li><li class=\"blocks-gallery-item\"><figure><a href=\"https:\/\/www.huruguen.fr\/site\/wp-content\/uploads\/2020\/04\/frenchman-triathlon-xxl-2019-podiums-sebastien-huruguen-hourtin-16-scaled.jpg\"><img loading=\"lazy\" decoding=\"async\" width=\"1024\" height=\"683\" src=\"https:\/\/www.huruguen.fr\/site\/wp-content\/uploads\/2020\/04\/frenchman-triathlon-xxl-2019-podiums-sebastien-huruguen-hourtin-16-1024x683.jpg\" alt=\"\" data-id=\"60716\" data-full-url=\"https:\/\/www.huruguen.fr\/site\/wp-content\/uploads\/2020\/04\/frenchman-triathlon-xxl-2019-podiums-sebastien-huruguen-hourtin-16-scaled.jpg\" data-link=\"https:\/\/www.huruguen.fr\/site\/?attachment_id=60716\" class=\"wp-image-60716\" srcset=\"https:\/\/www.huruguen.fr\/site\/wp-content\/uploads\/2020\/04\/frenchman-triathlon-xxl-2019-podiums-sebastien-huruguen-hourtin-16-1024x683.jpg 1024w, https:\/\/www.huruguen.fr\/site\/wp-content\/uploads\/2020\/04\/frenchman-triathlon-xxl-2019-podiums-sebastien-huruguen-hourtin-16-300x200.jpg 300w, https:\/\/www.huruguen.fr\/site\/wp-content\/uploads\/2020\/04\/frenchman-triathlon-xxl-2019-podiums-sebastien-huruguen-hourtin-16-768x512.jpg 768w, https:\/\/www.huruguen.fr\/site\/wp-content\/uploads\/2020\/04\/frenchman-triathlon-xxl-2019-podiums-sebastien-huruguen-hourtin-16-1536x1024.jpg 1536w\" sizes=\"auto, (max-width: 1024px) 100vw, 1024px\" \/><\/a><\/figure><\/li><li class=\"blocks-gallery-item\"><figure><a href=\"https:\/\/www.huruguen.fr\/site\/wp-content\/uploads\/2020\/04\/frenchman-triathlon-xxl-2019-podiums-sebastien-huruguen-hourtin-17-scaled.jpg\"><img loading=\"lazy\" decoding=\"async\" width=\"1024\" height=\"683\" src=\"https:\/\/www.huruguen.fr\/site\/wp-content\/uploads\/2020\/04\/frenchman-triathlon-xxl-2019-podiums-sebastien-huruguen-hourtin-17-1024x683.jpg\" alt=\"\" data-id=\"60717\" data-full-url=\"https:\/\/www.huruguen.fr\/site\/wp-content\/uploads\/2020\/04\/frenchman-triathlon-xxl-2019-podiums-sebastien-huruguen-hourtin-17-scaled.jpg\" data-link=\"https:\/\/www.huruguen.fr\/site\/?attachment_id=60717\" class=\"wp-image-60717\" srcset=\"https:\/\/www.huruguen.fr\/site\/wp-content\/uploads\/2020\/04\/frenchman-triathlon-xxl-2019-podiums-sebastien-huruguen-hourtin-17-1024x683.jpg 1024w, https:\/\/www.huruguen.fr\/site\/wp-content\/uploads\/2020\/04\/frenchman-triathlon-xxl-2019-podiums-sebastien-huruguen-hourtin-17-300x200.jpg 300w, https:\/\/www.huruguen.fr\/site\/wp-content\/uploads\/2020\/04\/frenchman-triathlon-xxl-2019-podiums-sebastien-huruguen-hourtin-17-768x512.jpg 768w, https:\/\/www.huruguen.fr\/site\/wp-content\/uploads\/2020\/04\/frenchman-triathlon-xxl-2019-podiums-sebastien-huruguen-hourtin-17-1536x1024.jpg 1536w\" sizes=\"auto, (max-width: 1024px) 100vw, 1024px\" \/><\/a><\/figure><\/li><li class=\"blocks-gallery-item\"><figure><a href=\"https:\/\/www.huruguen.fr\/site\/wp-content\/uploads\/2020\/04\/frenchman-triathlon-xxl-2019-podiums-sebastien-huruguen-hourtin-18-scaled.jpg\"><img loading=\"lazy\" decoding=\"async\" width=\"1024\" height=\"683\" src=\"https:\/\/www.huruguen.fr\/site\/wp-content\/uploads\/2020\/04\/frenchman-triathlon-xxl-2019-podiums-sebastien-huruguen-hourtin-18-1024x683.jpg\" alt=\"\" data-id=\"60718\" data-full-url=\"https:\/\/www.huruguen.fr\/site\/wp-content\/uploads\/2020\/04\/frenchman-triathlon-xxl-2019-podiums-sebastien-huruguen-hourtin-18-scaled.jpg\" data-link=\"https:\/\/www.huruguen.fr\/site\/?attachment_id=60718\" class=\"wp-image-60718\" srcset=\"https:\/\/www.huruguen.fr\/site\/wp-content\/uploads\/2020\/04\/frenchman-triathlon-xxl-2019-podiums-sebastien-huruguen-hourtin-18-1024x683.jpg 1024w, https:\/\/www.huruguen.fr\/site\/wp-content\/uploads\/2020\/04\/frenchman-triathlon-xxl-2019-podiums-sebastien-huruguen-hourtin-18-300x200.jpg 300w, https:\/\/www.huruguen.fr\/site\/wp-content\/uploads\/2020\/04\/frenchman-triathlon-xxl-2019-podiums-sebastien-huruguen-hourtin-18-768x512.jpg 768w, https:\/\/www.huruguen.fr\/site\/wp-content\/uploads\/2020\/04\/frenchman-triathlon-xxl-2019-podiums-sebastien-huruguen-hourtin-18-1536x1024.jpg 1536w\" sizes=\"auto, (max-width: 1024px) 100vw, 1024px\" \/><\/a><\/figure><\/li><li class=\"blocks-gallery-item\"><figure><a href=\"https:\/\/www.huruguen.fr\/site\/wp-content\/uploads\/2020\/04\/frenchman-triathlon-xxl-2019-podiums-sebastien-huruguen-hourtin-19-scaled.jpg\"><img loading=\"lazy\" decoding=\"async\" width=\"1024\" height=\"683\" src=\"https:\/\/www.huruguen.fr\/site\/wp-content\/uploads\/2020\/04\/frenchman-triathlon-xxl-2019-podiums-sebastien-huruguen-hourtin-19-1024x683.jpg\" alt=\"\" data-id=\"60719\" data-full-url=\"https:\/\/www.huruguen.fr\/site\/wp-content\/uploads\/2020\/04\/frenchman-triathlon-xxl-2019-podiums-sebastien-huruguen-hourtin-19-scaled.jpg\" data-link=\"https:\/\/www.huruguen.fr\/site\/?attachment_id=60719\" class=\"wp-image-60719\" srcset=\"https:\/\/www.huruguen.fr\/site\/wp-content\/uploads\/2020\/04\/frenchman-triathlon-xxl-2019-podiums-sebastien-huruguen-hourtin-19-1024x683.jpg 1024w, https:\/\/www.huruguen.fr\/site\/wp-content\/uploads\/2020\/04\/frenchman-triathlon-xxl-2019-podiums-sebastien-huruguen-hourtin-19-300x200.jpg 300w, https:\/\/www.huruguen.fr\/site\/wp-content\/uploads\/2020\/04\/frenchman-triathlon-xxl-2019-podiums-sebastien-huruguen-hourtin-19-768x512.jpg 768w, https:\/\/www.huruguen.fr\/site\/wp-content\/uploads\/2020\/04\/frenchman-triathlon-xxl-2019-podiums-sebastien-huruguen-hourtin-19-1536x1024.jpg 1536w, https:\/\/www.huruguen.fr\/site\/wp-content\/uploads\/2020\/04\/frenchman-triathlon-xxl-2019-podiums-sebastien-huruguen-hourtin-19-scaled-340x226.jpg 340w, https:\/\/www.huruguen.fr\/site\/wp-content\/uploads\/2020\/04\/frenchman-triathlon-xxl-2019-podiums-sebastien-huruguen-hourtin-19-scaled-740x494.jpg 740w, https:\/\/www.huruguen.fr\/site\/wp-content\/uploads\/2020\/04\/frenchman-triathlon-xxl-2019-podiums-sebastien-huruguen-hourtin-19-scaled-370x247.jpg 370w\" sizes=\"auto, (max-width: 1024px) 100vw, 1024px\" \/><\/a><\/figure><\/li><li class=\"blocks-gallery-item\"><figure><a href=\"https:\/\/www.huruguen.fr\/site\/wp-content\/uploads\/2020\/04\/frenchman-triathlon-xxl-2019-podiums-sebastien-huruguen-hourtin-20-scaled.jpg\"><img loading=\"lazy\" decoding=\"async\" width=\"1024\" height=\"683\" src=\"https:\/\/www.huruguen.fr\/site\/wp-content\/uploads\/2020\/04\/frenchman-triathlon-xxl-2019-podiums-sebastien-huruguen-hourtin-20-1024x683.jpg\" alt=\"\" data-id=\"60720\" data-full-url=\"https:\/\/www.huruguen.fr\/site\/wp-content\/uploads\/2020\/04\/frenchman-triathlon-xxl-2019-podiums-sebastien-huruguen-hourtin-20-scaled.jpg\" data-link=\"https:\/\/www.huruguen.fr\/site\/?attachment_id=60720\" class=\"wp-image-60720\" srcset=\"https:\/\/www.huruguen.fr\/site\/wp-content\/uploads\/2020\/04\/frenchman-triathlon-xxl-2019-podiums-sebastien-huruguen-hourtin-20-1024x683.jpg 1024w, https:\/\/www.huruguen.fr\/site\/wp-content\/uploads\/2020\/04\/frenchman-triathlon-xxl-2019-podiums-sebastien-huruguen-hourtin-20-300x200.jpg 300w, https:\/\/www.huruguen.fr\/site\/wp-content\/uploads\/2020\/04\/frenchman-triathlon-xxl-2019-podiums-sebastien-huruguen-hourtin-20-768x512.jpg 768w, https:\/\/www.huruguen.fr\/site\/wp-content\/uploads\/2020\/04\/frenchman-triathlon-xxl-2019-podiums-sebastien-huruguen-hourtin-20-1536x1024.jpg 1536w\" sizes=\"auto, (max-width: 1024px) 100vw, 1024px\" \/><\/a><\/figure><\/li><li class=\"blocks-gallery-item\"><figure><a href=\"https:\/\/www.huruguen.fr\/site\/wp-content\/uploads\/2020\/04\/frenchman-triathlon-xxl-2019-podiums-sebastien-huruguen-hourtin-21-scaled.jpg\"><img loading=\"lazy\" decoding=\"async\" width=\"1024\" height=\"683\" src=\"https:\/\/www.huruguen.fr\/site\/wp-content\/uploads\/2020\/04\/frenchman-triathlon-xxl-2019-podiums-sebastien-huruguen-hourtin-21-1024x683.jpg\" alt=\"\" data-id=\"60721\" data-full-url=\"https:\/\/www.huruguen.fr\/site\/wp-content\/uploads\/2020\/04\/frenchman-triathlon-xxl-2019-podiums-sebastien-huruguen-hourtin-21-scaled.jpg\" data-link=\"https:\/\/www.huruguen.fr\/site\/?attachment_id=60721\" class=\"wp-image-60721\" srcset=\"https:\/\/www.huruguen.fr\/site\/wp-content\/uploads\/2020\/04\/frenchman-triathlon-xxl-2019-podiums-sebastien-huruguen-hourtin-21-1024x683.jpg 1024w, https:\/\/www.huruguen.fr\/site\/wp-content\/uploads\/2020\/04\/frenchman-triathlon-xxl-2019-podiums-sebastien-huruguen-hourtin-21-300x200.jpg 300w, https:\/\/www.huruguen.fr\/site\/wp-content\/uploads\/2020\/04\/frenchman-triathlon-xxl-2019-podiums-sebastien-huruguen-hourtin-21-768x512.jpg 768w, https:\/\/www.huruguen.fr\/site\/wp-content\/uploads\/2020\/04\/frenchman-triathlon-xxl-2019-podiums-sebastien-huruguen-hourtin-21-1536x1024.jpg 1536w\" sizes=\"auto, (max-width: 1024px) 100vw, 1024px\" \/><\/a><\/figure><\/li><li class=\"blocks-gallery-item\"><figure><a href=\"https:\/\/www.huruguen.fr\/site\/wp-content\/uploads\/2020\/04\/frenchman-triathlon-xxl-2019-podiums-sebastien-huruguen-hourtin-22-scaled.jpg\"><img loading=\"lazy\" decoding=\"async\" width=\"1024\" height=\"683\" src=\"https:\/\/www.huruguen.fr\/site\/wp-content\/uploads\/2020\/04\/frenchman-triathlon-xxl-2019-podiums-sebastien-huruguen-hourtin-22-1024x683.jpg\" alt=\"\" data-id=\"60722\" data-full-url=\"https:\/\/www.huruguen.fr\/site\/wp-content\/uploads\/2020\/04\/frenchman-triathlon-xxl-2019-podiums-sebastien-huruguen-hourtin-22-scaled.jpg\" data-link=\"https:\/\/www.huruguen.fr\/site\/?attachment_id=60722\" class=\"wp-image-60722\" srcset=\"https:\/\/www.huruguen.fr\/site\/wp-content\/uploads\/2020\/04\/frenchman-triathlon-xxl-2019-podiums-sebastien-huruguen-hourtin-22-1024x683.jpg 1024w, https:\/\/www.huruguen.fr\/site\/wp-content\/uploads\/2020\/04\/frenchman-triathlon-xxl-2019-podiums-sebastien-huruguen-hourtin-22-300x200.jpg 300w, https:\/\/www.huruguen.fr\/site\/wp-content\/uploads\/2020\/04\/frenchman-triathlon-xxl-2019-podiums-sebastien-huruguen-hourtin-22-768x512.jpg 768w, https:\/\/www.huruguen.fr\/site\/wp-content\/uploads\/2020\/04\/frenchman-triathlon-xxl-2019-podiums-sebastien-huruguen-hourtin-22-1536x1024.jpg 1536w\" sizes=\"auto, (max-width: 1024px) 100vw, 1024px\" \/><\/a><\/figure><\/li><li class=\"blocks-gallery-item\"><figure><a href=\"https:\/\/www.huruguen.fr\/site\/wp-content\/uploads\/2020\/04\/frenchman-triathlon-xxl-2019-podiums-sebastien-huruguen-hourtin-23-scaled.jpg\"><img loading=\"lazy\" decoding=\"async\" width=\"1024\" height=\"683\" src=\"https:\/\/www.huruguen.fr\/site\/wp-content\/uploads\/2020\/04\/frenchman-triathlon-xxl-2019-podiums-sebastien-huruguen-hourtin-23-1024x683.jpg\" alt=\"\" data-id=\"60723\" data-full-url=\"https:\/\/www.huruguen.fr\/site\/wp-content\/uploads\/2020\/04\/frenchman-triathlon-xxl-2019-podiums-sebastien-huruguen-hourtin-23-scaled.jpg\" data-link=\"https:\/\/www.huruguen.fr\/site\/?attachment_id=60723\" class=\"wp-image-60723\" srcset=\"https:\/\/www.huruguen.fr\/site\/wp-content\/uploads\/2020\/04\/frenchman-triathlon-xxl-2019-podiums-sebastien-huruguen-hourtin-23-1024x683.jpg 1024w, https:\/\/www.huruguen.fr\/site\/wp-content\/uploads\/2020\/04\/frenchman-triathlon-xxl-2019-podiums-sebastien-huruguen-hourtin-23-300x200.jpg 300w, https:\/\/www.huruguen.fr\/site\/wp-content\/uploads\/2020\/04\/frenchman-triathlon-xxl-2019-podiums-sebastien-huruguen-hourtin-23-768x512.jpg 768w, https:\/\/www.huruguen.fr\/site\/wp-content\/uploads\/2020\/04\/frenchman-triathlon-xxl-2019-podiums-sebastien-huruguen-hourtin-23-1536x1024.jpg 1536w\" sizes=\"auto, (max-width: 1024px) 100vw, 1024px\" \/><\/a><\/figure><\/li><\/ul><\/figure>\n\n\n\n<div style=\"height:100px\" aria-hidden=\"true\" class=\"wp-block-spacer\"><\/div>\n\n\n\n<h2 class=\"wp-block-heading\">Podiums TRIATHLON SICHEL SPORT L 2019<\/h2>\n\n\n\n<div style=\"height:100px\" aria-hidden=\"true\" class=\"wp-block-spacer\"><\/div>\n\n\n\n<p>L\u2019\u00e9dition 2019 du TRIATHLON SICHEL SPORT L a \u00e9t\u00e9 remport\u00e9 par Arthur HORSEAU (LES SABLES VENDEE TRIATHLON) en 03:52:36 et In\u00e8s VAN DER LINDEN (EVREUX AC. TRIATHLON) en 04:35:39.<\/p>\n\n\n\n<p>Chez les hommes, Guillaume BELGY (STADE NIORTAIS TRIATHLON) et Clement MIGNON (TRIATHL`AIX) compl\u00e8tent le podium.<\/p>\n\n\n\n<p>Chez les femmes c\u2019est Magali FUENTES (PAYS DE ST GILLES CROIX DE VIE VENDEE TRI) et Diane CUTILLAS&nbsp; (STADE FRANCAIS) qui compl\u00e8tent le podium.<\/p>\n\n\n\n<div style=\"height:100px\" aria-hidden=\"true\" class=\"wp-block-spacer\"><\/div>\n\n\n\n<figure class=\"wp-block-gallery columns-3 is-cropped wp-block-gallery-3 is-layout-flex wp-block-gallery-is-layout-flex\"><ul class=\"blocks-gallery-grid\"><li class=\"blocks-gallery-item\"><figure><img loading=\"lazy\" decoding=\"async\" width=\"1024\" height=\"683\" src=\"https:\/\/www.huruguen.fr\/site\/wp-content\/uploads\/2019\/06\/triathlon-sichel-sport-L-2019-podiums-sebastien-huruguen-1-1024x683.jpg\" alt=\"\" data-id=\"60725\" data-full-url=\"https:\/\/www.huruguen.fr\/site\/wp-content\/uploads\/2019\/06\/triathlon-sichel-sport-L-2019-podiums-sebastien-huruguen-1-scaled.jpg\" data-link=\"https:\/\/www.huruguen.fr\/site\/podiums-e-leclerc-frenchman-triathlon-2019\/triathlon-sichel-sport-l-2019-podiums-sebastien-huruguen-1\/\" class=\"wp-image-60725\" srcset=\"https:\/\/www.huruguen.fr\/site\/wp-content\/uploads\/2019\/06\/triathlon-sichel-sport-L-2019-podiums-sebastien-huruguen-1-1024x683.jpg 1024w, https:\/\/www.huruguen.fr\/site\/wp-content\/uploads\/2019\/06\/triathlon-sichel-sport-L-2019-podiums-sebastien-huruguen-1-300x200.jpg 300w, https:\/\/www.huruguen.fr\/site\/wp-content\/uploads\/2019\/06\/triathlon-sichel-sport-L-2019-podiums-sebastien-huruguen-1-768x512.jpg 768w, https:\/\/www.huruguen.fr\/site\/wp-content\/uploads\/2019\/06\/triathlon-sichel-sport-L-2019-podiums-sebastien-huruguen-1-1536x1024.jpg 1536w\" sizes=\"auto, (max-width: 1024px) 100vw, 1024px\" \/><\/figure><\/li><li class=\"blocks-gallery-item\"><figure><img loading=\"lazy\" decoding=\"async\" width=\"1024\" height=\"683\" src=\"https:\/\/www.huruguen.fr\/site\/wp-content\/uploads\/2019\/06\/triathlon-sichel-sport-L-2019-podiums-sebastien-huruguen-2-1024x683.jpg\" alt=\"\" data-id=\"60726\" data-full-url=\"https:\/\/www.huruguen.fr\/site\/wp-content\/uploads\/2019\/06\/triathlon-sichel-sport-L-2019-podiums-sebastien-huruguen-2-scaled.jpg\" data-link=\"https:\/\/www.huruguen.fr\/site\/podiums-e-leclerc-frenchman-triathlon-2019\/triathlon-sichel-sport-l-2019-podiums-sebastien-huruguen-2\/\" class=\"wp-image-60726\" srcset=\"https:\/\/www.huruguen.fr\/site\/wp-content\/uploads\/2019\/06\/triathlon-sichel-sport-L-2019-podiums-sebastien-huruguen-2-1024x683.jpg 1024w, https:\/\/www.huruguen.fr\/site\/wp-content\/uploads\/2019\/06\/triathlon-sichel-sport-L-2019-podiums-sebastien-huruguen-2-300x200.jpg 300w, https:\/\/www.huruguen.fr\/site\/wp-content\/uploads\/2019\/06\/triathlon-sichel-sport-L-2019-podiums-sebastien-huruguen-2-768x512.jpg 768w, https:\/\/www.huruguen.fr\/site\/wp-content\/uploads\/2019\/06\/triathlon-sichel-sport-L-2019-podiums-sebastien-huruguen-2-1536x1024.jpg 1536w\" sizes=\"auto, (max-width: 1024px) 100vw, 1024px\" \/><\/figure><\/li><li class=\"blocks-gallery-item\"><figure><img loading=\"lazy\" decoding=\"async\" width=\"1024\" height=\"683\" src=\"https:\/\/www.huruguen.fr\/site\/wp-content\/uploads\/2019\/06\/triathlon-sichel-sport-L-2019-podiums-sebastien-huruguen-3-1024x683.jpg\" alt=\"\" data-id=\"60727\" data-full-url=\"https:\/\/www.huruguen.fr\/site\/wp-content\/uploads\/2019\/06\/triathlon-sichel-sport-L-2019-podiums-sebastien-huruguen-3-scaled.jpg\" data-link=\"https:\/\/www.huruguen.fr\/site\/podiums-e-leclerc-frenchman-triathlon-2019\/triathlon-sichel-sport-l-2019-podiums-sebastien-huruguen-3\/\" class=\"wp-image-60727\" srcset=\"https:\/\/www.huruguen.fr\/site\/wp-content\/uploads\/2019\/06\/triathlon-sichel-sport-L-2019-podiums-sebastien-huruguen-3-1024x683.jpg 1024w, https:\/\/www.huruguen.fr\/site\/wp-content\/uploads\/2019\/06\/triathlon-sichel-sport-L-2019-podiums-sebastien-huruguen-3-300x200.jpg 300w, https:\/\/www.huruguen.fr\/site\/wp-content\/uploads\/2019\/06\/triathlon-sichel-sport-L-2019-podiums-sebastien-huruguen-3-768x512.jpg 768w, https:\/\/www.huruguen.fr\/site\/wp-content\/uploads\/2019\/06\/triathlon-sichel-sport-L-2019-podiums-sebastien-huruguen-3-1536x1024.jpg 1536w\" sizes=\"auto, (max-width: 1024px) 100vw, 1024px\" \/><\/figure><\/li><li class=\"blocks-gallery-item\"><figure><img loading=\"lazy\" decoding=\"async\" width=\"1024\" height=\"683\" src=\"https:\/\/www.huruguen.fr\/site\/wp-content\/uploads\/2019\/06\/triathlon-sichel-sport-L-2019-podiums-sebastien-huruguen-4-1024x683.jpg\" alt=\"\" data-id=\"60728\" data-full-url=\"https:\/\/www.huruguen.fr\/site\/wp-content\/uploads\/2019\/06\/triathlon-sichel-sport-L-2019-podiums-sebastien-huruguen-4-scaled.jpg\" data-link=\"https:\/\/www.huruguen.fr\/site\/podiums-e-leclerc-frenchman-triathlon-2019\/triathlon-sichel-sport-l-2019-podiums-sebastien-huruguen-4\/\" class=\"wp-image-60728\" srcset=\"https:\/\/www.huruguen.fr\/site\/wp-content\/uploads\/2019\/06\/triathlon-sichel-sport-L-2019-podiums-sebastien-huruguen-4-1024x683.jpg 1024w, https:\/\/www.huruguen.fr\/site\/wp-content\/uploads\/2019\/06\/triathlon-sichel-sport-L-2019-podiums-sebastien-huruguen-4-300x200.jpg 300w, https:\/\/www.huruguen.fr\/site\/wp-content\/uploads\/2019\/06\/triathlon-sichel-sport-L-2019-podiums-sebastien-huruguen-4-768x512.jpg 768w, https:\/\/www.huruguen.fr\/site\/wp-content\/uploads\/2019\/06\/triathlon-sichel-sport-L-2019-podiums-sebastien-huruguen-4-1536x1024.jpg 1536w\" sizes=\"auto, (max-width: 1024px) 100vw, 1024px\" \/><\/figure><\/li><li class=\"blocks-gallery-item\"><figure><img loading=\"lazy\" decoding=\"async\" width=\"1024\" height=\"683\" src=\"https:\/\/www.huruguen.fr\/site\/wp-content\/uploads\/2019\/06\/triathlon-sichel-sport-L-2019-podiums-sebastien-huruguen-5-1024x683.jpg\" alt=\"\" data-id=\"60729\" data-full-url=\"https:\/\/www.huruguen.fr\/site\/wp-content\/uploads\/2019\/06\/triathlon-sichel-sport-L-2019-podiums-sebastien-huruguen-5-scaled.jpg\" data-link=\"https:\/\/www.huruguen.fr\/site\/podiums-e-leclerc-frenchman-triathlon-2019\/triathlon-sichel-sport-l-2019-podiums-sebastien-huruguen-5\/\" class=\"wp-image-60729\" srcset=\"https:\/\/www.huruguen.fr\/site\/wp-content\/uploads\/2019\/06\/triathlon-sichel-sport-L-2019-podiums-sebastien-huruguen-5-1024x683.jpg 1024w, https:\/\/www.huruguen.fr\/site\/wp-content\/uploads\/2019\/06\/triathlon-sichel-sport-L-2019-podiums-sebastien-huruguen-5-300x200.jpg 300w, https:\/\/www.huruguen.fr\/site\/wp-content\/uploads\/2019\/06\/triathlon-sichel-sport-L-2019-podiums-sebastien-huruguen-5-768x512.jpg 768w, https:\/\/www.huruguen.fr\/site\/wp-content\/uploads\/2019\/06\/triathlon-sichel-sport-L-2019-podiums-sebastien-huruguen-5-1536x1024.jpg 1536w\" sizes=\"auto, (max-width: 1024px) 100vw, 1024px\" \/><\/figure><\/li><li class=\"blocks-gallery-item\"><figure><img loading=\"lazy\" decoding=\"async\" width=\"1024\" height=\"683\" src=\"https:\/\/www.huruguen.fr\/site\/wp-content\/uploads\/2019\/06\/triathlon-sichel-sport-L-2019-podiums-sebastien-huruguen-6-1024x683.jpg\" alt=\"\" data-id=\"60730\" data-full-url=\"https:\/\/www.huruguen.fr\/site\/wp-content\/uploads\/2019\/06\/triathlon-sichel-sport-L-2019-podiums-sebastien-huruguen-6-scaled.jpg\" data-link=\"https:\/\/www.huruguen.fr\/site\/podiums-e-leclerc-frenchman-triathlon-2019\/triathlon-sichel-sport-l-2019-podiums-sebastien-huruguen-6\/\" class=\"wp-image-60730\" srcset=\"https:\/\/www.huruguen.fr\/site\/wp-content\/uploads\/2019\/06\/triathlon-sichel-sport-L-2019-podiums-sebastien-huruguen-6-1024x683.jpg 1024w, https:\/\/www.huruguen.fr\/site\/wp-content\/uploads\/2019\/06\/triathlon-sichel-sport-L-2019-podiums-sebastien-huruguen-6-300x200.jpg 300w, https:\/\/www.huruguen.fr\/site\/wp-content\/uploads\/2019\/06\/triathlon-sichel-sport-L-2019-podiums-sebastien-huruguen-6-768x512.jpg 768w, https:\/\/www.huruguen.fr\/site\/wp-content\/uploads\/2019\/06\/triathlon-sichel-sport-L-2019-podiums-sebastien-huruguen-6-1536x1024.jpg 1536w\" sizes=\"auto, (max-width: 1024px) 100vw, 1024px\" \/><\/figure><\/li><li class=\"blocks-gallery-item\"><figure><img loading=\"lazy\" decoding=\"async\" width=\"1024\" height=\"683\" src=\"https:\/\/www.huruguen.fr\/site\/wp-content\/uploads\/2019\/06\/triathlon-sichel-sport-L-2019-podiums-sebastien-huruguen-7-1024x683.jpg\" alt=\"\" data-id=\"60731\" data-full-url=\"https:\/\/www.huruguen.fr\/site\/wp-content\/uploads\/2019\/06\/triathlon-sichel-sport-L-2019-podiums-sebastien-huruguen-7-scaled.jpg\" data-link=\"https:\/\/www.huruguen.fr\/site\/podiums-e-leclerc-frenchman-triathlon-2019\/triathlon-sichel-sport-l-2019-podiums-sebastien-huruguen-7\/\" class=\"wp-image-60731\" srcset=\"https:\/\/www.huruguen.fr\/site\/wp-content\/uploads\/2019\/06\/triathlon-sichel-sport-L-2019-podiums-sebastien-huruguen-7-1024x683.jpg 1024w, https:\/\/www.huruguen.fr\/site\/wp-content\/uploads\/2019\/06\/triathlon-sichel-sport-L-2019-podiums-sebastien-huruguen-7-300x200.jpg 300w, https:\/\/www.huruguen.fr\/site\/wp-content\/uploads\/2019\/06\/triathlon-sichel-sport-L-2019-podiums-sebastien-huruguen-7-768x512.jpg 768w, https:\/\/www.huruguen.fr\/site\/wp-content\/uploads\/2019\/06\/triathlon-sichel-sport-L-2019-podiums-sebastien-huruguen-7-1536x1024.jpg 1536w\" sizes=\"auto, (max-width: 1024px) 100vw, 1024px\" \/><\/figure><\/li><li class=\"blocks-gallery-item\"><figure><img loading=\"lazy\" decoding=\"async\" width=\"683\" height=\"1024\" src=\"https:\/\/www.huruguen.fr\/site\/wp-content\/uploads\/2019\/06\/triathlon-sichel-sport-L-2019-podiums-sebastien-huruguen-8-683x1024.jpg\" alt=\"\" data-id=\"60732\" data-full-url=\"https:\/\/www.huruguen.fr\/site\/wp-content\/uploads\/2019\/06\/triathlon-sichel-sport-L-2019-podiums-sebastien-huruguen-8-scaled.jpg\" data-link=\"https:\/\/www.huruguen.fr\/site\/podiums-e-leclerc-frenchman-triathlon-2019\/triathlon-sichel-sport-l-2019-podiums-sebastien-huruguen-8\/\" class=\"wp-image-60732\" srcset=\"https:\/\/www.huruguen.fr\/site\/wp-content\/uploads\/2019\/06\/triathlon-sichel-sport-L-2019-podiums-sebastien-huruguen-8-683x1024.jpg 683w, https:\/\/www.huruguen.fr\/site\/wp-content\/uploads\/2019\/06\/triathlon-sichel-sport-L-2019-podiums-sebastien-huruguen-8-200x300.jpg 200w, https:\/\/www.huruguen.fr\/site\/wp-content\/uploads\/2019\/06\/triathlon-sichel-sport-L-2019-podiums-sebastien-huruguen-8-768x1152.jpg 768w, https:\/\/www.huruguen.fr\/site\/wp-content\/uploads\/2019\/06\/triathlon-sichel-sport-L-2019-podiums-sebastien-huruguen-8-1024x1536.jpg 1024w, https:\/\/www.huruguen.fr\/site\/wp-content\/uploads\/2019\/06\/triathlon-sichel-sport-L-2019-podiums-sebastien-huruguen-8-1365x2048.jpg 1365w, https:\/\/www.huruguen.fr\/site\/wp-content\/uploads\/2019\/06\/triathlon-sichel-sport-L-2019-podiums-sebastien-huruguen-8-scaled.jpg 1706w\" sizes=\"auto, (max-width: 683px) 100vw, 683px\" \/><\/figure><\/li><li class=\"blocks-gallery-item\"><figure><img loading=\"lazy\" decoding=\"async\" width=\"683\" height=\"1024\" src=\"https:\/\/www.huruguen.fr\/site\/wp-content\/uploads\/2019\/06\/triathlon-sichel-sport-L-2019-podiums-sebastien-huruguen-9-683x1024.jpg\" alt=\"\" data-id=\"60733\" data-full-url=\"https:\/\/www.huruguen.fr\/site\/wp-content\/uploads\/2019\/06\/triathlon-sichel-sport-L-2019-podiums-sebastien-huruguen-9-scaled.jpg\" data-link=\"https:\/\/www.huruguen.fr\/site\/podiums-e-leclerc-frenchman-triathlon-2019\/triathlon-sichel-sport-l-2019-podiums-sebastien-huruguen-9\/\" class=\"wp-image-60733\" srcset=\"https:\/\/www.huruguen.fr\/site\/wp-content\/uploads\/2019\/06\/triathlon-sichel-sport-L-2019-podiums-sebastien-huruguen-9-683x1024.jpg 683w, https:\/\/www.huruguen.fr\/site\/wp-content\/uploads\/2019\/06\/triathlon-sichel-sport-L-2019-podiums-sebastien-huruguen-9-200x300.jpg 200w, https:\/\/www.huruguen.fr\/site\/wp-content\/uploads\/2019\/06\/triathlon-sichel-sport-L-2019-podiums-sebastien-huruguen-9-768x1152.jpg 768w, https:\/\/www.huruguen.fr\/site\/wp-content\/uploads\/2019\/06\/triathlon-sichel-sport-L-2019-podiums-sebastien-huruguen-9-1024x1536.jpg 1024w, https:\/\/www.huruguen.fr\/site\/wp-content\/uploads\/2019\/06\/triathlon-sichel-sport-L-2019-podiums-sebastien-huruguen-9-1365x2048.jpg 1365w, https:\/\/www.huruguen.fr\/site\/wp-content\/uploads\/2019\/06\/triathlon-sichel-sport-L-2019-podiums-sebastien-huruguen-9-scaled.jpg 1706w\" sizes=\"auto, (max-width: 683px) 100vw, 683px\" \/><\/figure><\/li><li class=\"blocks-gallery-item\"><figure><img loading=\"lazy\" decoding=\"async\" width=\"683\" height=\"1024\" src=\"https:\/\/www.huruguen.fr\/site\/wp-content\/uploads\/2019\/06\/triathlon-sichel-sport-L-2019-podiums-sebastien-huruguen-10-683x1024.jpg\" alt=\"\" data-id=\"60734\" data-full-url=\"https:\/\/www.huruguen.fr\/site\/wp-content\/uploads\/2019\/06\/triathlon-sichel-sport-L-2019-podiums-sebastien-huruguen-10-scaled.jpg\" data-link=\"https:\/\/www.huruguen.fr\/site\/podiums-e-leclerc-frenchman-triathlon-2019\/triathlon-sichel-sport-l-2019-podiums-sebastien-huruguen-10\/\" class=\"wp-image-60734\" srcset=\"https:\/\/www.huruguen.fr\/site\/wp-content\/uploads\/2019\/06\/triathlon-sichel-sport-L-2019-podiums-sebastien-huruguen-10-683x1024.jpg 683w, https:\/\/www.huruguen.fr\/site\/wp-content\/uploads\/2019\/06\/triathlon-sichel-sport-L-2019-podiums-sebastien-huruguen-10-200x300.jpg 200w, https:\/\/www.huruguen.fr\/site\/wp-content\/uploads\/2019\/06\/triathlon-sichel-sport-L-2019-podiums-sebastien-huruguen-10-768x1152.jpg 768w, https:\/\/www.huruguen.fr\/site\/wp-content\/uploads\/2019\/06\/triathlon-sichel-sport-L-2019-podiums-sebastien-huruguen-10-1024x1536.jpg 1024w, https:\/\/www.huruguen.fr\/site\/wp-content\/uploads\/2019\/06\/triathlon-sichel-sport-L-2019-podiums-sebastien-huruguen-10-1365x2048.jpg 1365w, https:\/\/www.huruguen.fr\/site\/wp-content\/uploads\/2019\/06\/triathlon-sichel-sport-L-2019-podiums-sebastien-huruguen-10-scaled.jpg 1706w\" sizes=\"auto, (max-width: 683px) 100vw, 683px\" \/><\/figure><\/li><li class=\"blocks-gallery-item\"><figure><img loading=\"lazy\" decoding=\"async\" width=\"683\" height=\"1024\" src=\"https:\/\/www.huruguen.fr\/site\/wp-content\/uploads\/2019\/06\/triathlon-sichel-sport-L-2019-podiums-sebastien-huruguen-11-683x1024.jpg\" alt=\"\" data-id=\"60735\" data-full-url=\"https:\/\/www.huruguen.fr\/site\/wp-content\/uploads\/2019\/06\/triathlon-sichel-sport-L-2019-podiums-sebastien-huruguen-11-scaled.jpg\" data-link=\"https:\/\/www.huruguen.fr\/site\/podiums-e-leclerc-frenchman-triathlon-2019\/triathlon-sichel-sport-l-2019-podiums-sebastien-huruguen-11\/\" class=\"wp-image-60735\" srcset=\"https:\/\/www.huruguen.fr\/site\/wp-content\/uploads\/2019\/06\/triathlon-sichel-sport-L-2019-podiums-sebastien-huruguen-11-683x1024.jpg 683w, https:\/\/www.huruguen.fr\/site\/wp-content\/uploads\/2019\/06\/triathlon-sichel-sport-L-2019-podiums-sebastien-huruguen-11-200x300.jpg 200w, https:\/\/www.huruguen.fr\/site\/wp-content\/uploads\/2019\/06\/triathlon-sichel-sport-L-2019-podiums-sebastien-huruguen-11-768x1152.jpg 768w, https:\/\/www.huruguen.fr\/site\/wp-content\/uploads\/2019\/06\/triathlon-sichel-sport-L-2019-podiums-sebastien-huruguen-11-1024x1536.jpg 1024w, https:\/\/www.huruguen.fr\/site\/wp-content\/uploads\/2019\/06\/triathlon-sichel-sport-L-2019-podiums-sebastien-huruguen-11-1365x2048.jpg 1365w, https:\/\/www.huruguen.fr\/site\/wp-content\/uploads\/2019\/06\/triathlon-sichel-sport-L-2019-podiums-sebastien-huruguen-11-scaled.jpg 1706w\" sizes=\"auto, (max-width: 683px) 100vw, 683px\" \/><\/figure><\/li><li class=\"blocks-gallery-item\"><figure><img loading=\"lazy\" decoding=\"async\" width=\"683\" height=\"1024\" src=\"https:\/\/www.huruguen.fr\/site\/wp-content\/uploads\/2019\/06\/triathlon-sichel-sport-L-2019-podiums-sebastien-huruguen-12-683x1024.jpg\" alt=\"\" data-id=\"60736\" data-full-url=\"https:\/\/www.huruguen.fr\/site\/wp-content\/uploads\/2019\/06\/triathlon-sichel-sport-L-2019-podiums-sebastien-huruguen-12-scaled.jpg\" data-link=\"https:\/\/www.huruguen.fr\/site\/podiums-e-leclerc-frenchman-triathlon-2019\/triathlon-sichel-sport-l-2019-podiums-sebastien-huruguen-12\/\" class=\"wp-image-60736\" srcset=\"https:\/\/www.huruguen.fr\/site\/wp-content\/uploads\/2019\/06\/triathlon-sichel-sport-L-2019-podiums-sebastien-huruguen-12-683x1024.jpg 683w, https:\/\/www.huruguen.fr\/site\/wp-content\/uploads\/2019\/06\/triathlon-sichel-sport-L-2019-podiums-sebastien-huruguen-12-200x300.jpg 200w, https:\/\/www.huruguen.fr\/site\/wp-content\/uploads\/2019\/06\/triathlon-sichel-sport-L-2019-podiums-sebastien-huruguen-12-768x1152.jpg 768w, https:\/\/www.huruguen.fr\/site\/wp-content\/uploads\/2019\/06\/triathlon-sichel-sport-L-2019-podiums-sebastien-huruguen-12-1024x1536.jpg 1024w, https:\/\/www.huruguen.fr\/site\/wp-content\/uploads\/2019\/06\/triathlon-sichel-sport-L-2019-podiums-sebastien-huruguen-12-1365x2048.jpg 1365w, https:\/\/www.huruguen.fr\/site\/wp-content\/uploads\/2019\/06\/triathlon-sichel-sport-L-2019-podiums-sebastien-huruguen-12-scaled.jpg 1706w\" sizes=\"auto, (max-width: 683px) 100vw, 683px\" \/><\/figure><\/li><li class=\"blocks-gallery-item\"><figure><img loading=\"lazy\" decoding=\"async\" width=\"683\" height=\"1024\" src=\"https:\/\/www.huruguen.fr\/site\/wp-content\/uploads\/2019\/06\/triathlon-sichel-sport-L-2019-podiums-sebastien-huruguen-13-683x1024.jpg\" alt=\"\" data-id=\"60737\" data-full-url=\"https:\/\/www.huruguen.fr\/site\/wp-content\/uploads\/2019\/06\/triathlon-sichel-sport-L-2019-podiums-sebastien-huruguen-13-scaled.jpg\" data-link=\"https:\/\/www.huruguen.fr\/site\/podiums-e-leclerc-frenchman-triathlon-2019\/triathlon-sichel-sport-l-2019-podiums-sebastien-huruguen-13\/\" class=\"wp-image-60737\" srcset=\"https:\/\/www.huruguen.fr\/site\/wp-content\/uploads\/2019\/06\/triathlon-sichel-sport-L-2019-podiums-sebastien-huruguen-13-683x1024.jpg 683w, https:\/\/www.huruguen.fr\/site\/wp-content\/uploads\/2019\/06\/triathlon-sichel-sport-L-2019-podiums-sebastien-huruguen-13-200x300.jpg 200w, https:\/\/www.huruguen.fr\/site\/wp-content\/uploads\/2019\/06\/triathlon-sichel-sport-L-2019-podiums-sebastien-huruguen-13-768x1152.jpg 768w, https:\/\/www.huruguen.fr\/site\/wp-content\/uploads\/2019\/06\/triathlon-sichel-sport-L-2019-podiums-sebastien-huruguen-13-1024x1536.jpg 1024w, https:\/\/www.huruguen.fr\/site\/wp-content\/uploads\/2019\/06\/triathlon-sichel-sport-L-2019-podiums-sebastien-huruguen-13-1365x2048.jpg 1365w, https:\/\/www.huruguen.fr\/site\/wp-content\/uploads\/2019\/06\/triathlon-sichel-sport-L-2019-podiums-sebastien-huruguen-13-scaled.jpg 1706w\" sizes=\"auto, (max-width: 683px) 100vw, 683px\" \/><\/figure><\/li><li class=\"blocks-gallery-item\"><figure><img loading=\"lazy\" decoding=\"async\" width=\"683\" height=\"1024\" src=\"https:\/\/www.huruguen.fr\/site\/wp-content\/uploads\/2019\/06\/triathlon-sichel-sport-L-2019-podiums-sebastien-huruguen-14-683x1024.jpg\" alt=\"\" data-id=\"60738\" data-full-url=\"https:\/\/www.huruguen.fr\/site\/wp-content\/uploads\/2019\/06\/triathlon-sichel-sport-L-2019-podiums-sebastien-huruguen-14-scaled.jpg\" data-link=\"https:\/\/www.huruguen.fr\/site\/podiums-e-leclerc-frenchman-triathlon-2019\/triathlon-sichel-sport-l-2019-podiums-sebastien-huruguen-14\/\" class=\"wp-image-60738\" srcset=\"https:\/\/www.huruguen.fr\/site\/wp-content\/uploads\/2019\/06\/triathlon-sichel-sport-L-2019-podiums-sebastien-huruguen-14-683x1024.jpg 683w, https:\/\/www.huruguen.fr\/site\/wp-content\/uploads\/2019\/06\/triathlon-sichel-sport-L-2019-podiums-sebastien-huruguen-14-200x300.jpg 200w, https:\/\/www.huruguen.fr\/site\/wp-content\/uploads\/2019\/06\/triathlon-sichel-sport-L-2019-podiums-sebastien-huruguen-14-768x1152.jpg 768w, https:\/\/www.huruguen.fr\/site\/wp-content\/uploads\/2019\/06\/triathlon-sichel-sport-L-2019-podiums-sebastien-huruguen-14-1024x1536.jpg 1024w, https:\/\/www.huruguen.fr\/site\/wp-content\/uploads\/2019\/06\/triathlon-sichel-sport-L-2019-podiums-sebastien-huruguen-14-1365x2048.jpg 1365w, https:\/\/www.huruguen.fr\/site\/wp-content\/uploads\/2019\/06\/triathlon-sichel-sport-L-2019-podiums-sebastien-huruguen-14-scaled.jpg 1706w\" sizes=\"auto, (max-width: 683px) 100vw, 683px\" \/><\/figure><\/li><li class=\"blocks-gallery-item\"><figure><img loading=\"lazy\" decoding=\"async\" width=\"683\" height=\"1024\" src=\"https:\/\/www.huruguen.fr\/site\/wp-content\/uploads\/2019\/06\/triathlon-sichel-sport-L-2019-podiums-sebastien-huruguen-15-683x1024.jpg\" alt=\"\" data-id=\"60739\" data-full-url=\"https:\/\/www.huruguen.fr\/site\/wp-content\/uploads\/2019\/06\/triathlon-sichel-sport-L-2019-podiums-sebastien-huruguen-15-scaled.jpg\" data-link=\"https:\/\/www.huruguen.fr\/site\/podiums-e-leclerc-frenchman-triathlon-2019\/triathlon-sichel-sport-l-2019-podiums-sebastien-huruguen-15\/\" class=\"wp-image-60739\" srcset=\"https:\/\/www.huruguen.fr\/site\/wp-content\/uploads\/2019\/06\/triathlon-sichel-sport-L-2019-podiums-sebastien-huruguen-15-683x1024.jpg 683w, https:\/\/www.huruguen.fr\/site\/wp-content\/uploads\/2019\/06\/triathlon-sichel-sport-L-2019-podiums-sebastien-huruguen-15-200x300.jpg 200w, https:\/\/www.huruguen.fr\/site\/wp-content\/uploads\/2019\/06\/triathlon-sichel-sport-L-2019-podiums-sebastien-huruguen-15-768x1152.jpg 768w, https:\/\/www.huruguen.fr\/site\/wp-content\/uploads\/2019\/06\/triathlon-sichel-sport-L-2019-podiums-sebastien-huruguen-15-1024x1536.jpg 1024w, https:\/\/www.huruguen.fr\/site\/wp-content\/uploads\/2019\/06\/triathlon-sichel-sport-L-2019-podiums-sebastien-huruguen-15-1365x2048.jpg 1365w, https:\/\/www.huruguen.fr\/site\/wp-content\/uploads\/2019\/06\/triathlon-sichel-sport-L-2019-podiums-sebastien-huruguen-15-scaled.jpg 1706w\" sizes=\"auto, (max-width: 683px) 100vw, 683px\" \/><\/figure><\/li><li class=\"blocks-gallery-item\"><figure><img loading=\"lazy\" decoding=\"async\" width=\"683\" height=\"1024\" src=\"https:\/\/www.huruguen.fr\/site\/wp-content\/uploads\/2019\/06\/triathlon-sichel-sport-L-2019-podiums-sebastien-huruguen-16-683x1024.jpg\" alt=\"\" data-id=\"60740\" data-full-url=\"https:\/\/www.huruguen.fr\/site\/wp-content\/uploads\/2019\/06\/triathlon-sichel-sport-L-2019-podiums-sebastien-huruguen-16-scaled.jpg\" data-link=\"https:\/\/www.huruguen.fr\/site\/podiums-e-leclerc-frenchman-triathlon-2019\/triathlon-sichel-sport-l-2019-podiums-sebastien-huruguen-16\/\" class=\"wp-image-60740\" srcset=\"https:\/\/www.huruguen.fr\/site\/wp-content\/uploads\/2019\/06\/triathlon-sichel-sport-L-2019-podiums-sebastien-huruguen-16-683x1024.jpg 683w, https:\/\/www.huruguen.fr\/site\/wp-content\/uploads\/2019\/06\/triathlon-sichel-sport-L-2019-podiums-sebastien-huruguen-16-200x300.jpg 200w, https:\/\/www.huruguen.fr\/site\/wp-content\/uploads\/2019\/06\/triathlon-sichel-sport-L-2019-podiums-sebastien-huruguen-16-768x1152.jpg 768w, https:\/\/www.huruguen.fr\/site\/wp-content\/uploads\/2019\/06\/triathlon-sichel-sport-L-2019-podiums-sebastien-huruguen-16-1024x1536.jpg 1024w, https:\/\/www.huruguen.fr\/site\/wp-content\/uploads\/2019\/06\/triathlon-sichel-sport-L-2019-podiums-sebastien-huruguen-16-1365x2048.jpg 1365w, https:\/\/www.huruguen.fr\/site\/wp-content\/uploads\/2019\/06\/triathlon-sichel-sport-L-2019-podiums-sebastien-huruguen-16-scaled.jpg 1706w\" sizes=\"auto, (max-width: 683px) 100vw, 683px\" \/><\/figure><\/li><li class=\"blocks-gallery-item\"><figure><img loading=\"lazy\" decoding=\"async\" width=\"683\" height=\"1024\" src=\"https:\/\/www.huruguen.fr\/site\/wp-content\/uploads\/2019\/06\/triathlon-sichel-sport-L-2019-podiums-sebastien-huruguen-17-683x1024.jpg\" alt=\"\" data-id=\"60741\" data-full-url=\"https:\/\/www.huruguen.fr\/site\/wp-content\/uploads\/2019\/06\/triathlon-sichel-sport-L-2019-podiums-sebastien-huruguen-17-scaled.jpg\" data-link=\"https:\/\/www.huruguen.fr\/site\/podiums-e-leclerc-frenchman-triathlon-2019\/triathlon-sichel-sport-l-2019-podiums-sebastien-huruguen-17\/\" class=\"wp-image-60741\" srcset=\"https:\/\/www.huruguen.fr\/site\/wp-content\/uploads\/2019\/06\/triathlon-sichel-sport-L-2019-podiums-sebastien-huruguen-17-683x1024.jpg 683w, https:\/\/www.huruguen.fr\/site\/wp-content\/uploads\/2019\/06\/triathlon-sichel-sport-L-2019-podiums-sebastien-huruguen-17-200x300.jpg 200w, https:\/\/www.huruguen.fr\/site\/wp-content\/uploads\/2019\/06\/triathlon-sichel-sport-L-2019-podiums-sebastien-huruguen-17-768x1152.jpg 768w, https:\/\/www.huruguen.fr\/site\/wp-content\/uploads\/2019\/06\/triathlon-sichel-sport-L-2019-podiums-sebastien-huruguen-17-1024x1536.jpg 1024w, https:\/\/www.huruguen.fr\/site\/wp-content\/uploads\/2019\/06\/triathlon-sichel-sport-L-2019-podiums-sebastien-huruguen-17-1365x2048.jpg 1365w, https:\/\/www.huruguen.fr\/site\/wp-content\/uploads\/2019\/06\/triathlon-sichel-sport-L-2019-podiums-sebastien-huruguen-17-scaled.jpg 1706w\" sizes=\"auto, (max-width: 683px) 100vw, 683px\" \/><\/figure><\/li><\/ul><\/figure>\n\n\n\n<div style=\"height:100px\" aria-hidden=\"true\" class=\"wp-block-spacer\"><\/div>\n\n\n\n<h2 class=\"wp-block-heading\">Podiums Relais &amp; Chateau CORDEILLAN BAGES TRIATHLON M 2019<\/h2>\n\n\n\n<div style=\"height:100px\" aria-hidden=\"true\" class=\"wp-block-spacer\"><\/div>\n\n\n\n<p>L\u2019\u00e9dition 2019 du Relais &amp; Ch\u00e2teau CORDEILLAN-BAGES Triathlon M a \u00e9t\u00e9 remport\u00e9 par AURELIEN RAPHAEL (POISSY TRIATHLON) en 01:52:17 et Camille Deligny (Lourdes Triathlon) en 02:12:00.<\/p>\n\n\n\n<p>Chez les hommes, Nicolas Onillon (T.C.G. 79 PARTHENAY) et Antoine MULLER (LES SABLES VENDEE TRIATHLON) compl\u00e8tent le podium.<\/p>\n\n\n\n<p>Chez les femmes c\u2019est MYLENE MARIONNEAU (<a href=\"https:\/\/www.triathlontoulousemetropole.com\/\">TRIATHLON TOULOUSE METROPOLE<\/a>) et Diane CUTILLAS&nbsp; (STADE FRANCAIS) qui compl\u00e8tent le podium.<\/p>\n\n\n\n<div style=\"height:100px\" aria-hidden=\"true\" class=\"wp-block-spacer\"><\/div>\n\n\n\n<figure class=\"wp-block-gallery columns-3 is-cropped wp-block-gallery-4 is-layout-flex wp-block-gallery-is-layout-flex\"><ul class=\"blocks-gallery-grid\"><li class=\"blocks-gallery-item\"><figure><img loading=\"lazy\" decoding=\"async\" width=\"1024\" height=\"683\" src=\"https:\/\/www.huruguen.fr\/site\/wp-content\/uploads\/2019\/06\/cordeillan-bages-triathlon-M-2019-podiums-sebastien-huruguen-1-1024x683.jpg\" alt=\"\" data-id=\"60743\" data-full-url=\"https:\/\/www.huruguen.fr\/site\/wp-content\/uploads\/2019\/06\/cordeillan-bages-triathlon-M-2019-podiums-sebastien-huruguen-1-scaled.jpg\" data-link=\"https:\/\/www.huruguen.fr\/site\/podiums-e-leclerc-frenchman-triathlon-2019\/cordeillan-bages-triathlon-m-2019-podiums-sebastien-huruguen-1\/\" class=\"wp-image-60743\" srcset=\"https:\/\/www.huruguen.fr\/site\/wp-content\/uploads\/2019\/06\/cordeillan-bages-triathlon-M-2019-podiums-sebastien-huruguen-1-1024x683.jpg 1024w, https:\/\/www.huruguen.fr\/site\/wp-content\/uploads\/2019\/06\/cordeillan-bages-triathlon-M-2019-podiums-sebastien-huruguen-1-300x200.jpg 300w, https:\/\/www.huruguen.fr\/site\/wp-content\/uploads\/2019\/06\/cordeillan-bages-triathlon-M-2019-podiums-sebastien-huruguen-1-768x512.jpg 768w, https:\/\/www.huruguen.fr\/site\/wp-content\/uploads\/2019\/06\/cordeillan-bages-triathlon-M-2019-podiums-sebastien-huruguen-1-1536x1024.jpg 1536w\" sizes=\"auto, (max-width: 1024px) 100vw, 1024px\" \/><\/figure><\/li><li class=\"blocks-gallery-item\"><figure><img loading=\"lazy\" decoding=\"async\" width=\"683\" height=\"1024\" src=\"https:\/\/www.huruguen.fr\/site\/wp-content\/uploads\/2019\/06\/cordeillan-bages-triathlon-M-2019-podiums-sebastien-huruguen-2-683x1024.jpg\" alt=\"\" data-id=\"60744\" data-full-url=\"https:\/\/www.huruguen.fr\/site\/wp-content\/uploads\/2019\/06\/cordeillan-bages-triathlon-M-2019-podiums-sebastien-huruguen-2-scaled.jpg\" data-link=\"https:\/\/www.huruguen.fr\/site\/podiums-e-leclerc-frenchman-triathlon-2019\/cordeillan-bages-triathlon-m-2019-podiums-sebastien-huruguen-2\/\" class=\"wp-image-60744\" srcset=\"https:\/\/www.huruguen.fr\/site\/wp-content\/uploads\/2019\/06\/cordeillan-bages-triathlon-M-2019-podiums-sebastien-huruguen-2-683x1024.jpg 683w, https:\/\/www.huruguen.fr\/site\/wp-content\/uploads\/2019\/06\/cordeillan-bages-triathlon-M-2019-podiums-sebastien-huruguen-2-200x300.jpg 200w, https:\/\/www.huruguen.fr\/site\/wp-content\/uploads\/2019\/06\/cordeillan-bages-triathlon-M-2019-podiums-sebastien-huruguen-2-768x1152.jpg 768w, https:\/\/www.huruguen.fr\/site\/wp-content\/uploads\/2019\/06\/cordeillan-bages-triathlon-M-2019-podiums-sebastien-huruguen-2-1024x1536.jpg 1024w, https:\/\/www.huruguen.fr\/site\/wp-content\/uploads\/2019\/06\/cordeillan-bages-triathlon-M-2019-podiums-sebastien-huruguen-2-1365x2048.jpg 1365w, https:\/\/www.huruguen.fr\/site\/wp-content\/uploads\/2019\/06\/cordeillan-bages-triathlon-M-2019-podiums-sebastien-huruguen-2-scaled.jpg 1706w\" sizes=\"auto, (max-width: 683px) 100vw, 683px\" \/><\/figure><\/li><li class=\"blocks-gallery-item\"><figure><img loading=\"lazy\" decoding=\"async\" width=\"1024\" height=\"683\" src=\"https:\/\/www.huruguen.fr\/site\/wp-content\/uploads\/2019\/06\/cordeillan-bages-triathlon-M-2019-podiums-sebastien-huruguen-3-1024x683.jpg\" alt=\"\" data-id=\"60745\" data-full-url=\"https:\/\/www.huruguen.fr\/site\/wp-content\/uploads\/2019\/06\/cordeillan-bages-triathlon-M-2019-podiums-sebastien-huruguen-3-scaled.jpg\" data-link=\"https:\/\/www.huruguen.fr\/site\/podiums-e-leclerc-frenchman-triathlon-2019\/cordeillan-bages-triathlon-m-2019-podiums-sebastien-huruguen-3\/\" class=\"wp-image-60745\" srcset=\"https:\/\/www.huruguen.fr\/site\/wp-content\/uploads\/2019\/06\/cordeillan-bages-triathlon-M-2019-podiums-sebastien-huruguen-3-1024x683.jpg 1024w, https:\/\/www.huruguen.fr\/site\/wp-content\/uploads\/2019\/06\/cordeillan-bages-triathlon-M-2019-podiums-sebastien-huruguen-3-300x200.jpg 300w, https:\/\/www.huruguen.fr\/site\/wp-content\/uploads\/2019\/06\/cordeillan-bages-triathlon-M-2019-podiums-sebastien-huruguen-3-768x512.jpg 768w, https:\/\/www.huruguen.fr\/site\/wp-content\/uploads\/2019\/06\/cordeillan-bages-triathlon-M-2019-podiums-sebastien-huruguen-3-1536x1024.jpg 1536w\" sizes=\"auto, (max-width: 1024px) 100vw, 1024px\" \/><\/figure><\/li><li class=\"blocks-gallery-item\"><figure><img loading=\"lazy\" decoding=\"async\" width=\"1024\" height=\"683\" src=\"https:\/\/www.huruguen.fr\/site\/wp-content\/uploads\/2019\/06\/cordeillan-bages-triathlon-M-2019-podiums-sebastien-huruguen-4-1024x683.jpg\" alt=\"\" data-id=\"60746\" data-full-url=\"https:\/\/www.huruguen.fr\/site\/wp-content\/uploads\/2019\/06\/cordeillan-bages-triathlon-M-2019-podiums-sebastien-huruguen-4-scaled.jpg\" data-link=\"https:\/\/www.huruguen.fr\/site\/podiums-e-leclerc-frenchman-triathlon-2019\/cordeillan-bages-triathlon-m-2019-podiums-sebastien-huruguen-4\/\" class=\"wp-image-60746\" srcset=\"https:\/\/www.huruguen.fr\/site\/wp-content\/uploads\/2019\/06\/cordeillan-bages-triathlon-M-2019-podiums-sebastien-huruguen-4-1024x683.jpg 1024w, https:\/\/www.huruguen.fr\/site\/wp-content\/uploads\/2019\/06\/cordeillan-bages-triathlon-M-2019-podiums-sebastien-huruguen-4-300x200.jpg 300w, https:\/\/www.huruguen.fr\/site\/wp-content\/uploads\/2019\/06\/cordeillan-bages-triathlon-M-2019-podiums-sebastien-huruguen-4-768x512.jpg 768w, https:\/\/www.huruguen.fr\/site\/wp-content\/uploads\/2019\/06\/cordeillan-bages-triathlon-M-2019-podiums-sebastien-huruguen-4-1536x1024.jpg 1536w\" sizes=\"auto, (max-width: 1024px) 100vw, 1024px\" \/><\/figure><\/li><li class=\"blocks-gallery-item\"><figure><img loading=\"lazy\" decoding=\"async\" width=\"1024\" height=\"683\" src=\"https:\/\/www.huruguen.fr\/site\/wp-content\/uploads\/2019\/06\/cordeillan-bages-triathlon-M-2019-podiums-sebastien-huruguen-5-1024x683.jpg\" alt=\"\" data-id=\"60747\" data-full-url=\"https:\/\/www.huruguen.fr\/site\/wp-content\/uploads\/2019\/06\/cordeillan-bages-triathlon-M-2019-podiums-sebastien-huruguen-5-scaled.jpg\" data-link=\"https:\/\/www.huruguen.fr\/site\/podiums-e-leclerc-frenchman-triathlon-2019\/cordeillan-bages-triathlon-m-2019-podiums-sebastien-huruguen-5\/\" class=\"wp-image-60747\" srcset=\"https:\/\/www.huruguen.fr\/site\/wp-content\/uploads\/2019\/06\/cordeillan-bages-triathlon-M-2019-podiums-sebastien-huruguen-5-1024x683.jpg 1024w, https:\/\/www.huruguen.fr\/site\/wp-content\/uploads\/2019\/06\/cordeillan-bages-triathlon-M-2019-podiums-sebastien-huruguen-5-300x200.jpg 300w, https:\/\/www.huruguen.fr\/site\/wp-content\/uploads\/2019\/06\/cordeillan-bages-triathlon-M-2019-podiums-sebastien-huruguen-5-768x512.jpg 768w, https:\/\/www.huruguen.fr\/site\/wp-content\/uploads\/2019\/06\/cordeillan-bages-triathlon-M-2019-podiums-sebastien-huruguen-5-1536x1024.jpg 1536w\" sizes=\"auto, (max-width: 1024px) 100vw, 1024px\" \/><\/figure><\/li><li class=\"blocks-gallery-item\"><figure><img loading=\"lazy\" decoding=\"async\" width=\"1024\" height=\"683\" src=\"https:\/\/www.huruguen.fr\/site\/wp-content\/uploads\/2019\/06\/cordeillan-bages-triathlon-M-2019-podiums-sebastien-huruguen-6-1024x683.jpg\" alt=\"\" data-id=\"60748\" data-full-url=\"https:\/\/www.huruguen.fr\/site\/wp-content\/uploads\/2019\/06\/cordeillan-bages-triathlon-M-2019-podiums-sebastien-huruguen-6-scaled.jpg\" data-link=\"https:\/\/www.huruguen.fr\/site\/podiums-e-leclerc-frenchman-triathlon-2019\/cordeillan-bages-triathlon-m-2019-podiums-sebastien-huruguen-6\/\" class=\"wp-image-60748\" srcset=\"https:\/\/www.huruguen.fr\/site\/wp-content\/uploads\/2019\/06\/cordeillan-bages-triathlon-M-2019-podiums-sebastien-huruguen-6-1024x683.jpg 1024w, https:\/\/www.huruguen.fr\/site\/wp-content\/uploads\/2019\/06\/cordeillan-bages-triathlon-M-2019-podiums-sebastien-huruguen-6-300x200.jpg 300w, https:\/\/www.huruguen.fr\/site\/wp-content\/uploads\/2019\/06\/cordeillan-bages-triathlon-M-2019-podiums-sebastien-huruguen-6-768x512.jpg 768w, https:\/\/www.huruguen.fr\/site\/wp-content\/uploads\/2019\/06\/cordeillan-bages-triathlon-M-2019-podiums-sebastien-huruguen-6-1536x1024.jpg 1536w\" sizes=\"auto, (max-width: 1024px) 100vw, 1024px\" \/><\/figure><\/li><li class=\"blocks-gallery-item\"><figure><img loading=\"lazy\" decoding=\"async\" width=\"1024\" height=\"683\" src=\"https:\/\/www.huruguen.fr\/site\/wp-content\/uploads\/2019\/06\/cordeillan-bages-triathlon-M-2019-podiums-sebastien-huruguen-7-1024x683.jpg\" alt=\"\" data-id=\"60749\" data-full-url=\"https:\/\/www.huruguen.fr\/site\/wp-content\/uploads\/2019\/06\/cordeillan-bages-triathlon-M-2019-podiums-sebastien-huruguen-7-scaled.jpg\" data-link=\"https:\/\/www.huruguen.fr\/site\/podiums-e-leclerc-frenchman-triathlon-2019\/cordeillan-bages-triathlon-m-2019-podiums-sebastien-huruguen-7\/\" class=\"wp-image-60749\" srcset=\"https:\/\/www.huruguen.fr\/site\/wp-content\/uploads\/2019\/06\/cordeillan-bages-triathlon-M-2019-podiums-sebastien-huruguen-7-1024x683.jpg 1024w, https:\/\/www.huruguen.fr\/site\/wp-content\/uploads\/2019\/06\/cordeillan-bages-triathlon-M-2019-podiums-sebastien-huruguen-7-300x200.jpg 300w, https:\/\/www.huruguen.fr\/site\/wp-content\/uploads\/2019\/06\/cordeillan-bages-triathlon-M-2019-podiums-sebastien-huruguen-7-768x512.jpg 768w, https:\/\/www.huruguen.fr\/site\/wp-content\/uploads\/2019\/06\/cordeillan-bages-triathlon-M-2019-podiums-sebastien-huruguen-7-1536x1024.jpg 1536w\" sizes=\"auto, (max-width: 1024px) 100vw, 1024px\" \/><\/figure><\/li><li class=\"blocks-gallery-item\"><figure><img loading=\"lazy\" decoding=\"async\" width=\"1024\" height=\"683\" src=\"https:\/\/www.huruguen.fr\/site\/wp-content\/uploads\/2019\/06\/cordeillan-bages-triathlon-M-2019-podiums-sebastien-huruguen-8-1024x683.jpg\" alt=\"\" data-id=\"60750\" data-full-url=\"https:\/\/www.huruguen.fr\/site\/wp-content\/uploads\/2019\/06\/cordeillan-bages-triathlon-M-2019-podiums-sebastien-huruguen-8-scaled.jpg\" data-link=\"https:\/\/www.huruguen.fr\/site\/podiums-e-leclerc-frenchman-triathlon-2019\/cordeillan-bages-triathlon-m-2019-podiums-sebastien-huruguen-8\/\" class=\"wp-image-60750\" srcset=\"https:\/\/www.huruguen.fr\/site\/wp-content\/uploads\/2019\/06\/cordeillan-bages-triathlon-M-2019-podiums-sebastien-huruguen-8-1024x683.jpg 1024w, https:\/\/www.huruguen.fr\/site\/wp-content\/uploads\/2019\/06\/cordeillan-bages-triathlon-M-2019-podiums-sebastien-huruguen-8-300x200.jpg 300w, https:\/\/www.huruguen.fr\/site\/wp-content\/uploads\/2019\/06\/cordeillan-bages-triathlon-M-2019-podiums-sebastien-huruguen-8-768x512.jpg 768w, https:\/\/www.huruguen.fr\/site\/wp-content\/uploads\/2019\/06\/cordeillan-bages-triathlon-M-2019-podiums-sebastien-huruguen-8-1536x1024.jpg 1536w\" sizes=\"auto, (max-width: 1024px) 100vw, 1024px\" \/><\/figure><\/li><li class=\"blocks-gallery-item\"><figure><img loading=\"lazy\" decoding=\"async\" width=\"1024\" height=\"683\" src=\"https:\/\/www.huruguen.fr\/site\/wp-content\/uploads\/2019\/06\/cordeillan-bages-triathlon-M-2019-podiums-sebastien-huruguen-9-1024x683.jpg\" alt=\"\" data-id=\"60751\" data-full-url=\"https:\/\/www.huruguen.fr\/site\/wp-content\/uploads\/2019\/06\/cordeillan-bages-triathlon-M-2019-podiums-sebastien-huruguen-9-scaled.jpg\" data-link=\"https:\/\/www.huruguen.fr\/site\/podiums-e-leclerc-frenchman-triathlon-2019\/cordeillan-bages-triathlon-m-2019-podiums-sebastien-huruguen-9\/\" class=\"wp-image-60751\" srcset=\"https:\/\/www.huruguen.fr\/site\/wp-content\/uploads\/2019\/06\/cordeillan-bages-triathlon-M-2019-podiums-sebastien-huruguen-9-1024x683.jpg 1024w, https:\/\/www.huruguen.fr\/site\/wp-content\/uploads\/2019\/06\/cordeillan-bages-triathlon-M-2019-podiums-sebastien-huruguen-9-300x200.jpg 300w, https:\/\/www.huruguen.fr\/site\/wp-content\/uploads\/2019\/06\/cordeillan-bages-triathlon-M-2019-podiums-sebastien-huruguen-9-768x512.jpg 768w, https:\/\/www.huruguen.fr\/site\/wp-content\/uploads\/2019\/06\/cordeillan-bages-triathlon-M-2019-podiums-sebastien-huruguen-9-1536x1024.jpg 1536w\" sizes=\"auto, (max-width: 1024px) 100vw, 1024px\" \/><\/figure><\/li><li class=\"blocks-gallery-item\"><figure><img loading=\"lazy\" decoding=\"async\" width=\"1024\" height=\"683\" src=\"https:\/\/www.huruguen.fr\/site\/wp-content\/uploads\/2019\/06\/cordeillan-bages-triathlon-M-2019-podiums-sebastien-huruguen-10-1024x683.jpg\" alt=\"\" data-id=\"60752\" data-full-url=\"https:\/\/www.huruguen.fr\/site\/wp-content\/uploads\/2019\/06\/cordeillan-bages-triathlon-M-2019-podiums-sebastien-huruguen-10-scaled.jpg\" data-link=\"https:\/\/www.huruguen.fr\/site\/podiums-e-leclerc-frenchman-triathlon-2019\/cordeillan-bages-triathlon-m-2019-podiums-sebastien-huruguen-10\/\" class=\"wp-image-60752\" srcset=\"https:\/\/www.huruguen.fr\/site\/wp-content\/uploads\/2019\/06\/cordeillan-bages-triathlon-M-2019-podiums-sebastien-huruguen-10-1024x683.jpg 1024w, https:\/\/www.huruguen.fr\/site\/wp-content\/uploads\/2019\/06\/cordeillan-bages-triathlon-M-2019-podiums-sebastien-huruguen-10-300x200.jpg 300w, https:\/\/www.huruguen.fr\/site\/wp-content\/uploads\/2019\/06\/cordeillan-bages-triathlon-M-2019-podiums-sebastien-huruguen-10-768x512.jpg 768w, https:\/\/www.huruguen.fr\/site\/wp-content\/uploads\/2019\/06\/cordeillan-bages-triathlon-M-2019-podiums-sebastien-huruguen-10-1536x1024.jpg 1536w\" sizes=\"auto, (max-width: 1024px) 100vw, 1024px\" \/><\/figure><\/li><li class=\"blocks-gallery-item\"><figure><img loading=\"lazy\" decoding=\"async\" width=\"1024\" height=\"683\" src=\"https:\/\/www.huruguen.fr\/site\/wp-content\/uploads\/2019\/06\/cordeillan-bages-triathlon-M-2019-podiums-sebastien-huruguen-11-1024x683.jpg\" alt=\"\" data-id=\"60754\" data-full-url=\"https:\/\/www.huruguen.fr\/site\/wp-content\/uploads\/2019\/06\/cordeillan-bages-triathlon-M-2019-podiums-sebastien-huruguen-11-scaled.jpg\" data-link=\"https:\/\/www.huruguen.fr\/site\/podiums-e-leclerc-frenchman-triathlon-2019\/cordeillan-bages-triathlon-m-2019-podiums-sebastien-huruguen-11\/\" class=\"wp-image-60754\" srcset=\"https:\/\/www.huruguen.fr\/site\/wp-content\/uploads\/2019\/06\/cordeillan-bages-triathlon-M-2019-podiums-sebastien-huruguen-11-1024x683.jpg 1024w, https:\/\/www.huruguen.fr\/site\/wp-content\/uploads\/2019\/06\/cordeillan-bages-triathlon-M-2019-podiums-sebastien-huruguen-11-300x200.jpg 300w, https:\/\/www.huruguen.fr\/site\/wp-content\/uploads\/2019\/06\/cordeillan-bages-triathlon-M-2019-podiums-sebastien-huruguen-11-768x512.jpg 768w, https:\/\/www.huruguen.fr\/site\/wp-content\/uploads\/2019\/06\/cordeillan-bages-triathlon-M-2019-podiums-sebastien-huruguen-11-1536x1024.jpg 1536w\" sizes=\"auto, (max-width: 1024px) 100vw, 1024px\" \/><\/figure><\/li><li class=\"blocks-gallery-item\"><figure><img loading=\"lazy\" decoding=\"async\" width=\"1024\" height=\"683\" src=\"https:\/\/www.huruguen.fr\/site\/wp-content\/uploads\/2019\/06\/cordeillan-bages-triathlon-M-2019-podiums-sebastien-huruguen-12-1024x683.jpg\" alt=\"\" data-id=\"60755\" data-full-url=\"https:\/\/www.huruguen.fr\/site\/wp-content\/uploads\/2019\/06\/cordeillan-bages-triathlon-M-2019-podiums-sebastien-huruguen-12-scaled.jpg\" data-link=\"https:\/\/www.huruguen.fr\/site\/podiums-e-leclerc-frenchman-triathlon-2019\/cordeillan-bages-triathlon-m-2019-podiums-sebastien-huruguen-12\/\" class=\"wp-image-60755\" srcset=\"https:\/\/www.huruguen.fr\/site\/wp-content\/uploads\/2019\/06\/cordeillan-bages-triathlon-M-2019-podiums-sebastien-huruguen-12-1024x683.jpg 1024w, https:\/\/www.huruguen.fr\/site\/wp-content\/uploads\/2019\/06\/cordeillan-bages-triathlon-M-2019-podiums-sebastien-huruguen-12-300x200.jpg 300w, https:\/\/www.huruguen.fr\/site\/wp-content\/uploads\/2019\/06\/cordeillan-bages-triathlon-M-2019-podiums-sebastien-huruguen-12-768x512.jpg 768w, https:\/\/www.huruguen.fr\/site\/wp-content\/uploads\/2019\/06\/cordeillan-bages-triathlon-M-2019-podiums-sebastien-huruguen-12-1536x1024.jpg 1536w\" sizes=\"auto, (max-width: 1024px) 100vw, 1024px\" \/><\/figure><\/li><li class=\"blocks-gallery-item\"><figure><img loading=\"lazy\" decoding=\"async\" width=\"1024\" height=\"683\" src=\"https:\/\/www.huruguen.fr\/site\/wp-content\/uploads\/2019\/06\/cordeillan-bages-triathlon-M-2019-podiums-sebastien-huruguen-13-1024x683.jpg\" alt=\"\" data-id=\"60756\" data-full-url=\"https:\/\/www.huruguen.fr\/site\/wp-content\/uploads\/2019\/06\/cordeillan-bages-triathlon-M-2019-podiums-sebastien-huruguen-13-scaled.jpg\" data-link=\"https:\/\/www.huruguen.fr\/site\/podiums-e-leclerc-frenchman-triathlon-2019\/cordeillan-bages-triathlon-m-2019-podiums-sebastien-huruguen-13\/\" class=\"wp-image-60756\" srcset=\"https:\/\/www.huruguen.fr\/site\/wp-content\/uploads\/2019\/06\/cordeillan-bages-triathlon-M-2019-podiums-sebastien-huruguen-13-1024x683.jpg 1024w, https:\/\/www.huruguen.fr\/site\/wp-content\/uploads\/2019\/06\/cordeillan-bages-triathlon-M-2019-podiums-sebastien-huruguen-13-300x200.jpg 300w, https:\/\/www.huruguen.fr\/site\/wp-content\/uploads\/2019\/06\/cordeillan-bages-triathlon-M-2019-podiums-sebastien-huruguen-13-768x512.jpg 768w, https:\/\/www.huruguen.fr\/site\/wp-content\/uploads\/2019\/06\/cordeillan-bages-triathlon-M-2019-podiums-sebastien-huruguen-13-1536x1024.jpg 1536w\" sizes=\"auto, (max-width: 1024px) 100vw, 1024px\" \/><\/figure><\/li><li class=\"blocks-gallery-item\"><figure><img loading=\"lazy\" decoding=\"async\" width=\"1024\" height=\"683\" src=\"https:\/\/www.huruguen.fr\/site\/wp-content\/uploads\/2019\/06\/cordeillan-bages-triathlon-M-2019-podiums-sebastien-huruguen-14-1024x683.jpg\" alt=\"\" data-id=\"60757\" data-full-url=\"https:\/\/www.huruguen.fr\/site\/wp-content\/uploads\/2019\/06\/cordeillan-bages-triathlon-M-2019-podiums-sebastien-huruguen-14-scaled.jpg\" data-link=\"https:\/\/www.huruguen.fr\/site\/podiums-e-leclerc-frenchman-triathlon-2019\/cordeillan-bages-triathlon-m-2019-podiums-sebastien-huruguen-14\/\" class=\"wp-image-60757\" srcset=\"https:\/\/www.huruguen.fr\/site\/wp-content\/uploads\/2019\/06\/cordeillan-bages-triathlon-M-2019-podiums-sebastien-huruguen-14-1024x683.jpg 1024w, https:\/\/www.huruguen.fr\/site\/wp-content\/uploads\/2019\/06\/cordeillan-bages-triathlon-M-2019-podiums-sebastien-huruguen-14-300x200.jpg 300w, https:\/\/www.huruguen.fr\/site\/wp-content\/uploads\/2019\/06\/cordeillan-bages-triathlon-M-2019-podiums-sebastien-huruguen-14-768x512.jpg 768w, https:\/\/www.huruguen.fr\/site\/wp-content\/uploads\/2019\/06\/cordeillan-bages-triathlon-M-2019-podiums-sebastien-huruguen-14-1536x1024.jpg 1536w\" sizes=\"auto, (max-width: 1024px) 100vw, 1024px\" \/><\/figure><\/li><li class=\"blocks-gallery-item\"><figure><img loading=\"lazy\" decoding=\"async\" width=\"1024\" height=\"683\" src=\"https:\/\/www.huruguen.fr\/site\/wp-content\/uploads\/2019\/06\/cordeillan-bages-triathlon-M-2019-podiums-sebastien-huruguen-15-1024x683.jpg\" alt=\"\" data-id=\"60758\" data-full-url=\"https:\/\/www.huruguen.fr\/site\/wp-content\/uploads\/2019\/06\/cordeillan-bages-triathlon-M-2019-podiums-sebastien-huruguen-15-scaled.jpg\" data-link=\"https:\/\/www.huruguen.fr\/site\/podiums-e-leclerc-frenchman-triathlon-2019\/cordeillan-bages-triathlon-m-2019-podiums-sebastien-huruguen-15\/\" class=\"wp-image-60758\" srcset=\"https:\/\/www.huruguen.fr\/site\/wp-content\/uploads\/2019\/06\/cordeillan-bages-triathlon-M-2019-podiums-sebastien-huruguen-15-1024x683.jpg 1024w, https:\/\/www.huruguen.fr\/site\/wp-content\/uploads\/2019\/06\/cordeillan-bages-triathlon-M-2019-podiums-sebastien-huruguen-15-300x200.jpg 300w, https:\/\/www.huruguen.fr\/site\/wp-content\/uploads\/2019\/06\/cordeillan-bages-triathlon-M-2019-podiums-sebastien-huruguen-15-768x512.jpg 768w, https:\/\/www.huruguen.fr\/site\/wp-content\/uploads\/2019\/06\/cordeillan-bages-triathlon-M-2019-podiums-sebastien-huruguen-15-1536x1024.jpg 1536w\" sizes=\"auto, (max-width: 1024px) 100vw, 1024px\" \/><\/figure><\/li><\/ul><\/figure>\n","protected":false},"excerpt":{"rendered":"<p>Podiums E.LECLERC FRENCHMAN TRIATHLON XXL 2019 La septi\u00e8me \u00e9dition du E.LECLERC FRENCHMAN triathlon XXL organis\u00e9 \u00e0 Hourtin a \u00e9t\u00e9 remport\u00e9 par&nbsp;Robin Moussel&nbsp;(EVREUX AC. TRIATHLON) \u00e9tablissant un nouveau record de l\u2019\u00e9preuve en 08:10:18.Camille Deligny&nbsp;(LOURDES TRIATHLON) remporte pour la deuxi\u00e8me fois le &hellip; <a href=\"https:\/\/www.huruguen.fr\/site\/podiums-e-leclerc-frenchman-triathlon-2019\/\">Lire la suite<\/a><\/p>\n","protected":false},"author":1,"featured_media":60719,"comment_status":"closed","ping_status":"open","sticky":false,"template":"","format":"standard","meta":{"kt_blocks_editor_width":"","footnotes":""},"categories":[1537],"tags":[3046,3067,3071,1957,2256,3119,3121,2606,2598,3075,2041],"class_list":["post-60700","post","type-post","status-publish","format-standard","has-post-thumbnail","hentry","category-reportages","tag-3046","tag-frenchman","tag-frenchman-2019","tag-hourtin-2","tag-podium","tag-podiums","tag-podiums-frenchman-2019","tag-sichel-sport","tag-triathlon","tag-triathlon-sichel-sport-l","tag-triathlons"],"yoast_head":"<!-- This site is optimized with the Yoast SEO plugin v27.4 - https:\/\/yoast.com\/product\/yoast-seo-wordpress\/ -->\n<title>Podiums \u2013 E.Leclerc Frenchman Triathlon 2019 - Photographe Professionnel \u00e0 Bordeaux &#x1f4f7; Sebastien Huruguen<\/title>\n<meta name=\"description\" content=\"Les photos officielles des podiums du E.LECLERC FRENCHMAN Triathlon Festival 2019 organis\u00e9 \u00e0 Hourtin en Gironde. S\u00e9bastien Huruguen Photographe\" \/>\n<meta name=\"robots\" content=\"index, follow, max-snippet:-1, max-image-preview:large, max-video-preview:-1\" \/>\n<link rel=\"canonical\" href=\"https:\/\/www.huruguen.fr\/site\/podiums-e-leclerc-frenchman-triathlon-2019\/\" \/>\n<meta property=\"og:locale\" content=\"fr_FR\" \/>\n<meta property=\"og:type\" content=\"article\" \/>\n<meta property=\"og:title\" content=\"Podiums \u2013 E.Leclerc Frenchman Triathlon 2019 - Photographe Professionnel \u00e0 Bordeaux &#x1f4f7; Sebastien Huruguen\" \/>\n<meta property=\"og:description\" content=\"Les photos officielles des podiums du E.LECLERC FRENCHMAN Triathlon Festival 2019 organis\u00e9 \u00e0 Hourtin en Gironde. S\u00e9bastien Huruguen Photographe\" \/>\n<meta property=\"og:url\" content=\"https:\/\/www.huruguen.fr\/site\/podiums-e-leclerc-frenchman-triathlon-2019\/\" \/>\n<meta property=\"og:site_name\" content=\"Photographe Professionnel \u00e0 Bordeaux &#x1f4f7; Sebastien Huruguen\" \/>\n<meta property=\"article:publisher\" content=\"https:\/\/www.facebook.com\/huruguen\" \/>\n<meta property=\"article:author\" content=\"https:\/\/www.facebook.com\/huruguen\/\" \/>\n<meta property=\"article:published_time\" content=\"2019-06-02T10:15:00+00:00\" \/>\n<meta property=\"article:modified_time\" content=\"2024-04-03T12:01:13+00:00\" \/>\n<meta property=\"og:image\" content=\"https:\/\/www.huruguen.fr\/site\/wp-content\/uploads\/2020\/04\/frenchman-triathlon-xxl-2019-podiums-sebastien-huruguen-hourtin-19-scaled.jpg\" \/>\n\t<meta property=\"og:image:width\" content=\"2560\" \/>\n\t<meta property=\"og:image:height\" content=\"1706\" \/>\n\t<meta property=\"og:image:type\" content=\"image\/jpeg\" \/>\n<meta name=\"author\" content=\"Sebastien Huruguen\" \/>\n<meta name=\"twitter:card\" content=\"summary_large_image\" \/>\n<meta name=\"twitter:creator\" content=\"@www_huruguen_fr\" \/>\n<meta name=\"twitter:site\" content=\"@www_huruguen_fr\" \/>\n<meta name=\"twitter:label1\" content=\"\u00c9crit par\" \/>\n\t<meta name=\"twitter:data1\" content=\"Sebastien Huruguen\" \/>\n\t<meta name=\"twitter:label2\" content=\"Dur\u00e9e de lecture estim\u00e9e\" \/>\n\t<meta name=\"twitter:data2\" content=\"1 minute\" \/>\n<script type=\"application\/ld+json\" class=\"yoast-schema-graph\">{\"@context\":\"https:\\\/\\\/schema.org\",\"@graph\":[{\"@type\":\"Article\",\"@id\":\"https:\\\/\\\/www.huruguen.fr\\\/site\\\/podiums-e-leclerc-frenchman-triathlon-2019\\\/#article\",\"isPartOf\":{\"@id\":\"https:\\\/\\\/www.huruguen.fr\\\/site\\\/podiums-e-leclerc-frenchman-triathlon-2019\\\/\"},\"author\":{\"name\":\"Sebastien Huruguen\",\"@id\":\"https:\\\/\\\/www.huruguen.fr\\\/site\\\/#\\\/schema\\\/person\\\/bdce6395a337c00db735bf5fa1268715\"},\"headline\":\"Podiums \u2013 E.Leclerc Frenchman Triathlon 2019\",\"datePublished\":\"2019-06-02T10:15:00+00:00\",\"dateModified\":\"2024-04-03T12:01:13+00:00\",\"mainEntityOfPage\":{\"@id\":\"https:\\\/\\\/www.huruguen.fr\\\/site\\\/podiums-e-leclerc-frenchman-triathlon-2019\\\/\"},\"wordCount\":265,\"publisher\":{\"@id\":\"https:\\\/\\\/www.huruguen.fr\\\/site\\\/#organization\"},\"image\":{\"@id\":\"https:\\\/\\\/www.huruguen.fr\\\/site\\\/podiums-e-leclerc-frenchman-triathlon-2019\\\/#primaryimage\"},\"thumbnailUrl\":\"https:\\\/\\\/www.huruguen.fr\\\/site\\\/wp-content\\\/uploads\\\/2020\\\/04\\\/frenchman-triathlon-xxl-2019-podiums-sebastien-huruguen-hourtin-19-scaled.jpg\",\"keywords\":[\"2019\",\"frenchman\",\"frenchman 2019\",\"hourtin\",\"podium\",\"podiums\",\"podiums frenchman 2019\",\"sichel sport\",\"triathlon\",\"triathlon sichel sport L\",\"triathlons\"],\"articleSection\":[\"Actualit\u00e9s\"],\"inLanguage\":\"fr-FR\"},{\"@type\":\"WebPage\",\"@id\":\"https:\\\/\\\/www.huruguen.fr\\\/site\\\/podiums-e-leclerc-frenchman-triathlon-2019\\\/\",\"url\":\"https:\\\/\\\/www.huruguen.fr\\\/site\\\/podiums-e-leclerc-frenchman-triathlon-2019\\\/\",\"name\":\"Podiums \u2013 E.Leclerc Frenchman Triathlon 2019 - Photographe Professionnel \u00e0 Bordeaux &#x1f4f7; Sebastien Huruguen\",\"isPartOf\":{\"@id\":\"https:\\\/\\\/www.huruguen.fr\\\/site\\\/#website\"},\"primaryImageOfPage\":{\"@id\":\"https:\\\/\\\/www.huruguen.fr\\\/site\\\/podiums-e-leclerc-frenchman-triathlon-2019\\\/#primaryimage\"},\"image\":{\"@id\":\"https:\\\/\\\/www.huruguen.fr\\\/site\\\/podiums-e-leclerc-frenchman-triathlon-2019\\\/#primaryimage\"},\"thumbnailUrl\":\"https:\\\/\\\/www.huruguen.fr\\\/site\\\/wp-content\\\/uploads\\\/2020\\\/04\\\/frenchman-triathlon-xxl-2019-podiums-sebastien-huruguen-hourtin-19-scaled.jpg\",\"datePublished\":\"2019-06-02T10:15:00+00:00\",\"dateModified\":\"2024-04-03T12:01:13+00:00\",\"description\":\"Les photos officielles des podiums du E.LECLERC FRENCHMAN Triathlon Festival 2019 organis\u00e9 \u00e0 Hourtin en Gironde. S\u00e9bastien Huruguen Photographe\",\"breadcrumb\":{\"@id\":\"https:\\\/\\\/www.huruguen.fr\\\/site\\\/podiums-e-leclerc-frenchman-triathlon-2019\\\/#breadcrumb\"},\"inLanguage\":\"fr-FR\",\"potentialAction\":[{\"@type\":\"ReadAction\",\"target\":[\"https:\\\/\\\/www.huruguen.fr\\\/site\\\/podiums-e-leclerc-frenchman-triathlon-2019\\\/\"]}]},{\"@type\":\"ImageObject\",\"inLanguage\":\"fr-FR\",\"@id\":\"https:\\\/\\\/www.huruguen.fr\\\/site\\\/podiums-e-leclerc-frenchman-triathlon-2019\\\/#primaryimage\",\"url\":\"https:\\\/\\\/www.huruguen.fr\\\/site\\\/wp-content\\\/uploads\\\/2020\\\/04\\\/frenchman-triathlon-xxl-2019-podiums-sebastien-huruguen-hourtin-19-scaled.jpg\",\"contentUrl\":\"https:\\\/\\\/www.huruguen.fr\\\/site\\\/wp-content\\\/uploads\\\/2020\\\/04\\\/frenchman-triathlon-xxl-2019-podiums-sebastien-huruguen-hourtin-19-scaled.jpg\",\"width\":2560,\"height\":1706,\"caption\":\"frenchman-triathlon-xxl-2019-podiums-sebastien-huruguen-hourtin-19-scaled\"},{\"@type\":\"BreadcrumbList\",\"@id\":\"https:\\\/\\\/www.huruguen.fr\\\/site\\\/podiums-e-leclerc-frenchman-triathlon-2019\\\/#breadcrumb\",\"itemListElement\":[{\"@type\":\"ListItem\",\"position\":1,\"name\":\"Accueil\",\"item\":\"https:\\\/\\\/www.huruguen.fr\\\/site\\\/\"},{\"@type\":\"ListItem\",\"position\":2,\"name\":\"Podiums \u2013 E.Leclerc Frenchman Triathlon 2019\"}]},{\"@type\":\"WebSite\",\"@id\":\"https:\\\/\\\/www.huruguen.fr\\\/site\\\/#website\",\"url\":\"https:\\\/\\\/www.huruguen.fr\\\/site\\\/\",\"name\":\"Photographe Professionnel \u00e0 Bordeaux Sebastien Huruguen\",\"description\":\"Photographe professionnel ind\u00e9pendant a Bordeaux. Prestations et services photograpphiques pour les professionnels et particuliers : reportages, s\u00e9ances photos, studio, packshot.\",\"publisher\":{\"@id\":\"https:\\\/\\\/www.huruguen.fr\\\/site\\\/#organization\"},\"potentialAction\":[{\"@type\":\"SearchAction\",\"target\":{\"@type\":\"EntryPoint\",\"urlTemplate\":\"https:\\\/\\\/www.huruguen.fr\\\/site\\\/?s={search_term_string}\"},\"query-input\":{\"@type\":\"PropertyValueSpecification\",\"valueRequired\":true,\"valueName\":\"search_term_string\"}}],\"inLanguage\":\"fr-FR\"},{\"@type\":\"Organization\",\"@id\":\"https:\\\/\\\/www.huruguen.fr\\\/site\\\/#organization\",\"name\":\"S\u00e9bastien Huruguen Photographe\",\"url\":\"https:\\\/\\\/www.huruguen.fr\\\/site\\\/\",\"logo\":{\"@type\":\"ImageObject\",\"inLanguage\":\"fr-FR\",\"@id\":\"https:\\\/\\\/www.huruguen.fr\\\/site\\\/#\\\/schema\\\/logo\\\/image\\\/\",\"url\":\"https:\\\/\\\/www.huruguen.fr\\\/site\\\/wp-content\\\/uploads\\\/2018\\\/03\\\/Logo-Huruguen-triptique-2018-noir-1500.jpg\",\"contentUrl\":\"https:\\\/\\\/www.huruguen.fr\\\/site\\\/wp-content\\\/uploads\\\/2018\\\/03\\\/Logo-Huruguen-triptique-2018-noir-1500.jpg\",\"width\":1500,\"height\":1500,\"caption\":\"S\u00e9bastien Huruguen Photographe\"},\"image\":{\"@id\":\"https:\\\/\\\/www.huruguen.fr\\\/site\\\/#\\\/schema\\\/logo\\\/image\\\/\"},\"sameAs\":[\"https:\\\/\\\/www.facebook.com\\\/huruguen\",\"https:\\\/\\\/x.com\\\/www_huruguen_fr\",\"https:\\\/\\\/www.instagram.com\\\/sebastien.huruguen\\\/\"]},{\"@type\":\"Person\",\"@id\":\"https:\\\/\\\/www.huruguen.fr\\\/site\\\/#\\\/schema\\\/person\\\/bdce6395a337c00db735bf5fa1268715\",\"name\":\"Sebastien Huruguen\",\"description\":\"S\u00e9bastien Huruguen est photographe professionnel \u00e0 Bordeaux.\",\"sameAs\":[\"https:\\\/\\\/www.huruguen.fr\",\"https:\\\/\\\/www.facebook.com\\\/huruguen\\\/\",\"https:\\\/\\\/www.instagram.com\\\/sebastien.huruguen\\\/\",\"https:\\\/\\\/www.linkedin.com\\\/in\\\/sbastien-huruguen-95452342\\\/\",\"https:\\\/\\\/www.pinterest.fr\\\/shuruguen\\\/\",\"https:\\\/\\\/x.com\\\/www_huruguen_fr\",\"https:\\\/\\\/www.youtube.com\\\/channel\\\/UChEt96Suus_jyoBce80fNOA?nohtml5=False\"]}]}<\/script>\n<!-- \/ Yoast SEO plugin. -->","yoast_head_json":{"title":"Podiums \u2013 E.Leclerc Frenchman Triathlon 2019 - Photographe Professionnel \u00e0 Bordeaux &#x1f4f7; Sebastien Huruguen","description":"Les photos officielles des podiums du E.LECLERC FRENCHMAN Triathlon Festival 2019 organis\u00e9 \u00e0 Hourtin en Gironde. S\u00e9bastien Huruguen Photographe","robots":{"index":"index","follow":"follow","max-snippet":"max-snippet:-1","max-image-preview":"max-image-preview:large","max-video-preview":"max-video-preview:-1"},"canonical":"https:\/\/www.huruguen.fr\/site\/podiums-e-leclerc-frenchman-triathlon-2019\/","og_locale":"fr_FR","og_type":"article","og_title":"Podiums \u2013 E.Leclerc Frenchman Triathlon 2019 - Photographe Professionnel \u00e0 Bordeaux &#x1f4f7; Sebastien Huruguen","og_description":"Les photos officielles des podiums du E.LECLERC FRENCHMAN Triathlon Festival 2019 organis\u00e9 \u00e0 Hourtin en Gironde. S\u00e9bastien Huruguen Photographe","og_url":"https:\/\/www.huruguen.fr\/site\/podiums-e-leclerc-frenchman-triathlon-2019\/","og_site_name":"Photographe Professionnel \u00e0 Bordeaux &#x1f4f7; Sebastien Huruguen","article_publisher":"https:\/\/www.facebook.com\/huruguen","article_author":"https:\/\/www.facebook.com\/huruguen\/","article_published_time":"2019-06-02T10:15:00+00:00","article_modified_time":"2024-04-03T12:01:13+00:00","og_image":[{"width":2560,"height":1706,"url":"https:\/\/www.huruguen.fr\/site\/wp-content\/uploads\/2020\/04\/frenchman-triathlon-xxl-2019-podiums-sebastien-huruguen-hourtin-19-scaled.jpg","type":"image\/jpeg"}],"author":"Sebastien Huruguen","twitter_card":"summary_large_image","twitter_creator":"@www_huruguen_fr","twitter_site":"@www_huruguen_fr","twitter_misc":{"\u00c9crit par":"Sebastien Huruguen","Dur\u00e9e de lecture estim\u00e9e":"1 minute"},"schema":{"@context":"https:\/\/schema.org","@graph":[{"@type":"Article","@id":"https:\/\/www.huruguen.fr\/site\/podiums-e-leclerc-frenchman-triathlon-2019\/#article","isPartOf":{"@id":"https:\/\/www.huruguen.fr\/site\/podiums-e-leclerc-frenchman-triathlon-2019\/"},"author":{"name":"Sebastien Huruguen","@id":"https:\/\/www.huruguen.fr\/site\/#\/schema\/person\/bdce6395a337c00db735bf5fa1268715"},"headline":"Podiums \u2013 E.Leclerc Frenchman Triathlon 2019","datePublished":"2019-06-02T10:15:00+00:00","dateModified":"2024-04-03T12:01:13+00:00","mainEntityOfPage":{"@id":"https:\/\/www.huruguen.fr\/site\/podiums-e-leclerc-frenchman-triathlon-2019\/"},"wordCount":265,"publisher":{"@id":"https:\/\/www.huruguen.fr\/site\/#organization"},"image":{"@id":"https:\/\/www.huruguen.fr\/site\/podiums-e-leclerc-frenchman-triathlon-2019\/#primaryimage"},"thumbnailUrl":"https:\/\/www.huruguen.fr\/site\/wp-content\/uploads\/2020\/04\/frenchman-triathlon-xxl-2019-podiums-sebastien-huruguen-hourtin-19-scaled.jpg","keywords":["2019","frenchman","frenchman 2019","hourtin","podium","podiums","podiums frenchman 2019","sichel sport","triathlon","triathlon sichel sport L","triathlons"],"articleSection":["Actualit\u00e9s"],"inLanguage":"fr-FR"},{"@type":"WebPage","@id":"https:\/\/www.huruguen.fr\/site\/podiums-e-leclerc-frenchman-triathlon-2019\/","url":"https:\/\/www.huruguen.fr\/site\/podiums-e-leclerc-frenchman-triathlon-2019\/","name":"Podiums \u2013 E.Leclerc Frenchman Triathlon 2019 - Photographe Professionnel \u00e0 Bordeaux &#x1f4f7; Sebastien Huruguen","isPartOf":{"@id":"https:\/\/www.huruguen.fr\/site\/#website"},"primaryImageOfPage":{"@id":"https:\/\/www.huruguen.fr\/site\/podiums-e-leclerc-frenchman-triathlon-2019\/#primaryimage"},"image":{"@id":"https:\/\/www.huruguen.fr\/site\/podiums-e-leclerc-frenchman-triathlon-2019\/#primaryimage"},"thumbnailUrl":"https:\/\/www.huruguen.fr\/site\/wp-content\/uploads\/2020\/04\/frenchman-triathlon-xxl-2019-podiums-sebastien-huruguen-hourtin-19-scaled.jpg","datePublished":"2019-06-02T10:15:00+00:00","dateModified":"2024-04-03T12:01:13+00:00","description":"Les photos officielles des podiums du E.LECLERC FRENCHMAN Triathlon Festival 2019 organis\u00e9 \u00e0 Hourtin en Gironde. S\u00e9bastien Huruguen Photographe","breadcrumb":{"@id":"https:\/\/www.huruguen.fr\/site\/podiums-e-leclerc-frenchman-triathlon-2019\/#breadcrumb"},"inLanguage":"fr-FR","potentialAction":[{"@type":"ReadAction","target":["https:\/\/www.huruguen.fr\/site\/podiums-e-leclerc-frenchman-triathlon-2019\/"]}]},{"@type":"ImageObject","inLanguage":"fr-FR","@id":"https:\/\/www.huruguen.fr\/site\/podiums-e-leclerc-frenchman-triathlon-2019\/#primaryimage","url":"https:\/\/www.huruguen.fr\/site\/wp-content\/uploads\/2020\/04\/frenchman-triathlon-xxl-2019-podiums-sebastien-huruguen-hourtin-19-scaled.jpg","contentUrl":"https:\/\/www.huruguen.fr\/site\/wp-content\/uploads\/2020\/04\/frenchman-triathlon-xxl-2019-podiums-sebastien-huruguen-hourtin-19-scaled.jpg","width":2560,"height":1706,"caption":"frenchman-triathlon-xxl-2019-podiums-sebastien-huruguen-hourtin-19-scaled"},{"@type":"BreadcrumbList","@id":"https:\/\/www.huruguen.fr\/site\/podiums-e-leclerc-frenchman-triathlon-2019\/#breadcrumb","itemListElement":[{"@type":"ListItem","position":1,"name":"Accueil","item":"https:\/\/www.huruguen.fr\/site\/"},{"@type":"ListItem","position":2,"name":"Podiums \u2013 E.Leclerc Frenchman Triathlon 2019"}]},{"@type":"WebSite","@id":"https:\/\/www.huruguen.fr\/site\/#website","url":"https:\/\/www.huruguen.fr\/site\/","name":"Photographe Professionnel \u00e0 Bordeaux Sebastien Huruguen","description":"Photographe professionnel ind\u00e9pendant a Bordeaux. Prestations et services photograpphiques pour les professionnels et particuliers : reportages, s\u00e9ances photos, studio, packshot.","publisher":{"@id":"https:\/\/www.huruguen.fr\/site\/#organization"},"potentialAction":[{"@type":"SearchAction","target":{"@type":"EntryPoint","urlTemplate":"https:\/\/www.huruguen.fr\/site\/?s={search_term_string}"},"query-input":{"@type":"PropertyValueSpecification","valueRequired":true,"valueName":"search_term_string"}}],"inLanguage":"fr-FR"},{"@type":"Organization","@id":"https:\/\/www.huruguen.fr\/site\/#organization","name":"S\u00e9bastien Huruguen Photographe","url":"https:\/\/www.huruguen.fr\/site\/","logo":{"@type":"ImageObject","inLanguage":"fr-FR","@id":"https:\/\/www.huruguen.fr\/site\/#\/schema\/logo\/image\/","url":"https:\/\/www.huruguen.fr\/site\/wp-content\/uploads\/2018\/03\/Logo-Huruguen-triptique-2018-noir-1500.jpg","contentUrl":"https:\/\/www.huruguen.fr\/site\/wp-content\/uploads\/2018\/03\/Logo-Huruguen-triptique-2018-noir-1500.jpg","width":1500,"height":1500,"caption":"S\u00e9bastien Huruguen Photographe"},"image":{"@id":"https:\/\/www.huruguen.fr\/site\/#\/schema\/logo\/image\/"},"sameAs":["https:\/\/www.facebook.com\/huruguen","https:\/\/x.com\/www_huruguen_fr","https:\/\/www.instagram.com\/sebastien.huruguen\/"]},{"@type":"Person","@id":"https:\/\/www.huruguen.fr\/site\/#\/schema\/person\/bdce6395a337c00db735bf5fa1268715","name":"Sebastien Huruguen","description":"S\u00e9bastien Huruguen est photographe professionnel \u00e0 Bordeaux.","sameAs":["https:\/\/www.huruguen.fr","https:\/\/www.facebook.com\/huruguen\/","https:\/\/www.instagram.com\/sebastien.huruguen\/","https:\/\/www.linkedin.com\/in\/sbastien-huruguen-95452342\/","https:\/\/www.pinterest.fr\/shuruguen\/","https:\/\/x.com\/www_huruguen_fr","https:\/\/www.youtube.com\/channel\/UChEt96Suus_jyoBce80fNOA?nohtml5=False"]}]}},"_links":{"self":[{"href":"https:\/\/www.huruguen.fr\/site\/wp-json\/wp\/v2\/posts\/60700","targetHints":{"allow":["GET"]}}],"collection":[{"href":"https:\/\/www.huruguen.fr\/site\/wp-json\/wp\/v2\/posts"}],"about":[{"href":"https:\/\/www.huruguen.fr\/site\/wp-json\/wp\/v2\/types\/post"}],"author":[{"embeddable":true,"href":"https:\/\/www.huruguen.fr\/site\/wp-json\/wp\/v2\/users\/1"}],"replies":[{"embeddable":true,"href":"https:\/\/www.huruguen.fr\/site\/wp-json\/wp\/v2\/comments?post=60700"}],"version-history":[{"count":5,"href":"https:\/\/www.huruguen.fr\/site\/wp-json\/wp\/v2\/posts\/60700\/revisions"}],"predecessor-version":[{"id":62942,"href":"https:\/\/www.huruguen.fr\/site\/wp-json\/wp\/v2\/posts\/60700\/revisions\/62942"}],"wp:featuredmedia":[{"embeddable":true,"href":"https:\/\/www.huruguen.fr\/site\/wp-json\/wp\/v2\/media\/60719"}],"wp:attachment":[{"href":"https:\/\/www.huruguen.fr\/site\/wp-json\/wp\/v2\/media?parent=60700"}],"wp:term":[{"taxonomy":"category","embeddable":true,"href":"https:\/\/www.huruguen.fr\/site\/wp-json\/wp\/v2\/categories?post=60700"},{"taxonomy":"post_tag","embeddable":true,"href":"https:\/\/www.huruguen.fr\/site\/wp-json\/wp\/v2\/tags?post=60700"}],"curies":[{"name":"wp","href":"https:\/\/api.w.org\/{rel}","templated":true}]}}