{"id":60211,"date":"2019-05-04T10:02:00","date_gmt":"2019-05-04T09:02:00","guid":{"rendered":"https:\/\/www.huruguen.fr\/site\/?p=60211"},"modified":"2020-10-20T07:15:43","modified_gmt":"2020-10-20T06:15:43","slug":"lacanau-trievents-2019","status":"publish","type":"post","link":"https:\/\/www.huruguen.fr\/site\/lacanau-trievents-2019\/","title":{"rendered":"LACANAU TRI\u2019EVENTS 2019"},"content":{"rendered":"\n<iframe src=\"https:\/\/geosnapshot.com\/e\/lacanau-tri-events-2019\/10872?embed=true\" style=\"width: 100%; height: 800px; border: 1px solid #e6e7e8;\" allow=\"camera; geolocation\"><\/iframe>\n","protected":false},"excerpt":{"rendered":"<p>Les photos officielles du LACANAU TRI&rsquo;EVENTS 2019 organis\u00e9 le 4 et 5 mai sur le site du Moutchic.<br \/>\nPhotos du Half Triathlon remport\u00e9 par Damien Bethencourt et Elodie Davy.<br \/>\nPhotos du Triathlon Olympique distance M remport\u00e9 par Binjamin Chiron et Helena Herman.<br \/>\nPhotos du Tri&rsquo;Events Kids.<\/p>\n","protected":false},"author":1,"featured_media":60212,"comment_status":"closed","ping_status":"open","sticky":false,"template":"","format":"standard","meta":{"kt_blocks_editor_width":"","footnotes":""},"categories":[3052],"tags":[3046,1960,2330,3106,3107,2586,2361,2965,3102,2524,2797,3045,2960,2963,2961,3101,2248,2964,2231,2967,3108,2429,2430,832,2833,3105,2598,3099],"class_list":["post-60211","post","type-post","status-publish","format-standard","has-post-thumbnail","hentry","category-photos-triathlon","tag-3046","tag-acheter","tag-bike","tag-commander","tag-commander-ses-photos","tag-course-a-pieds","tag-gironde","tag-la-boutique-photos-de-triathlon","tag-lac-de-lacanau","tag-lacanau","tag-lacanau-tri-events","tag-lacanau-tri-events-2019","tag-lacanau-trievents","tag-lacanau-trievents-photos","tag-lacanau-triathlon","tag-le-moutchic","tag-photos-de-triathlon","tag-photos-lacanau-trievents","tag-photos-triathlon","tag-photos-triathlon-lacanau","tag-recevoir-ses-photos","tag-run","tag-running","tag-sebastien-huruguen","tag-sebastien-huruguen-photographe","tag-swim","tag-triathlon","tag-velo"],"yoast_head":"<!-- This site is optimized with the Yoast SEO plugin v27.4 - https:\/\/yoast.com\/product\/yoast-seo-wordpress\/ -->\n<title>LACANAU TRI\u2019EVENTS 2019 - Photographe Professionnel \u00e0 Bordeaux &#x1f4f7; Sebastien Huruguen<\/title>\n<meta name=\"description\" content=\"Photos officielles du LACANAU TRI&#039;EVENTS 2019 sur le site du Moutchic par S\u00e9bastien Huruguen. Half Triathlon, Triathlon Olympique M et Tri&#039;Events Kids.\" \/>\n<meta name=\"robots\" content=\"index, follow, max-snippet:-1, max-image-preview:large, max-video-preview:-1\" \/>\n<link rel=\"canonical\" href=\"https:\/\/www.huruguen.fr\/site\/lacanau-trievents-2019\/\" \/>\n<meta property=\"og:locale\" content=\"fr_FR\" \/>\n<meta property=\"og:type\" content=\"article\" \/>\n<meta property=\"og:title\" content=\"LACANAU TRI\u2019EVENTS 2019 - Photographe Professionnel \u00e0 Bordeaux &#x1f4f7; Sebastien Huruguen\" \/>\n<meta property=\"og:description\" content=\"Photos officielles du LACANAU TRI&#039;EVENTS 2019 sur le site du Moutchic par S\u00e9bastien Huruguen. Half Triathlon, Triathlon Olympique M et Tri&#039;Events Kids.\" \/>\n<meta property=\"og:url\" content=\"https:\/\/www.huruguen.fr\/site\/lacanau-trievents-2019\/\" \/>\n<meta property=\"og:site_name\" content=\"Photographe Professionnel \u00e0 Bordeaux &#x1f4f7; Sebastien Huruguen\" \/>\n<meta property=\"article:publisher\" content=\"https:\/\/www.facebook.com\/huruguen\" \/>\n<meta property=\"article:author\" content=\"https:\/\/www.facebook.com\/huruguen\/\" \/>\n<meta property=\"article:published_time\" content=\"2019-05-04T09:02:00+00:00\" \/>\n<meta property=\"article:modified_time\" content=\"2020-10-20T06:15:43+00:00\" \/>\n<meta property=\"og:image\" content=\"https:\/\/www.huruguen.fr\/site\/wp-content\/uploads\/2020\/04\/photos-lacanau-tri-events-2019-sebastien-huruguen-photographe-triathlon-bandeau.jpg\" \/>\n\t<meta property=\"og:image:width\" content=\"2000\" \/>\n\t<meta property=\"og:image:height\" content=\"1053\" \/>\n\t<meta property=\"og:image:type\" content=\"image\/jpeg\" \/>\n<meta name=\"author\" content=\"Sebastien Huruguen\" \/>\n<meta name=\"twitter:card\" content=\"summary_large_image\" \/>\n<meta name=\"twitter:creator\" content=\"@www_huruguen_fr\" \/>\n<meta name=\"twitter:site\" content=\"@www_huruguen_fr\" \/>\n<meta name=\"twitter:label1\" content=\"\u00c9crit par\" \/>\n\t<meta name=\"twitter:data1\" content=\"Sebastien Huruguen\" \/>\n<script type=\"application\/ld+json\" class=\"yoast-schema-graph\">{\"@context\":\"https:\\\/\\\/schema.org\",\"@graph\":[{\"@type\":\"Article\",\"@id\":\"https:\\\/\\\/www.huruguen.fr\\\/site\\\/lacanau-trievents-2019\\\/#article\",\"isPartOf\":{\"@id\":\"https:\\\/\\\/www.huruguen.fr\\\/site\\\/lacanau-trievents-2019\\\/\"},\"author\":{\"name\":\"Sebastien Huruguen\",\"@id\":\"https:\\\/\\\/www.huruguen.fr\\\/site\\\/#\\\/schema\\\/person\\\/bdce6395a337c00db735bf5fa1268715\"},\"headline\":\"LACANAU TRI\u2019EVENTS 2019\",\"datePublished\":\"2019-05-04T09:02:00+00:00\",\"dateModified\":\"2020-10-20T06:15:43+00:00\",\"mainEntityOfPage\":{\"@id\":\"https:\\\/\\\/www.huruguen.fr\\\/site\\\/lacanau-trievents-2019\\\/\"},\"wordCount\":3,\"publisher\":{\"@id\":\"https:\\\/\\\/www.huruguen.fr\\\/site\\\/#organization\"},\"image\":{\"@id\":\"https:\\\/\\\/www.huruguen.fr\\\/site\\\/lacanau-trievents-2019\\\/#primaryimage\"},\"thumbnailUrl\":\"https:\\\/\\\/www.huruguen.fr\\\/site\\\/wp-content\\\/uploads\\\/2020\\\/04\\\/photos-lacanau-tri-events-2019-sebastien-huruguen-photographe-triathlon-bandeau.jpg\",\"keywords\":[\"2019\",\"acheter\",\"bike\",\"commander\",\"commander ses photos\",\"course \u00e0 pieds\",\"gironde\",\"la boutique photos de triathlon\",\"lac de lacanau\",\"Lacanau\",\"lacanau tri events\",\"lacanau tri events 2019\",\"lacanau tri'events\",\"lacanau tri'events photos\",\"lacanau triathlon\",\"le moutchic\",\"photos de triathlon\",\"photos lacanau tri'events\",\"photos triathlon\",\"photos triathlon lacanau\",\"recevoir ses photos\",\"run\",\"running\",\"sebastien huruguen\",\"sebastien huruguen photographe\",\"swim\",\"triathlon\",\"v\u00e9lo\"],\"articleSection\":[\"Triathlons\"],\"inLanguage\":\"fr-FR\"},{\"@type\":\"WebPage\",\"@id\":\"https:\\\/\\\/www.huruguen.fr\\\/site\\\/lacanau-trievents-2019\\\/\",\"url\":\"https:\\\/\\\/www.huruguen.fr\\\/site\\\/lacanau-trievents-2019\\\/\",\"name\":\"LACANAU TRI\u2019EVENTS 2019 - Photographe Professionnel \u00e0 Bordeaux &#x1f4f7; Sebastien Huruguen\",\"isPartOf\":{\"@id\":\"https:\\\/\\\/www.huruguen.fr\\\/site\\\/#website\"},\"primaryImageOfPage\":{\"@id\":\"https:\\\/\\\/www.huruguen.fr\\\/site\\\/lacanau-trievents-2019\\\/#primaryimage\"},\"image\":{\"@id\":\"https:\\\/\\\/www.huruguen.fr\\\/site\\\/lacanau-trievents-2019\\\/#primaryimage\"},\"thumbnailUrl\":\"https:\\\/\\\/www.huruguen.fr\\\/site\\\/wp-content\\\/uploads\\\/2020\\\/04\\\/photos-lacanau-tri-events-2019-sebastien-huruguen-photographe-triathlon-bandeau.jpg\",\"datePublished\":\"2019-05-04T09:02:00+00:00\",\"dateModified\":\"2020-10-20T06:15:43+00:00\",\"description\":\"Photos officielles du LACANAU TRI'EVENTS 2019 sur le site du Moutchic par S\u00e9bastien Huruguen. Half Triathlon, Triathlon Olympique M et Tri'Events Kids.\",\"breadcrumb\":{\"@id\":\"https:\\\/\\\/www.huruguen.fr\\\/site\\\/lacanau-trievents-2019\\\/#breadcrumb\"},\"inLanguage\":\"fr-FR\",\"potentialAction\":[{\"@type\":\"ReadAction\",\"target\":[\"https:\\\/\\\/www.huruguen.fr\\\/site\\\/lacanau-trievents-2019\\\/\"]}]},{\"@type\":\"ImageObject\",\"inLanguage\":\"fr-FR\",\"@id\":\"https:\\\/\\\/www.huruguen.fr\\\/site\\\/lacanau-trievents-2019\\\/#primaryimage\",\"url\":\"https:\\\/\\\/www.huruguen.fr\\\/site\\\/wp-content\\\/uploads\\\/2020\\\/04\\\/photos-lacanau-tri-events-2019-sebastien-huruguen-photographe-triathlon-bandeau.jpg\",\"contentUrl\":\"https:\\\/\\\/www.huruguen.fr\\\/site\\\/wp-content\\\/uploads\\\/2020\\\/04\\\/photos-lacanau-tri-events-2019-sebastien-huruguen-photographe-triathlon-bandeau.jpg\",\"width\":2000,\"height\":1053},{\"@type\":\"BreadcrumbList\",\"@id\":\"https:\\\/\\\/www.huruguen.fr\\\/site\\\/lacanau-trievents-2019\\\/#breadcrumb\",\"itemListElement\":[{\"@type\":\"ListItem\",\"position\":1,\"name\":\"Accueil\",\"item\":\"https:\\\/\\\/www.huruguen.fr\\\/site\\\/\"},{\"@type\":\"ListItem\",\"position\":2,\"name\":\"LACANAU TRI\u2019EVENTS 2019\"}]},{\"@type\":\"WebSite\",\"@id\":\"https:\\\/\\\/www.huruguen.fr\\\/site\\\/#website\",\"url\":\"https:\\\/\\\/www.huruguen.fr\\\/site\\\/\",\"name\":\"Photographe Professionnel \u00e0 Bordeaux Sebastien Huruguen\",\"description\":\"Photographe professionnel ind\u00e9pendant a Bordeaux. Prestations et services photograpphiques pour les professionnels et particuliers : reportages, s\u00e9ances photos, studio, packshot.\",\"publisher\":{\"@id\":\"https:\\\/\\\/www.huruguen.fr\\\/site\\\/#organization\"},\"potentialAction\":[{\"@type\":\"SearchAction\",\"target\":{\"@type\":\"EntryPoint\",\"urlTemplate\":\"https:\\\/\\\/www.huruguen.fr\\\/site\\\/?s={search_term_string}\"},\"query-input\":{\"@type\":\"PropertyValueSpecification\",\"valueRequired\":true,\"valueName\":\"search_term_string\"}}],\"inLanguage\":\"fr-FR\"},{\"@type\":\"Organization\",\"@id\":\"https:\\\/\\\/www.huruguen.fr\\\/site\\\/#organization\",\"name\":\"S\u00e9bastien Huruguen Photographe\",\"url\":\"https:\\\/\\\/www.huruguen.fr\\\/site\\\/\",\"logo\":{\"@type\":\"ImageObject\",\"inLanguage\":\"fr-FR\",\"@id\":\"https:\\\/\\\/www.huruguen.fr\\\/site\\\/#\\\/schema\\\/logo\\\/image\\\/\",\"url\":\"https:\\\/\\\/www.huruguen.fr\\\/site\\\/wp-content\\\/uploads\\\/2018\\\/03\\\/Logo-Huruguen-triptique-2018-noir-1500.jpg\",\"contentUrl\":\"https:\\\/\\\/www.huruguen.fr\\\/site\\\/wp-content\\\/uploads\\\/2018\\\/03\\\/Logo-Huruguen-triptique-2018-noir-1500.jpg\",\"width\":1500,\"height\":1500,\"caption\":\"S\u00e9bastien Huruguen Photographe\"},\"image\":{\"@id\":\"https:\\\/\\\/www.huruguen.fr\\\/site\\\/#\\\/schema\\\/logo\\\/image\\\/\"},\"sameAs\":[\"https:\\\/\\\/www.facebook.com\\\/huruguen\",\"https:\\\/\\\/x.com\\\/www_huruguen_fr\",\"https:\\\/\\\/www.instagram.com\\\/sebastien.huruguen\\\/\"]},{\"@type\":\"Person\",\"@id\":\"https:\\\/\\\/www.huruguen.fr\\\/site\\\/#\\\/schema\\\/person\\\/bdce6395a337c00db735bf5fa1268715\",\"name\":\"Sebastien Huruguen\",\"description\":\"S\u00e9bastien Huruguen est photographe professionnel \u00e0 Bordeaux.\",\"sameAs\":[\"https:\\\/\\\/www.huruguen.fr\",\"https:\\\/\\\/www.facebook.com\\\/huruguen\\\/\",\"https:\\\/\\\/www.instagram.com\\\/sebastien.huruguen\\\/\",\"https:\\\/\\\/www.linkedin.com\\\/in\\\/sbastien-huruguen-95452342\\\/\",\"https:\\\/\\\/www.pinterest.fr\\\/shuruguen\\\/\",\"https:\\\/\\\/x.com\\\/www_huruguen_fr\",\"https:\\\/\\\/www.youtube.com\\\/channel\\\/UChEt96Suus_jyoBce80fNOA?nohtml5=False\"]}]}<\/script>\n<!-- \/ Yoast SEO plugin. -->","yoast_head_json":{"title":"LACANAU TRI\u2019EVENTS 2019 - Photographe Professionnel \u00e0 Bordeaux &#x1f4f7; Sebastien Huruguen","description":"Photos officielles du LACANAU TRI'EVENTS 2019 sur le site du Moutchic par S\u00e9bastien Huruguen. Half Triathlon, Triathlon Olympique M et Tri'Events Kids.","robots":{"index":"index","follow":"follow","max-snippet":"max-snippet:-1","max-image-preview":"max-image-preview:large","max-video-preview":"max-video-preview:-1"},"canonical":"https:\/\/www.huruguen.fr\/site\/lacanau-trievents-2019\/","og_locale":"fr_FR","og_type":"article","og_title":"LACANAU TRI\u2019EVENTS 2019 - Photographe Professionnel \u00e0 Bordeaux &#x1f4f7; Sebastien Huruguen","og_description":"Photos officielles du LACANAU TRI'EVENTS 2019 sur le site du Moutchic par S\u00e9bastien Huruguen. Half Triathlon, Triathlon Olympique M et Tri'Events Kids.","og_url":"https:\/\/www.huruguen.fr\/site\/lacanau-trievents-2019\/","og_site_name":"Photographe Professionnel \u00e0 Bordeaux &#x1f4f7; Sebastien Huruguen","article_publisher":"https:\/\/www.facebook.com\/huruguen","article_author":"https:\/\/www.facebook.com\/huruguen\/","article_published_time":"2019-05-04T09:02:00+00:00","article_modified_time":"2020-10-20T06:15:43+00:00","og_image":[{"width":2000,"height":1053,"url":"https:\/\/www.huruguen.fr\/site\/wp-content\/uploads\/2020\/04\/photos-lacanau-tri-events-2019-sebastien-huruguen-photographe-triathlon-bandeau.jpg","type":"image\/jpeg"}],"author":"Sebastien Huruguen","twitter_card":"summary_large_image","twitter_creator":"@www_huruguen_fr","twitter_site":"@www_huruguen_fr","twitter_misc":{"\u00c9crit par":"Sebastien Huruguen"},"schema":{"@context":"https:\/\/schema.org","@graph":[{"@type":"Article","@id":"https:\/\/www.huruguen.fr\/site\/lacanau-trievents-2019\/#article","isPartOf":{"@id":"https:\/\/www.huruguen.fr\/site\/lacanau-trievents-2019\/"},"author":{"name":"Sebastien Huruguen","@id":"https:\/\/www.huruguen.fr\/site\/#\/schema\/person\/bdce6395a337c00db735bf5fa1268715"},"headline":"LACANAU TRI\u2019EVENTS 2019","datePublished":"2019-05-04T09:02:00+00:00","dateModified":"2020-10-20T06:15:43+00:00","mainEntityOfPage":{"@id":"https:\/\/www.huruguen.fr\/site\/lacanau-trievents-2019\/"},"wordCount":3,"publisher":{"@id":"https:\/\/www.huruguen.fr\/site\/#organization"},"image":{"@id":"https:\/\/www.huruguen.fr\/site\/lacanau-trievents-2019\/#primaryimage"},"thumbnailUrl":"https:\/\/www.huruguen.fr\/site\/wp-content\/uploads\/2020\/04\/photos-lacanau-tri-events-2019-sebastien-huruguen-photographe-triathlon-bandeau.jpg","keywords":["2019","acheter","bike","commander","commander ses photos","course \u00e0 pieds","gironde","la boutique photos de triathlon","lac de lacanau","Lacanau","lacanau tri events","lacanau tri events 2019","lacanau tri'events","lacanau tri'events photos","lacanau triathlon","le moutchic","photos de triathlon","photos lacanau tri'events","photos triathlon","photos triathlon lacanau","recevoir ses photos","run","running","sebastien huruguen","sebastien huruguen photographe","swim","triathlon","v\u00e9lo"],"articleSection":["Triathlons"],"inLanguage":"fr-FR"},{"@type":"WebPage","@id":"https:\/\/www.huruguen.fr\/site\/lacanau-trievents-2019\/","url":"https:\/\/www.huruguen.fr\/site\/lacanau-trievents-2019\/","name":"LACANAU TRI\u2019EVENTS 2019 - Photographe Professionnel \u00e0 Bordeaux &#x1f4f7; Sebastien Huruguen","isPartOf":{"@id":"https:\/\/www.huruguen.fr\/site\/#website"},"primaryImageOfPage":{"@id":"https:\/\/www.huruguen.fr\/site\/lacanau-trievents-2019\/#primaryimage"},"image":{"@id":"https:\/\/www.huruguen.fr\/site\/lacanau-trievents-2019\/#primaryimage"},"thumbnailUrl":"https:\/\/www.huruguen.fr\/site\/wp-content\/uploads\/2020\/04\/photos-lacanau-tri-events-2019-sebastien-huruguen-photographe-triathlon-bandeau.jpg","datePublished":"2019-05-04T09:02:00+00:00","dateModified":"2020-10-20T06:15:43+00:00","description":"Photos officielles du LACANAU TRI'EVENTS 2019 sur le site du Moutchic par S\u00e9bastien Huruguen. Half Triathlon, Triathlon Olympique M et Tri'Events Kids.","breadcrumb":{"@id":"https:\/\/www.huruguen.fr\/site\/lacanau-trievents-2019\/#breadcrumb"},"inLanguage":"fr-FR","potentialAction":[{"@type":"ReadAction","target":["https:\/\/www.huruguen.fr\/site\/lacanau-trievents-2019\/"]}]},{"@type":"ImageObject","inLanguage":"fr-FR","@id":"https:\/\/www.huruguen.fr\/site\/lacanau-trievents-2019\/#primaryimage","url":"https:\/\/www.huruguen.fr\/site\/wp-content\/uploads\/2020\/04\/photos-lacanau-tri-events-2019-sebastien-huruguen-photographe-triathlon-bandeau.jpg","contentUrl":"https:\/\/www.huruguen.fr\/site\/wp-content\/uploads\/2020\/04\/photos-lacanau-tri-events-2019-sebastien-huruguen-photographe-triathlon-bandeau.jpg","width":2000,"height":1053},{"@type":"BreadcrumbList","@id":"https:\/\/www.huruguen.fr\/site\/lacanau-trievents-2019\/#breadcrumb","itemListElement":[{"@type":"ListItem","position":1,"name":"Accueil","item":"https:\/\/www.huruguen.fr\/site\/"},{"@type":"ListItem","position":2,"name":"LACANAU TRI\u2019EVENTS 2019"}]},{"@type":"WebSite","@id":"https:\/\/www.huruguen.fr\/site\/#website","url":"https:\/\/www.huruguen.fr\/site\/","name":"Photographe Professionnel \u00e0 Bordeaux Sebastien Huruguen","description":"Photographe professionnel ind\u00e9pendant a Bordeaux. Prestations et services photograpphiques pour les professionnels et particuliers : reportages, s\u00e9ances photos, studio, packshot.","publisher":{"@id":"https:\/\/www.huruguen.fr\/site\/#organization"},"potentialAction":[{"@type":"SearchAction","target":{"@type":"EntryPoint","urlTemplate":"https:\/\/www.huruguen.fr\/site\/?s={search_term_string}"},"query-input":{"@type":"PropertyValueSpecification","valueRequired":true,"valueName":"search_term_string"}}],"inLanguage":"fr-FR"},{"@type":"Organization","@id":"https:\/\/www.huruguen.fr\/site\/#organization","name":"S\u00e9bastien Huruguen Photographe","url":"https:\/\/www.huruguen.fr\/site\/","logo":{"@type":"ImageObject","inLanguage":"fr-FR","@id":"https:\/\/www.huruguen.fr\/site\/#\/schema\/logo\/image\/","url":"https:\/\/www.huruguen.fr\/site\/wp-content\/uploads\/2018\/03\/Logo-Huruguen-triptique-2018-noir-1500.jpg","contentUrl":"https:\/\/www.huruguen.fr\/site\/wp-content\/uploads\/2018\/03\/Logo-Huruguen-triptique-2018-noir-1500.jpg","width":1500,"height":1500,"caption":"S\u00e9bastien Huruguen Photographe"},"image":{"@id":"https:\/\/www.huruguen.fr\/site\/#\/schema\/logo\/image\/"},"sameAs":["https:\/\/www.facebook.com\/huruguen","https:\/\/x.com\/www_huruguen_fr","https:\/\/www.instagram.com\/sebastien.huruguen\/"]},{"@type":"Person","@id":"https:\/\/www.huruguen.fr\/site\/#\/schema\/person\/bdce6395a337c00db735bf5fa1268715","name":"Sebastien Huruguen","description":"S\u00e9bastien Huruguen est photographe professionnel \u00e0 Bordeaux.","sameAs":["https:\/\/www.huruguen.fr","https:\/\/www.facebook.com\/huruguen\/","https:\/\/www.instagram.com\/sebastien.huruguen\/","https:\/\/www.linkedin.com\/in\/sbastien-huruguen-95452342\/","https:\/\/www.pinterest.fr\/shuruguen\/","https:\/\/x.com\/www_huruguen_fr","https:\/\/www.youtube.com\/channel\/UChEt96Suus_jyoBce80fNOA?nohtml5=False"]}]}},"_links":{"self":[{"href":"https:\/\/www.huruguen.fr\/site\/wp-json\/wp\/v2\/posts\/60211","targetHints":{"allow":["GET"]}}],"collection":[{"href":"https:\/\/www.huruguen.fr\/site\/wp-json\/wp\/v2\/posts"}],"about":[{"href":"https:\/\/www.huruguen.fr\/site\/wp-json\/wp\/v2\/types\/post"}],"author":[{"embeddable":true,"href":"https:\/\/www.huruguen.fr\/site\/wp-json\/wp\/v2\/users\/1"}],"replies":[{"embeddable":true,"href":"https:\/\/www.huruguen.fr\/site\/wp-json\/wp\/v2\/comments?post=60211"}],"version-history":[{"count":5,"href":"https:\/\/www.huruguen.fr\/site\/wp-json\/wp\/v2\/posts\/60211\/revisions"}],"predecessor-version":[{"id":61449,"href":"https:\/\/www.huruguen.fr\/site\/wp-json\/wp\/v2\/posts\/60211\/revisions\/61449"}],"wp:featuredmedia":[{"embeddable":true,"href":"https:\/\/www.huruguen.fr\/site\/wp-json\/wp\/v2\/media\/60212"}],"wp:attachment":[{"href":"https:\/\/www.huruguen.fr\/site\/wp-json\/wp\/v2\/media?parent=60211"}],"wp:term":[{"taxonomy":"category","embeddable":true,"href":"https:\/\/www.huruguen.fr\/site\/wp-json\/wp\/v2\/categories?post=60211"},{"taxonomy":"post_tag","embeddable":true,"href":"https:\/\/www.huruguen.fr\/site\/wp-json\/wp\/v2\/tags?post=60211"}],"curies":[{"name":"wp","href":"https:\/\/api.w.org\/{rel}","templated":true}]}}