{"id":60208,"date":"2019-06-01T21:00:00","date_gmt":"2019-06-01T20:00:00","guid":{"rendered":"https:\/\/www.huruguen.fr\/site\/?p=60208"},"modified":"2020-04-10T09:47:10","modified_gmt":"2020-04-10T08:47:10","slug":"e-leclerc-frenchman-triathlon-2019","status":"publish","type":"post","link":"https:\/\/www.huruguen.fr\/site\/e-leclerc-frenchman-triathlon-2019\/","title":{"rendered":"E.LECLERC FRENCHMAN Triathlon 2019"},"content":{"rendered":"\n<iframe src=\"https:\/\/geosnapshot.com\/e\/frenchman-triathlon-2019?embed=true\" style=\"width: 100%; height: 800px; border: 1px solid #e6e7e8;\" allow=\"camera; geolocation\"><\/iframe>\n","protected":false},"excerpt":{"rendered":"<p>Les photos officielles du E.LECLERC FRENCHMAN Triathlon Festival 2019 organis\u00e9 du 30 mai au 1er Juin \u00e0 Hourtin.<br \/>\nVous retrouvez toutes les photos du E.Leclerc Frenchman XXL Triathlon, du Triathlon Sichel Sport L et du Relais &#038; Ch\u00e2teaux Cordeillan-Bages Triathlon M.<br \/>\nLa boutique photos officielles du FRENCHMAN.<\/p>\n","protected":false},"author":1,"featured_media":60209,"comment_status":"closed","ping_status":"open","sticky":false,"template":"","format":"standard","meta":{"kt_blocks_editor_width":"","footnotes":""},"categories":[3052],"tags":[3081,3080,2602,3087,3082,3067,3071,3070,3072,3068,3069,3084,3078,1957,3090,3088,2279,3091,3083,2248,3073,3074,3066,2958,832,2606,2598,3077,3079,3076,3075,3086,3085],"class_list":["post-60208","post","type-post","status-publish","format-standard","has-post-thumbnail","hentry","category-photos-triathlon","tag-cordaillan-bages-triathlon-m","tag-cordeillan-bages","tag-courte-distance","tag-distance-ironman","tag-distance-olympique","tag-frenchman","tag-frenchman-2019","tag-frenchman-hourtin","tag-frenchman-hourtin-2019","tag-frenchman-triathlon-festival","tag-frenchman-triathlon-festival-2019","tag-frenchman-xxl","tag-half-triathlon","tag-hourtin-2","tag-hourtin-lac","tag-hourtin-port","tag-huruguen","tag-ile-aux-enfants","tag-photographe-triathlon","tag-photos-de-triathlon","tag-photos-frenchman-2019","tag-photos-frenchman-hourtin-2019","tag-photos-officielles-frenchman-triathlon-2019","tag-photos-officielles-triathlon","tag-sebastien-huruguen","tag-sichel-sport","tag-triathlon","tag-triathlon-l","tag-triathlon-m","tag-triathlon-sichel-sport","tag-triathlon-sichel-sport-l","tag-triathlon-xxl","tag-xxl-triathlon"],"yoast_head":"<!-- This site is optimized with the Yoast SEO plugin v27.4 - https:\/\/yoast.com\/product\/yoast-seo-wordpress\/ -->\n<title>E.LECLERC FRENCHMAN Triathlon 2019 - Photographe Professionnel \u00e0 Bordeaux &#x1f4f7; Sebastien Huruguen<\/title>\n<meta name=\"description\" content=\"Photos officielles du E.LECLERC FRENCHMAN Triathlon XXL 2019, du Triathlon Sichel Sport L 2019 et du Relais &amp; Ch\u00e2teaux Cordeillan-Bages Triathlon M 2019.\" \/>\n<meta name=\"robots\" content=\"index, follow, max-snippet:-1, max-image-preview:large, max-video-preview:-1\" \/>\n<link rel=\"canonical\" href=\"https:\/\/www.huruguen.fr\/site\/e-leclerc-frenchman-triathlon-2019\/\" \/>\n<meta property=\"og:locale\" content=\"fr_FR\" \/>\n<meta property=\"og:type\" content=\"article\" \/>\n<meta property=\"og:title\" content=\"E.LECLERC FRENCHMAN Triathlon 2019 - Photographe Professionnel \u00e0 Bordeaux &#x1f4f7; Sebastien Huruguen\" \/>\n<meta property=\"og:description\" content=\"Photos officielles du E.LECLERC FRENCHMAN Triathlon XXL 2019, du Triathlon Sichel Sport L 2019 et du Relais &amp; Ch\u00e2teaux Cordeillan-Bages Triathlon M 2019.\" \/>\n<meta property=\"og:url\" content=\"https:\/\/www.huruguen.fr\/site\/e-leclerc-frenchman-triathlon-2019\/\" \/>\n<meta property=\"og:site_name\" content=\"Photographe Professionnel \u00e0 Bordeaux &#x1f4f7; Sebastien Huruguen\" \/>\n<meta property=\"article:publisher\" content=\"https:\/\/www.facebook.com\/huruguen\" \/>\n<meta property=\"article:author\" content=\"https:\/\/www.facebook.com\/huruguen\/\" \/>\n<meta property=\"article:published_time\" content=\"2019-06-01T20:00:00+00:00\" \/>\n<meta property=\"article:modified_time\" content=\"2020-04-10T08:47:10+00:00\" \/>\n<meta property=\"og:image\" content=\"https:\/\/www.huruguen.fr\/site\/wp-content\/uploads\/2020\/04\/bandeau-frenchman-triathlon-2019-christophe-argouet-noclain-diamondback-andean-sebastien-huruguen.jpg\" \/>\n\t<meta property=\"og:image:width\" content=\"1500\" \/>\n\t<meta property=\"og:image:height\" content=\"815\" \/>\n\t<meta property=\"og:image:type\" content=\"image\/jpeg\" \/>\n<meta name=\"author\" content=\"Sebastien Huruguen\" \/>\n<meta name=\"twitter:card\" content=\"summary_large_image\" \/>\n<meta name=\"twitter:creator\" content=\"@www_huruguen_fr\" \/>\n<meta name=\"twitter:site\" content=\"@www_huruguen_fr\" \/>\n<meta name=\"twitter:label1\" content=\"\u00c9crit par\" \/>\n\t<meta name=\"twitter:data1\" content=\"Sebastien Huruguen\" \/>\n<script type=\"application\/ld+json\" class=\"yoast-schema-graph\">{\"@context\":\"https:\\\/\\\/schema.org\",\"@graph\":[{\"@type\":\"Article\",\"@id\":\"https:\\\/\\\/www.huruguen.fr\\\/site\\\/e-leclerc-frenchman-triathlon-2019\\\/#article\",\"isPartOf\":{\"@id\":\"https:\\\/\\\/www.huruguen.fr\\\/site\\\/e-leclerc-frenchman-triathlon-2019\\\/\"},\"author\":{\"name\":\"Sebastien Huruguen\",\"@id\":\"https:\\\/\\\/www.huruguen.fr\\\/site\\\/#\\\/schema\\\/person\\\/bdce6395a337c00db735bf5fa1268715\"},\"headline\":\"E.LECLERC FRENCHMAN Triathlon 2019\",\"datePublished\":\"2019-06-01T20:00:00+00:00\",\"dateModified\":\"2020-04-10T08:47:10+00:00\",\"mainEntityOfPage\":{\"@id\":\"https:\\\/\\\/www.huruguen.fr\\\/site\\\/e-leclerc-frenchman-triathlon-2019\\\/\"},\"wordCount\":4,\"publisher\":{\"@id\":\"https:\\\/\\\/www.huruguen.fr\\\/site\\\/#organization\"},\"image\":{\"@id\":\"https:\\\/\\\/www.huruguen.fr\\\/site\\\/e-leclerc-frenchman-triathlon-2019\\\/#primaryimage\"},\"thumbnailUrl\":\"https:\\\/\\\/www.huruguen.fr\\\/site\\\/wp-content\\\/uploads\\\/2020\\\/04\\\/bandeau-frenchman-triathlon-2019-christophe-argouet-noclain-diamondback-andean-sebastien-huruguen.jpg\",\"keywords\":[\"cordaillan-bages triathlon M\",\"cordeillan-bages\",\"courte distance\",\"distance ironman\",\"distance olympique\",\"frenchman\",\"frenchman 2019\",\"frenchman hourtin\",\"frenchman hourtin 2019\",\"frenchman triathlon festival\",\"frenchman triathlon festival 2019\",\"frenchman XXL\",\"half triathlon\",\"hourtin\",\"hourtin lac\",\"hourtin port\",\"huruguen\",\"ile aux enfants\",\"photographe triathlon\",\"photos de triathlon\",\"photos frenchman 2019\",\"photos frenchman hourtin 2019\",\"photos officielles frenchman triathlon 2019\",\"photos officielles triathlon\",\"sebastien huruguen\",\"sichel sport\",\"triathlon\",\"Triathlon L\",\"Triathlon M\",\"triathlon sichel sport\",\"triathlon sichel sport L\",\"triathlon XXL\",\"XXL triathlon\"],\"articleSection\":[\"Triathlons\"],\"inLanguage\":\"fr-FR\"},{\"@type\":\"WebPage\",\"@id\":\"https:\\\/\\\/www.huruguen.fr\\\/site\\\/e-leclerc-frenchman-triathlon-2019\\\/\",\"url\":\"https:\\\/\\\/www.huruguen.fr\\\/site\\\/e-leclerc-frenchman-triathlon-2019\\\/\",\"name\":\"E.LECLERC FRENCHMAN Triathlon 2019 - Photographe Professionnel \u00e0 Bordeaux &#x1f4f7; Sebastien Huruguen\",\"isPartOf\":{\"@id\":\"https:\\\/\\\/www.huruguen.fr\\\/site\\\/#website\"},\"primaryImageOfPage\":{\"@id\":\"https:\\\/\\\/www.huruguen.fr\\\/site\\\/e-leclerc-frenchman-triathlon-2019\\\/#primaryimage\"},\"image\":{\"@id\":\"https:\\\/\\\/www.huruguen.fr\\\/site\\\/e-leclerc-frenchman-triathlon-2019\\\/#primaryimage\"},\"thumbnailUrl\":\"https:\\\/\\\/www.huruguen.fr\\\/site\\\/wp-content\\\/uploads\\\/2020\\\/04\\\/bandeau-frenchman-triathlon-2019-christophe-argouet-noclain-diamondback-andean-sebastien-huruguen.jpg\",\"datePublished\":\"2019-06-01T20:00:00+00:00\",\"dateModified\":\"2020-04-10T08:47:10+00:00\",\"description\":\"Photos officielles du E.LECLERC FRENCHMAN Triathlon XXL 2019, du Triathlon Sichel Sport L 2019 et du Relais & Ch\u00e2teaux Cordeillan-Bages Triathlon M 2019.\",\"breadcrumb\":{\"@id\":\"https:\\\/\\\/www.huruguen.fr\\\/site\\\/e-leclerc-frenchman-triathlon-2019\\\/#breadcrumb\"},\"inLanguage\":\"fr-FR\",\"potentialAction\":[{\"@type\":\"ReadAction\",\"target\":[\"https:\\\/\\\/www.huruguen.fr\\\/site\\\/e-leclerc-frenchman-triathlon-2019\\\/\"]}]},{\"@type\":\"ImageObject\",\"inLanguage\":\"fr-FR\",\"@id\":\"https:\\\/\\\/www.huruguen.fr\\\/site\\\/e-leclerc-frenchman-triathlon-2019\\\/#primaryimage\",\"url\":\"https:\\\/\\\/www.huruguen.fr\\\/site\\\/wp-content\\\/uploads\\\/2020\\\/04\\\/bandeau-frenchman-triathlon-2019-christophe-argouet-noclain-diamondback-andean-sebastien-huruguen.jpg\",\"contentUrl\":\"https:\\\/\\\/www.huruguen.fr\\\/site\\\/wp-content\\\/uploads\\\/2020\\\/04\\\/bandeau-frenchman-triathlon-2019-christophe-argouet-noclain-diamondback-andean-sebastien-huruguen.jpg\",\"width\":1500,\"height\":815},{\"@type\":\"BreadcrumbList\",\"@id\":\"https:\\\/\\\/www.huruguen.fr\\\/site\\\/e-leclerc-frenchman-triathlon-2019\\\/#breadcrumb\",\"itemListElement\":[{\"@type\":\"ListItem\",\"position\":1,\"name\":\"Accueil\",\"item\":\"https:\\\/\\\/www.huruguen.fr\\\/site\\\/\"},{\"@type\":\"ListItem\",\"position\":2,\"name\":\"E.LECLERC FRENCHMAN Triathlon 2019\"}]},{\"@type\":\"WebSite\",\"@id\":\"https:\\\/\\\/www.huruguen.fr\\\/site\\\/#website\",\"url\":\"https:\\\/\\\/www.huruguen.fr\\\/site\\\/\",\"name\":\"Photographe Professionnel \u00e0 Bordeaux Sebastien Huruguen\",\"description\":\"Photographe professionnel ind\u00e9pendant a Bordeaux. Prestations et services photograpphiques pour les professionnels et particuliers : reportages, s\u00e9ances photos, studio, packshot.\",\"publisher\":{\"@id\":\"https:\\\/\\\/www.huruguen.fr\\\/site\\\/#organization\"},\"potentialAction\":[{\"@type\":\"SearchAction\",\"target\":{\"@type\":\"EntryPoint\",\"urlTemplate\":\"https:\\\/\\\/www.huruguen.fr\\\/site\\\/?s={search_term_string}\"},\"query-input\":{\"@type\":\"PropertyValueSpecification\",\"valueRequired\":true,\"valueName\":\"search_term_string\"}}],\"inLanguage\":\"fr-FR\"},{\"@type\":\"Organization\",\"@id\":\"https:\\\/\\\/www.huruguen.fr\\\/site\\\/#organization\",\"name\":\"S\u00e9bastien Huruguen Photographe\",\"url\":\"https:\\\/\\\/www.huruguen.fr\\\/site\\\/\",\"logo\":{\"@type\":\"ImageObject\",\"inLanguage\":\"fr-FR\",\"@id\":\"https:\\\/\\\/www.huruguen.fr\\\/site\\\/#\\\/schema\\\/logo\\\/image\\\/\",\"url\":\"https:\\\/\\\/www.huruguen.fr\\\/site\\\/wp-content\\\/uploads\\\/2018\\\/03\\\/Logo-Huruguen-triptique-2018-noir-1500.jpg\",\"contentUrl\":\"https:\\\/\\\/www.huruguen.fr\\\/site\\\/wp-content\\\/uploads\\\/2018\\\/03\\\/Logo-Huruguen-triptique-2018-noir-1500.jpg\",\"width\":1500,\"height\":1500,\"caption\":\"S\u00e9bastien Huruguen Photographe\"},\"image\":{\"@id\":\"https:\\\/\\\/www.huruguen.fr\\\/site\\\/#\\\/schema\\\/logo\\\/image\\\/\"},\"sameAs\":[\"https:\\\/\\\/www.facebook.com\\\/huruguen\",\"https:\\\/\\\/x.com\\\/www_huruguen_fr\",\"https:\\\/\\\/www.instagram.com\\\/sebastien.huruguen\\\/\"]},{\"@type\":\"Person\",\"@id\":\"https:\\\/\\\/www.huruguen.fr\\\/site\\\/#\\\/schema\\\/person\\\/bdce6395a337c00db735bf5fa1268715\",\"name\":\"Sebastien Huruguen\",\"description\":\"S\u00e9bastien Huruguen est photographe professionnel \u00e0 Bordeaux.\",\"sameAs\":[\"https:\\\/\\\/www.huruguen.fr\",\"https:\\\/\\\/www.facebook.com\\\/huruguen\\\/\",\"https:\\\/\\\/www.instagram.com\\\/sebastien.huruguen\\\/\",\"https:\\\/\\\/www.linkedin.com\\\/in\\\/sbastien-huruguen-95452342\\\/\",\"https:\\\/\\\/www.pinterest.fr\\\/shuruguen\\\/\",\"https:\\\/\\\/x.com\\\/www_huruguen_fr\",\"https:\\\/\\\/www.youtube.com\\\/channel\\\/UChEt96Suus_jyoBce80fNOA?nohtml5=False\"]}]}<\/script>\n<!-- \/ Yoast SEO plugin. -->","yoast_head_json":{"title":"E.LECLERC FRENCHMAN Triathlon 2019 - Photographe Professionnel \u00e0 Bordeaux &#x1f4f7; Sebastien Huruguen","description":"Photos officielles du E.LECLERC FRENCHMAN Triathlon XXL 2019, du Triathlon Sichel Sport L 2019 et du Relais & Ch\u00e2teaux Cordeillan-Bages Triathlon M 2019.","robots":{"index":"index","follow":"follow","max-snippet":"max-snippet:-1","max-image-preview":"max-image-preview:large","max-video-preview":"max-video-preview:-1"},"canonical":"https:\/\/www.huruguen.fr\/site\/e-leclerc-frenchman-triathlon-2019\/","og_locale":"fr_FR","og_type":"article","og_title":"E.LECLERC FRENCHMAN Triathlon 2019 - Photographe Professionnel \u00e0 Bordeaux &#x1f4f7; Sebastien Huruguen","og_description":"Photos officielles du E.LECLERC FRENCHMAN Triathlon XXL 2019, du Triathlon Sichel Sport L 2019 et du Relais & Ch\u00e2teaux Cordeillan-Bages Triathlon M 2019.","og_url":"https:\/\/www.huruguen.fr\/site\/e-leclerc-frenchman-triathlon-2019\/","og_site_name":"Photographe Professionnel \u00e0 Bordeaux &#x1f4f7; Sebastien Huruguen","article_publisher":"https:\/\/www.facebook.com\/huruguen","article_author":"https:\/\/www.facebook.com\/huruguen\/","article_published_time":"2019-06-01T20:00:00+00:00","article_modified_time":"2020-04-10T08:47:10+00:00","og_image":[{"width":1500,"height":815,"url":"https:\/\/www.huruguen.fr\/site\/wp-content\/uploads\/2020\/04\/bandeau-frenchman-triathlon-2019-christophe-argouet-noclain-diamondback-andean-sebastien-huruguen.jpg","type":"image\/jpeg"}],"author":"Sebastien Huruguen","twitter_card":"summary_large_image","twitter_creator":"@www_huruguen_fr","twitter_site":"@www_huruguen_fr","twitter_misc":{"\u00c9crit par":"Sebastien Huruguen"},"schema":{"@context":"https:\/\/schema.org","@graph":[{"@type":"Article","@id":"https:\/\/www.huruguen.fr\/site\/e-leclerc-frenchman-triathlon-2019\/#article","isPartOf":{"@id":"https:\/\/www.huruguen.fr\/site\/e-leclerc-frenchman-triathlon-2019\/"},"author":{"name":"Sebastien Huruguen","@id":"https:\/\/www.huruguen.fr\/site\/#\/schema\/person\/bdce6395a337c00db735bf5fa1268715"},"headline":"E.LECLERC FRENCHMAN Triathlon 2019","datePublished":"2019-06-01T20:00:00+00:00","dateModified":"2020-04-10T08:47:10+00:00","mainEntityOfPage":{"@id":"https:\/\/www.huruguen.fr\/site\/e-leclerc-frenchman-triathlon-2019\/"},"wordCount":4,"publisher":{"@id":"https:\/\/www.huruguen.fr\/site\/#organization"},"image":{"@id":"https:\/\/www.huruguen.fr\/site\/e-leclerc-frenchman-triathlon-2019\/#primaryimage"},"thumbnailUrl":"https:\/\/www.huruguen.fr\/site\/wp-content\/uploads\/2020\/04\/bandeau-frenchman-triathlon-2019-christophe-argouet-noclain-diamondback-andean-sebastien-huruguen.jpg","keywords":["cordaillan-bages triathlon M","cordeillan-bages","courte distance","distance ironman","distance olympique","frenchman","frenchman 2019","frenchman hourtin","frenchman hourtin 2019","frenchman triathlon festival","frenchman triathlon festival 2019","frenchman XXL","half triathlon","hourtin","hourtin lac","hourtin port","huruguen","ile aux enfants","photographe triathlon","photos de triathlon","photos frenchman 2019","photos frenchman hourtin 2019","photos officielles frenchman triathlon 2019","photos officielles triathlon","sebastien huruguen","sichel sport","triathlon","Triathlon L","Triathlon M","triathlon sichel sport","triathlon sichel sport L","triathlon XXL","XXL triathlon"],"articleSection":["Triathlons"],"inLanguage":"fr-FR"},{"@type":"WebPage","@id":"https:\/\/www.huruguen.fr\/site\/e-leclerc-frenchman-triathlon-2019\/","url":"https:\/\/www.huruguen.fr\/site\/e-leclerc-frenchman-triathlon-2019\/","name":"E.LECLERC FRENCHMAN Triathlon 2019 - Photographe Professionnel \u00e0 Bordeaux &#x1f4f7; Sebastien Huruguen","isPartOf":{"@id":"https:\/\/www.huruguen.fr\/site\/#website"},"primaryImageOfPage":{"@id":"https:\/\/www.huruguen.fr\/site\/e-leclerc-frenchman-triathlon-2019\/#primaryimage"},"image":{"@id":"https:\/\/www.huruguen.fr\/site\/e-leclerc-frenchman-triathlon-2019\/#primaryimage"},"thumbnailUrl":"https:\/\/www.huruguen.fr\/site\/wp-content\/uploads\/2020\/04\/bandeau-frenchman-triathlon-2019-christophe-argouet-noclain-diamondback-andean-sebastien-huruguen.jpg","datePublished":"2019-06-01T20:00:00+00:00","dateModified":"2020-04-10T08:47:10+00:00","description":"Photos officielles du E.LECLERC FRENCHMAN Triathlon XXL 2019, du Triathlon Sichel Sport L 2019 et du Relais & Ch\u00e2teaux Cordeillan-Bages Triathlon M 2019.","breadcrumb":{"@id":"https:\/\/www.huruguen.fr\/site\/e-leclerc-frenchman-triathlon-2019\/#breadcrumb"},"inLanguage":"fr-FR","potentialAction":[{"@type":"ReadAction","target":["https:\/\/www.huruguen.fr\/site\/e-leclerc-frenchman-triathlon-2019\/"]}]},{"@type":"ImageObject","inLanguage":"fr-FR","@id":"https:\/\/www.huruguen.fr\/site\/e-leclerc-frenchman-triathlon-2019\/#primaryimage","url":"https:\/\/www.huruguen.fr\/site\/wp-content\/uploads\/2020\/04\/bandeau-frenchman-triathlon-2019-christophe-argouet-noclain-diamondback-andean-sebastien-huruguen.jpg","contentUrl":"https:\/\/www.huruguen.fr\/site\/wp-content\/uploads\/2020\/04\/bandeau-frenchman-triathlon-2019-christophe-argouet-noclain-diamondback-andean-sebastien-huruguen.jpg","width":1500,"height":815},{"@type":"BreadcrumbList","@id":"https:\/\/www.huruguen.fr\/site\/e-leclerc-frenchman-triathlon-2019\/#breadcrumb","itemListElement":[{"@type":"ListItem","position":1,"name":"Accueil","item":"https:\/\/www.huruguen.fr\/site\/"},{"@type":"ListItem","position":2,"name":"E.LECLERC FRENCHMAN Triathlon 2019"}]},{"@type":"WebSite","@id":"https:\/\/www.huruguen.fr\/site\/#website","url":"https:\/\/www.huruguen.fr\/site\/","name":"Photographe Professionnel \u00e0 Bordeaux Sebastien Huruguen","description":"Photographe professionnel ind\u00e9pendant a Bordeaux. Prestations et services photograpphiques pour les professionnels et particuliers : reportages, s\u00e9ances photos, studio, packshot.","publisher":{"@id":"https:\/\/www.huruguen.fr\/site\/#organization"},"potentialAction":[{"@type":"SearchAction","target":{"@type":"EntryPoint","urlTemplate":"https:\/\/www.huruguen.fr\/site\/?s={search_term_string}"},"query-input":{"@type":"PropertyValueSpecification","valueRequired":true,"valueName":"search_term_string"}}],"inLanguage":"fr-FR"},{"@type":"Organization","@id":"https:\/\/www.huruguen.fr\/site\/#organization","name":"S\u00e9bastien Huruguen Photographe","url":"https:\/\/www.huruguen.fr\/site\/","logo":{"@type":"ImageObject","inLanguage":"fr-FR","@id":"https:\/\/www.huruguen.fr\/site\/#\/schema\/logo\/image\/","url":"https:\/\/www.huruguen.fr\/site\/wp-content\/uploads\/2018\/03\/Logo-Huruguen-triptique-2018-noir-1500.jpg","contentUrl":"https:\/\/www.huruguen.fr\/site\/wp-content\/uploads\/2018\/03\/Logo-Huruguen-triptique-2018-noir-1500.jpg","width":1500,"height":1500,"caption":"S\u00e9bastien Huruguen Photographe"},"image":{"@id":"https:\/\/www.huruguen.fr\/site\/#\/schema\/logo\/image\/"},"sameAs":["https:\/\/www.facebook.com\/huruguen","https:\/\/x.com\/www_huruguen_fr","https:\/\/www.instagram.com\/sebastien.huruguen\/"]},{"@type":"Person","@id":"https:\/\/www.huruguen.fr\/site\/#\/schema\/person\/bdce6395a337c00db735bf5fa1268715","name":"Sebastien Huruguen","description":"S\u00e9bastien Huruguen est photographe professionnel \u00e0 Bordeaux.","sameAs":["https:\/\/www.huruguen.fr","https:\/\/www.facebook.com\/huruguen\/","https:\/\/www.instagram.com\/sebastien.huruguen\/","https:\/\/www.linkedin.com\/in\/sbastien-huruguen-95452342\/","https:\/\/www.pinterest.fr\/shuruguen\/","https:\/\/x.com\/www_huruguen_fr","https:\/\/www.youtube.com\/channel\/UChEt96Suus_jyoBce80fNOA?nohtml5=False"]}]}},"_links":{"self":[{"href":"https:\/\/www.huruguen.fr\/site\/wp-json\/wp\/v2\/posts\/60208","targetHints":{"allow":["GET"]}}],"collection":[{"href":"https:\/\/www.huruguen.fr\/site\/wp-json\/wp\/v2\/posts"}],"about":[{"href":"https:\/\/www.huruguen.fr\/site\/wp-json\/wp\/v2\/types\/post"}],"author":[{"embeddable":true,"href":"https:\/\/www.huruguen.fr\/site\/wp-json\/wp\/v2\/users\/1"}],"replies":[{"embeddable":true,"href":"https:\/\/www.huruguen.fr\/site\/wp-json\/wp\/v2\/comments?post=60208"}],"version-history":[{"count":3,"href":"https:\/\/www.huruguen.fr\/site\/wp-json\/wp\/v2\/posts\/60208\/revisions"}],"predecessor-version":[{"id":60350,"href":"https:\/\/www.huruguen.fr\/site\/wp-json\/wp\/v2\/posts\/60208\/revisions\/60350"}],"wp:featuredmedia":[{"embeddable":true,"href":"https:\/\/www.huruguen.fr\/site\/wp-json\/wp\/v2\/media\/60209"}],"wp:attachment":[{"href":"https:\/\/www.huruguen.fr\/site\/wp-json\/wp\/v2\/media?parent=60208"}],"wp:term":[{"taxonomy":"category","embeddable":true,"href":"https:\/\/www.huruguen.fr\/site\/wp-json\/wp\/v2\/categories?post=60208"},{"taxonomy":"post_tag","embeddable":true,"href":"https:\/\/www.huruguen.fr\/site\/wp-json\/wp\/v2\/tags?post=60208"}],"curies":[{"name":"wp","href":"https:\/\/api.w.org\/{rel}","templated":true}]}}