{"id":59270,"date":"2018-11-29T00:54:26","date_gmt":"2018-11-28T23:54:26","guid":{"rendered":"https:\/\/www.huruguen.fr\/site\/?p=59270"},"modified":"2020-04-13T09:38:33","modified_gmt":"2020-04-13T08:38:33","slug":"photos-trail-en-jalle-2018-st-jean-illac-sebastien-huruguen-photographe","status":"publish","type":"post","link":"https:\/\/www.huruguen.fr\/site\/photos-trail-en-jalle-2018-st-jean-illac-sebastien-huruguen-photographe\/","title":{"rendered":"Trail en Jalle 2018 : Les Photos"},"content":{"rendered":"<p><a href=\"https:\/\/www.huruguen.fr\/site\/wp-content\/uploads\/2018\/11\/trail-en-jalle-2018-bandeau-photos-officielles-sebastien-huruguen-photographe.jpg\"><img loading=\"lazy\" decoding=\"async\" class=\"alignnone size-full wp-image-59271\" src=\"https:\/\/www.huruguen.fr\/site\/wp-content\/uploads\/2018\/11\/trail-en-jalle-2018-bandeau-photos-officielles-sebastien-huruguen-photographe.jpg\" alt=\"trail en jalle 2018 sebastien huruguen photographe\" width=\"2000\" height=\"1050\" data-id=\"59271\" srcset=\"https:\/\/www.huruguen.fr\/site\/wp-content\/uploads\/2018\/11\/trail-en-jalle-2018-bandeau-photos-officielles-sebastien-huruguen-photographe.jpg 2000w, https:\/\/www.huruguen.fr\/site\/wp-content\/uploads\/2018\/11\/trail-en-jalle-2018-bandeau-photos-officielles-sebastien-huruguen-photographe-300x158.jpg 300w, https:\/\/www.huruguen.fr\/site\/wp-content\/uploads\/2018\/11\/trail-en-jalle-2018-bandeau-photos-officielles-sebastien-huruguen-photographe-768x403.jpg 768w, https:\/\/www.huruguen.fr\/site\/wp-content\/uploads\/2018\/11\/trail-en-jalle-2018-bandeau-photos-officielles-sebastien-huruguen-photographe-1024x538.jpg 1024w, https:\/\/www.huruguen.fr\/site\/wp-content\/uploads\/2018\/11\/trail-en-jalle-2018-bandeau-photos-officielles-sebastien-huruguen-photographe-740x388.jpg 740w, https:\/\/www.huruguen.fr\/site\/wp-content\/uploads\/2018\/11\/trail-en-jalle-2018-bandeau-photos-officielles-sebastien-huruguen-photographe-370x194.jpg 370w\" sizes=\"auto, (max-width: 2000px) 100vw, 2000px\" \/><\/a><\/p>\n<h2>Les photos du Trail en Jalle 2018<\/h2>\n<p>&nbsp;<\/p>\n<p><span style=\"font-size: 14pt;\">Toutes les photos de la 4\u00e8me \u00e9dition du Trail en Jalle 2018 sont en ligne sur <a href=\"https:\/\/www.huruguen.fr\/site\/boutique-photos-triathlons\/\">La Boutique Photos de Triathlon<\/a> !<\/span><\/p>\n<p><span style=\"font-size: 14pt;\">Revivez votre trail en images en parcourant les galeries photos de l\u2019ensemble du Trail en Jalle 2018 r\u00e9alis\u00e9es par S\u00e9bastien Huruguen photographe.<\/span><\/p>\n<p>&nbsp;<\/p>\n<ul>\n<li><span style=\"font-size: 14pt;\">Les photos du <a href=\"https:\/\/www.huruguen.fr\/site\/boutique-photos-triathlons\/\">D\u00e9part 18km<\/a><\/span><\/li>\n<li><span class=\"text_exposed_show\" style=\"font-size: 14pt;\">Les photos du <a href=\"https:\/\/www.huruguen.fr\/site\/boutique-photos-triathlons\/\">D\u00e9part 8km<\/a><\/span><\/li>\n<li><span style=\"font-size: 14pt;\"><span class=\"text_exposed_show\">Les photos du\u00a0<\/span><a href=\"https:\/\/www.huruguen.fr\/site\/boutique-photos-triathlons\/\">Trail en Jalle 18km<\/a><\/span><\/li>\n<li><span style=\"font-size: 14pt;\">Les photos du <a href=\"https:\/\/www.huruguen.fr\/site\/boutique-photos-triathlons\/\">Trail en Jalle 8km<\/a><\/span><\/li>\n<li><span style=\"font-size: 14pt;\">Les photos des <a href=\"https:\/\/www.huruguen.fr\/site\/boutique-photos-triathlons\/\">Podiums et de la Remise des Prix<\/a><\/span><\/li>\n<\/ul>\n<p>&nbsp;<\/p>\n<p><span style=\"font-size: 14pt;\">Astuces : Recharger la page plusieurs fois pour acc\u00e9l\u00e9rer la mise en cache et l&rsquo;affichage des photos.<\/span><\/p>\n<p><span style=\"font-size: 14pt;\">Vous pouvez naviguer plus rapidement \u00e0 travers les galeries en utilisant la \u00ab\u00a0TIMELINE\u00a0\u00bb disponible en haut de certaines pages.<\/span><\/p>\n<p><span style=\"font-size: 14pt;\">Des rep\u00e8res temporels sont plac\u00e9s \u00e0 l\u2019int\u00e9rieur de chaque galerie. Ils sont l\u00e0 pour vous permettre de vous retrouver plus rapidement en vous indiquant le temps \u00e9coul\u00e9 depuis le d\u00e9part de votre course.<\/span><\/p>\n<p><span style=\"font-size: 14pt;\">Vous pouvez aussi consulter la trace GPS de votre montre Garmin pour voir pr\u00e9cis\u00e9ment les chronos de votre passage au 7\u00e8me ou 17\u00e8me km devant mon appareil photo !<\/span><\/p>\n<p>&nbsp;<\/p>\n<p><span style=\"font-size: 14pt;\">Le trail 18km a \u00e9t\u00e9 remport\u00e9 par Kevin Guerin (Limoges) en 01:13:36 et Anne-Gaelle Coffy (Talence) en 01:33:54.<\/span><\/p>\n<p><span style=\"font-size: 14pt;\">La distance trail 8km a \u00e9t\u00e9 remport\u00e9 par Pierre Bordeau (AQDP) en 00:31:51 et Elise Guimet (CA Portets) en 00:40:49.\u00a0<\/span><\/p>\n<p><span style=\"font-size: 14pt;\">R\u00e9sultats complets <a href=\"http:\/\/www.courir33.net\/rescourse4.php?course=2018result\/18illac08&amp;designation=TRAIL_EN_JALLES&amp;date=25\/11\/2018&amp;lieu=ST_JEAN_DILLAC&amp;distance=8&amp;source=LA_BELETTE_BLEUE\" target=\"_blank\" rel=\"noopener noreferrer\">8km<\/a>, classement <a href=\"http:\/\/www.courir33.net\/rescourse4f.php?course=2018result\/18illac08&amp;designation=TRAIL_EN_JALLES&amp;date=25\/11\/2018&amp;lieu=ST_JEAN_DILLAC&amp;distance=8&amp;source=LA_BELETTE_BLEUE\" target=\"_blank\" rel=\"noopener noreferrer\">8km f\u00e9minin<\/a>, r\u00e9sultats complets <a href=\"http:\/\/www.courir33.net\/rescourse4.php?course=2018result\/18illac18&amp;designation=TRAIL_EN_JALLES&amp;date=25\/11\/2018&amp;lieu=ST_JEAN_DILLAC&amp;distance=18&amp;source=LA_BELETTE_BLEUE\" target=\"_blank\" rel=\"noopener noreferrer\">18km<\/a>\u00a0et classement <a href=\"http:\/\/www.courir33.net\/rescourse4f.php?course=2018result\/18illac18&amp;designation=TRAIL_EN_JALLES&amp;date=25\/11\/2018&amp;lieu=ST_JEAN_DILLAC&amp;distance=18&amp;source=LA_BELETTE_BLEUE\" target=\"_blank\" rel=\"noopener noreferrer\">18km f\u00e9minin<\/a>.<\/span><\/p>\n<p>&nbsp;<\/p>\n<div id=\"kad-wp-gallery64\" class=\"kad-wp-gallery kad-light-wp-gallery clearfix kt-gallery-column-1 rowtight\"><div class=\"tcol-lg-12 tcol-md-12 tcol-sm-12 tcol-xs-12 tcol-ss-12 g_item\"><div class=\"grid_item kad_gallery_fade_in gallery_item\"><a href=\"https:\/\/www.huruguen.fr\/site\/wp-content\/uploads\/2018\/11\/podiums-trail-en-jalle-2018-6.jpg\" data-rel=\"lightbox\" class=\"lightboxhover\"><img loading=\"lazy\" decoding=\"async\" src=\"https:\/\/www.huruguen.fr\/site\/wp-content\/uploads\/2018\/11\/podiums-trail-en-jalle-2018-6.jpg\" width=\"1500\" height=\"1000\" alt=\"podiums-trail-en-jalle-2018-6\" srcset=\"https:\/\/www.huruguen.fr\/site\/wp-content\/uploads\/2018\/11\/podiums-trail-en-jalle-2018-6.jpg 1500w, https:\/\/www.huruguen.fr\/site\/wp-content\/uploads\/2018\/11\/podiums-trail-en-jalle-2018-6-300x200.jpg 300w, https:\/\/www.huruguen.fr\/site\/wp-content\/uploads\/2018\/11\/podiums-trail-en-jalle-2018-6-768x512.jpg 768w, https:\/\/www.huruguen.fr\/site\/wp-content\/uploads\/2018\/11\/podiums-trail-en-jalle-2018-6-1024x683.jpg 1024w\" sizes=\"auto, (max-width: 1500px) 100vw, 1500px\" class=\"light-dropshaddow\"\/><\/a><\/div><\/div><div class=\"tcol-lg-12 tcol-md-12 tcol-sm-12 tcol-xs-12 tcol-ss-12 g_item\"><div class=\"grid_item kad_gallery_fade_in gallery_item\"><a href=\"https:\/\/www.huruguen.fr\/site\/wp-content\/uploads\/2018\/11\/podiums-trail-en-jalle-2018-1.jpg\" data-rel=\"lightbox\" class=\"lightboxhover\"><img loading=\"lazy\" decoding=\"async\" src=\"https:\/\/www.huruguen.fr\/site\/wp-content\/uploads\/2018\/11\/podiums-trail-en-jalle-2018-1.jpg\" width=\"1500\" height=\"1000\" alt=\"podiums-trail-en-jalle-2018-1\" srcset=\"https:\/\/www.huruguen.fr\/site\/wp-content\/uploads\/2018\/11\/podiums-trail-en-jalle-2018-1.jpg 1500w, https:\/\/www.huruguen.fr\/site\/wp-content\/uploads\/2018\/11\/podiums-trail-en-jalle-2018-1-300x200.jpg 300w, https:\/\/www.huruguen.fr\/site\/wp-content\/uploads\/2018\/11\/podiums-trail-en-jalle-2018-1-768x512.jpg 768w, https:\/\/www.huruguen.fr\/site\/wp-content\/uploads\/2018\/11\/podiums-trail-en-jalle-2018-1-1024x683.jpg 1024w\" sizes=\"auto, (max-width: 1500px) 100vw, 1500px\" class=\"light-dropshaddow\"\/><\/a><\/div><\/div><div class=\"tcol-lg-12 tcol-md-12 tcol-sm-12 tcol-xs-12 tcol-ss-12 g_item\"><div class=\"grid_item kad_gallery_fade_in gallery_item\"><a href=\"https:\/\/www.huruguen.fr\/site\/wp-content\/uploads\/2018\/11\/podiums-trail-en-jalle-2018-12.jpg\" data-rel=\"lightbox\" class=\"lightboxhover\"><img loading=\"lazy\" decoding=\"async\" src=\"https:\/\/www.huruguen.fr\/site\/wp-content\/uploads\/2018\/11\/podiums-trail-en-jalle-2018-12.jpg\" width=\"1500\" height=\"1000\" alt=\"podiums-trail-en-jalle-2018-12\" srcset=\"https:\/\/www.huruguen.fr\/site\/wp-content\/uploads\/2018\/11\/podiums-trail-en-jalle-2018-12.jpg 1500w, https:\/\/www.huruguen.fr\/site\/wp-content\/uploads\/2018\/11\/podiums-trail-en-jalle-2018-12-300x200.jpg 300w, https:\/\/www.huruguen.fr\/site\/wp-content\/uploads\/2018\/11\/podiums-trail-en-jalle-2018-12-768x512.jpg 768w, https:\/\/www.huruguen.fr\/site\/wp-content\/uploads\/2018\/11\/podiums-trail-en-jalle-2018-12-1024x683.jpg 1024w\" sizes=\"auto, (max-width: 1500px) 100vw, 1500px\" class=\"light-dropshaddow\"\/><\/a><\/div><\/div><div class=\"tcol-lg-12 tcol-md-12 tcol-sm-12 tcol-xs-12 tcol-ss-12 g_item\"><div class=\"grid_item kad_gallery_fade_in gallery_item\"><a href=\"https:\/\/www.huruguen.fr\/site\/wp-content\/uploads\/2018\/11\/podiums-trail-en-jalle-2018-16.jpg\" data-rel=\"lightbox\" class=\"lightboxhover\"><img loading=\"lazy\" decoding=\"async\" src=\"https:\/\/www.huruguen.fr\/site\/wp-content\/uploads\/2018\/11\/podiums-trail-en-jalle-2018-16.jpg\" width=\"1500\" height=\"1000\" alt=\"podiums-trail-en-jalle-2018-16\" srcset=\"https:\/\/www.huruguen.fr\/site\/wp-content\/uploads\/2018\/11\/podiums-trail-en-jalle-2018-16.jpg 1500w, https:\/\/www.huruguen.fr\/site\/wp-content\/uploads\/2018\/11\/podiums-trail-en-jalle-2018-16-300x200.jpg 300w, https:\/\/www.huruguen.fr\/site\/wp-content\/uploads\/2018\/11\/podiums-trail-en-jalle-2018-16-768x512.jpg 768w, https:\/\/www.huruguen.fr\/site\/wp-content\/uploads\/2018\/11\/podiums-trail-en-jalle-2018-16-1024x683.jpg 1024w\" sizes=\"auto, (max-width: 1500px) 100vw, 1500px\" class=\"light-dropshaddow\"\/><\/a><\/div><\/div><div class=\"tcol-lg-12 tcol-md-12 tcol-sm-12 tcol-xs-12 tcol-ss-12 g_item\"><div class=\"grid_item kad_gallery_fade_in gallery_item\"><a href=\"https:\/\/www.huruguen.fr\/site\/wp-content\/uploads\/2018\/11\/podiums-trail-en-jalle-2018-20.jpg\" data-rel=\"lightbox\" class=\"lightboxhover\"><img loading=\"lazy\" decoding=\"async\" src=\"https:\/\/www.huruguen.fr\/site\/wp-content\/uploads\/2018\/11\/podiums-trail-en-jalle-2018-20.jpg\" width=\"1500\" height=\"1000\" alt=\"podiums-trail-en-jalle-2018-20\" srcset=\"https:\/\/www.huruguen.fr\/site\/wp-content\/uploads\/2018\/11\/podiums-trail-en-jalle-2018-20.jpg 1500w, https:\/\/www.huruguen.fr\/site\/wp-content\/uploads\/2018\/11\/podiums-trail-en-jalle-2018-20-300x200.jpg 300w, https:\/\/www.huruguen.fr\/site\/wp-content\/uploads\/2018\/11\/podiums-trail-en-jalle-2018-20-768x512.jpg 768w, https:\/\/www.huruguen.fr\/site\/wp-content\/uploads\/2018\/11\/podiums-trail-en-jalle-2018-20-1024x683.jpg 1024w\" sizes=\"auto, (max-width: 1500px) 100vw, 1500px\" class=\"light-dropshaddow\"\/><\/a><\/div><\/div><div class=\"tcol-lg-12 tcol-md-12 tcol-sm-12 tcol-xs-12 tcol-ss-12 g_item\"><div class=\"grid_item kad_gallery_fade_in gallery_item\"><a href=\"https:\/\/www.huruguen.fr\/site\/wp-content\/uploads\/2018\/11\/podiums-trail-en-jalle-2018-22.jpg\" data-rel=\"lightbox\" class=\"lightboxhover\"><img loading=\"lazy\" decoding=\"async\" src=\"https:\/\/www.huruguen.fr\/site\/wp-content\/uploads\/2018\/11\/podiums-trail-en-jalle-2018-22.jpg\" width=\"1500\" height=\"1000\" alt=\"podiums-trail-en-jalle-2018-22\" srcset=\"https:\/\/www.huruguen.fr\/site\/wp-content\/uploads\/2018\/11\/podiums-trail-en-jalle-2018-22.jpg 1500w, https:\/\/www.huruguen.fr\/site\/wp-content\/uploads\/2018\/11\/podiums-trail-en-jalle-2018-22-300x200.jpg 300w, https:\/\/www.huruguen.fr\/site\/wp-content\/uploads\/2018\/11\/podiums-trail-en-jalle-2018-22-768x512.jpg 768w, https:\/\/www.huruguen.fr\/site\/wp-content\/uploads\/2018\/11\/podiums-trail-en-jalle-2018-22-1024x683.jpg 1024w\" sizes=\"auto, (max-width: 1500px) 100vw, 1500px\" class=\"light-dropshaddow\"\/><\/a><\/div><\/div><\/div>\n","protected":false},"excerpt":{"rendered":"<p>Les photos du Trail en Jalle 2018 &nbsp; Toutes les photos de la 4\u00e8me \u00e9dition du Trail en Jalle 2018 sont en ligne sur La Boutique Photos de Triathlon ! Revivez votre trail en images en parcourant les galeries photos &hellip; <a href=\"https:\/\/www.huruguen.fr\/site\/photos-trail-en-jalle-2018-st-jean-illac-sebastien-huruguen-photographe\/\">Lire la suite<\/a><\/p>\n","protected":false},"author":1,"featured_media":59271,"comment_status":"closed","ping_status":"open","sticky":false,"template":"","format":"standard","meta":{"kt_blocks_editor_width":"","footnotes":""},"categories":[1537],"tags":[2279,3003,3005,3000,3002,3006,2997,832,2833,2711,2706,3004,2707,3001],"class_list":["post-59270","post","type-post","status-publish","format-standard","has-post-thumbnail","hentry","category-reportages","tag-huruguen","tag-huruguen-photos","tag-photographe-trail-gironde","tag-photos-trail","tag-photos-trail-en-jalle-2018","tag-photos-trail-gironde","tag-saint-jean-dillac","tag-sebastien-huruguen","tag-sebastien-huruguen-photographe","tag-st-jean-dillac","tag-trail","tag-trail-en-gironde","tag-trail-en-jalle","tag-trail-en-jalle-2018"],"yoast_head":"<!-- This site is optimized with the Yoast SEO plugin v27.4 - https:\/\/yoast.com\/product\/yoast-seo-wordpress\/ -->\n<title>Trail en Jalle 2018 : Les Photos - Photographe Professionnel \u00e0 Bordeaux &#x1f4f7; Sebastien Huruguen<\/title>\n<meta name=\"description\" content=\"Les photos officielles de la 4\u00e8me \u00e9dition de Trail en Jalle 2018. Trails de 8km et 18km caritatifs organis\u00e9s par l&#039;amicale des Sapeurs Pompiers.\" \/>\n<meta name=\"robots\" content=\"index, follow, max-snippet:-1, max-image-preview:large, max-video-preview:-1\" \/>\n<link rel=\"canonical\" href=\"https:\/\/www.huruguen.fr\/site\/photos-trail-en-jalle-2018-st-jean-illac-sebastien-huruguen-photographe\/\" \/>\n<meta property=\"og:locale\" content=\"fr_FR\" \/>\n<meta property=\"og:type\" content=\"article\" \/>\n<meta property=\"og:title\" content=\"Trail en Jalle 2018 : Les Photos - Photographe Professionnel \u00e0 Bordeaux &#x1f4f7; Sebastien Huruguen\" \/>\n<meta property=\"og:description\" content=\"Les photos officielles de la 4\u00e8me \u00e9dition de Trail en Jalle 2018. Trails de 8km et 18km caritatifs organis\u00e9s par l&#039;amicale des Sapeurs Pompiers.\" \/>\n<meta property=\"og:url\" content=\"https:\/\/www.huruguen.fr\/site\/photos-trail-en-jalle-2018-st-jean-illac-sebastien-huruguen-photographe\/\" \/>\n<meta property=\"og:site_name\" content=\"Photographe Professionnel \u00e0 Bordeaux &#x1f4f7; Sebastien Huruguen\" \/>\n<meta property=\"article:publisher\" content=\"https:\/\/www.facebook.com\/huruguen\" \/>\n<meta property=\"article:author\" content=\"https:\/\/www.facebook.com\/huruguen\/\" \/>\n<meta property=\"article:published_time\" content=\"2018-11-28T23:54:26+00:00\" \/>\n<meta property=\"article:modified_time\" content=\"2020-04-13T08:38:33+00:00\" \/>\n<meta property=\"og:image\" content=\"https:\/\/www.huruguen.fr\/site\/wp-content\/uploads\/2018\/11\/trail-en-jalle-2018-bandeau-photos-officielles-sebastien-huruguen-photographe.jpg\" \/>\n\t<meta property=\"og:image:width\" content=\"2000\" \/>\n\t<meta property=\"og:image:height\" content=\"1050\" \/>\n\t<meta property=\"og:image:type\" content=\"image\/jpeg\" \/>\n<meta name=\"author\" content=\"Sebastien Huruguen\" \/>\n<meta name=\"twitter:card\" content=\"summary_large_image\" \/>\n<meta name=\"twitter:creator\" content=\"@www_huruguen_fr\" \/>\n<meta name=\"twitter:site\" content=\"@www_huruguen_fr\" \/>\n<meta name=\"twitter:label1\" content=\"\u00c9crit par\" \/>\n\t<meta name=\"twitter:data1\" content=\"Sebastien Huruguen\" \/>\n\t<meta name=\"twitter:label2\" content=\"Dur\u00e9e de lecture estim\u00e9e\" \/>\n\t<meta name=\"twitter:data2\" content=\"1 minute\" \/>\n<script type=\"application\/ld+json\" class=\"yoast-schema-graph\">{\"@context\":\"https:\\\/\\\/schema.org\",\"@graph\":[{\"@type\":\"Article\",\"@id\":\"https:\\\/\\\/www.huruguen.fr\\\/site\\\/photos-trail-en-jalle-2018-st-jean-illac-sebastien-huruguen-photographe\\\/#article\",\"isPartOf\":{\"@id\":\"https:\\\/\\\/www.huruguen.fr\\\/site\\\/photos-trail-en-jalle-2018-st-jean-illac-sebastien-huruguen-photographe\\\/\"},\"author\":{\"name\":\"Sebastien Huruguen\",\"@id\":\"https:\\\/\\\/www.huruguen.fr\\\/site\\\/#\\\/schema\\\/person\\\/bdce6395a337c00db735bf5fa1268715\"},\"headline\":\"Trail en Jalle 2018 : Les Photos\",\"datePublished\":\"2018-11-28T23:54:26+00:00\",\"dateModified\":\"2020-04-13T08:38:33+00:00\",\"mainEntityOfPage\":{\"@id\":\"https:\\\/\\\/www.huruguen.fr\\\/site\\\/photos-trail-en-jalle-2018-st-jean-illac-sebastien-huruguen-photographe\\\/\"},\"wordCount\":259,\"publisher\":{\"@id\":\"https:\\\/\\\/www.huruguen.fr\\\/site\\\/#organization\"},\"image\":{\"@id\":\"https:\\\/\\\/www.huruguen.fr\\\/site\\\/photos-trail-en-jalle-2018-st-jean-illac-sebastien-huruguen-photographe\\\/#primaryimage\"},\"thumbnailUrl\":\"https:\\\/\\\/www.huruguen.fr\\\/site\\\/wp-content\\\/uploads\\\/2018\\\/11\\\/trail-en-jalle-2018-bandeau-photos-officielles-sebastien-huruguen-photographe.jpg\",\"keywords\":[\"huruguen\",\"huruguen photos\",\"photographe trail gironde\",\"photos trail\",\"photos trail en jalle 2018\",\"photos trail gironde\",\"saint jean d'illac\",\"sebastien huruguen\",\"sebastien huruguen photographe\",\"st jean d'illac\",\"trail\",\"trail en gironde\",\"trail en jalle\",\"trail en jalle 2018\"],\"articleSection\":[\"Actualit\u00e9s\"],\"inLanguage\":\"fr-FR\"},{\"@type\":\"WebPage\",\"@id\":\"https:\\\/\\\/www.huruguen.fr\\\/site\\\/photos-trail-en-jalle-2018-st-jean-illac-sebastien-huruguen-photographe\\\/\",\"url\":\"https:\\\/\\\/www.huruguen.fr\\\/site\\\/photos-trail-en-jalle-2018-st-jean-illac-sebastien-huruguen-photographe\\\/\",\"name\":\"Trail en Jalle 2018 : Les Photos - Photographe Professionnel \u00e0 Bordeaux &#x1f4f7; Sebastien Huruguen\",\"isPartOf\":{\"@id\":\"https:\\\/\\\/www.huruguen.fr\\\/site\\\/#website\"},\"primaryImageOfPage\":{\"@id\":\"https:\\\/\\\/www.huruguen.fr\\\/site\\\/photos-trail-en-jalle-2018-st-jean-illac-sebastien-huruguen-photographe\\\/#primaryimage\"},\"image\":{\"@id\":\"https:\\\/\\\/www.huruguen.fr\\\/site\\\/photos-trail-en-jalle-2018-st-jean-illac-sebastien-huruguen-photographe\\\/#primaryimage\"},\"thumbnailUrl\":\"https:\\\/\\\/www.huruguen.fr\\\/site\\\/wp-content\\\/uploads\\\/2018\\\/11\\\/trail-en-jalle-2018-bandeau-photos-officielles-sebastien-huruguen-photographe.jpg\",\"datePublished\":\"2018-11-28T23:54:26+00:00\",\"dateModified\":\"2020-04-13T08:38:33+00:00\",\"description\":\"Les photos officielles de la 4\u00e8me \u00e9dition de Trail en Jalle 2018. Trails de 8km et 18km caritatifs organis\u00e9s par l'amicale des Sapeurs Pompiers.\",\"breadcrumb\":{\"@id\":\"https:\\\/\\\/www.huruguen.fr\\\/site\\\/photos-trail-en-jalle-2018-st-jean-illac-sebastien-huruguen-photographe\\\/#breadcrumb\"},\"inLanguage\":\"fr-FR\",\"potentialAction\":[{\"@type\":\"ReadAction\",\"target\":[\"https:\\\/\\\/www.huruguen.fr\\\/site\\\/photos-trail-en-jalle-2018-st-jean-illac-sebastien-huruguen-photographe\\\/\"]}]},{\"@type\":\"ImageObject\",\"inLanguage\":\"fr-FR\",\"@id\":\"https:\\\/\\\/www.huruguen.fr\\\/site\\\/photos-trail-en-jalle-2018-st-jean-illac-sebastien-huruguen-photographe\\\/#primaryimage\",\"url\":\"https:\\\/\\\/www.huruguen.fr\\\/site\\\/wp-content\\\/uploads\\\/2018\\\/11\\\/trail-en-jalle-2018-bandeau-photos-officielles-sebastien-huruguen-photographe.jpg\",\"contentUrl\":\"https:\\\/\\\/www.huruguen.fr\\\/site\\\/wp-content\\\/uploads\\\/2018\\\/11\\\/trail-en-jalle-2018-bandeau-photos-officielles-sebastien-huruguen-photographe.jpg\",\"width\":2000,\"height\":1050,\"caption\":\"trail en jalle 2018 sebastien huruguen photographe\"},{\"@type\":\"BreadcrumbList\",\"@id\":\"https:\\\/\\\/www.huruguen.fr\\\/site\\\/photos-trail-en-jalle-2018-st-jean-illac-sebastien-huruguen-photographe\\\/#breadcrumb\",\"itemListElement\":[{\"@type\":\"ListItem\",\"position\":1,\"name\":\"Accueil\",\"item\":\"https:\\\/\\\/www.huruguen.fr\\\/site\\\/\"},{\"@type\":\"ListItem\",\"position\":2,\"name\":\"Trail en Jalle 2018 : Les Photos\"}]},{\"@type\":\"WebSite\",\"@id\":\"https:\\\/\\\/www.huruguen.fr\\\/site\\\/#website\",\"url\":\"https:\\\/\\\/www.huruguen.fr\\\/site\\\/\",\"name\":\"Photographe Professionnel \u00e0 Bordeaux Sebastien Huruguen\",\"description\":\"Photographe professionnel ind\u00e9pendant a Bordeaux. Prestations et services photograpphiques pour les professionnels et particuliers : reportages, s\u00e9ances photos, studio, packshot.\",\"publisher\":{\"@id\":\"https:\\\/\\\/www.huruguen.fr\\\/site\\\/#organization\"},\"potentialAction\":[{\"@type\":\"SearchAction\",\"target\":{\"@type\":\"EntryPoint\",\"urlTemplate\":\"https:\\\/\\\/www.huruguen.fr\\\/site\\\/?s={search_term_string}\"},\"query-input\":{\"@type\":\"PropertyValueSpecification\",\"valueRequired\":true,\"valueName\":\"search_term_string\"}}],\"inLanguage\":\"fr-FR\"},{\"@type\":\"Organization\",\"@id\":\"https:\\\/\\\/www.huruguen.fr\\\/site\\\/#organization\",\"name\":\"S\u00e9bastien Huruguen Photographe\",\"url\":\"https:\\\/\\\/www.huruguen.fr\\\/site\\\/\",\"logo\":{\"@type\":\"ImageObject\",\"inLanguage\":\"fr-FR\",\"@id\":\"https:\\\/\\\/www.huruguen.fr\\\/site\\\/#\\\/schema\\\/logo\\\/image\\\/\",\"url\":\"https:\\\/\\\/www.huruguen.fr\\\/site\\\/wp-content\\\/uploads\\\/2018\\\/03\\\/Logo-Huruguen-triptique-2018-noir-1500.jpg\",\"contentUrl\":\"https:\\\/\\\/www.huruguen.fr\\\/site\\\/wp-content\\\/uploads\\\/2018\\\/03\\\/Logo-Huruguen-triptique-2018-noir-1500.jpg\",\"width\":1500,\"height\":1500,\"caption\":\"S\u00e9bastien Huruguen Photographe\"},\"image\":{\"@id\":\"https:\\\/\\\/www.huruguen.fr\\\/site\\\/#\\\/schema\\\/logo\\\/image\\\/\"},\"sameAs\":[\"https:\\\/\\\/www.facebook.com\\\/huruguen\",\"https:\\\/\\\/x.com\\\/www_huruguen_fr\",\"https:\\\/\\\/www.instagram.com\\\/sebastien.huruguen\\\/\"]},{\"@type\":\"Person\",\"@id\":\"https:\\\/\\\/www.huruguen.fr\\\/site\\\/#\\\/schema\\\/person\\\/bdce6395a337c00db735bf5fa1268715\",\"name\":\"Sebastien Huruguen\",\"description\":\"S\u00e9bastien Huruguen est photographe professionnel \u00e0 Bordeaux.\",\"sameAs\":[\"https:\\\/\\\/www.huruguen.fr\",\"https:\\\/\\\/www.facebook.com\\\/huruguen\\\/\",\"https:\\\/\\\/www.instagram.com\\\/sebastien.huruguen\\\/\",\"https:\\\/\\\/www.linkedin.com\\\/in\\\/sbastien-huruguen-95452342\\\/\",\"https:\\\/\\\/www.pinterest.fr\\\/shuruguen\\\/\",\"https:\\\/\\\/x.com\\\/www_huruguen_fr\",\"https:\\\/\\\/www.youtube.com\\\/channel\\\/UChEt96Suus_jyoBce80fNOA?nohtml5=False\"]}]}<\/script>\n<!-- \/ Yoast SEO plugin. -->","yoast_head_json":{"title":"Trail en Jalle 2018 : Les Photos - Photographe Professionnel \u00e0 Bordeaux &#x1f4f7; Sebastien Huruguen","description":"Les photos officielles de la 4\u00e8me \u00e9dition de Trail en Jalle 2018. Trails de 8km et 18km caritatifs organis\u00e9s par l'amicale des Sapeurs Pompiers.","robots":{"index":"index","follow":"follow","max-snippet":"max-snippet:-1","max-image-preview":"max-image-preview:large","max-video-preview":"max-video-preview:-1"},"canonical":"https:\/\/www.huruguen.fr\/site\/photos-trail-en-jalle-2018-st-jean-illac-sebastien-huruguen-photographe\/","og_locale":"fr_FR","og_type":"article","og_title":"Trail en Jalle 2018 : Les Photos - Photographe Professionnel \u00e0 Bordeaux &#x1f4f7; Sebastien Huruguen","og_description":"Les photos officielles de la 4\u00e8me \u00e9dition de Trail en Jalle 2018. Trails de 8km et 18km caritatifs organis\u00e9s par l'amicale des Sapeurs Pompiers.","og_url":"https:\/\/www.huruguen.fr\/site\/photos-trail-en-jalle-2018-st-jean-illac-sebastien-huruguen-photographe\/","og_site_name":"Photographe Professionnel \u00e0 Bordeaux &#x1f4f7; Sebastien Huruguen","article_publisher":"https:\/\/www.facebook.com\/huruguen","article_author":"https:\/\/www.facebook.com\/huruguen\/","article_published_time":"2018-11-28T23:54:26+00:00","article_modified_time":"2020-04-13T08:38:33+00:00","og_image":[{"width":2000,"height":1050,"url":"https:\/\/www.huruguen.fr\/site\/wp-content\/uploads\/2018\/11\/trail-en-jalle-2018-bandeau-photos-officielles-sebastien-huruguen-photographe.jpg","type":"image\/jpeg"}],"author":"Sebastien Huruguen","twitter_card":"summary_large_image","twitter_creator":"@www_huruguen_fr","twitter_site":"@www_huruguen_fr","twitter_misc":{"\u00c9crit par":"Sebastien Huruguen","Dur\u00e9e de lecture estim\u00e9e":"1 minute"},"schema":{"@context":"https:\/\/schema.org","@graph":[{"@type":"Article","@id":"https:\/\/www.huruguen.fr\/site\/photos-trail-en-jalle-2018-st-jean-illac-sebastien-huruguen-photographe\/#article","isPartOf":{"@id":"https:\/\/www.huruguen.fr\/site\/photos-trail-en-jalle-2018-st-jean-illac-sebastien-huruguen-photographe\/"},"author":{"name":"Sebastien Huruguen","@id":"https:\/\/www.huruguen.fr\/site\/#\/schema\/person\/bdce6395a337c00db735bf5fa1268715"},"headline":"Trail en Jalle 2018 : Les Photos","datePublished":"2018-11-28T23:54:26+00:00","dateModified":"2020-04-13T08:38:33+00:00","mainEntityOfPage":{"@id":"https:\/\/www.huruguen.fr\/site\/photos-trail-en-jalle-2018-st-jean-illac-sebastien-huruguen-photographe\/"},"wordCount":259,"publisher":{"@id":"https:\/\/www.huruguen.fr\/site\/#organization"},"image":{"@id":"https:\/\/www.huruguen.fr\/site\/photos-trail-en-jalle-2018-st-jean-illac-sebastien-huruguen-photographe\/#primaryimage"},"thumbnailUrl":"https:\/\/www.huruguen.fr\/site\/wp-content\/uploads\/2018\/11\/trail-en-jalle-2018-bandeau-photos-officielles-sebastien-huruguen-photographe.jpg","keywords":["huruguen","huruguen photos","photographe trail gironde","photos trail","photos trail en jalle 2018","photos trail gironde","saint jean d'illac","sebastien huruguen","sebastien huruguen photographe","st jean d'illac","trail","trail en gironde","trail en jalle","trail en jalle 2018"],"articleSection":["Actualit\u00e9s"],"inLanguage":"fr-FR"},{"@type":"WebPage","@id":"https:\/\/www.huruguen.fr\/site\/photos-trail-en-jalle-2018-st-jean-illac-sebastien-huruguen-photographe\/","url":"https:\/\/www.huruguen.fr\/site\/photos-trail-en-jalle-2018-st-jean-illac-sebastien-huruguen-photographe\/","name":"Trail en Jalle 2018 : Les Photos - Photographe Professionnel \u00e0 Bordeaux &#x1f4f7; Sebastien Huruguen","isPartOf":{"@id":"https:\/\/www.huruguen.fr\/site\/#website"},"primaryImageOfPage":{"@id":"https:\/\/www.huruguen.fr\/site\/photos-trail-en-jalle-2018-st-jean-illac-sebastien-huruguen-photographe\/#primaryimage"},"image":{"@id":"https:\/\/www.huruguen.fr\/site\/photos-trail-en-jalle-2018-st-jean-illac-sebastien-huruguen-photographe\/#primaryimage"},"thumbnailUrl":"https:\/\/www.huruguen.fr\/site\/wp-content\/uploads\/2018\/11\/trail-en-jalle-2018-bandeau-photos-officielles-sebastien-huruguen-photographe.jpg","datePublished":"2018-11-28T23:54:26+00:00","dateModified":"2020-04-13T08:38:33+00:00","description":"Les photos officielles de la 4\u00e8me \u00e9dition de Trail en Jalle 2018. Trails de 8km et 18km caritatifs organis\u00e9s par l'amicale des Sapeurs Pompiers.","breadcrumb":{"@id":"https:\/\/www.huruguen.fr\/site\/photos-trail-en-jalle-2018-st-jean-illac-sebastien-huruguen-photographe\/#breadcrumb"},"inLanguage":"fr-FR","potentialAction":[{"@type":"ReadAction","target":["https:\/\/www.huruguen.fr\/site\/photos-trail-en-jalle-2018-st-jean-illac-sebastien-huruguen-photographe\/"]}]},{"@type":"ImageObject","inLanguage":"fr-FR","@id":"https:\/\/www.huruguen.fr\/site\/photos-trail-en-jalle-2018-st-jean-illac-sebastien-huruguen-photographe\/#primaryimage","url":"https:\/\/www.huruguen.fr\/site\/wp-content\/uploads\/2018\/11\/trail-en-jalle-2018-bandeau-photos-officielles-sebastien-huruguen-photographe.jpg","contentUrl":"https:\/\/www.huruguen.fr\/site\/wp-content\/uploads\/2018\/11\/trail-en-jalle-2018-bandeau-photos-officielles-sebastien-huruguen-photographe.jpg","width":2000,"height":1050,"caption":"trail en jalle 2018 sebastien huruguen photographe"},{"@type":"BreadcrumbList","@id":"https:\/\/www.huruguen.fr\/site\/photos-trail-en-jalle-2018-st-jean-illac-sebastien-huruguen-photographe\/#breadcrumb","itemListElement":[{"@type":"ListItem","position":1,"name":"Accueil","item":"https:\/\/www.huruguen.fr\/site\/"},{"@type":"ListItem","position":2,"name":"Trail en Jalle 2018 : Les Photos"}]},{"@type":"WebSite","@id":"https:\/\/www.huruguen.fr\/site\/#website","url":"https:\/\/www.huruguen.fr\/site\/","name":"Photographe Professionnel \u00e0 Bordeaux Sebastien Huruguen","description":"Photographe professionnel ind\u00e9pendant a Bordeaux. Prestations et services photograpphiques pour les professionnels et particuliers : reportages, s\u00e9ances photos, studio, packshot.","publisher":{"@id":"https:\/\/www.huruguen.fr\/site\/#organization"},"potentialAction":[{"@type":"SearchAction","target":{"@type":"EntryPoint","urlTemplate":"https:\/\/www.huruguen.fr\/site\/?s={search_term_string}"},"query-input":{"@type":"PropertyValueSpecification","valueRequired":true,"valueName":"search_term_string"}}],"inLanguage":"fr-FR"},{"@type":"Organization","@id":"https:\/\/www.huruguen.fr\/site\/#organization","name":"S\u00e9bastien Huruguen Photographe","url":"https:\/\/www.huruguen.fr\/site\/","logo":{"@type":"ImageObject","inLanguage":"fr-FR","@id":"https:\/\/www.huruguen.fr\/site\/#\/schema\/logo\/image\/","url":"https:\/\/www.huruguen.fr\/site\/wp-content\/uploads\/2018\/03\/Logo-Huruguen-triptique-2018-noir-1500.jpg","contentUrl":"https:\/\/www.huruguen.fr\/site\/wp-content\/uploads\/2018\/03\/Logo-Huruguen-triptique-2018-noir-1500.jpg","width":1500,"height":1500,"caption":"S\u00e9bastien Huruguen Photographe"},"image":{"@id":"https:\/\/www.huruguen.fr\/site\/#\/schema\/logo\/image\/"},"sameAs":["https:\/\/www.facebook.com\/huruguen","https:\/\/x.com\/www_huruguen_fr","https:\/\/www.instagram.com\/sebastien.huruguen\/"]},{"@type":"Person","@id":"https:\/\/www.huruguen.fr\/site\/#\/schema\/person\/bdce6395a337c00db735bf5fa1268715","name":"Sebastien Huruguen","description":"S\u00e9bastien Huruguen est photographe professionnel \u00e0 Bordeaux.","sameAs":["https:\/\/www.huruguen.fr","https:\/\/www.facebook.com\/huruguen\/","https:\/\/www.instagram.com\/sebastien.huruguen\/","https:\/\/www.linkedin.com\/in\/sbastien-huruguen-95452342\/","https:\/\/www.pinterest.fr\/shuruguen\/","https:\/\/x.com\/www_huruguen_fr","https:\/\/www.youtube.com\/channel\/UChEt96Suus_jyoBce80fNOA?nohtml5=False"]}]}},"_links":{"self":[{"href":"https:\/\/www.huruguen.fr\/site\/wp-json\/wp\/v2\/posts\/59270","targetHints":{"allow":["GET"]}}],"collection":[{"href":"https:\/\/www.huruguen.fr\/site\/wp-json\/wp\/v2\/posts"}],"about":[{"href":"https:\/\/www.huruguen.fr\/site\/wp-json\/wp\/v2\/types\/post"}],"author":[{"embeddable":true,"href":"https:\/\/www.huruguen.fr\/site\/wp-json\/wp\/v2\/users\/1"}],"replies":[{"embeddable":true,"href":"https:\/\/www.huruguen.fr\/site\/wp-json\/wp\/v2\/comments?post=59270"}],"version-history":[{"count":11,"href":"https:\/\/www.huruguen.fr\/site\/wp-json\/wp\/v2\/posts\/59270\/revisions"}],"predecessor-version":[{"id":60461,"href":"https:\/\/www.huruguen.fr\/site\/wp-json\/wp\/v2\/posts\/59270\/revisions\/60461"}],"wp:featuredmedia":[{"embeddable":true,"href":"https:\/\/www.huruguen.fr\/site\/wp-json\/wp\/v2\/media\/59271"}],"wp:attachment":[{"href":"https:\/\/www.huruguen.fr\/site\/wp-json\/wp\/v2\/media?parent=59270"}],"wp:term":[{"taxonomy":"category","embeddable":true,"href":"https:\/\/www.huruguen.fr\/site\/wp-json\/wp\/v2\/categories?post=59270"},{"taxonomy":"post_tag","embeddable":true,"href":"https:\/\/www.huruguen.fr\/site\/wp-json\/wp\/v2\/tags?post=59270"}],"curies":[{"name":"wp","href":"https:\/\/api.w.org\/{rel}","templated":true}]}}