{"id":55740,"date":"2017-12-01T23:25:12","date_gmt":"2017-12-01T22:25:12","guid":{"rendered":"http:\/\/www.huruguen.fr\/site\/?p=55740"},"modified":"2020-05-03T12:39:21","modified_gmt":"2020-05-03T11:39:21","slug":"trail-jalle-2017-saint-jean-dillac","status":"publish","type":"post","link":"https:\/\/www.huruguen.fr\/site\/trail-jalle-2017-saint-jean-dillac\/","title":{"rendered":"Trail en Jalle 2017 \u2013 Saint Jean d\u2019Illac"},"content":{"rendered":"\n<div class=\"wp-block-image\"><figure class=\"aligncenter\"><a href=\"https:\/\/www.huruguen.fr\/site\/wp-content\/uploads\/2020\/04\/trail-en-jalle-2017-saint-jean-d-illac-course-a-pieds-7km-17km-photos-officielles.jpg\"><img loading=\"lazy\" decoding=\"async\" width=\"1024\" height=\"561\" src=\"https:\/\/www.huruguen.fr\/site\/wp-content\/uploads\/2017\/12\/trail-en-jalle-2017-saint-jean-d-illac-course-a-pieds-7km-17km-photos-officielles-1.jpg\" alt=\"trail en jalle saint jean d'illac photos officielles sapeurs pompiers saint jean d'illac\" class=\"wp-image-55741\" srcset=\"https:\/\/www.huruguen.fr\/site\/wp-content\/uploads\/2017\/12\/trail-en-jalle-2017-saint-jean-d-illac-course-a-pieds-7km-17km-photos-officielles-1.jpg 1024w, https:\/\/www.huruguen.fr\/site\/wp-content\/uploads\/2017\/12\/trail-en-jalle-2017-saint-jean-d-illac-course-a-pieds-7km-17km-photos-officielles-1-300x164.jpg 300w, https:\/\/www.huruguen.fr\/site\/wp-content\/uploads\/2017\/12\/trail-en-jalle-2017-saint-jean-d-illac-course-a-pieds-7km-17km-photos-officielles-1-768x421.jpg 768w, https:\/\/www.huruguen.fr\/site\/wp-content\/uploads\/2017\/12\/trail-en-jalle-2017-saint-jean-d-illac-course-a-pieds-7km-17km-photos-officielles-1-740x406.jpg 740w, https:\/\/www.huruguen.fr\/site\/wp-content\/uploads\/2017\/12\/trail-en-jalle-2017-saint-jean-d-illac-course-a-pieds-7km-17km-photos-officielles-1-370x203.jpg 370w, https:\/\/www.huruguen.fr\/site\/wp-content\/uploads\/2017\/12\/trail-en-jalle-2017-saint-jean-d-illac-course-a-pieds-7km-17km-photos-officielles-1-848x465.jpg 848w\" sizes=\"auto, (max-width: 1024px) 100vw, 1024px\" \/><\/a><\/figure><\/div>\n\n\n\n<div style=\"height:100px\" aria-hidden=\"true\" class=\"wp-block-spacer\"><\/div>\n\n\n\n<h2 class=\"wp-block-heading\">Ce dimanche avait lieu la 3\u00e8me \u00e9dition de Trail en Jalle<\/h2>\n\n\n\n<div style=\"height:100px\" aria-hidden=\"true\" class=\"wp-block-spacer\"><\/div>\n\n\n\n<p>Un trail de 7km et un trail de 17km organis\u00e9 par l&rsquo;amicale des sapeurs pompiers de Saint Jean d&rsquo;Illac.<\/p>\n\n\n\n<p>Plus de 400 coureurs sont venus se frotter au parcours des bords de jalle sur la commune de Saint Jean d&rsquo;Illac ce dimanche 26 novembre.<\/p>\n\n\n\n<p>Vous pouvez retrouver l&rsquo;ensemble des photos sur <a href=\"https:\/\/www.huruguen.fr\/site\/trail-en-jalle-2017-saint-jean-dillac\/\">La Nouvelle Boutique Photos de Triathlons<\/a>.<\/p>\n\n\n\n<p>Bravo \u00e0 tous les participants de ce <a href=\"https:\/\/www.facebook.com\/Trail-En-Jalle-716792605109230\/\">Trail en Jalle<\/a> 2017 !<\/p>\n\n\n\n<div style=\"height:100px\" aria-hidden=\"true\" class=\"wp-block-spacer\"><\/div>\n\n\n\n<figure class=\"wp-block-gallery columns-1 is-cropped wp-block-gallery-2 is-layout-flex wp-block-gallery-is-layout-flex\"><ul class=\"blocks-gallery-grid\"><li class=\"blocks-gallery-item\"><figure><a href=\"https:\/\/www.huruguen.fr\/site\/wp-content\/uploads\/2017\/12\/podium-trail-en-jalle-17km-telethon-2017-saint-jean-d-illac-course-a-pieds-gironde-femmes.jpg\"><img loading=\"lazy\" decoding=\"async\" width=\"2000\" height=\"1333\" src=\"https:\/\/www.huruguen.fr\/site\/wp-content\/uploads\/2017\/12\/podium-trail-en-jalle-17km-telethon-2017-saint-jean-d-illac-course-a-pieds-gironde-femmes.jpg\" alt=\"podium-trail-en-jalle-17km-telethon-2017-saint-jean-d-illac-course-a-pieds-gironde-femmes\" data-id=\"55742\" class=\"wp-image-55742\" srcset=\"https:\/\/www.huruguen.fr\/site\/wp-content\/uploads\/2017\/12\/podium-trail-en-jalle-17km-telethon-2017-saint-jean-d-illac-course-a-pieds-gironde-femmes.jpg 2000w, https:\/\/www.huruguen.fr\/site\/wp-content\/uploads\/2017\/12\/podium-trail-en-jalle-17km-telethon-2017-saint-jean-d-illac-course-a-pieds-gironde-femmes-300x200.jpg 300w, https:\/\/www.huruguen.fr\/site\/wp-content\/uploads\/2017\/12\/podium-trail-en-jalle-17km-telethon-2017-saint-jean-d-illac-course-a-pieds-gironde-femmes-768x512.jpg 768w, https:\/\/www.huruguen.fr\/site\/wp-content\/uploads\/2017\/12\/podium-trail-en-jalle-17km-telethon-2017-saint-jean-d-illac-course-a-pieds-gironde-femmes-1024x682.jpg 1024w\" sizes=\"auto, (max-width: 2000px) 100vw, 2000px\" \/><\/a><\/figure><\/li><li class=\"blocks-gallery-item\"><figure><a href=\"https:\/\/www.huruguen.fr\/site\/wp-content\/uploads\/2017\/12\/podium-trail-en-jalle-17km-telethon-2017-saint-jean-d-illac-course-a-pieds-gironde-hommes.jpg\"><img loading=\"lazy\" decoding=\"async\" width=\"2000\" height=\"1333\" src=\"https:\/\/www.huruguen.fr\/site\/wp-content\/uploads\/2017\/12\/podium-trail-en-jalle-17km-telethon-2017-saint-jean-d-illac-course-a-pieds-gironde-hommes.jpg\" alt=\"podium-trail-en-jalle-17km-telethon-2017-saint-jean-d-illac-course-a-pieds-gironde-hommes\" data-id=\"55743\" class=\"wp-image-55743\" srcset=\"https:\/\/www.huruguen.fr\/site\/wp-content\/uploads\/2017\/12\/podium-trail-en-jalle-17km-telethon-2017-saint-jean-d-illac-course-a-pieds-gironde-hommes.jpg 2000w, https:\/\/www.huruguen.fr\/site\/wp-content\/uploads\/2017\/12\/podium-trail-en-jalle-17km-telethon-2017-saint-jean-d-illac-course-a-pieds-gironde-hommes-300x200.jpg 300w, https:\/\/www.huruguen.fr\/site\/wp-content\/uploads\/2017\/12\/podium-trail-en-jalle-17km-telethon-2017-saint-jean-d-illac-course-a-pieds-gironde-hommes-768x512.jpg 768w, https:\/\/www.huruguen.fr\/site\/wp-content\/uploads\/2017\/12\/podium-trail-en-jalle-17km-telethon-2017-saint-jean-d-illac-course-a-pieds-gironde-hommes-1024x682.jpg 1024w\" sizes=\"auto, (max-width: 2000px) 100vw, 2000px\" \/><\/a><\/figure><\/li><li class=\"blocks-gallery-item\"><figure><a href=\"https:\/\/www.huruguen.fr\/site\/wp-content\/uploads\/2017\/12\/village-trail-en-jalle-telethon-2017-saint-jean-d-illac-course-a-pieds-gironde-1.jpg\"><img loading=\"lazy\" decoding=\"async\" width=\"2000\" height=\"1333\" src=\"https:\/\/www.huruguen.fr\/site\/wp-content\/uploads\/2017\/12\/village-trail-en-jalle-telethon-2017-saint-jean-d-illac-course-a-pieds-gironde-1.jpg\" alt=\"village-trail-en-jalle-telethon-2017-saint-jean-d-illac-course-a-pieds-gironde-1\" data-id=\"55744\" class=\"wp-image-55744\" srcset=\"https:\/\/www.huruguen.fr\/site\/wp-content\/uploads\/2017\/12\/village-trail-en-jalle-telethon-2017-saint-jean-d-illac-course-a-pieds-gironde-1.jpg 2000w, https:\/\/www.huruguen.fr\/site\/wp-content\/uploads\/2017\/12\/village-trail-en-jalle-telethon-2017-saint-jean-d-illac-course-a-pieds-gironde-1-300x200.jpg 300w, https:\/\/www.huruguen.fr\/site\/wp-content\/uploads\/2017\/12\/village-trail-en-jalle-telethon-2017-saint-jean-d-illac-course-a-pieds-gironde-1-768x512.jpg 768w, https:\/\/www.huruguen.fr\/site\/wp-content\/uploads\/2017\/12\/village-trail-en-jalle-telethon-2017-saint-jean-d-illac-course-a-pieds-gironde-1-1024x682.jpg 1024w\" sizes=\"auto, (max-width: 2000px) 100vw, 2000px\" \/><\/a><\/figure><\/li><li class=\"blocks-gallery-item\"><figure><a href=\"https:\/\/www.huruguen.fr\/site\/wp-content\/uploads\/2017\/12\/village-trail-en-jalle-telethon-2017-saint-jean-d-illac-course-a-pieds-gironde-2.jpg\"><img loading=\"lazy\" decoding=\"async\" width=\"2000\" height=\"1333\" src=\"https:\/\/www.huruguen.fr\/site\/wp-content\/uploads\/2017\/12\/village-trail-en-jalle-telethon-2017-saint-jean-d-illac-course-a-pieds-gironde-2.jpg\" alt=\"village-trail-en-jalle-telethon-2017-saint-jean-d-illac-course-a-pieds-gironde-2\" data-id=\"55745\" class=\"wp-image-55745\" srcset=\"https:\/\/www.huruguen.fr\/site\/wp-content\/uploads\/2017\/12\/village-trail-en-jalle-telethon-2017-saint-jean-d-illac-course-a-pieds-gironde-2.jpg 2000w, https:\/\/www.huruguen.fr\/site\/wp-content\/uploads\/2017\/12\/village-trail-en-jalle-telethon-2017-saint-jean-d-illac-course-a-pieds-gironde-2-300x200.jpg 300w, https:\/\/www.huruguen.fr\/site\/wp-content\/uploads\/2017\/12\/village-trail-en-jalle-telethon-2017-saint-jean-d-illac-course-a-pieds-gironde-2-768x512.jpg 768w, https:\/\/www.huruguen.fr\/site\/wp-content\/uploads\/2017\/12\/village-trail-en-jalle-telethon-2017-saint-jean-d-illac-course-a-pieds-gironde-2-1024x682.jpg 1024w\" sizes=\"auto, (max-width: 2000px) 100vw, 2000px\" \/><\/a><\/figure><\/li><li class=\"blocks-gallery-item\"><figure><a href=\"https:\/\/www.huruguen.fr\/site\/wp-content\/uploads\/2017\/12\/village-trail-en-jalle-telethon-2017-saint-jean-d-illac-course-a-pieds-gironde-3.jpg\"><img loading=\"lazy\" decoding=\"async\" width=\"2000\" height=\"1333\" src=\"https:\/\/www.huruguen.fr\/site\/wp-content\/uploads\/2017\/12\/village-trail-en-jalle-telethon-2017-saint-jean-d-illac-course-a-pieds-gironde-3.jpg\" alt=\"village-trail-en-jalle-telethon-2017-saint-jean-d-illac-course-a-pieds-gironde-3\" data-id=\"55746\" class=\"wp-image-55746\" srcset=\"https:\/\/www.huruguen.fr\/site\/wp-content\/uploads\/2017\/12\/village-trail-en-jalle-telethon-2017-saint-jean-d-illac-course-a-pieds-gironde-3.jpg 2000w, https:\/\/www.huruguen.fr\/site\/wp-content\/uploads\/2017\/12\/village-trail-en-jalle-telethon-2017-saint-jean-d-illac-course-a-pieds-gironde-3-300x200.jpg 300w, https:\/\/www.huruguen.fr\/site\/wp-content\/uploads\/2017\/12\/village-trail-en-jalle-telethon-2017-saint-jean-d-illac-course-a-pieds-gironde-3-768x512.jpg 768w, https:\/\/www.huruguen.fr\/site\/wp-content\/uploads\/2017\/12\/village-trail-en-jalle-telethon-2017-saint-jean-d-illac-course-a-pieds-gironde-3-1024x682.jpg 1024w\" sizes=\"auto, (max-width: 2000px) 100vw, 2000px\" \/><\/a><\/figure><\/li><li class=\"blocks-gallery-item\"><figure><a href=\"https:\/\/www.huruguen.fr\/site\/wp-content\/uploads\/2017\/12\/village-trail-en-jalle-telethon-2017-saint-jean-d-illac-course-a-pieds-gironde-4.jpg\"><img loading=\"lazy\" decoding=\"async\" width=\"2000\" height=\"1333\" src=\"https:\/\/www.huruguen.fr\/site\/wp-content\/uploads\/2017\/12\/village-trail-en-jalle-telethon-2017-saint-jean-d-illac-course-a-pieds-gironde-4.jpg\" alt=\"village-trail-en-jalle-telethon-2017-saint-jean-d-illac-course-a-pieds-gironde-4\" data-id=\"55747\" class=\"wp-image-55747\" srcset=\"https:\/\/www.huruguen.fr\/site\/wp-content\/uploads\/2017\/12\/village-trail-en-jalle-telethon-2017-saint-jean-d-illac-course-a-pieds-gironde-4.jpg 2000w, https:\/\/www.huruguen.fr\/site\/wp-content\/uploads\/2017\/12\/village-trail-en-jalle-telethon-2017-saint-jean-d-illac-course-a-pieds-gironde-4-300x200.jpg 300w, https:\/\/www.huruguen.fr\/site\/wp-content\/uploads\/2017\/12\/village-trail-en-jalle-telethon-2017-saint-jean-d-illac-course-a-pieds-gironde-4-768x512.jpg 768w, https:\/\/www.huruguen.fr\/site\/wp-content\/uploads\/2017\/12\/village-trail-en-jalle-telethon-2017-saint-jean-d-illac-course-a-pieds-gironde-4-1024x682.jpg 1024w\" sizes=\"auto, (max-width: 2000px) 100vw, 2000px\" \/><\/a><\/figure><\/li><li class=\"blocks-gallery-item\"><figure><a href=\"https:\/\/www.huruguen.fr\/site\/wp-content\/uploads\/2017\/12\/village-trail-en-jalle-telethon-2017-saint-jean-d-illac-course-a-pieds-gironde-5.jpg\"><img loading=\"lazy\" decoding=\"async\" width=\"2000\" height=\"1333\" src=\"https:\/\/www.huruguen.fr\/site\/wp-content\/uploads\/2017\/12\/village-trail-en-jalle-telethon-2017-saint-jean-d-illac-course-a-pieds-gironde-5.jpg\" alt=\"village-trail-en-jalle-telethon-2017-saint-jean-d-illac-course-a-pieds-gironde-5\" data-id=\"55748\" class=\"wp-image-55748\" srcset=\"https:\/\/www.huruguen.fr\/site\/wp-content\/uploads\/2017\/12\/village-trail-en-jalle-telethon-2017-saint-jean-d-illac-course-a-pieds-gironde-5.jpg 2000w, https:\/\/www.huruguen.fr\/site\/wp-content\/uploads\/2017\/12\/village-trail-en-jalle-telethon-2017-saint-jean-d-illac-course-a-pieds-gironde-5-300x200.jpg 300w, https:\/\/www.huruguen.fr\/site\/wp-content\/uploads\/2017\/12\/village-trail-en-jalle-telethon-2017-saint-jean-d-illac-course-a-pieds-gironde-5-768x512.jpg 768w, https:\/\/www.huruguen.fr\/site\/wp-content\/uploads\/2017\/12\/village-trail-en-jalle-telethon-2017-saint-jean-d-illac-course-a-pieds-gironde-5-1024x682.jpg 1024w\" sizes=\"auto, (max-width: 2000px) 100vw, 2000px\" \/><\/a><\/figure><\/li><li class=\"blocks-gallery-item\"><figure><a href=\"https:\/\/www.huruguen.fr\/site\/wp-content\/uploads\/2017\/12\/village-trail-en-jalle-telethon-2017-saint-jean-d-illac-course-a-pieds-gironde-6.jpg\"><img loading=\"lazy\" decoding=\"async\" width=\"2000\" height=\"1333\" src=\"https:\/\/www.huruguen.fr\/site\/wp-content\/uploads\/2017\/12\/village-trail-en-jalle-telethon-2017-saint-jean-d-illac-course-a-pieds-gironde-6.jpg\" alt=\"village-trail-en-jalle-telethon-2017-saint-jean-d-illac-course-a-pieds-gironde-6\" data-id=\"55749\" class=\"wp-image-55749\" srcset=\"https:\/\/www.huruguen.fr\/site\/wp-content\/uploads\/2017\/12\/village-trail-en-jalle-telethon-2017-saint-jean-d-illac-course-a-pieds-gironde-6.jpg 2000w, https:\/\/www.huruguen.fr\/site\/wp-content\/uploads\/2017\/12\/village-trail-en-jalle-telethon-2017-saint-jean-d-illac-course-a-pieds-gironde-6-300x200.jpg 300w, https:\/\/www.huruguen.fr\/site\/wp-content\/uploads\/2017\/12\/village-trail-en-jalle-telethon-2017-saint-jean-d-illac-course-a-pieds-gironde-6-768x512.jpg 768w, https:\/\/www.huruguen.fr\/site\/wp-content\/uploads\/2017\/12\/village-trail-en-jalle-telethon-2017-saint-jean-d-illac-course-a-pieds-gironde-6-1024x682.jpg 1024w\" sizes=\"auto, (max-width: 2000px) 100vw, 2000px\" \/><\/a><\/figure><\/li><li class=\"blocks-gallery-item\"><figure><a href=\"https:\/\/www.huruguen.fr\/site\/wp-content\/uploads\/2017\/12\/village-trail-en-jalle-telethon-2017-saint-jean-d-illac-course-a-pieds-gironde-7.jpg\"><img loading=\"lazy\" decoding=\"async\" width=\"2000\" height=\"1333\" src=\"https:\/\/www.huruguen.fr\/site\/wp-content\/uploads\/2017\/12\/village-trail-en-jalle-telethon-2017-saint-jean-d-illac-course-a-pieds-gironde-7.jpg\" alt=\"village-trail-en-jalle-telethon-2017-saint-jean-d-illac-course-a-pieds-gironde-7\" data-id=\"55750\" class=\"wp-image-55750\" srcset=\"https:\/\/www.huruguen.fr\/site\/wp-content\/uploads\/2017\/12\/village-trail-en-jalle-telethon-2017-saint-jean-d-illac-course-a-pieds-gironde-7.jpg 2000w, https:\/\/www.huruguen.fr\/site\/wp-content\/uploads\/2017\/12\/village-trail-en-jalle-telethon-2017-saint-jean-d-illac-course-a-pieds-gironde-7-300x200.jpg 300w, https:\/\/www.huruguen.fr\/site\/wp-content\/uploads\/2017\/12\/village-trail-en-jalle-telethon-2017-saint-jean-d-illac-course-a-pieds-gironde-7-768x512.jpg 768w, https:\/\/www.huruguen.fr\/site\/wp-content\/uploads\/2017\/12\/village-trail-en-jalle-telethon-2017-saint-jean-d-illac-course-a-pieds-gironde-7-1024x682.jpg 1024w\" sizes=\"auto, (max-width: 2000px) 100vw, 2000px\" \/><\/a><\/figure><\/li><li class=\"blocks-gallery-item\"><figure><a href=\"https:\/\/www.huruguen.fr\/site\/wp-content\/uploads\/2017\/12\/village-trail-en-jalle-telethon-2017-saint-jean-d-illac-course-a-pieds-gironde-8.jpg\"><img loading=\"lazy\" decoding=\"async\" width=\"2000\" height=\"1333\" src=\"https:\/\/www.huruguen.fr\/site\/wp-content\/uploads\/2017\/12\/village-trail-en-jalle-telethon-2017-saint-jean-d-illac-course-a-pieds-gironde-8.jpg\" alt=\"village-trail-en-jalle-telethon-2017-saint-jean-d-illac-course-a-pieds-gironde-8\" data-id=\"55751\" class=\"wp-image-55751\" srcset=\"https:\/\/www.huruguen.fr\/site\/wp-content\/uploads\/2017\/12\/village-trail-en-jalle-telethon-2017-saint-jean-d-illac-course-a-pieds-gironde-8.jpg 2000w, https:\/\/www.huruguen.fr\/site\/wp-content\/uploads\/2017\/12\/village-trail-en-jalle-telethon-2017-saint-jean-d-illac-course-a-pieds-gironde-8-300x200.jpg 300w, https:\/\/www.huruguen.fr\/site\/wp-content\/uploads\/2017\/12\/village-trail-en-jalle-telethon-2017-saint-jean-d-illac-course-a-pieds-gironde-8-768x512.jpg 768w, https:\/\/www.huruguen.fr\/site\/wp-content\/uploads\/2017\/12\/village-trail-en-jalle-telethon-2017-saint-jean-d-illac-course-a-pieds-gironde-8-1024x682.jpg 1024w\" sizes=\"auto, (max-width: 2000px) 100vw, 2000px\" \/><\/a><\/figure><\/li><li class=\"blocks-gallery-item\"><figure><a href=\"https:\/\/www.huruguen.fr\/site\/wp-content\/uploads\/2017\/12\/village-trail-en-jalle-telethon-2017-saint-jean-d-illac-course-a-pieds-gironde-9.jpg\"><img loading=\"lazy\" decoding=\"async\" width=\"2000\" height=\"1333\" src=\"https:\/\/www.huruguen.fr\/site\/wp-content\/uploads\/2017\/12\/village-trail-en-jalle-telethon-2017-saint-jean-d-illac-course-a-pieds-gironde-9.jpg\" alt=\"village-trail-en-jalle-telethon-2017-saint-jean-d-illac-course-a-pieds-gironde-9\" data-id=\"55752\" class=\"wp-image-55752\" srcset=\"https:\/\/www.huruguen.fr\/site\/wp-content\/uploads\/2017\/12\/village-trail-en-jalle-telethon-2017-saint-jean-d-illac-course-a-pieds-gironde-9.jpg 2000w, https:\/\/www.huruguen.fr\/site\/wp-content\/uploads\/2017\/12\/village-trail-en-jalle-telethon-2017-saint-jean-d-illac-course-a-pieds-gironde-9-300x200.jpg 300w, https:\/\/www.huruguen.fr\/site\/wp-content\/uploads\/2017\/12\/village-trail-en-jalle-telethon-2017-saint-jean-d-illac-course-a-pieds-gironde-9-768x512.jpg 768w, https:\/\/www.huruguen.fr\/site\/wp-content\/uploads\/2017\/12\/village-trail-en-jalle-telethon-2017-saint-jean-d-illac-course-a-pieds-gironde-9-1024x682.jpg 1024w\" sizes=\"auto, (max-width: 2000px) 100vw, 2000px\" \/><\/a><\/figure><\/li><li class=\"blocks-gallery-item\"><figure><a href=\"https:\/\/www.huruguen.fr\/site\/wp-content\/uploads\/2017\/12\/village-trail-en-jalle-telethon-2017-saint-jean-d-illac-course-a-pieds-gironde-10.jpg\"><img loading=\"lazy\" decoding=\"async\" width=\"2000\" height=\"1333\" src=\"https:\/\/www.huruguen.fr\/site\/wp-content\/uploads\/2017\/12\/village-trail-en-jalle-telethon-2017-saint-jean-d-illac-course-a-pieds-gironde-10.jpg\" alt=\"village-trail-en-jalle-telethon-2017-saint-jean-d-illac-course-a-pieds-gironde-10\" data-id=\"55753\" class=\"wp-image-55753\" srcset=\"https:\/\/www.huruguen.fr\/site\/wp-content\/uploads\/2017\/12\/village-trail-en-jalle-telethon-2017-saint-jean-d-illac-course-a-pieds-gironde-10.jpg 2000w, https:\/\/www.huruguen.fr\/site\/wp-content\/uploads\/2017\/12\/village-trail-en-jalle-telethon-2017-saint-jean-d-illac-course-a-pieds-gironde-10-300x200.jpg 300w, https:\/\/www.huruguen.fr\/site\/wp-content\/uploads\/2017\/12\/village-trail-en-jalle-telethon-2017-saint-jean-d-illac-course-a-pieds-gironde-10-768x512.jpg 768w, https:\/\/www.huruguen.fr\/site\/wp-content\/uploads\/2017\/12\/village-trail-en-jalle-telethon-2017-saint-jean-d-illac-course-a-pieds-gironde-10-1024x682.jpg 1024w\" sizes=\"auto, (max-width: 2000px) 100vw, 2000px\" \/><\/a><\/figure><\/li><li class=\"blocks-gallery-item\"><figure><a href=\"https:\/\/www.huruguen.fr\/site\/wp-content\/uploads\/2017\/12\/village-trail-en-jalle-telethon-2017-saint-jean-d-illac-course-a-pieds-gironde-11.jpg\"><img loading=\"lazy\" decoding=\"async\" width=\"2000\" height=\"1333\" src=\"https:\/\/www.huruguen.fr\/site\/wp-content\/uploads\/2017\/12\/village-trail-en-jalle-telethon-2017-saint-jean-d-illac-course-a-pieds-gironde-11.jpg\" alt=\"village-trail-en-jalle-telethon-2017-saint-jean-d-illac-course-a-pieds-gironde-11\" data-id=\"55754\" class=\"wp-image-55754\" srcset=\"https:\/\/www.huruguen.fr\/site\/wp-content\/uploads\/2017\/12\/village-trail-en-jalle-telethon-2017-saint-jean-d-illac-course-a-pieds-gironde-11.jpg 2000w, https:\/\/www.huruguen.fr\/site\/wp-content\/uploads\/2017\/12\/village-trail-en-jalle-telethon-2017-saint-jean-d-illac-course-a-pieds-gironde-11-300x200.jpg 300w, https:\/\/www.huruguen.fr\/site\/wp-content\/uploads\/2017\/12\/village-trail-en-jalle-telethon-2017-saint-jean-d-illac-course-a-pieds-gironde-11-768x512.jpg 768w, https:\/\/www.huruguen.fr\/site\/wp-content\/uploads\/2017\/12\/village-trail-en-jalle-telethon-2017-saint-jean-d-illac-course-a-pieds-gironde-11-1024x682.jpg 1024w\" sizes=\"auto, (max-width: 2000px) 100vw, 2000px\" \/><\/a><\/figure><\/li><li class=\"blocks-gallery-item\"><figure><a href=\"https:\/\/www.huruguen.fr\/site\/wp-content\/uploads\/2017\/12\/village-trail-en-jalle-telethon-2017-saint-jean-d-illac-course-a-pieds-gironde-12.jpg\"><img loading=\"lazy\" decoding=\"async\" width=\"2000\" height=\"1333\" src=\"https:\/\/www.huruguen.fr\/site\/wp-content\/uploads\/2017\/12\/village-trail-en-jalle-telethon-2017-saint-jean-d-illac-course-a-pieds-gironde-12.jpg\" alt=\"village-trail-en-jalle-telethon-2017-saint-jean-d-illac-course-a-pieds-gironde-12\" data-id=\"55755\" class=\"wp-image-55755\" srcset=\"https:\/\/www.huruguen.fr\/site\/wp-content\/uploads\/2017\/12\/village-trail-en-jalle-telethon-2017-saint-jean-d-illac-course-a-pieds-gironde-12.jpg 2000w, https:\/\/www.huruguen.fr\/site\/wp-content\/uploads\/2017\/12\/village-trail-en-jalle-telethon-2017-saint-jean-d-illac-course-a-pieds-gironde-12-300x200.jpg 300w, https:\/\/www.huruguen.fr\/site\/wp-content\/uploads\/2017\/12\/village-trail-en-jalle-telethon-2017-saint-jean-d-illac-course-a-pieds-gironde-12-768x512.jpg 768w, https:\/\/www.huruguen.fr\/site\/wp-content\/uploads\/2017\/12\/village-trail-en-jalle-telethon-2017-saint-jean-d-illac-course-a-pieds-gironde-12-1024x682.jpg 1024w\" sizes=\"auto, (max-width: 2000px) 100vw, 2000px\" \/><\/a><\/figure><\/li><\/ul><\/figure>\n","protected":false},"excerpt":{"rendered":"<p>Ce dimanche avait lieu la 3\u00e8me \u00e9dition de Trail en Jalle Un trail de 7km et un trail de 17km organis\u00e9 par l&rsquo;amicale des sapeurs pompiers de Saint Jean d&rsquo;Illac. Plus de 400 coureurs sont venus se frotter au parcours &hellip; <a href=\"https:\/\/www.huruguen.fr\/site\/trail-jalle-2017-saint-jean-dillac\/\">Lire la suite<\/a><\/p>\n","protected":false},"author":1,"featured_media":55741,"comment_status":"closed","ping_status":"open","sticky":false,"template":"","format":"standard","meta":{"kt_blocks_editor_width":"","footnotes":""},"categories":[1537],"tags":[2999,2586,2998,2995,3000,2994,2997,832,2711,2706,2707,2996],"class_list":["post-55740","post","type-post","status-publish","format-standard","has-post-thumbnail","hentry","category-reportages","tag-courir","tag-course-a-pieds","tag-courses-gironde","tag-photographe-trail-en-jalle","tag-photos-trail","tag-photos-trail-en-jalle","tag-saint-jean-dillac","tag-sebastien-huruguen","tag-st-jean-dillac","tag-trail","tag-trail-en-jalle","tag-trail-en-jalle-saint-jean-dillac"],"yoast_head":"<!-- This site is optimized with the Yoast SEO plugin v27.3 - https:\/\/yoast.com\/product\/yoast-seo-wordpress\/ -->\n<title>Trail en Jalle 2017 \u2013 Saint Jean d\u2019Illac - Photographe Professionnel \u00e0 Bordeaux &#x1f4f7; Sebastien Huruguen<\/title>\n<meta name=\"description\" content=\"Photos des trails 7km et 17km de la 3\u00e8me \u00e9dition du Trail en Jalle organis\u00e9 par l&#039;amicale des Sapeurs Pompiers de Saint Jean d&#039;Illac.\" \/>\n<meta name=\"robots\" content=\"index, follow, max-snippet:-1, max-image-preview:large, max-video-preview:-1\" \/>\n<link rel=\"canonical\" href=\"https:\/\/www.huruguen.fr\/site\/trail-jalle-2017-saint-jean-dillac\/\" \/>\n<meta property=\"og:locale\" content=\"fr_FR\" \/>\n<meta property=\"og:type\" content=\"article\" \/>\n<meta property=\"og:title\" content=\"Trail en Jalle 2017 \u2013 Saint Jean d\u2019Illac - Photographe Professionnel \u00e0 Bordeaux &#x1f4f7; Sebastien Huruguen\" \/>\n<meta property=\"og:description\" content=\"Photos des trails 7km et 17km de la 3\u00e8me \u00e9dition du Trail en Jalle organis\u00e9 par l&#039;amicale des Sapeurs Pompiers de Saint Jean d&#039;Illac.\" \/>\n<meta property=\"og:url\" content=\"https:\/\/www.huruguen.fr\/site\/trail-jalle-2017-saint-jean-dillac\/\" \/>\n<meta property=\"og:site_name\" content=\"Photographe Professionnel \u00e0 Bordeaux &#x1f4f7; Sebastien Huruguen\" \/>\n<meta property=\"article:publisher\" content=\"https:\/\/www.facebook.com\/huruguen\" \/>\n<meta property=\"article:author\" content=\"https:\/\/www.facebook.com\/huruguen\/\" \/>\n<meta property=\"article:published_time\" content=\"2017-12-01T22:25:12+00:00\" \/>\n<meta property=\"article:modified_time\" content=\"2020-05-03T11:39:21+00:00\" \/>\n<meta property=\"og:image\" content=\"https:\/\/www.huruguen.fr\/site\/wp-content\/uploads\/2017\/12\/trail-en-jalle-2017-saint-jean-d-illac-course-a-pieds-7km-17km-photos-officielles-1.jpg\" \/>\n\t<meta property=\"og:image:width\" content=\"1024\" \/>\n\t<meta property=\"og:image:height\" content=\"561\" \/>\n\t<meta property=\"og:image:type\" content=\"image\/jpeg\" \/>\n<meta name=\"author\" content=\"Sebastien Huruguen\" \/>\n<meta name=\"twitter:card\" content=\"summary_large_image\" \/>\n<meta name=\"twitter:creator\" content=\"@www_huruguen_fr\" \/>\n<meta name=\"twitter:site\" content=\"@www_huruguen_fr\" \/>\n<meta name=\"twitter:label1\" content=\"\u00c9crit par\" \/>\n\t<meta name=\"twitter:data1\" content=\"Sebastien Huruguen\" \/>\n<script type=\"application\/ld+json\" class=\"yoast-schema-graph\">{\"@context\":\"https:\\\/\\\/schema.org\",\"@graph\":[{\"@type\":\"Article\",\"@id\":\"https:\\\/\\\/www.huruguen.fr\\\/site\\\/trail-jalle-2017-saint-jean-dillac\\\/#article\",\"isPartOf\":{\"@id\":\"https:\\\/\\\/www.huruguen.fr\\\/site\\\/trail-jalle-2017-saint-jean-dillac\\\/\"},\"author\":{\"name\":\"Sebastien Huruguen\",\"@id\":\"https:\\\/\\\/www.huruguen.fr\\\/site\\\/#\\\/schema\\\/person\\\/bdce6395a337c00db735bf5fa1268715\"},\"headline\":\"Trail en Jalle 2017 \u2013 Saint Jean d\u2019Illac\",\"datePublished\":\"2017-12-01T22:25:12+00:00\",\"dateModified\":\"2020-05-03T11:39:21+00:00\",\"mainEntityOfPage\":{\"@id\":\"https:\\\/\\\/www.huruguen.fr\\\/site\\\/trail-jalle-2017-saint-jean-dillac\\\/\"},\"wordCount\":86,\"publisher\":{\"@id\":\"https:\\\/\\\/www.huruguen.fr\\\/site\\\/#organization\"},\"image\":{\"@id\":\"https:\\\/\\\/www.huruguen.fr\\\/site\\\/trail-jalle-2017-saint-jean-dillac\\\/#primaryimage\"},\"thumbnailUrl\":\"https:\\\/\\\/www.huruguen.fr\\\/site\\\/wp-content\\\/uploads\\\/2017\\\/12\\\/trail-en-jalle-2017-saint-jean-d-illac-course-a-pieds-7km-17km-photos-officielles-1.jpg\",\"keywords\":[\"courir\",\"course \u00e0 pieds\",\"courses gironde\",\"photographe trail en jalle\",\"photos trail\",\"photos trail en jalle\",\"saint jean d'illac\",\"sebastien huruguen\",\"st jean d'illac\",\"trail\",\"trail en jalle\",\"trail en jalle saint jean d'illac\"],\"articleSection\":[\"Actualit\u00e9s\"],\"inLanguage\":\"fr-FR\"},{\"@type\":\"WebPage\",\"@id\":\"https:\\\/\\\/www.huruguen.fr\\\/site\\\/trail-jalle-2017-saint-jean-dillac\\\/\",\"url\":\"https:\\\/\\\/www.huruguen.fr\\\/site\\\/trail-jalle-2017-saint-jean-dillac\\\/\",\"name\":\"Trail en Jalle 2017 \u2013 Saint Jean d\u2019Illac - Photographe Professionnel \u00e0 Bordeaux &#x1f4f7; Sebastien Huruguen\",\"isPartOf\":{\"@id\":\"https:\\\/\\\/www.huruguen.fr\\\/site\\\/#website\"},\"primaryImageOfPage\":{\"@id\":\"https:\\\/\\\/www.huruguen.fr\\\/site\\\/trail-jalle-2017-saint-jean-dillac\\\/#primaryimage\"},\"image\":{\"@id\":\"https:\\\/\\\/www.huruguen.fr\\\/site\\\/trail-jalle-2017-saint-jean-dillac\\\/#primaryimage\"},\"thumbnailUrl\":\"https:\\\/\\\/www.huruguen.fr\\\/site\\\/wp-content\\\/uploads\\\/2017\\\/12\\\/trail-en-jalle-2017-saint-jean-d-illac-course-a-pieds-7km-17km-photos-officielles-1.jpg\",\"datePublished\":\"2017-12-01T22:25:12+00:00\",\"dateModified\":\"2020-05-03T11:39:21+00:00\",\"description\":\"Photos des trails 7km et 17km de la 3\u00e8me \u00e9dition du Trail en Jalle organis\u00e9 par l'amicale des Sapeurs Pompiers de Saint Jean d'Illac.\",\"breadcrumb\":{\"@id\":\"https:\\\/\\\/www.huruguen.fr\\\/site\\\/trail-jalle-2017-saint-jean-dillac\\\/#breadcrumb\"},\"inLanguage\":\"fr-FR\",\"potentialAction\":[{\"@type\":\"ReadAction\",\"target\":[\"https:\\\/\\\/www.huruguen.fr\\\/site\\\/trail-jalle-2017-saint-jean-dillac\\\/\"]}]},{\"@type\":\"ImageObject\",\"inLanguage\":\"fr-FR\",\"@id\":\"https:\\\/\\\/www.huruguen.fr\\\/site\\\/trail-jalle-2017-saint-jean-dillac\\\/#primaryimage\",\"url\":\"https:\\\/\\\/www.huruguen.fr\\\/site\\\/wp-content\\\/uploads\\\/2017\\\/12\\\/trail-en-jalle-2017-saint-jean-d-illac-course-a-pieds-7km-17km-photos-officielles-1.jpg\",\"contentUrl\":\"https:\\\/\\\/www.huruguen.fr\\\/site\\\/wp-content\\\/uploads\\\/2017\\\/12\\\/trail-en-jalle-2017-saint-jean-d-illac-course-a-pieds-7km-17km-photos-officielles-1.jpg\",\"width\":1024,\"height\":561,\"caption\":\"trail-en-jalle-2017-saint-jean-d-illac-course-a-pieds-7km-17km-photos-officielles (1)\"},{\"@type\":\"BreadcrumbList\",\"@id\":\"https:\\\/\\\/www.huruguen.fr\\\/site\\\/trail-jalle-2017-saint-jean-dillac\\\/#breadcrumb\",\"itemListElement\":[{\"@type\":\"ListItem\",\"position\":1,\"name\":\"Accueil\",\"item\":\"https:\\\/\\\/www.huruguen.fr\\\/site\\\/\"},{\"@type\":\"ListItem\",\"position\":2,\"name\":\"Trail en Jalle 2017 \u2013 Saint Jean d\u2019Illac\"}]},{\"@type\":\"WebSite\",\"@id\":\"https:\\\/\\\/www.huruguen.fr\\\/site\\\/#website\",\"url\":\"https:\\\/\\\/www.huruguen.fr\\\/site\\\/\",\"name\":\"Photographe Professionnel \u00e0 Bordeaux Sebastien Huruguen\",\"description\":\"Photographe professionnel ind\u00e9pendant a Bordeaux. Prestations et services photograpphiques pour les professionnels et particuliers : reportages, s\u00e9ances photos, studio, packshot.\",\"publisher\":{\"@id\":\"https:\\\/\\\/www.huruguen.fr\\\/site\\\/#organization\"},\"potentialAction\":[{\"@type\":\"SearchAction\",\"target\":{\"@type\":\"EntryPoint\",\"urlTemplate\":\"https:\\\/\\\/www.huruguen.fr\\\/site\\\/?s={search_term_string}\"},\"query-input\":{\"@type\":\"PropertyValueSpecification\",\"valueRequired\":true,\"valueName\":\"search_term_string\"}}],\"inLanguage\":\"fr-FR\"},{\"@type\":\"Organization\",\"@id\":\"https:\\\/\\\/www.huruguen.fr\\\/site\\\/#organization\",\"name\":\"S\u00e9bastien Huruguen Photographe\",\"url\":\"https:\\\/\\\/www.huruguen.fr\\\/site\\\/\",\"logo\":{\"@type\":\"ImageObject\",\"inLanguage\":\"fr-FR\",\"@id\":\"https:\\\/\\\/www.huruguen.fr\\\/site\\\/#\\\/schema\\\/logo\\\/image\\\/\",\"url\":\"https:\\\/\\\/www.huruguen.fr\\\/site\\\/wp-content\\\/uploads\\\/2018\\\/03\\\/Logo-Huruguen-triptique-2018-noir-1500.jpg\",\"contentUrl\":\"https:\\\/\\\/www.huruguen.fr\\\/site\\\/wp-content\\\/uploads\\\/2018\\\/03\\\/Logo-Huruguen-triptique-2018-noir-1500.jpg\",\"width\":1500,\"height\":1500,\"caption\":\"S\u00e9bastien Huruguen Photographe\"},\"image\":{\"@id\":\"https:\\\/\\\/www.huruguen.fr\\\/site\\\/#\\\/schema\\\/logo\\\/image\\\/\"},\"sameAs\":[\"https:\\\/\\\/www.facebook.com\\\/huruguen\",\"https:\\\/\\\/x.com\\\/www_huruguen_fr\",\"https:\\\/\\\/www.instagram.com\\\/sebastien.huruguen\\\/\"]},{\"@type\":\"Person\",\"@id\":\"https:\\\/\\\/www.huruguen.fr\\\/site\\\/#\\\/schema\\\/person\\\/bdce6395a337c00db735bf5fa1268715\",\"name\":\"Sebastien Huruguen\",\"description\":\"S\u00e9bastien Huruguen est photographe professionnel \u00e0 Bordeaux.\",\"sameAs\":[\"https:\\\/\\\/www.huruguen.fr\",\"https:\\\/\\\/www.facebook.com\\\/huruguen\\\/\",\"https:\\\/\\\/www.instagram.com\\\/sebastien.huruguen\\\/\",\"https:\\\/\\\/www.linkedin.com\\\/in\\\/sbastien-huruguen-95452342\\\/\",\"https:\\\/\\\/www.pinterest.fr\\\/shuruguen\\\/\",\"https:\\\/\\\/x.com\\\/www_huruguen_fr\",\"https:\\\/\\\/www.youtube.com\\\/channel\\\/UChEt96Suus_jyoBce80fNOA?nohtml5=False\"]}]}<\/script>\n<!-- \/ Yoast SEO plugin. -->","yoast_head_json":{"title":"Trail en Jalle 2017 \u2013 Saint Jean d\u2019Illac - Photographe Professionnel \u00e0 Bordeaux &#x1f4f7; Sebastien Huruguen","description":"Photos des trails 7km et 17km de la 3\u00e8me \u00e9dition du Trail en Jalle organis\u00e9 par l'amicale des Sapeurs Pompiers de Saint Jean d'Illac.","robots":{"index":"index","follow":"follow","max-snippet":"max-snippet:-1","max-image-preview":"max-image-preview:large","max-video-preview":"max-video-preview:-1"},"canonical":"https:\/\/www.huruguen.fr\/site\/trail-jalle-2017-saint-jean-dillac\/","og_locale":"fr_FR","og_type":"article","og_title":"Trail en Jalle 2017 \u2013 Saint Jean d\u2019Illac - Photographe Professionnel \u00e0 Bordeaux &#x1f4f7; Sebastien Huruguen","og_description":"Photos des trails 7km et 17km de la 3\u00e8me \u00e9dition du Trail en Jalle organis\u00e9 par l'amicale des Sapeurs Pompiers de Saint Jean d'Illac.","og_url":"https:\/\/www.huruguen.fr\/site\/trail-jalle-2017-saint-jean-dillac\/","og_site_name":"Photographe Professionnel \u00e0 Bordeaux &#x1f4f7; Sebastien Huruguen","article_publisher":"https:\/\/www.facebook.com\/huruguen","article_author":"https:\/\/www.facebook.com\/huruguen\/","article_published_time":"2017-12-01T22:25:12+00:00","article_modified_time":"2020-05-03T11:39:21+00:00","og_image":[{"width":1024,"height":561,"url":"https:\/\/www.huruguen.fr\/site\/wp-content\/uploads\/2017\/12\/trail-en-jalle-2017-saint-jean-d-illac-course-a-pieds-7km-17km-photos-officielles-1.jpg","type":"image\/jpeg"}],"author":"Sebastien Huruguen","twitter_card":"summary_large_image","twitter_creator":"@www_huruguen_fr","twitter_site":"@www_huruguen_fr","twitter_misc":{"\u00c9crit par":"Sebastien Huruguen"},"schema":{"@context":"https:\/\/schema.org","@graph":[{"@type":"Article","@id":"https:\/\/www.huruguen.fr\/site\/trail-jalle-2017-saint-jean-dillac\/#article","isPartOf":{"@id":"https:\/\/www.huruguen.fr\/site\/trail-jalle-2017-saint-jean-dillac\/"},"author":{"name":"Sebastien Huruguen","@id":"https:\/\/www.huruguen.fr\/site\/#\/schema\/person\/bdce6395a337c00db735bf5fa1268715"},"headline":"Trail en Jalle 2017 \u2013 Saint Jean d\u2019Illac","datePublished":"2017-12-01T22:25:12+00:00","dateModified":"2020-05-03T11:39:21+00:00","mainEntityOfPage":{"@id":"https:\/\/www.huruguen.fr\/site\/trail-jalle-2017-saint-jean-dillac\/"},"wordCount":86,"publisher":{"@id":"https:\/\/www.huruguen.fr\/site\/#organization"},"image":{"@id":"https:\/\/www.huruguen.fr\/site\/trail-jalle-2017-saint-jean-dillac\/#primaryimage"},"thumbnailUrl":"https:\/\/www.huruguen.fr\/site\/wp-content\/uploads\/2017\/12\/trail-en-jalle-2017-saint-jean-d-illac-course-a-pieds-7km-17km-photos-officielles-1.jpg","keywords":["courir","course \u00e0 pieds","courses gironde","photographe trail en jalle","photos trail","photos trail en jalle","saint jean d'illac","sebastien huruguen","st jean d'illac","trail","trail en jalle","trail en jalle saint jean d'illac"],"articleSection":["Actualit\u00e9s"],"inLanguage":"fr-FR"},{"@type":"WebPage","@id":"https:\/\/www.huruguen.fr\/site\/trail-jalle-2017-saint-jean-dillac\/","url":"https:\/\/www.huruguen.fr\/site\/trail-jalle-2017-saint-jean-dillac\/","name":"Trail en Jalle 2017 \u2013 Saint Jean d\u2019Illac - Photographe Professionnel \u00e0 Bordeaux &#x1f4f7; Sebastien Huruguen","isPartOf":{"@id":"https:\/\/www.huruguen.fr\/site\/#website"},"primaryImageOfPage":{"@id":"https:\/\/www.huruguen.fr\/site\/trail-jalle-2017-saint-jean-dillac\/#primaryimage"},"image":{"@id":"https:\/\/www.huruguen.fr\/site\/trail-jalle-2017-saint-jean-dillac\/#primaryimage"},"thumbnailUrl":"https:\/\/www.huruguen.fr\/site\/wp-content\/uploads\/2017\/12\/trail-en-jalle-2017-saint-jean-d-illac-course-a-pieds-7km-17km-photos-officielles-1.jpg","datePublished":"2017-12-01T22:25:12+00:00","dateModified":"2020-05-03T11:39:21+00:00","description":"Photos des trails 7km et 17km de la 3\u00e8me \u00e9dition du Trail en Jalle organis\u00e9 par l'amicale des Sapeurs Pompiers de Saint Jean d'Illac.","breadcrumb":{"@id":"https:\/\/www.huruguen.fr\/site\/trail-jalle-2017-saint-jean-dillac\/#breadcrumb"},"inLanguage":"fr-FR","potentialAction":[{"@type":"ReadAction","target":["https:\/\/www.huruguen.fr\/site\/trail-jalle-2017-saint-jean-dillac\/"]}]},{"@type":"ImageObject","inLanguage":"fr-FR","@id":"https:\/\/www.huruguen.fr\/site\/trail-jalle-2017-saint-jean-dillac\/#primaryimage","url":"https:\/\/www.huruguen.fr\/site\/wp-content\/uploads\/2017\/12\/trail-en-jalle-2017-saint-jean-d-illac-course-a-pieds-7km-17km-photos-officielles-1.jpg","contentUrl":"https:\/\/www.huruguen.fr\/site\/wp-content\/uploads\/2017\/12\/trail-en-jalle-2017-saint-jean-d-illac-course-a-pieds-7km-17km-photos-officielles-1.jpg","width":1024,"height":561,"caption":"trail-en-jalle-2017-saint-jean-d-illac-course-a-pieds-7km-17km-photos-officielles (1)"},{"@type":"BreadcrumbList","@id":"https:\/\/www.huruguen.fr\/site\/trail-jalle-2017-saint-jean-dillac\/#breadcrumb","itemListElement":[{"@type":"ListItem","position":1,"name":"Accueil","item":"https:\/\/www.huruguen.fr\/site\/"},{"@type":"ListItem","position":2,"name":"Trail en Jalle 2017 \u2013 Saint Jean d\u2019Illac"}]},{"@type":"WebSite","@id":"https:\/\/www.huruguen.fr\/site\/#website","url":"https:\/\/www.huruguen.fr\/site\/","name":"Photographe Professionnel \u00e0 Bordeaux Sebastien Huruguen","description":"Photographe professionnel ind\u00e9pendant a Bordeaux. Prestations et services photograpphiques pour les professionnels et particuliers : reportages, s\u00e9ances photos, studio, packshot.","publisher":{"@id":"https:\/\/www.huruguen.fr\/site\/#organization"},"potentialAction":[{"@type":"SearchAction","target":{"@type":"EntryPoint","urlTemplate":"https:\/\/www.huruguen.fr\/site\/?s={search_term_string}"},"query-input":{"@type":"PropertyValueSpecification","valueRequired":true,"valueName":"search_term_string"}}],"inLanguage":"fr-FR"},{"@type":"Organization","@id":"https:\/\/www.huruguen.fr\/site\/#organization","name":"S\u00e9bastien Huruguen Photographe","url":"https:\/\/www.huruguen.fr\/site\/","logo":{"@type":"ImageObject","inLanguage":"fr-FR","@id":"https:\/\/www.huruguen.fr\/site\/#\/schema\/logo\/image\/","url":"https:\/\/www.huruguen.fr\/site\/wp-content\/uploads\/2018\/03\/Logo-Huruguen-triptique-2018-noir-1500.jpg","contentUrl":"https:\/\/www.huruguen.fr\/site\/wp-content\/uploads\/2018\/03\/Logo-Huruguen-triptique-2018-noir-1500.jpg","width":1500,"height":1500,"caption":"S\u00e9bastien Huruguen Photographe"},"image":{"@id":"https:\/\/www.huruguen.fr\/site\/#\/schema\/logo\/image\/"},"sameAs":["https:\/\/www.facebook.com\/huruguen","https:\/\/x.com\/www_huruguen_fr","https:\/\/www.instagram.com\/sebastien.huruguen\/"]},{"@type":"Person","@id":"https:\/\/www.huruguen.fr\/site\/#\/schema\/person\/bdce6395a337c00db735bf5fa1268715","name":"Sebastien Huruguen","description":"S\u00e9bastien Huruguen est photographe professionnel \u00e0 Bordeaux.","sameAs":["https:\/\/www.huruguen.fr","https:\/\/www.facebook.com\/huruguen\/","https:\/\/www.instagram.com\/sebastien.huruguen\/","https:\/\/www.linkedin.com\/in\/sbastien-huruguen-95452342\/","https:\/\/www.pinterest.fr\/shuruguen\/","https:\/\/x.com\/www_huruguen_fr","https:\/\/www.youtube.com\/channel\/UChEt96Suus_jyoBce80fNOA?nohtml5=False"]}]}},"_links":{"self":[{"href":"https:\/\/www.huruguen.fr\/site\/wp-json\/wp\/v2\/posts\/55740","targetHints":{"allow":["GET"]}}],"collection":[{"href":"https:\/\/www.huruguen.fr\/site\/wp-json\/wp\/v2\/posts"}],"about":[{"href":"https:\/\/www.huruguen.fr\/site\/wp-json\/wp\/v2\/types\/post"}],"author":[{"embeddable":true,"href":"https:\/\/www.huruguen.fr\/site\/wp-json\/wp\/v2\/users\/1"}],"replies":[{"embeddable":true,"href":"https:\/\/www.huruguen.fr\/site\/wp-json\/wp\/v2\/comments?post=55740"}],"version-history":[{"count":11,"href":"https:\/\/www.huruguen.fr\/site\/wp-json\/wp\/v2\/posts\/55740\/revisions"}],"predecessor-version":[{"id":60907,"href":"https:\/\/www.huruguen.fr\/site\/wp-json\/wp\/v2\/posts\/55740\/revisions\/60907"}],"wp:featuredmedia":[{"embeddable":true,"href":"https:\/\/www.huruguen.fr\/site\/wp-json\/wp\/v2\/media\/55741"}],"wp:attachment":[{"href":"https:\/\/www.huruguen.fr\/site\/wp-json\/wp\/v2\/media?parent=55740"}],"wp:term":[{"taxonomy":"category","embeddable":true,"href":"https:\/\/www.huruguen.fr\/site\/wp-json\/wp\/v2\/categories?post=55740"},{"taxonomy":"post_tag","embeddable":true,"href":"https:\/\/www.huruguen.fr\/site\/wp-json\/wp\/v2\/tags?post=55740"}],"curies":[{"name":"wp","href":"https:\/\/api.w.org\/{rel}","templated":true}]}}