{"id":55313,"date":"2017-06-16T19:46:57","date_gmt":"2017-06-16T18:46:57","guid":{"rendered":"http:\/\/www.huruguen.fr\/site\/?p=55313"},"modified":"2018-03-31T00:02:05","modified_gmt":"2018-03-30T23:02:05","slug":"seance-photo-evjf-entre-copines-cap-ferret","status":"publish","type":"post","link":"https:\/\/www.huruguen.fr\/site\/seance-photo-evjf-entre-copines-cap-ferret\/","title":{"rendered":"S\u00e9ance photo EVJF entre copines au Cap-Ferret"},"content":{"rendered":"<p><a href=\"https:\/\/www.huruguen.fr\/site\/wp-content\/uploads\/2017\/06\/photographe-EVJF-seance-photo-gironde-cap-ferret-arcachon-pilat-bordeaux-copines-sebastien-huruguen-plage-1.jpg\"><img loading=\"lazy\" decoding=\"async\" class=\"alignnone wp-image-55321 size-full\" src=\"https:\/\/www.huruguen.fr\/site\/wp-content\/uploads\/2017\/06\/photographe-EVJF-seance-photo-gironde-cap-ferret-arcachon-pilat-bordeaux-copines-sebastien-huruguen-plage-1.jpg\" alt=\"\" width=\"1500\" height=\"1000\" data-id=\"55321\" srcset=\"https:\/\/www.huruguen.fr\/site\/wp-content\/uploads\/2017\/06\/photographe-EVJF-seance-photo-gironde-cap-ferret-arcachon-pilat-bordeaux-copines-sebastien-huruguen-plage-1.jpg 1500w, https:\/\/www.huruguen.fr\/site\/wp-content\/uploads\/2017\/06\/photographe-EVJF-seance-photo-gironde-cap-ferret-arcachon-pilat-bordeaux-copines-sebastien-huruguen-plage-1-300x200.jpg 300w, https:\/\/www.huruguen.fr\/site\/wp-content\/uploads\/2017\/06\/photographe-EVJF-seance-photo-gironde-cap-ferret-arcachon-pilat-bordeaux-copines-sebastien-huruguen-plage-1-768x512.jpg 768w, https:\/\/www.huruguen.fr\/site\/wp-content\/uploads\/2017\/06\/photographe-EVJF-seance-photo-gironde-cap-ferret-arcachon-pilat-bordeaux-copines-sebastien-huruguen-plage-1-1024x683.jpg 1024w\" sizes=\"auto, (max-width: 1500px) 100vw, 1500px\" \/><\/a><\/p>\n<p>&nbsp;<\/p>\n<h2>Photographe EVJF au Cap-Ferret en Gironde<\/h2>\n<p>&nbsp;<\/p>\n<p>C&rsquo;est au bord du bassin d&rsquo;Arcachon, au sud-ouest de Bordeaux en Gironde, par une belle fin d&rsquo;apr\u00e8s midi ensoleill\u00e9e que j&rsquo;ai retrouv\u00e9 le petit groupe d&rsquo;amies.&nbsp;<\/p>\n<p>La lumi\u00e8re \u00e9tait superbe en cette de journ\u00e9e au Cap-Ferret \u00e0 proximit\u00e9 de la jet\u00e9e de B\u00e9lisaire.<\/p>\n<p>Les amies de Delphine lui avait r\u00e9serv\u00e9 de nombreuses surprises lors de son weekend d&rsquo;enterrement de vie de jeune fille au Cap-Ferret, et notamment cette belle s\u00e9ance photo au bord de l&rsquo;eau avec moi, S\u00e9bastien Huruguen Photographe !<\/p>\n<p>Une jolie couronne de fleurs pour la future mari\u00e9e, des copines, des couleurs, des sourires et des rires, les ingr\u00e9dients essentiels pour une s\u00e9ance photo EVJF r\u00e9ussie !&nbsp;<\/p>\n<p>&nbsp;<\/p>\n<div id=\"kad-wp-gallery12\" class=\"kad-wp-gallery kad-light-wp-gallery clearfix kt-gallery-column-3 rowtight\"><div class=\"tcol-lg-4 tcol-md-4 tcol-sm-4 tcol-xs-6 tcol-ss-12 g_item\"><div class=\"grid_item kad_gallery_fade_in gallery_item\"><a href=\"https:\/\/www.huruguen.fr\/site\/wp-content\/uploads\/2016\/02\/photographe-EVJF-seance-photo-gironde-cap-ferret-arcachon-pilat-bordeaux-copines-sebastien-huruguen-3.jpg\" data-rel=\"lightbox\" class=\"lightboxhover\"><img loading=\"lazy\" decoding=\"async\" src=\"https:\/\/www.huruguen.fr\/site\/wp-content\/uploads\/2016\/02\/photographe-EVJF-seance-photo-gironde-cap-ferret-arcachon-pilat-bordeaux-copines-sebastien-huruguen-3-400x400.jpg\" width=\"400\" height=\"400\" alt=\"photographe-EVJF-seance-photo-gironde-cap-ferret-arcachon-pilat-bordeaux-copines-sebastien-huruguen-3\" srcset=\"https:\/\/www.huruguen.fr\/site\/wp-content\/uploads\/2016\/02\/photographe-EVJF-seance-photo-gironde-cap-ferret-arcachon-pilat-bordeaux-copines-sebastien-huruguen-3-400x400.jpg 400w, https:\/\/www.huruguen.fr\/site\/wp-content\/uploads\/2016\/02\/photographe-EVJF-seance-photo-gironde-cap-ferret-arcachon-pilat-bordeaux-copines-sebastien-huruguen-3-150x150.jpg 150w, https:\/\/www.huruguen.fr\/site\/wp-content\/uploads\/2016\/02\/photographe-EVJF-seance-photo-gironde-cap-ferret-arcachon-pilat-bordeaux-copines-sebastien-huruguen-3-60x60.jpg 60w, https:\/\/www.huruguen.fr\/site\/wp-content\/uploads\/2016\/02\/photographe-EVJF-seance-photo-gironde-cap-ferret-arcachon-pilat-bordeaux-copines-sebastien-huruguen-3-800x800.jpg 800w\" sizes=\"auto, (max-width: 400px) 100vw, 400px\" class=\"light-dropshaddow\"\/><\/a><\/div><\/div><div class=\"tcol-lg-4 tcol-md-4 tcol-sm-4 tcol-xs-6 tcol-ss-12 g_item\"><div class=\"grid_item kad_gallery_fade_in gallery_item\"><a href=\"https:\/\/www.huruguen.fr\/site\/wp-content\/uploads\/2017\/06\/photographe-EVJF-seance-photo-gironde-cap-ferret-arcachon-pilat-bordeaux-copines-sebastien-huruguen-10.jpg\" data-rel=\"lightbox\" class=\"lightboxhover\"><img loading=\"lazy\" decoding=\"async\" src=\"https:\/\/www.huruguen.fr\/site\/wp-content\/uploads\/2017\/06\/photographe-EVJF-seance-photo-gironde-cap-ferret-arcachon-pilat-bordeaux-copines-sebastien-huruguen-10-400x400.jpg\" width=\"400\" height=\"400\" alt=\"photographe-EVJF-seance-photo-gironde-cap-ferret-arcachon-pilat-bordeaux-copines-sebastien-huruguen-10\" srcset=\"https:\/\/www.huruguen.fr\/site\/wp-content\/uploads\/2017\/06\/photographe-EVJF-seance-photo-gironde-cap-ferret-arcachon-pilat-bordeaux-copines-sebastien-huruguen-10-400x400.jpg 400w, https:\/\/www.huruguen.fr\/site\/wp-content\/uploads\/2017\/06\/photographe-EVJF-seance-photo-gironde-cap-ferret-arcachon-pilat-bordeaux-copines-sebastien-huruguen-10-150x150.jpg 150w, https:\/\/www.huruguen.fr\/site\/wp-content\/uploads\/2017\/06\/photographe-EVJF-seance-photo-gironde-cap-ferret-arcachon-pilat-bordeaux-copines-sebastien-huruguen-10-60x60.jpg 60w, https:\/\/www.huruguen.fr\/site\/wp-content\/uploads\/2017\/06\/photographe-EVJF-seance-photo-gironde-cap-ferret-arcachon-pilat-bordeaux-copines-sebastien-huruguen-10-800x800.jpg 800w\" sizes=\"auto, (max-width: 400px) 100vw, 400px\" class=\"light-dropshaddow\"\/><\/a><\/div><\/div><div class=\"tcol-lg-4 tcol-md-4 tcol-sm-4 tcol-xs-6 tcol-ss-12 g_item\"><div class=\"grid_item kad_gallery_fade_in gallery_item\"><a href=\"https:\/\/www.huruguen.fr\/site\/wp-content\/uploads\/2016\/02\/photographe-EVJF-seance-photo-gironde-cap-ferret-arcachon-pilat-bordeaux-copines-sebastien-huruguen-8.jpg\" data-rel=\"lightbox\" class=\"lightboxhover\"><img loading=\"lazy\" decoding=\"async\" src=\"https:\/\/www.huruguen.fr\/site\/wp-content\/uploads\/2016\/02\/photographe-EVJF-seance-photo-gironde-cap-ferret-arcachon-pilat-bordeaux-copines-sebastien-huruguen-8-400x400.jpg\" width=\"400\" height=\"400\" alt=\"photographe-EVJF-seance-photo-gironde-cap-ferret-arcachon-pilat-bordeaux-copines-sebastien-huruguen-8\" srcset=\"https:\/\/www.huruguen.fr\/site\/wp-content\/uploads\/2016\/02\/photographe-EVJF-seance-photo-gironde-cap-ferret-arcachon-pilat-bordeaux-copines-sebastien-huruguen-8-400x400.jpg 400w, https:\/\/www.huruguen.fr\/site\/wp-content\/uploads\/2016\/02\/photographe-EVJF-seance-photo-gironde-cap-ferret-arcachon-pilat-bordeaux-copines-sebastien-huruguen-8-150x150.jpg 150w, https:\/\/www.huruguen.fr\/site\/wp-content\/uploads\/2016\/02\/photographe-EVJF-seance-photo-gironde-cap-ferret-arcachon-pilat-bordeaux-copines-sebastien-huruguen-8-60x60.jpg 60w, https:\/\/www.huruguen.fr\/site\/wp-content\/uploads\/2016\/02\/photographe-EVJF-seance-photo-gironde-cap-ferret-arcachon-pilat-bordeaux-copines-sebastien-huruguen-8-800x800.jpg 800w\" sizes=\"auto, (max-width: 400px) 100vw, 400px\" class=\"light-dropshaddow\"\/><\/a><\/div><\/div><div class=\"tcol-lg-4 tcol-md-4 tcol-sm-4 tcol-xs-6 tcol-ss-12 g_item\"><div class=\"grid_item kad_gallery_fade_in gallery_item\"><a href=\"https:\/\/www.huruguen.fr\/site\/wp-content\/uploads\/2017\/06\/photographe-EVJF-seance-photo-gironde-cap-ferret-arcachon-pilat-bordeaux-copines-sebastien-huruguen-2.jpg\" data-rel=\"lightbox\" class=\"lightboxhover\"><img loading=\"lazy\" decoding=\"async\" src=\"https:\/\/www.huruguen.fr\/site\/wp-content\/uploads\/2017\/06\/photographe-EVJF-seance-photo-gironde-cap-ferret-arcachon-pilat-bordeaux-copines-sebastien-huruguen-2-400x400.jpg\" width=\"400\" height=\"400\" alt=\"photographe-EVJF-seance-photo-gironde-cap-ferret-arcachon-pilat-bordeaux-copines-sebastien-huruguen-2\" srcset=\"https:\/\/www.huruguen.fr\/site\/wp-content\/uploads\/2017\/06\/photographe-EVJF-seance-photo-gironde-cap-ferret-arcachon-pilat-bordeaux-copines-sebastien-huruguen-2-400x400.jpg 400w, https:\/\/www.huruguen.fr\/site\/wp-content\/uploads\/2017\/06\/photographe-EVJF-seance-photo-gironde-cap-ferret-arcachon-pilat-bordeaux-copines-sebastien-huruguen-2-150x150.jpg 150w, https:\/\/www.huruguen.fr\/site\/wp-content\/uploads\/2017\/06\/photographe-EVJF-seance-photo-gironde-cap-ferret-arcachon-pilat-bordeaux-copines-sebastien-huruguen-2-60x60.jpg 60w, https:\/\/www.huruguen.fr\/site\/wp-content\/uploads\/2017\/06\/photographe-EVJF-seance-photo-gironde-cap-ferret-arcachon-pilat-bordeaux-copines-sebastien-huruguen-2-800x800.jpg 800w\" sizes=\"auto, (max-width: 400px) 100vw, 400px\" class=\"light-dropshaddow\"\/><\/a><\/div><\/div><div class=\"tcol-lg-4 tcol-md-4 tcol-sm-4 tcol-xs-6 tcol-ss-12 g_item\"><div class=\"grid_item kad_gallery_fade_in gallery_item\"><a href=\"https:\/\/www.huruguen.fr\/site\/wp-content\/uploads\/2016\/02\/photographe-EVJF-seance-photo-gironde-cap-ferret-arcachon-pilat-bordeaux-copines-sebastien-huruguen-11.jpg\" data-rel=\"lightbox\" class=\"lightboxhover\"><img loading=\"lazy\" decoding=\"async\" src=\"https:\/\/www.huruguen.fr\/site\/wp-content\/uploads\/2016\/02\/photographe-EVJF-seance-photo-gironde-cap-ferret-arcachon-pilat-bordeaux-copines-sebastien-huruguen-11-400x400.jpg\" width=\"400\" height=\"400\" alt=\"photographe-EVJF-seance-photo-gironde-cap-ferret-arcachon-pilat-bordeaux-copines-sebastien-huruguen-11\" srcset=\"https:\/\/www.huruguen.fr\/site\/wp-content\/uploads\/2016\/02\/photographe-EVJF-seance-photo-gironde-cap-ferret-arcachon-pilat-bordeaux-copines-sebastien-huruguen-11-400x400.jpg 400w, https:\/\/www.huruguen.fr\/site\/wp-content\/uploads\/2016\/02\/photographe-EVJF-seance-photo-gironde-cap-ferret-arcachon-pilat-bordeaux-copines-sebastien-huruguen-11-150x150.jpg 150w, https:\/\/www.huruguen.fr\/site\/wp-content\/uploads\/2016\/02\/photographe-EVJF-seance-photo-gironde-cap-ferret-arcachon-pilat-bordeaux-copines-sebastien-huruguen-11-60x60.jpg 60w, https:\/\/www.huruguen.fr\/site\/wp-content\/uploads\/2016\/02\/photographe-EVJF-seance-photo-gironde-cap-ferret-arcachon-pilat-bordeaux-copines-sebastien-huruguen-11-800x800.jpg 800w\" sizes=\"auto, (max-width: 400px) 100vw, 400px\" class=\"light-dropshaddow\"\/><\/a><\/div><\/div><div class=\"tcol-lg-4 tcol-md-4 tcol-sm-4 tcol-xs-6 tcol-ss-12 g_item\"><div class=\"grid_item kad_gallery_fade_in gallery_item\"><a href=\"https:\/\/www.huruguen.fr\/site\/wp-content\/uploads\/2016\/02\/photographe-EVJF-seance-photo-gironde-cap-ferret-arcachon-pilat-bordeaux-copines-sebastien-huruguen-1.jpg\" data-rel=\"lightbox\" class=\"lightboxhover\"><img loading=\"lazy\" decoding=\"async\" src=\"https:\/\/www.huruguen.fr\/site\/wp-content\/uploads\/2016\/02\/photographe-EVJF-seance-photo-gironde-cap-ferret-arcachon-pilat-bordeaux-copines-sebastien-huruguen-1-400x400.jpg\" width=\"400\" height=\"400\" alt=\"photographe-EVJF-seance-photo-gironde-cap-ferret-arcachon-pilat-bordeaux-copines-sebastien-huruguen-1\" srcset=\"https:\/\/www.huruguen.fr\/site\/wp-content\/uploads\/2016\/02\/photographe-EVJF-seance-photo-gironde-cap-ferret-arcachon-pilat-bordeaux-copines-sebastien-huruguen-1-400x400.jpg 400w, https:\/\/www.huruguen.fr\/site\/wp-content\/uploads\/2016\/02\/photographe-EVJF-seance-photo-gironde-cap-ferret-arcachon-pilat-bordeaux-copines-sebastien-huruguen-1-150x150.jpg 150w, https:\/\/www.huruguen.fr\/site\/wp-content\/uploads\/2016\/02\/photographe-EVJF-seance-photo-gironde-cap-ferret-arcachon-pilat-bordeaux-copines-sebastien-huruguen-1-60x60.jpg 60w, https:\/\/www.huruguen.fr\/site\/wp-content\/uploads\/2016\/02\/photographe-EVJF-seance-photo-gironde-cap-ferret-arcachon-pilat-bordeaux-copines-sebastien-huruguen-1-800x800.jpg 800w\" sizes=\"auto, (max-width: 400px) 100vw, 400px\" class=\"light-dropshaddow\"\/><\/a><\/div><\/div><div class=\"tcol-lg-4 tcol-md-4 tcol-sm-4 tcol-xs-6 tcol-ss-12 g_item\"><div class=\"grid_item kad_gallery_fade_in gallery_item\"><a href=\"https:\/\/www.huruguen.fr\/site\/wp-content\/uploads\/2017\/06\/photographe-EVJF-seance-photo-gironde-cap-ferret-arcachon-pilat-bordeaux-copines-sebastien-huruguen-5.jpg\" data-rel=\"lightbox\" class=\"lightboxhover\"><img loading=\"lazy\" decoding=\"async\" src=\"https:\/\/www.huruguen.fr\/site\/wp-content\/uploads\/2017\/06\/photographe-EVJF-seance-photo-gironde-cap-ferret-arcachon-pilat-bordeaux-copines-sebastien-huruguen-5-400x400.jpg\" width=\"400\" height=\"400\" alt=\"photographe-EVJF-seance-photo-gironde-cap-ferret-arcachon-pilat-bordeaux-copines-sebastien-huruguen-5\" srcset=\"https:\/\/www.huruguen.fr\/site\/wp-content\/uploads\/2017\/06\/photographe-EVJF-seance-photo-gironde-cap-ferret-arcachon-pilat-bordeaux-copines-sebastien-huruguen-5-400x400.jpg 400w, https:\/\/www.huruguen.fr\/site\/wp-content\/uploads\/2017\/06\/photographe-EVJF-seance-photo-gironde-cap-ferret-arcachon-pilat-bordeaux-copines-sebastien-huruguen-5-150x150.jpg 150w, https:\/\/www.huruguen.fr\/site\/wp-content\/uploads\/2017\/06\/photographe-EVJF-seance-photo-gironde-cap-ferret-arcachon-pilat-bordeaux-copines-sebastien-huruguen-5-60x60.jpg 60w, https:\/\/www.huruguen.fr\/site\/wp-content\/uploads\/2017\/06\/photographe-EVJF-seance-photo-gironde-cap-ferret-arcachon-pilat-bordeaux-copines-sebastien-huruguen-5-800x800.jpg 800w\" sizes=\"auto, (max-width: 400px) 100vw, 400px\" class=\"light-dropshaddow\"\/><\/a><\/div><\/div><div class=\"tcol-lg-4 tcol-md-4 tcol-sm-4 tcol-xs-6 tcol-ss-12 g_item\"><div class=\"grid_item kad_gallery_fade_in gallery_item\"><a href=\"https:\/\/www.huruguen.fr\/site\/wp-content\/uploads\/2016\/02\/photographe-EVJF-seance-photo-gironde-cap-ferret-arcachon-pilat-bordeaux-copines-sebastien-huruguen-4.jpg\" data-rel=\"lightbox\" class=\"lightboxhover\"><img loading=\"lazy\" decoding=\"async\" src=\"https:\/\/www.huruguen.fr\/site\/wp-content\/uploads\/2016\/02\/photographe-EVJF-seance-photo-gironde-cap-ferret-arcachon-pilat-bordeaux-copines-sebastien-huruguen-4-400x400.jpg\" width=\"400\" height=\"400\" alt=\"photographe-EVJF-seance-photo-gironde-cap-ferret-arcachon-pilat-bordeaux-copines-sebastien-huruguen-4\" srcset=\"https:\/\/www.huruguen.fr\/site\/wp-content\/uploads\/2016\/02\/photographe-EVJF-seance-photo-gironde-cap-ferret-arcachon-pilat-bordeaux-copines-sebastien-huruguen-4-400x400.jpg 400w, https:\/\/www.huruguen.fr\/site\/wp-content\/uploads\/2016\/02\/photographe-EVJF-seance-photo-gironde-cap-ferret-arcachon-pilat-bordeaux-copines-sebastien-huruguen-4-150x150.jpg 150w, https:\/\/www.huruguen.fr\/site\/wp-content\/uploads\/2016\/02\/photographe-EVJF-seance-photo-gironde-cap-ferret-arcachon-pilat-bordeaux-copines-sebastien-huruguen-4-60x60.jpg 60w, https:\/\/www.huruguen.fr\/site\/wp-content\/uploads\/2016\/02\/photographe-EVJF-seance-photo-gironde-cap-ferret-arcachon-pilat-bordeaux-copines-sebastien-huruguen-4-800x800.jpg 800w\" sizes=\"auto, (max-width: 400px) 100vw, 400px\" class=\"light-dropshaddow\"\/><\/a><\/div><\/div><div class=\"tcol-lg-4 tcol-md-4 tcol-sm-4 tcol-xs-6 tcol-ss-12 g_item\"><div class=\"grid_item kad_gallery_fade_in gallery_item\"><a href=\"https:\/\/www.huruguen.fr\/site\/wp-content\/uploads\/2016\/02\/photographe-EVJF-seance-photo-gironde-cap-ferret-arcachon-pilat-bordeaux-copines-sebastien-huruguen-6.jpg\" data-rel=\"lightbox\" class=\"lightboxhover\"><img loading=\"lazy\" decoding=\"async\" src=\"https:\/\/www.huruguen.fr\/site\/wp-content\/uploads\/2016\/02\/photographe-EVJF-seance-photo-gironde-cap-ferret-arcachon-pilat-bordeaux-copines-sebastien-huruguen-6-400x400.jpg\" width=\"400\" height=\"400\" alt=\"photographe-EVJF-seance-photo-gironde-cap-ferret-arcachon-pilat-bordeaux-copines-sebastien-huruguen-6\" srcset=\"https:\/\/www.huruguen.fr\/site\/wp-content\/uploads\/2016\/02\/photographe-EVJF-seance-photo-gironde-cap-ferret-arcachon-pilat-bordeaux-copines-sebastien-huruguen-6-400x400.jpg 400w, https:\/\/www.huruguen.fr\/site\/wp-content\/uploads\/2016\/02\/photographe-EVJF-seance-photo-gironde-cap-ferret-arcachon-pilat-bordeaux-copines-sebastien-huruguen-6-150x150.jpg 150w, https:\/\/www.huruguen.fr\/site\/wp-content\/uploads\/2016\/02\/photographe-EVJF-seance-photo-gironde-cap-ferret-arcachon-pilat-bordeaux-copines-sebastien-huruguen-6-60x60.jpg 60w, https:\/\/www.huruguen.fr\/site\/wp-content\/uploads\/2016\/02\/photographe-EVJF-seance-photo-gironde-cap-ferret-arcachon-pilat-bordeaux-copines-sebastien-huruguen-6-800x800.jpg 800w\" sizes=\"auto, (max-width: 400px) 100vw, 400px\" class=\"light-dropshaddow\"\/><\/a><\/div><\/div><div class=\"tcol-lg-4 tcol-md-4 tcol-sm-4 tcol-xs-6 tcol-ss-12 g_item\"><div class=\"grid_item kad_gallery_fade_in gallery_item\"><a href=\"https:\/\/www.huruguen.fr\/site\/wp-content\/uploads\/2017\/06\/photographe-EVJF-seance-photo-gironde-cap-ferret-arcachon-pilat-bordeaux-copines-sebastien-huruguen-12.jpg\" data-rel=\"lightbox\" class=\"lightboxhover\"><img loading=\"lazy\" decoding=\"async\" src=\"https:\/\/www.huruguen.fr\/site\/wp-content\/uploads\/2017\/06\/photographe-EVJF-seance-photo-gironde-cap-ferret-arcachon-pilat-bordeaux-copines-sebastien-huruguen-12-400x400.jpg\" width=\"400\" height=\"400\" alt=\"photographe-EVJF-seance-photo-gironde-cap-ferret-arcachon-pilat-bordeaux-copines-sebastien-huruguen-12\" srcset=\"https:\/\/www.huruguen.fr\/site\/wp-content\/uploads\/2017\/06\/photographe-EVJF-seance-photo-gironde-cap-ferret-arcachon-pilat-bordeaux-copines-sebastien-huruguen-12-400x400.jpg 400w, https:\/\/www.huruguen.fr\/site\/wp-content\/uploads\/2017\/06\/photographe-EVJF-seance-photo-gironde-cap-ferret-arcachon-pilat-bordeaux-copines-sebastien-huruguen-12-150x150.jpg 150w, https:\/\/www.huruguen.fr\/site\/wp-content\/uploads\/2017\/06\/photographe-EVJF-seance-photo-gironde-cap-ferret-arcachon-pilat-bordeaux-copines-sebastien-huruguen-12-60x60.jpg 60w, https:\/\/www.huruguen.fr\/site\/wp-content\/uploads\/2017\/06\/photographe-EVJF-seance-photo-gironde-cap-ferret-arcachon-pilat-bordeaux-copines-sebastien-huruguen-12-800x800.jpg 800w\" sizes=\"auto, (max-width: 400px) 100vw, 400px\" class=\"light-dropshaddow\"\/><\/a><\/div><\/div><div class=\"tcol-lg-4 tcol-md-4 tcol-sm-4 tcol-xs-6 tcol-ss-12 g_item\"><div class=\"grid_item kad_gallery_fade_in gallery_item\"><a href=\"https:\/\/www.huruguen.fr\/site\/wp-content\/uploads\/2016\/02\/photographe-EVJF-seance-photo-gironde-cap-ferret-arcachon-pilat-bordeaux-copines-sebastien-huruguen-9.jpg\" data-rel=\"lightbox\" class=\"lightboxhover\"><img loading=\"lazy\" decoding=\"async\" src=\"https:\/\/www.huruguen.fr\/site\/wp-content\/uploads\/2016\/02\/photographe-EVJF-seance-photo-gironde-cap-ferret-arcachon-pilat-bordeaux-copines-sebastien-huruguen-9-400x400.jpg\" width=\"400\" height=\"400\" alt=\"photographe-EVJF-seance-photo-gironde-cap-ferret-arcachon-pilat-bordeaux-copines-sebastien-huruguen-9\" srcset=\"https:\/\/www.huruguen.fr\/site\/wp-content\/uploads\/2016\/02\/photographe-EVJF-seance-photo-gironde-cap-ferret-arcachon-pilat-bordeaux-copines-sebastien-huruguen-9-400x400.jpg 400w, https:\/\/www.huruguen.fr\/site\/wp-content\/uploads\/2016\/02\/photographe-EVJF-seance-photo-gironde-cap-ferret-arcachon-pilat-bordeaux-copines-sebastien-huruguen-9-150x150.jpg 150w, https:\/\/www.huruguen.fr\/site\/wp-content\/uploads\/2016\/02\/photographe-EVJF-seance-photo-gironde-cap-ferret-arcachon-pilat-bordeaux-copines-sebastien-huruguen-9-60x60.jpg 60w, https:\/\/www.huruguen.fr\/site\/wp-content\/uploads\/2016\/02\/photographe-EVJF-seance-photo-gironde-cap-ferret-arcachon-pilat-bordeaux-copines-sebastien-huruguen-9-800x800.jpg 800w\" sizes=\"auto, (max-width: 400px) 100vw, 400px\" class=\"light-dropshaddow\"\/><\/a><\/div><\/div><div class=\"tcol-lg-4 tcol-md-4 tcol-sm-4 tcol-xs-6 tcol-ss-12 g_item\"><div class=\"grid_item kad_gallery_fade_in gallery_item\"><a href=\"https:\/\/www.huruguen.fr\/site\/wp-content\/uploads\/2017\/06\/photographe-EVJF-seance-photo-gironde-cap-ferret-arcachon-pilat-bordeaux-copines-sebastien-huruguen-13.jpg\" data-rel=\"lightbox\" class=\"lightboxhover\"><img loading=\"lazy\" decoding=\"async\" src=\"https:\/\/www.huruguen.fr\/site\/wp-content\/uploads\/2017\/06\/photographe-EVJF-seance-photo-gironde-cap-ferret-arcachon-pilat-bordeaux-copines-sebastien-huruguen-13-400x400.jpg\" width=\"400\" height=\"400\" alt=\"photographe-EVJF-seance-photo-gironde-cap-ferret-arcachon-pilat-bordeaux-copines-sebastien-huruguen-13-jet\u00e9e-de-belisaire\" srcset=\"https:\/\/www.huruguen.fr\/site\/wp-content\/uploads\/2017\/06\/photographe-EVJF-seance-photo-gironde-cap-ferret-arcachon-pilat-bordeaux-copines-sebastien-huruguen-13-400x400.jpg 400w, https:\/\/www.huruguen.fr\/site\/wp-content\/uploads\/2017\/06\/photographe-EVJF-seance-photo-gironde-cap-ferret-arcachon-pilat-bordeaux-copines-sebastien-huruguen-13-150x150.jpg 150w, https:\/\/www.huruguen.fr\/site\/wp-content\/uploads\/2017\/06\/photographe-EVJF-seance-photo-gironde-cap-ferret-arcachon-pilat-bordeaux-copines-sebastien-huruguen-13-60x60.jpg 60w, https:\/\/www.huruguen.fr\/site\/wp-content\/uploads\/2017\/06\/photographe-EVJF-seance-photo-gironde-cap-ferret-arcachon-pilat-bordeaux-copines-sebastien-huruguen-13-800x800.jpg 800w\" sizes=\"auto, (max-width: 400px) 100vw, 400px\" class=\"light-dropshaddow\"\/><\/a><\/div><\/div><div class=\"tcol-lg-4 tcol-md-4 tcol-sm-4 tcol-xs-6 tcol-ss-12 g_item\"><div class=\"grid_item kad_gallery_fade_in gallery_item\"><a href=\"https:\/\/www.huruguen.fr\/site\/wp-content\/uploads\/2016\/02\/photographe-EVJF-seance-photo-gironde-cap-ferret-arcachon-pilat-bordeaux-copines-sebastien-huruguen-7.jpg\" data-rel=\"lightbox\" class=\"lightboxhover\"><img loading=\"lazy\" decoding=\"async\" src=\"https:\/\/www.huruguen.fr\/site\/wp-content\/uploads\/2016\/02\/photographe-EVJF-seance-photo-gironde-cap-ferret-arcachon-pilat-bordeaux-copines-sebastien-huruguen-7-400x400.jpg\" width=\"400\" height=\"400\" alt=\"photographe-EVJF-seance-photo-gironde-cap-ferret-arcachon-pilat-bordeaux-copines-sebastien-huruguen-7\" srcset=\"https:\/\/www.huruguen.fr\/site\/wp-content\/uploads\/2016\/02\/photographe-EVJF-seance-photo-gironde-cap-ferret-arcachon-pilat-bordeaux-copines-sebastien-huruguen-7-400x400.jpg 400w, https:\/\/www.huruguen.fr\/site\/wp-content\/uploads\/2016\/02\/photographe-EVJF-seance-photo-gironde-cap-ferret-arcachon-pilat-bordeaux-copines-sebastien-huruguen-7-150x150.jpg 150w, https:\/\/www.huruguen.fr\/site\/wp-content\/uploads\/2016\/02\/photographe-EVJF-seance-photo-gironde-cap-ferret-arcachon-pilat-bordeaux-copines-sebastien-huruguen-7-60x60.jpg 60w, https:\/\/www.huruguen.fr\/site\/wp-content\/uploads\/2016\/02\/photographe-EVJF-seance-photo-gironde-cap-ferret-arcachon-pilat-bordeaux-copines-sebastien-huruguen-7-800x800.jpg 800w\" sizes=\"auto, (max-width: 400px) 100vw, 400px\" class=\"light-dropshaddow\"\/><\/a><\/div><\/div><\/div>\n<h3>S\u00e9bastien Huruguen photographe EVJF sur le bassin d&rsquo;Arcachon<\/h3>\n<p>&nbsp;<\/p>\n<p>Si comme Delphine et ses amies, vous voulez organiser une s\u00e9ance photo EVJF surprise avant le mariage de votre meilleure amie au bord d&rsquo;une plage du bassin d&rsquo;Arcachon ou du Cap-Ferret, n&rsquo;h\u00e9sitez pas \u00e0 consulter les d\u00e9tails de la <a href=\"https:\/\/www.huruguen.fr\/site\/portfolio\/seance-photo-evjf-bordeaux-photographe-future-mariee-mariage\/\">S\u00e9ance Photo EVJF<\/a> que je propose.<\/p>\n<p>Le bassin d&rsquo;Arcachon et les plages de L\u00e8ge-Cap-Ferret sont un endroit id\u00e9al pour organiser votre weekend d&rsquo;enterrement de vie de jeune fille. Si vous voulez r\u00e9aliser une s\u00e9ance photo EVJF dans ce superbe coin de Gironde, les d\u00e9cors seront sublimes et vari\u00e9s entre les plages oc\u00e9anes c\u00f4t\u00e9 atlantique, les sous bois et l&rsquo;ambiance des for\u00eats de pins, l&rsquo;ambiance pittoresque des plages c\u00f4t\u00e9 bassin.&nbsp;<\/p>\n","protected":false},"excerpt":{"rendered":"<p>&nbsp; Photographe EVJF au Cap-Ferret en Gironde &nbsp; C&rsquo;est au bord du bassin d&rsquo;Arcachon, au sud-ouest de Bordeaux en Gironde, par une belle fin d&rsquo;apr\u00e8s midi ensoleill\u00e9e que j&rsquo;ai retrouv\u00e9 le petit groupe d&rsquo;amies.&nbsp; La lumi\u00e8re \u00e9tait superbe en cette &hellip; <a href=\"https:\/\/www.huruguen.fr\/site\/seance-photo-evjf-entre-copines-cap-ferret\/\">Lire la suite<\/a><\/p>\n","protected":false},"author":1,"featured_media":55315,"comment_status":"closed","ping_status":"open","sticky":false,"template":"","format":"standard","meta":{"kt_blocks_editor_width":"","footnotes":""},"categories":[1537],"tags":[],"class_list":["post-55313","post","type-post","status-publish","format-standard","has-post-thumbnail","hentry","category-reportages"],"yoast_head":"<!-- This site is optimized with the Yoast SEO plugin v27.4 - https:\/\/yoast.com\/product\/yoast-seo-wordpress\/ -->\n<title>S\u00e9ance photo EVJF entre copines au Cap-Ferret - Photographe Professionnel \u00e0 Bordeaux &#x1f4f7; Sebastien Huruguen<\/title>\n<meta name=\"description\" content=\"S\u00e9bastien Huruguenp Photographe EVJF sur le bassin d&#039;Arcachon et au Cap-Ferret. Les photos d&#039;une superbe apr\u00e8s midi entre copines au Cap-Ferret. Une belle s\u00e9ance photo surprise pour le weekend d&#039;EVJF de leur amie ! S\u00e9bastien Huruguen Photographe EVJF \u00e0 Bordeaux en Gironde.\" \/>\n<meta name=\"robots\" content=\"index, follow, max-snippet:-1, max-image-preview:large, max-video-preview:-1\" \/>\n<link rel=\"canonical\" href=\"https:\/\/www.huruguen.fr\/site\/seance-photo-evjf-entre-copines-cap-ferret\/\" \/>\n<meta property=\"og:locale\" content=\"fr_FR\" \/>\n<meta property=\"og:type\" content=\"article\" \/>\n<meta property=\"og:title\" content=\"S\u00e9ance photo EVJF entre copines au Cap-Ferret - Photographe Professionnel \u00e0 Bordeaux &#x1f4f7; Sebastien Huruguen\" \/>\n<meta property=\"og:description\" content=\"S\u00e9bastien Huruguenp Photographe EVJF sur le bassin d&#039;Arcachon et au Cap-Ferret. Les photos d&#039;une superbe apr\u00e8s midi entre copines au Cap-Ferret. Une belle s\u00e9ance photo surprise pour le weekend d&#039;EVJF de leur amie ! S\u00e9bastien Huruguen Photographe EVJF \u00e0 Bordeaux en Gironde.\" \/>\n<meta property=\"og:url\" content=\"https:\/\/www.huruguen.fr\/site\/seance-photo-evjf-entre-copines-cap-ferret\/\" \/>\n<meta property=\"og:site_name\" content=\"Photographe Professionnel \u00e0 Bordeaux &#x1f4f7; Sebastien Huruguen\" \/>\n<meta property=\"article:publisher\" content=\"https:\/\/www.facebook.com\/huruguen\" \/>\n<meta property=\"article:author\" content=\"https:\/\/www.facebook.com\/huruguen\/\" \/>\n<meta property=\"article:published_time\" content=\"2017-06-16T18:46:57+00:00\" \/>\n<meta property=\"article:modified_time\" content=\"2018-03-30T23:02:05+00:00\" \/>\n<meta property=\"og:image\" content=\"https:\/\/www.huruguen.fr\/site\/wp-content\/uploads\/2016\/02\/photographe-EVJF-seance-photo-gironde-cap-ferret-arcachon-pilat-bordeaux-copines-sebastien-huruguen-8.jpg\" \/>\n\t<meta property=\"og:image:width\" content=\"1500\" \/>\n\t<meta property=\"og:image:height\" content=\"1000\" \/>\n\t<meta property=\"og:image:type\" content=\"image\/jpeg\" \/>\n<meta name=\"author\" content=\"Sebastien Huruguen\" \/>\n<meta name=\"twitter:card\" content=\"summary_large_image\" \/>\n<meta name=\"twitter:creator\" content=\"@www_huruguen_fr\" \/>\n<meta name=\"twitter:site\" content=\"@www_huruguen_fr\" \/>\n<meta name=\"twitter:label1\" content=\"\u00c9crit par\" \/>\n\t<meta name=\"twitter:data1\" content=\"Sebastien Huruguen\" \/>\n\t<meta name=\"twitter:label2\" content=\"Dur\u00e9e de lecture estim\u00e9e\" \/>\n\t<meta name=\"twitter:data2\" content=\"1 minute\" \/>\n<script type=\"application\/ld+json\" class=\"yoast-schema-graph\">{\"@context\":\"https:\\\/\\\/schema.org\",\"@graph\":[{\"@type\":\"Article\",\"@id\":\"https:\\\/\\\/www.huruguen.fr\\\/site\\\/seance-photo-evjf-entre-copines-cap-ferret\\\/#article\",\"isPartOf\":{\"@id\":\"https:\\\/\\\/www.huruguen.fr\\\/site\\\/seance-photo-evjf-entre-copines-cap-ferret\\\/\"},\"author\":{\"name\":\"Sebastien Huruguen\",\"@id\":\"https:\\\/\\\/www.huruguen.fr\\\/site\\\/#\\\/schema\\\/person\\\/bdce6395a337c00db735bf5fa1268715\"},\"headline\":\"S\u00e9ance photo EVJF entre copines au Cap-Ferret\",\"datePublished\":\"2017-06-16T18:46:57+00:00\",\"dateModified\":\"2018-03-30T23:02:05+00:00\",\"mainEntityOfPage\":{\"@id\":\"https:\\\/\\\/www.huruguen.fr\\\/site\\\/seance-photo-evjf-entre-copines-cap-ferret\\\/\"},\"wordCount\":293,\"publisher\":{\"@id\":\"https:\\\/\\\/www.huruguen.fr\\\/site\\\/#organization\"},\"image\":{\"@id\":\"https:\\\/\\\/www.huruguen.fr\\\/site\\\/seance-photo-evjf-entre-copines-cap-ferret\\\/#primaryimage\"},\"thumbnailUrl\":\"https:\\\/\\\/www.huruguen.fr\\\/site\\\/wp-content\\\/uploads\\\/2017\\\/06\\\/photographe-EVJF-seance-photo-gironde-cap-ferret-arcachon-pilat-bordeaux-copines-sebastien-huruguen-5.jpg\",\"articleSection\":[\"Actualit\u00e9s\"],\"inLanguage\":\"fr-FR\"},{\"@type\":\"WebPage\",\"@id\":\"https:\\\/\\\/www.huruguen.fr\\\/site\\\/seance-photo-evjf-entre-copines-cap-ferret\\\/\",\"url\":\"https:\\\/\\\/www.huruguen.fr\\\/site\\\/seance-photo-evjf-entre-copines-cap-ferret\\\/\",\"name\":\"S\u00e9ance photo EVJF entre copines au Cap-Ferret - Photographe Professionnel \u00e0 Bordeaux &#x1f4f7; Sebastien Huruguen\",\"isPartOf\":{\"@id\":\"https:\\\/\\\/www.huruguen.fr\\\/site\\\/#website\"},\"primaryImageOfPage\":{\"@id\":\"https:\\\/\\\/www.huruguen.fr\\\/site\\\/seance-photo-evjf-entre-copines-cap-ferret\\\/#primaryimage\"},\"image\":{\"@id\":\"https:\\\/\\\/www.huruguen.fr\\\/site\\\/seance-photo-evjf-entre-copines-cap-ferret\\\/#primaryimage\"},\"thumbnailUrl\":\"https:\\\/\\\/www.huruguen.fr\\\/site\\\/wp-content\\\/uploads\\\/2017\\\/06\\\/photographe-EVJF-seance-photo-gironde-cap-ferret-arcachon-pilat-bordeaux-copines-sebastien-huruguen-5.jpg\",\"datePublished\":\"2017-06-16T18:46:57+00:00\",\"dateModified\":\"2018-03-30T23:02:05+00:00\",\"description\":\"S\u00e9bastien Huruguenp Photographe EVJF sur le bassin d'Arcachon et au Cap-Ferret. Les photos d'une superbe apr\u00e8s midi entre copines au Cap-Ferret. Une belle s\u00e9ance photo surprise pour le weekend d'EVJF de leur amie ! S\u00e9bastien Huruguen Photographe EVJF \u00e0 Bordeaux en Gironde.\",\"breadcrumb\":{\"@id\":\"https:\\\/\\\/www.huruguen.fr\\\/site\\\/seance-photo-evjf-entre-copines-cap-ferret\\\/#breadcrumb\"},\"inLanguage\":\"fr-FR\",\"potentialAction\":[{\"@type\":\"ReadAction\",\"target\":[\"https:\\\/\\\/www.huruguen.fr\\\/site\\\/seance-photo-evjf-entre-copines-cap-ferret\\\/\"]}]},{\"@type\":\"ImageObject\",\"inLanguage\":\"fr-FR\",\"@id\":\"https:\\\/\\\/www.huruguen.fr\\\/site\\\/seance-photo-evjf-entre-copines-cap-ferret\\\/#primaryimage\",\"url\":\"https:\\\/\\\/www.huruguen.fr\\\/site\\\/wp-content\\\/uploads\\\/2017\\\/06\\\/photographe-EVJF-seance-photo-gironde-cap-ferret-arcachon-pilat-bordeaux-copines-sebastien-huruguen-5.jpg\",\"contentUrl\":\"https:\\\/\\\/www.huruguen.fr\\\/site\\\/wp-content\\\/uploads\\\/2017\\\/06\\\/photographe-EVJF-seance-photo-gironde-cap-ferret-arcachon-pilat-bordeaux-copines-sebastien-huruguen-5.jpg\",\"width\":1500,\"height\":1000,\"caption\":\"photographe-EVJF-seance-photo-gironde-cap-ferret-arcachon-pilat-bordeaux-copines-sebastien-huruguen-5\"},{\"@type\":\"BreadcrumbList\",\"@id\":\"https:\\\/\\\/www.huruguen.fr\\\/site\\\/seance-photo-evjf-entre-copines-cap-ferret\\\/#breadcrumb\",\"itemListElement\":[{\"@type\":\"ListItem\",\"position\":1,\"name\":\"Accueil\",\"item\":\"https:\\\/\\\/www.huruguen.fr\\\/site\\\/\"},{\"@type\":\"ListItem\",\"position\":2,\"name\":\"S\u00e9ance photo EVJF entre copines au Cap-Ferret\"}]},{\"@type\":\"WebSite\",\"@id\":\"https:\\\/\\\/www.huruguen.fr\\\/site\\\/#website\",\"url\":\"https:\\\/\\\/www.huruguen.fr\\\/site\\\/\",\"name\":\"Photographe Professionnel \u00e0 Bordeaux Sebastien Huruguen\",\"description\":\"Photographe professionnel ind\u00e9pendant a Bordeaux. Prestations et services photograpphiques pour les professionnels et particuliers : reportages, s\u00e9ances photos, studio, packshot.\",\"publisher\":{\"@id\":\"https:\\\/\\\/www.huruguen.fr\\\/site\\\/#organization\"},\"potentialAction\":[{\"@type\":\"SearchAction\",\"target\":{\"@type\":\"EntryPoint\",\"urlTemplate\":\"https:\\\/\\\/www.huruguen.fr\\\/site\\\/?s={search_term_string}\"},\"query-input\":{\"@type\":\"PropertyValueSpecification\",\"valueRequired\":true,\"valueName\":\"search_term_string\"}}],\"inLanguage\":\"fr-FR\"},{\"@type\":\"Organization\",\"@id\":\"https:\\\/\\\/www.huruguen.fr\\\/site\\\/#organization\",\"name\":\"S\u00e9bastien Huruguen Photographe\",\"url\":\"https:\\\/\\\/www.huruguen.fr\\\/site\\\/\",\"logo\":{\"@type\":\"ImageObject\",\"inLanguage\":\"fr-FR\",\"@id\":\"https:\\\/\\\/www.huruguen.fr\\\/site\\\/#\\\/schema\\\/logo\\\/image\\\/\",\"url\":\"https:\\\/\\\/www.huruguen.fr\\\/site\\\/wp-content\\\/uploads\\\/2018\\\/03\\\/Logo-Huruguen-triptique-2018-noir-1500.jpg\",\"contentUrl\":\"https:\\\/\\\/www.huruguen.fr\\\/site\\\/wp-content\\\/uploads\\\/2018\\\/03\\\/Logo-Huruguen-triptique-2018-noir-1500.jpg\",\"width\":1500,\"height\":1500,\"caption\":\"S\u00e9bastien Huruguen Photographe\"},\"image\":{\"@id\":\"https:\\\/\\\/www.huruguen.fr\\\/site\\\/#\\\/schema\\\/logo\\\/image\\\/\"},\"sameAs\":[\"https:\\\/\\\/www.facebook.com\\\/huruguen\",\"https:\\\/\\\/x.com\\\/www_huruguen_fr\",\"https:\\\/\\\/www.instagram.com\\\/sebastien.huruguen\\\/\"]},{\"@type\":\"Person\",\"@id\":\"https:\\\/\\\/www.huruguen.fr\\\/site\\\/#\\\/schema\\\/person\\\/bdce6395a337c00db735bf5fa1268715\",\"name\":\"Sebastien Huruguen\",\"description\":\"S\u00e9bastien Huruguen est photographe professionnel \u00e0 Bordeaux.\",\"sameAs\":[\"https:\\\/\\\/www.huruguen.fr\",\"https:\\\/\\\/www.facebook.com\\\/huruguen\\\/\",\"https:\\\/\\\/www.instagram.com\\\/sebastien.huruguen\\\/\",\"https:\\\/\\\/www.linkedin.com\\\/in\\\/sbastien-huruguen-95452342\\\/\",\"https:\\\/\\\/www.pinterest.fr\\\/shuruguen\\\/\",\"https:\\\/\\\/x.com\\\/www_huruguen_fr\",\"https:\\\/\\\/www.youtube.com\\\/channel\\\/UChEt96Suus_jyoBce80fNOA?nohtml5=False\"]}]}<\/script>\n<!-- \/ Yoast SEO plugin. -->","yoast_head_json":{"title":"S\u00e9ance photo EVJF entre copines au Cap-Ferret - Photographe Professionnel \u00e0 Bordeaux &#x1f4f7; Sebastien Huruguen","description":"S\u00e9bastien Huruguenp Photographe EVJF sur le bassin d'Arcachon et au Cap-Ferret. Les photos d'une superbe apr\u00e8s midi entre copines au Cap-Ferret. Une belle s\u00e9ance photo surprise pour le weekend d'EVJF de leur amie ! S\u00e9bastien Huruguen Photographe EVJF \u00e0 Bordeaux en Gironde.","robots":{"index":"index","follow":"follow","max-snippet":"max-snippet:-1","max-image-preview":"max-image-preview:large","max-video-preview":"max-video-preview:-1"},"canonical":"https:\/\/www.huruguen.fr\/site\/seance-photo-evjf-entre-copines-cap-ferret\/","og_locale":"fr_FR","og_type":"article","og_title":"S\u00e9ance photo EVJF entre copines au Cap-Ferret - Photographe Professionnel \u00e0 Bordeaux &#x1f4f7; Sebastien Huruguen","og_description":"S\u00e9bastien Huruguenp Photographe EVJF sur le bassin d'Arcachon et au Cap-Ferret. Les photos d'une superbe apr\u00e8s midi entre copines au Cap-Ferret. Une belle s\u00e9ance photo surprise pour le weekend d'EVJF de leur amie ! S\u00e9bastien Huruguen Photographe EVJF \u00e0 Bordeaux en Gironde.","og_url":"https:\/\/www.huruguen.fr\/site\/seance-photo-evjf-entre-copines-cap-ferret\/","og_site_name":"Photographe Professionnel \u00e0 Bordeaux &#x1f4f7; Sebastien Huruguen","article_publisher":"https:\/\/www.facebook.com\/huruguen","article_author":"https:\/\/www.facebook.com\/huruguen\/","article_published_time":"2017-06-16T18:46:57+00:00","article_modified_time":"2018-03-30T23:02:05+00:00","og_image":[{"width":1500,"height":1000,"url":"https:\/\/www.huruguen.fr\/site\/wp-content\/uploads\/2016\/02\/photographe-EVJF-seance-photo-gironde-cap-ferret-arcachon-pilat-bordeaux-copines-sebastien-huruguen-8.jpg","type":"image\/jpeg"}],"author":"Sebastien Huruguen","twitter_card":"summary_large_image","twitter_creator":"@www_huruguen_fr","twitter_site":"@www_huruguen_fr","twitter_misc":{"\u00c9crit par":"Sebastien Huruguen","Dur\u00e9e de lecture estim\u00e9e":"1 minute"},"schema":{"@context":"https:\/\/schema.org","@graph":[{"@type":"Article","@id":"https:\/\/www.huruguen.fr\/site\/seance-photo-evjf-entre-copines-cap-ferret\/#article","isPartOf":{"@id":"https:\/\/www.huruguen.fr\/site\/seance-photo-evjf-entre-copines-cap-ferret\/"},"author":{"name":"Sebastien Huruguen","@id":"https:\/\/www.huruguen.fr\/site\/#\/schema\/person\/bdce6395a337c00db735bf5fa1268715"},"headline":"S\u00e9ance photo EVJF entre copines au Cap-Ferret","datePublished":"2017-06-16T18:46:57+00:00","dateModified":"2018-03-30T23:02:05+00:00","mainEntityOfPage":{"@id":"https:\/\/www.huruguen.fr\/site\/seance-photo-evjf-entre-copines-cap-ferret\/"},"wordCount":293,"publisher":{"@id":"https:\/\/www.huruguen.fr\/site\/#organization"},"image":{"@id":"https:\/\/www.huruguen.fr\/site\/seance-photo-evjf-entre-copines-cap-ferret\/#primaryimage"},"thumbnailUrl":"https:\/\/www.huruguen.fr\/site\/wp-content\/uploads\/2017\/06\/photographe-EVJF-seance-photo-gironde-cap-ferret-arcachon-pilat-bordeaux-copines-sebastien-huruguen-5.jpg","articleSection":["Actualit\u00e9s"],"inLanguage":"fr-FR"},{"@type":"WebPage","@id":"https:\/\/www.huruguen.fr\/site\/seance-photo-evjf-entre-copines-cap-ferret\/","url":"https:\/\/www.huruguen.fr\/site\/seance-photo-evjf-entre-copines-cap-ferret\/","name":"S\u00e9ance photo EVJF entre copines au Cap-Ferret - Photographe Professionnel \u00e0 Bordeaux &#x1f4f7; Sebastien Huruguen","isPartOf":{"@id":"https:\/\/www.huruguen.fr\/site\/#website"},"primaryImageOfPage":{"@id":"https:\/\/www.huruguen.fr\/site\/seance-photo-evjf-entre-copines-cap-ferret\/#primaryimage"},"image":{"@id":"https:\/\/www.huruguen.fr\/site\/seance-photo-evjf-entre-copines-cap-ferret\/#primaryimage"},"thumbnailUrl":"https:\/\/www.huruguen.fr\/site\/wp-content\/uploads\/2017\/06\/photographe-EVJF-seance-photo-gironde-cap-ferret-arcachon-pilat-bordeaux-copines-sebastien-huruguen-5.jpg","datePublished":"2017-06-16T18:46:57+00:00","dateModified":"2018-03-30T23:02:05+00:00","description":"S\u00e9bastien Huruguenp Photographe EVJF sur le bassin d'Arcachon et au Cap-Ferret. Les photos d'une superbe apr\u00e8s midi entre copines au Cap-Ferret. Une belle s\u00e9ance photo surprise pour le weekend d'EVJF de leur amie ! S\u00e9bastien Huruguen Photographe EVJF \u00e0 Bordeaux en Gironde.","breadcrumb":{"@id":"https:\/\/www.huruguen.fr\/site\/seance-photo-evjf-entre-copines-cap-ferret\/#breadcrumb"},"inLanguage":"fr-FR","potentialAction":[{"@type":"ReadAction","target":["https:\/\/www.huruguen.fr\/site\/seance-photo-evjf-entre-copines-cap-ferret\/"]}]},{"@type":"ImageObject","inLanguage":"fr-FR","@id":"https:\/\/www.huruguen.fr\/site\/seance-photo-evjf-entre-copines-cap-ferret\/#primaryimage","url":"https:\/\/www.huruguen.fr\/site\/wp-content\/uploads\/2017\/06\/photographe-EVJF-seance-photo-gironde-cap-ferret-arcachon-pilat-bordeaux-copines-sebastien-huruguen-5.jpg","contentUrl":"https:\/\/www.huruguen.fr\/site\/wp-content\/uploads\/2017\/06\/photographe-EVJF-seance-photo-gironde-cap-ferret-arcachon-pilat-bordeaux-copines-sebastien-huruguen-5.jpg","width":1500,"height":1000,"caption":"photographe-EVJF-seance-photo-gironde-cap-ferret-arcachon-pilat-bordeaux-copines-sebastien-huruguen-5"},{"@type":"BreadcrumbList","@id":"https:\/\/www.huruguen.fr\/site\/seance-photo-evjf-entre-copines-cap-ferret\/#breadcrumb","itemListElement":[{"@type":"ListItem","position":1,"name":"Accueil","item":"https:\/\/www.huruguen.fr\/site\/"},{"@type":"ListItem","position":2,"name":"S\u00e9ance photo EVJF entre copines au Cap-Ferret"}]},{"@type":"WebSite","@id":"https:\/\/www.huruguen.fr\/site\/#website","url":"https:\/\/www.huruguen.fr\/site\/","name":"Photographe Professionnel \u00e0 Bordeaux Sebastien Huruguen","description":"Photographe professionnel ind\u00e9pendant a Bordeaux. Prestations et services photograpphiques pour les professionnels et particuliers : reportages, s\u00e9ances photos, studio, packshot.","publisher":{"@id":"https:\/\/www.huruguen.fr\/site\/#organization"},"potentialAction":[{"@type":"SearchAction","target":{"@type":"EntryPoint","urlTemplate":"https:\/\/www.huruguen.fr\/site\/?s={search_term_string}"},"query-input":{"@type":"PropertyValueSpecification","valueRequired":true,"valueName":"search_term_string"}}],"inLanguage":"fr-FR"},{"@type":"Organization","@id":"https:\/\/www.huruguen.fr\/site\/#organization","name":"S\u00e9bastien Huruguen Photographe","url":"https:\/\/www.huruguen.fr\/site\/","logo":{"@type":"ImageObject","inLanguage":"fr-FR","@id":"https:\/\/www.huruguen.fr\/site\/#\/schema\/logo\/image\/","url":"https:\/\/www.huruguen.fr\/site\/wp-content\/uploads\/2018\/03\/Logo-Huruguen-triptique-2018-noir-1500.jpg","contentUrl":"https:\/\/www.huruguen.fr\/site\/wp-content\/uploads\/2018\/03\/Logo-Huruguen-triptique-2018-noir-1500.jpg","width":1500,"height":1500,"caption":"S\u00e9bastien Huruguen Photographe"},"image":{"@id":"https:\/\/www.huruguen.fr\/site\/#\/schema\/logo\/image\/"},"sameAs":["https:\/\/www.facebook.com\/huruguen","https:\/\/x.com\/www_huruguen_fr","https:\/\/www.instagram.com\/sebastien.huruguen\/"]},{"@type":"Person","@id":"https:\/\/www.huruguen.fr\/site\/#\/schema\/person\/bdce6395a337c00db735bf5fa1268715","name":"Sebastien Huruguen","description":"S\u00e9bastien Huruguen est photographe professionnel \u00e0 Bordeaux.","sameAs":["https:\/\/www.huruguen.fr","https:\/\/www.facebook.com\/huruguen\/","https:\/\/www.instagram.com\/sebastien.huruguen\/","https:\/\/www.linkedin.com\/in\/sbastien-huruguen-95452342\/","https:\/\/www.pinterest.fr\/shuruguen\/","https:\/\/x.com\/www_huruguen_fr","https:\/\/www.youtube.com\/channel\/UChEt96Suus_jyoBce80fNOA?nohtml5=False"]}]}},"_links":{"self":[{"href":"https:\/\/www.huruguen.fr\/site\/wp-json\/wp\/v2\/posts\/55313","targetHints":{"allow":["GET"]}}],"collection":[{"href":"https:\/\/www.huruguen.fr\/site\/wp-json\/wp\/v2\/posts"}],"about":[{"href":"https:\/\/www.huruguen.fr\/site\/wp-json\/wp\/v2\/types\/post"}],"author":[{"embeddable":true,"href":"https:\/\/www.huruguen.fr\/site\/wp-json\/wp\/v2\/users\/1"}],"replies":[{"embeddable":true,"href":"https:\/\/www.huruguen.fr\/site\/wp-json\/wp\/v2\/comments?post=55313"}],"version-history":[{"count":7,"href":"https:\/\/www.huruguen.fr\/site\/wp-json\/wp\/v2\/posts\/55313\/revisions"}],"predecessor-version":[{"id":56099,"href":"https:\/\/www.huruguen.fr\/site\/wp-json\/wp\/v2\/posts\/55313\/revisions\/56099"}],"wp:featuredmedia":[{"embeddable":true,"href":"https:\/\/www.huruguen.fr\/site\/wp-json\/wp\/v2\/media\/55315"}],"wp:attachment":[{"href":"https:\/\/www.huruguen.fr\/site\/wp-json\/wp\/v2\/media?parent=55313"}],"wp:term":[{"taxonomy":"category","embeddable":true,"href":"https:\/\/www.huruguen.fr\/site\/wp-json\/wp\/v2\/categories?post=55313"},{"taxonomy":"post_tag","embeddable":true,"href":"https:\/\/www.huruguen.fr\/site\/wp-json\/wp\/v2\/tags?post=55313"}],"curies":[{"name":"wp","href":"https:\/\/api.w.org\/{rel}","templated":true}]}}