{"id":54976,"date":"2017-01-06T12:47:45","date_gmt":"2017-01-06T11:47:45","guid":{"rendered":"http:\/\/www.huruguen.fr\/site\/?p=54976"},"modified":"2017-01-06T13:14:42","modified_gmt":"2017-01-06T12:14:42","slug":"test-canon-ef-85mm-f1-2-l-ii-usm","status":"publish","type":"post","link":"https:\/\/www.huruguen.fr\/site\/test-canon-ef-85mm-f1-2-l-ii-usm\/","title":{"rendered":"Test du Canon EF 85mm f\/1.2 L II USM"},"content":{"rendered":"<h4>Test de la focale fixe ultime de Canon : l&rsquo;EF 85mm f\/1.2 L USM dans sa version II.<\/h4>\n<p>V\u00e9ritable r\u00e9f\u00e9rence dans le monde de la photograhie professionnelle, la deuxi\u00e8me version du 85mm ultra lumineux de Canon ne d\u00e9roge pas \u00e0 la r\u00e8gle.<\/p>\n<p><a href=\"https:\/\/www.huruguen.fr\/site\/wp-content\/uploads\/2017\/01\/canon-ef-85mm-L-USM-II-lens-objectif-photo-1.jpg\"><img loading=\"lazy\" decoding=\"async\" class=\"wp-image-54979 alignleft\" src=\"https:\/\/www.huruguen.fr\/site\/wp-content\/uploads\/2017\/01\/canon-ef-85mm-L-USM-II-lens-objectif-photo-1-1024x1024.jpg\" width=\"400\" height=\"400\" data-id=\"54979\" srcset=\"https:\/\/www.huruguen.fr\/site\/wp-content\/uploads\/2017\/01\/canon-ef-85mm-L-USM-II-lens-objectif-photo-1-1024x1024.jpg 1024w, https:\/\/www.huruguen.fr\/site\/wp-content\/uploads\/2017\/01\/canon-ef-85mm-L-USM-II-lens-objectif-photo-1-150x150.jpg 150w, https:\/\/www.huruguen.fr\/site\/wp-content\/uploads\/2017\/01\/canon-ef-85mm-L-USM-II-lens-objectif-photo-1-300x300.jpg 300w, https:\/\/www.huruguen.fr\/site\/wp-content\/uploads\/2017\/01\/canon-ef-85mm-L-USM-II-lens-objectif-photo-1-768x768.jpg 768w, https:\/\/www.huruguen.fr\/site\/wp-content\/uploads\/2017\/01\/canon-ef-85mm-L-USM-II-lens-objectif-photo-1-60x60.jpg 60w, https:\/\/www.huruguen.fr\/site\/wp-content\/uploads\/2017\/01\/canon-ef-85mm-L-USM-II-lens-objectif-photo-1.jpg 1500w\" sizes=\"auto, (max-width: 400px) 100vw, 400px\" \/><\/a><a href=\"https:\/\/www.huruguen.fr\/site\/wp-content\/uploads\/2017\/01\/canon-ef-85mm-L-USM-II-lens-objectif-photo-6.jpg\">&nbsp;<\/a><a href=\"https:\/\/www.huruguen.fr\/site\/wp-content\/uploads\/2017\/01\/canon-ef-85mm-L-USM-II-lens-objectif-photo-6.jpg\"><img loading=\"lazy\" decoding=\"async\" class=\"wp-image-54984 alignnone\" src=\"https:\/\/www.huruguen.fr\/site\/wp-content\/uploads\/2017\/01\/canon-ef-85mm-L-USM-II-lens-objectif-photo-6-1024x683.jpg\" width=\"600\" height=\"400\" data-id=\"54984\" srcset=\"https:\/\/www.huruguen.fr\/site\/wp-content\/uploads\/2017\/01\/canon-ef-85mm-L-USM-II-lens-objectif-photo-6-1024x683.jpg 1024w, https:\/\/www.huruguen.fr\/site\/wp-content\/uploads\/2017\/01\/canon-ef-85mm-L-USM-II-lens-objectif-photo-6-300x200.jpg 300w, https:\/\/www.huruguen.fr\/site\/wp-content\/uploads\/2017\/01\/canon-ef-85mm-L-USM-II-lens-objectif-photo-6-768x512.jpg 768w, https:\/\/www.huruguen.fr\/site\/wp-content\/uploads\/2017\/01\/canon-ef-85mm-L-USM-II-lens-objectif-photo-6.jpg 1500w\" sizes=\"auto, (max-width: 600px) 100vw, 600px\" \/><\/a><\/p>\n<p><strong>Qu\u2019est-ce que la s\u00e9rie L de Canon ?<\/strong><br \/>\nLa lettre L indique que cet objectif appartient \u00e0 la prestigieuse s\u00e9rie des objectifs EF professionnels : le summum de la performance en qualit\u00e9 d\u2019image et de facilit\u00e9 d\u2019utilisation avec en plus une protection contre les intemp\u00e9ries et une fiabilit\u00e9 renforc\u00e9es.<\/p>\n<p>Les objectifs de la s\u00e9rie L sont con\u00e7us \u00e0 partir de mat\u00e9riaux optiques sp\u00e9ciaux comme la fluorite et le verre \u00e0 dispersion ultra-faible (UD ou super UD).<\/p>\n<p>Cet objectif CANON est compatible avec le pare-soleil ES-79II.<\/p>\n<p><a href=\"https:\/\/www.huruguen.fr\/site\/wp-content\/uploads\/2017\/01\/canon-ef-85mm-L-USM-II-lens-objectif-photo-3.jpg\"><img loading=\"lazy\" decoding=\"async\" class=\"wp-image-54981 alignleft\" src=\"https:\/\/www.huruguen.fr\/site\/wp-content\/uploads\/2017\/01\/canon-ef-85mm-L-USM-II-lens-objectif-photo-3-683x1024.jpg\" width=\"267\" height=\"400\" data-id=\"54981\" srcset=\"https:\/\/www.huruguen.fr\/site\/wp-content\/uploads\/2017\/01\/canon-ef-85mm-L-USM-II-lens-objectif-photo-3-683x1024.jpg 683w, https:\/\/www.huruguen.fr\/site\/wp-content\/uploads\/2017\/01\/canon-ef-85mm-L-USM-II-lens-objectif-photo-3-200x300.jpg 200w, https:\/\/www.huruguen.fr\/site\/wp-content\/uploads\/2017\/01\/canon-ef-85mm-L-USM-II-lens-objectif-photo-3-768x1152.jpg 768w, https:\/\/www.huruguen.fr\/site\/wp-content\/uploads\/2017\/01\/canon-ef-85mm-L-USM-II-lens-objectif-photo-3.jpg 1000w\" sizes=\"auto, (max-width: 267px) 100vw, 267px\" \/><\/a> <a href=\"https:\/\/www.huruguen.fr\/site\/wp-content\/uploads\/2017\/01\/canon-ef-85mm-L-USM-II-lens-objectif-photo-4.jpg\"><img loading=\"lazy\" decoding=\"async\" class=\"wp-image-54982 alignnone\" src=\"https:\/\/www.huruguen.fr\/site\/wp-content\/uploads\/2017\/01\/canon-ef-85mm-L-USM-II-lens-objectif-photo-4-1024x683.jpg\" width=\"600\" height=\"400\" data-id=\"54982\" srcset=\"https:\/\/www.huruguen.fr\/site\/wp-content\/uploads\/2017\/01\/canon-ef-85mm-L-USM-II-lens-objectif-photo-4-1024x683.jpg 1024w, https:\/\/www.huruguen.fr\/site\/wp-content\/uploads\/2017\/01\/canon-ef-85mm-L-USM-II-lens-objectif-photo-4-300x200.jpg 300w, https:\/\/www.huruguen.fr\/site\/wp-content\/uploads\/2017\/01\/canon-ef-85mm-L-USM-II-lens-objectif-photo-4-768x512.jpg 768w, https:\/\/www.huruguen.fr\/site\/wp-content\/uploads\/2017\/01\/canon-ef-85mm-L-USM-II-lens-objectif-photo-4.jpg 1500w\" sizes=\"auto, (max-width: 600px) 100vw, 600px\" \/><\/a><\/p>\n<p><strong>Qu\u2019est-ce que le moteur USM ?<\/strong><br \/>\nLe moteur USM (pour ultrasonique) est le premier moteur au monde fonctionnant selon le principe d\u2019oscillations ultrasoniques utilis\u00e9es pour piloter une mise au point quasi-silencieuse. Il est plus rapide que l\u2019\u0153il humain.<\/p>\n<p>Un objectif USM s\u2019arr\u00eate en outre sans inertie \u00e0 l\u2019instant exact o\u00f9 l\u2019appareil d\u00e9tecte que la mise au point est correctement effectu\u00e9e.<\/p>\n<p>La retouche manuelle du point est en permanence possible sans devoir passer par le bouton MF sur le f\u00fbt de l&rsquo;objectif.<\/p>\n<p><a href=\"https:\/\/www.huruguen.fr\/site\/wp-content\/uploads\/2017\/01\/canon-ef-85mm-L-USM-II-lens-objectif-photo-5.jpg\"><img loading=\"lazy\" decoding=\"async\" class=\"wp-image-54983 alignleft\" src=\"https:\/\/www.huruguen.fr\/site\/wp-content\/uploads\/2017\/01\/canon-ef-85mm-L-USM-II-lens-objectif-photo-5-1024x683.jpg\" width=\"524\" height=\"350\" data-id=\"54983\" srcset=\"https:\/\/www.huruguen.fr\/site\/wp-content\/uploads\/2017\/01\/canon-ef-85mm-L-USM-II-lens-objectif-photo-5-1024x683.jpg 1024w, https:\/\/www.huruguen.fr\/site\/wp-content\/uploads\/2017\/01\/canon-ef-85mm-L-USM-II-lens-objectif-photo-5-300x200.jpg 300w, https:\/\/www.huruguen.fr\/site\/wp-content\/uploads\/2017\/01\/canon-ef-85mm-L-USM-II-lens-objectif-photo-5-768x512.jpg 768w, https:\/\/www.huruguen.fr\/site\/wp-content\/uploads\/2017\/01\/canon-ef-85mm-L-USM-II-lens-objectif-photo-5.jpg 1500w\" sizes=\"auto, (max-width: 524px) 100vw, 524px\" \/><\/a><\/p>\n<p>&nbsp;<a href=\"https:\/\/www.huruguen.fr\/site\/wp-content\/uploads\/2017\/01\/canon-ef-85mm-L-USM-II-lens-objectif-photo-1.jpg\"><img loading=\"lazy\" decoding=\"async\" class=\"wp-image-54979 alignnone\" src=\"https:\/\/www.huruguen.fr\/site\/wp-content\/uploads\/2017\/01\/canon-ef-85mm-L-USM-II-lens-objectif-photo-1-1024x1024.jpg\" alt=\"\" width=\"350\" height=\"350\" data-id=\"54979\" srcset=\"https:\/\/www.huruguen.fr\/site\/wp-content\/uploads\/2017\/01\/canon-ef-85mm-L-USM-II-lens-objectif-photo-1-1024x1024.jpg 1024w, https:\/\/www.huruguen.fr\/site\/wp-content\/uploads\/2017\/01\/canon-ef-85mm-L-USM-II-lens-objectif-photo-1-150x150.jpg 150w, https:\/\/www.huruguen.fr\/site\/wp-content\/uploads\/2017\/01\/canon-ef-85mm-L-USM-II-lens-objectif-photo-1-300x300.jpg 300w, https:\/\/www.huruguen.fr\/site\/wp-content\/uploads\/2017\/01\/canon-ef-85mm-L-USM-II-lens-objectif-photo-1-768x768.jpg 768w, https:\/\/www.huruguen.fr\/site\/wp-content\/uploads\/2017\/01\/canon-ef-85mm-L-USM-II-lens-objectif-photo-1-60x60.jpg 60w, https:\/\/www.huruguen.fr\/site\/wp-content\/uploads\/2017\/01\/canon-ef-85mm-L-USM-II-lens-objectif-photo-1.jpg 1500w\" sizes=\"auto, (max-width: 350px) 100vw, 350px\" \/><\/a>&nbsp;&nbsp;<a href=\"https:\/\/www.huruguen.fr\/site\/wp-content\/uploads\/2017\/01\/canon-ef-85mm-L-USM-II-lens-objectif-photo-9.jpg\"><img loading=\"lazy\" decoding=\"async\" class=\"wp-image-54987 alignleft\" src=\"https:\/\/www.huruguen.fr\/site\/wp-content\/uploads\/2017\/01\/canon-ef-85mm-L-USM-II-lens-objectif-photo-9-1024x683.jpg\" alt=\"\" width=\"525\" height=\"350\" data-id=\"54987\" srcset=\"https:\/\/www.huruguen.fr\/site\/wp-content\/uploads\/2017\/01\/canon-ef-85mm-L-USM-II-lens-objectif-photo-9-1024x683.jpg 1024w, https:\/\/www.huruguen.fr\/site\/wp-content\/uploads\/2017\/01\/canon-ef-85mm-L-USM-II-lens-objectif-photo-9-300x200.jpg 300w, https:\/\/www.huruguen.fr\/site\/wp-content\/uploads\/2017\/01\/canon-ef-85mm-L-USM-II-lens-objectif-photo-9-768x512.jpg 768w, https:\/\/www.huruguen.fr\/site\/wp-content\/uploads\/2017\/01\/canon-ef-85mm-L-USM-II-lens-objectif-photo-9.jpg 1500w\" sizes=\"auto, (max-width: 525px) 100vw, 525px\" \/>&nbsp;<\/a><a href=\"https:\/\/www.huruguen.fr\/site\/wp-content\/uploads\/2017\/01\/canon-ef-85mm-L-USM-II-lens-objectif-photo-10.jpg\"><img loading=\"lazy\" decoding=\"async\" class=\"wp-image-54988 alignnone\" src=\"https:\/\/www.huruguen.fr\/site\/wp-content\/uploads\/2017\/01\/canon-ef-85mm-L-USM-II-lens-objectif-photo-10-1024x683.jpg\" alt=\"\" width=\"525\" height=\"350\" data-id=\"54988\" srcset=\"https:\/\/www.huruguen.fr\/site\/wp-content\/uploads\/2017\/01\/canon-ef-85mm-L-USM-II-lens-objectif-photo-10-1024x683.jpg 1024w, https:\/\/www.huruguen.fr\/site\/wp-content\/uploads\/2017\/01\/canon-ef-85mm-L-USM-II-lens-objectif-photo-10-300x200.jpg 300w, https:\/\/www.huruguen.fr\/site\/wp-content\/uploads\/2017\/01\/canon-ef-85mm-L-USM-II-lens-objectif-photo-10-768x512.jpg 768w, https:\/\/www.huruguen.fr\/site\/wp-content\/uploads\/2017\/01\/canon-ef-85mm-L-USM-II-lens-objectif-photo-10.jpg 1500w\" sizes=\"auto, (max-width: 525px) 100vw, 525px\" \/><\/a>&nbsp;<a href=\"https:\/\/www.huruguen.fr\/site\/wp-content\/uploads\/2017\/01\/canon-ef-85mm-L-USM-II-lens-objectif-photo-9.jpg\">&nbsp;<\/a><a href=\"https:\/\/www.huruguen.fr\/site\/wp-content\/uploads\/2017\/01\/canon-ef-85mm-L-USM-II-lens-objectif-photo-11.jpg\"><img loading=\"lazy\" decoding=\"async\" class=\"wp-image-54989 alignleft\" src=\"https:\/\/www.huruguen.fr\/site\/wp-content\/uploads\/2017\/01\/canon-ef-85mm-L-USM-II-lens-objectif-photo-11-1024x683.jpg\" alt=\"\" width=\"525\" height=\"350\" data-id=\"54989\" srcset=\"https:\/\/www.huruguen.fr\/site\/wp-content\/uploads\/2017\/01\/canon-ef-85mm-L-USM-II-lens-objectif-photo-11-1024x683.jpg 1024w, https:\/\/www.huruguen.fr\/site\/wp-content\/uploads\/2017\/01\/canon-ef-85mm-L-USM-II-lens-objectif-photo-11-300x200.jpg 300w, https:\/\/www.huruguen.fr\/site\/wp-content\/uploads\/2017\/01\/canon-ef-85mm-L-USM-II-lens-objectif-photo-11-768x512.jpg 768w, https:\/\/www.huruguen.fr\/site\/wp-content\/uploads\/2017\/01\/canon-ef-85mm-L-USM-II-lens-objectif-photo-11.jpg 1500w\" sizes=\"auto, (max-width: 525px) 100vw, 525px\" \/>&nbsp;&nbsp;<\/a> <a href=\"https:\/\/www.huruguen.fr\/site\/wp-content\/uploads\/2017\/01\/canon-ef-85mm-L-USM-II-lens-objectif-photo-7.jpg\"><img loading=\"lazy\" decoding=\"async\" class=\"wp-image-54990 alignnone\" src=\"https:\/\/www.huruguen.fr\/site\/wp-content\/uploads\/2017\/01\/canon-ef-85mm-L-USM-II-lens-objectif-photo-7-1024x683.jpg\" alt=\"\" width=\"524\" height=\"350\" data-id=\"54990\" srcset=\"https:\/\/www.huruguen.fr\/site\/wp-content\/uploads\/2017\/01\/canon-ef-85mm-L-USM-II-lens-objectif-photo-7-1024x683.jpg 1024w, https:\/\/www.huruguen.fr\/site\/wp-content\/uploads\/2017\/01\/canon-ef-85mm-L-USM-II-lens-objectif-photo-7-300x200.jpg 300w, https:\/\/www.huruguen.fr\/site\/wp-content\/uploads\/2017\/01\/canon-ef-85mm-L-USM-II-lens-objectif-photo-7-768x512.jpg 768w, https:\/\/www.huruguen.fr\/site\/wp-content\/uploads\/2017\/01\/canon-ef-85mm-L-USM-II-lens-objectif-photo-7-340x226.jpg 340w, https:\/\/www.huruguen.fr\/site\/wp-content\/uploads\/2017\/01\/canon-ef-85mm-L-USM-II-lens-objectif-photo-7-740x494.jpg 740w, https:\/\/www.huruguen.fr\/site\/wp-content\/uploads\/2017\/01\/canon-ef-85mm-L-USM-II-lens-objectif-photo-7-370x247.jpg 370w, https:\/\/www.huruguen.fr\/site\/wp-content\/uploads\/2017\/01\/canon-ef-85mm-L-USM-II-lens-objectif-photo-7.jpg 1500w\" sizes=\"auto, (max-width: 524px) 100vw, 524px\" \/><\/a><\/p>\n<p>M\u00eame mont\u00e9 sur l&rsquo;EOS 5D mark III qui n&rsquo;est pas le plus petit des bo\u00eetiers, la taille de l&rsquo;objectif reste impressionnante !<\/p>\n<p>Il n&rsquo;y a pas de secret, pour obtenir un objectif lumineux, c&rsquo;est math\u00e9matique, il faut un tr\u00e8s grand diam\u00e8tre de lentille.<\/p>\n<p><a href=\"https:\/\/www.huruguen.fr\/site\/wp-content\/uploads\/2017\/01\/Canon-EF-85mm-f1.2-L-USM-EOS-5D-mark-III.jpg\"><img loading=\"lazy\" decoding=\"async\" class=\"alignnone wp-image-55001\" src=\"https:\/\/www.huruguen.fr\/site\/wp-content\/uploads\/2017\/01\/Canon-EF-85mm-f1.2-L-USM-EOS-5D-mark-III-1024x768.jpg\" alt=\"\" width=\"467\" height=\"350\" data-id=\"55001\" srcset=\"https:\/\/www.huruguen.fr\/site\/wp-content\/uploads\/2017\/01\/Canon-EF-85mm-f1.2-L-USM-EOS-5D-mark-III-1024x768.jpg 1024w, https:\/\/www.huruguen.fr\/site\/wp-content\/uploads\/2017\/01\/Canon-EF-85mm-f1.2-L-USM-EOS-5D-mark-III-300x225.jpg 300w, https:\/\/www.huruguen.fr\/site\/wp-content\/uploads\/2017\/01\/Canon-EF-85mm-f1.2-L-USM-EOS-5D-mark-III-768x576.jpg 768w, https:\/\/www.huruguen.fr\/site\/wp-content\/uploads\/2017\/01\/Canon-EF-85mm-f1.2-L-USM-EOS-5D-mark-III.jpg 1259w\" sizes=\"auto, (max-width: 467px) 100vw, 467px\" \/><\/a><\/p>\n<p>&nbsp;<\/p>\n<p><strong>Quelques photos r\u00e9alis\u00e9es sur le terrain :<\/strong><\/p>\n<p><a href=\"https:\/\/www.huruguen.fr\/site\/wp-content\/uploads\/2016\/12\/danseuse-darwin-bordeaux-sunset-sebastien-huruguen-photographe.jpg\"><img loading=\"lazy\" decoding=\"async\" class=\"alignnone size-large wp-image-54907\" src=\"https:\/\/www.huruguen.fr\/site\/wp-content\/uploads\/2016\/12\/danseuse-darwin-bordeaux-sunset-sebastien-huruguen-photographe-1024x683.jpg\" alt=\"\" width=\"940\" height=\"627\" data-id=\"54907\" srcset=\"https:\/\/www.huruguen.fr\/site\/wp-content\/uploads\/2016\/12\/danseuse-darwin-bordeaux-sunset-sebastien-huruguen-photographe-1024x683.jpg 1024w, https:\/\/www.huruguen.fr\/site\/wp-content\/uploads\/2016\/12\/danseuse-darwin-bordeaux-sunset-sebastien-huruguen-photographe-300x200.jpg 300w, https:\/\/www.huruguen.fr\/site\/wp-content\/uploads\/2016\/12\/danseuse-darwin-bordeaux-sunset-sebastien-huruguen-photographe-768x512.jpg 768w, https:\/\/www.huruguen.fr\/site\/wp-content\/uploads\/2016\/12\/danseuse-darwin-bordeaux-sunset-sebastien-huruguen-photographe.jpg 1500w\" sizes=\"auto, (max-width: 940px) 100vw, 940px\" \/><\/a><\/p>\n<p><a href=\"https:\/\/www.huruguen.fr\/site\/wp-content\/uploads\/2016\/06\/nena-balbina-les-mariages-de-mademoiselle-L-Elisabeth-Delsol-sebastien-huruguen-photographe-bordeaux-littlecakesisters1.jpg\"><img loading=\"lazy\" decoding=\"async\" class=\"alignnone size-large wp-image-54274\" src=\"https:\/\/www.huruguen.fr\/site\/wp-content\/uploads\/2016\/06\/nena-balbina-les-mariages-de-mademoiselle-L-Elisabeth-Delsol-sebastien-huruguen-photographe-bordeaux-littlecakesisters1-1024x683.jpg\" alt=\"\" width=\"940\" height=\"627\" data-id=\"54274\" srcset=\"https:\/\/www.huruguen.fr\/site\/wp-content\/uploads\/2016\/06\/nena-balbina-les-mariages-de-mademoiselle-L-Elisabeth-Delsol-sebastien-huruguen-photographe-bordeaux-littlecakesisters1-1024x683.jpg 1024w, https:\/\/www.huruguen.fr\/site\/wp-content\/uploads\/2016\/06\/nena-balbina-les-mariages-de-mademoiselle-L-Elisabeth-Delsol-sebastien-huruguen-photographe-bordeaux-littlecakesisters1-300x200.jpg 300w, https:\/\/www.huruguen.fr\/site\/wp-content\/uploads\/2016\/06\/nena-balbina-les-mariages-de-mademoiselle-L-Elisabeth-Delsol-sebastien-huruguen-photographe-bordeaux-littlecakesisters1-768x512.jpg 768w, https:\/\/www.huruguen.fr\/site\/wp-content\/uploads\/2016\/06\/nena-balbina-les-mariages-de-mademoiselle-L-Elisabeth-Delsol-sebastien-huruguen-photographe-bordeaux-littlecakesisters1.jpg 1500w\" sizes=\"auto, (max-width: 940px) 100vw, 940px\" \/><\/a><\/p>\n<p><a href=\"https:\/\/www.huruguen.fr\/site\/wp-content\/uploads\/2016\/04\/photographe-bordeaux-mariage.jpg\"><img loading=\"lazy\" decoding=\"async\" class=\"alignnone size-large wp-image-53969\" src=\"https:\/\/www.huruguen.fr\/site\/wp-content\/uploads\/2016\/04\/photographe-bordeaux-mariage-1024x682.jpg\" alt=\"\" width=\"940\" height=\"626\" data-id=\"53969\" srcset=\"https:\/\/www.huruguen.fr\/site\/wp-content\/uploads\/2016\/04\/photographe-bordeaux-mariage-1024x682.jpg 1024w, https:\/\/www.huruguen.fr\/site\/wp-content\/uploads\/2016\/04\/photographe-bordeaux-mariage-300x200.jpg 300w, https:\/\/www.huruguen.fr\/site\/wp-content\/uploads\/2016\/04\/photographe-bordeaux-mariage-768x512.jpg 768w, https:\/\/www.huruguen.fr\/site\/wp-content\/uploads\/2016\/04\/photographe-bordeaux-mariage-740x494.jpg 740w, https:\/\/www.huruguen.fr\/site\/wp-content\/uploads\/2016\/04\/photographe-bordeaux-mariage-370x247.jpg 370w, https:\/\/www.huruguen.fr\/site\/wp-content\/uploads\/2016\/04\/photographe-bordeaux-mariage.jpg 2000w\" sizes=\"auto, (max-width: 940px) 100vw, 940px\" \/><\/a><\/p>\n<p><a href=\"https:\/\/www.huruguen.fr\/site\/wp-content\/uploads\/2016\/12\/danseuse-bordeaux-darwin-ballerine-tutu-skatepark-portrait-sebastien-huruguen-photographe.jpg\"><img loading=\"lazy\" decoding=\"async\" class=\"alignnone size-large wp-image-54903\" src=\"https:\/\/www.huruguen.fr\/site\/wp-content\/uploads\/2016\/12\/danseuse-bordeaux-darwin-ballerine-tutu-skatepark-portrait-sebastien-huruguen-photographe-1024x683.jpg\" alt=\"\" width=\"940\" height=\"627\" data-id=\"54903\" srcset=\"https:\/\/www.huruguen.fr\/site\/wp-content\/uploads\/2016\/12\/danseuse-bordeaux-darwin-ballerine-tutu-skatepark-portrait-sebastien-huruguen-photographe-1024x683.jpg 1024w, https:\/\/www.huruguen.fr\/site\/wp-content\/uploads\/2016\/12\/danseuse-bordeaux-darwin-ballerine-tutu-skatepark-portrait-sebastien-huruguen-photographe-300x200.jpg 300w, https:\/\/www.huruguen.fr\/site\/wp-content\/uploads\/2016\/12\/danseuse-bordeaux-darwin-ballerine-tutu-skatepark-portrait-sebastien-huruguen-photographe-768x512.jpg 768w, https:\/\/www.huruguen.fr\/site\/wp-content\/uploads\/2016\/12\/danseuse-bordeaux-darwin-ballerine-tutu-skatepark-portrait-sebastien-huruguen-photographe.jpg 1500w\" sizes=\"auto, (max-width: 940px) 100vw, 940px\" \/><\/a><\/p>\n","protected":false},"excerpt":{"rendered":"<p>Test de la focale fixe ultime de Canon : l&rsquo;EF 85mm f\/1.2 L USM dans sa version II. V\u00e9ritable r\u00e9f\u00e9rence dans le monde de la photograhie professionnelle, la deuxi\u00e8me version du 85mm ultra lumineux de Canon ne d\u00e9roge pas \u00e0 &hellip; <a href=\"https:\/\/www.huruguen.fr\/site\/test-canon-ef-85mm-f1-2-l-ii-usm\/\">Lire la suite<\/a><\/p>\n","protected":false},"author":1,"featured_media":54990,"comment_status":"closed","ping_status":"open","sticky":false,"template":"","format":"standard","meta":{"kt_blocks_editor_width":"","footnotes":""},"categories":[1536],"tags":[],"class_list":["post-54976","post","type-post","status-publish","format-standard","has-post-thumbnail","hentry","category-blog"],"yoast_head":"<!-- This site is optimized with the Yoast SEO plugin v27.4 - https:\/\/yoast.com\/product\/yoast-seo-wordpress\/ -->\n<title>Test du Canon EF 85mm f\/1.2 L II USM - Photographe Professionnel \u00e0 Bordeaux &#x1f4f7; Sebastien Huruguen<\/title>\n<meta name=\"description\" content=\"V\u00e9ritable r\u00e9f\u00e9rence dans le monde de la photographie pro, l&#039;EF 85mm f\/1.2 L USM dans sa version II est utilis\u00e9 par les photographes les plus exigeants.\" \/>\n<meta name=\"robots\" content=\"index, follow, max-snippet:-1, max-image-preview:large, max-video-preview:-1\" \/>\n<link rel=\"canonical\" href=\"https:\/\/www.huruguen.fr\/site\/test-canon-ef-85mm-f1-2-l-ii-usm\/\" \/>\n<meta property=\"og:locale\" content=\"fr_FR\" \/>\n<meta property=\"og:type\" content=\"article\" \/>\n<meta property=\"og:title\" content=\"Test du Canon EF 85mm f\/1.2 L II USM - Photographe Professionnel \u00e0 Bordeaux &#x1f4f7; Sebastien Huruguen\" \/>\n<meta property=\"og:description\" content=\"V\u00e9ritable r\u00e9f\u00e9rence dans le monde de la photographie pro, l&#039;EF 85mm f\/1.2 L USM dans sa version II est utilis\u00e9 par les photographes les plus exigeants.\" \/>\n<meta property=\"og:url\" content=\"https:\/\/www.huruguen.fr\/site\/test-canon-ef-85mm-f1-2-l-ii-usm\/\" \/>\n<meta property=\"og:site_name\" content=\"Photographe Professionnel \u00e0 Bordeaux &#x1f4f7; Sebastien Huruguen\" \/>\n<meta property=\"article:publisher\" content=\"https:\/\/www.facebook.com\/huruguen\" \/>\n<meta property=\"article:author\" content=\"https:\/\/www.facebook.com\/huruguen\/\" \/>\n<meta property=\"article:published_time\" content=\"2017-01-06T11:47:45+00:00\" \/>\n<meta property=\"article:modified_time\" content=\"2017-01-06T12:14:42+00:00\" \/>\n<meta property=\"og:image\" content=\"https:\/\/www.huruguen.fr\/site\/wp-content\/uploads\/2017\/01\/canon-ef-85mm-L-USM-II-lens-objectif-photo-7.jpg\" \/>\n\t<meta property=\"og:image:width\" content=\"1500\" \/>\n\t<meta property=\"og:image:height\" content=\"1000\" \/>\n\t<meta property=\"og:image:type\" content=\"image\/jpeg\" \/>\n<meta name=\"author\" content=\"Sebastien Huruguen\" \/>\n<meta name=\"twitter:card\" content=\"summary_large_image\" \/>\n<meta name=\"twitter:creator\" content=\"@www_huruguen_fr\" \/>\n<meta name=\"twitter:site\" content=\"@www_huruguen_fr\" \/>\n<meta name=\"twitter:label1\" content=\"\u00c9crit par\" \/>\n\t<meta name=\"twitter:data1\" content=\"Sebastien Huruguen\" \/>\n\t<meta name=\"twitter:label2\" content=\"Dur\u00e9e de lecture estim\u00e9e\" \/>\n\t<meta name=\"twitter:data2\" content=\"1 minute\" \/>\n<script type=\"application\/ld+json\" class=\"yoast-schema-graph\">{\"@context\":\"https:\\\/\\\/schema.org\",\"@graph\":[{\"@type\":\"Article\",\"@id\":\"https:\\\/\\\/www.huruguen.fr\\\/site\\\/test-canon-ef-85mm-f1-2-l-ii-usm\\\/#article\",\"isPartOf\":{\"@id\":\"https:\\\/\\\/www.huruguen.fr\\\/site\\\/test-canon-ef-85mm-f1-2-l-ii-usm\\\/\"},\"author\":{\"name\":\"Sebastien Huruguen\",\"@id\":\"https:\\\/\\\/www.huruguen.fr\\\/site\\\/#\\\/schema\\\/person\\\/bdce6395a337c00db735bf5fa1268715\"},\"headline\":\"Test du Canon EF 85mm f\\\/1.2 L II USM\",\"datePublished\":\"2017-01-06T11:47:45+00:00\",\"dateModified\":\"2017-01-06T12:14:42+00:00\",\"mainEntityOfPage\":{\"@id\":\"https:\\\/\\\/www.huruguen.fr\\\/site\\\/test-canon-ef-85mm-f1-2-l-ii-usm\\\/\"},\"wordCount\":309,\"publisher\":{\"@id\":\"https:\\\/\\\/www.huruguen.fr\\\/site\\\/#organization\"},\"image\":{\"@id\":\"https:\\\/\\\/www.huruguen.fr\\\/site\\\/test-canon-ef-85mm-f1-2-l-ii-usm\\\/#primaryimage\"},\"thumbnailUrl\":\"https:\\\/\\\/www.huruguen.fr\\\/site\\\/wp-content\\\/uploads\\\/2017\\\/01\\\/canon-ef-85mm-L-USM-II-lens-objectif-photo-7.jpg\",\"articleSection\":[\"Blog\"],\"inLanguage\":\"fr-FR\"},{\"@type\":\"WebPage\",\"@id\":\"https:\\\/\\\/www.huruguen.fr\\\/site\\\/test-canon-ef-85mm-f1-2-l-ii-usm\\\/\",\"url\":\"https:\\\/\\\/www.huruguen.fr\\\/site\\\/test-canon-ef-85mm-f1-2-l-ii-usm\\\/\",\"name\":\"Test du Canon EF 85mm f\\\/1.2 L II USM - Photographe Professionnel \u00e0 Bordeaux &#x1f4f7; Sebastien Huruguen\",\"isPartOf\":{\"@id\":\"https:\\\/\\\/www.huruguen.fr\\\/site\\\/#website\"},\"primaryImageOfPage\":{\"@id\":\"https:\\\/\\\/www.huruguen.fr\\\/site\\\/test-canon-ef-85mm-f1-2-l-ii-usm\\\/#primaryimage\"},\"image\":{\"@id\":\"https:\\\/\\\/www.huruguen.fr\\\/site\\\/test-canon-ef-85mm-f1-2-l-ii-usm\\\/#primaryimage\"},\"thumbnailUrl\":\"https:\\\/\\\/www.huruguen.fr\\\/site\\\/wp-content\\\/uploads\\\/2017\\\/01\\\/canon-ef-85mm-L-USM-II-lens-objectif-photo-7.jpg\",\"datePublished\":\"2017-01-06T11:47:45+00:00\",\"dateModified\":\"2017-01-06T12:14:42+00:00\",\"description\":\"V\u00e9ritable r\u00e9f\u00e9rence dans le monde de la photographie pro, l'EF 85mm f\\\/1.2 L USM dans sa version II est utilis\u00e9 par les photographes les plus exigeants.\",\"breadcrumb\":{\"@id\":\"https:\\\/\\\/www.huruguen.fr\\\/site\\\/test-canon-ef-85mm-f1-2-l-ii-usm\\\/#breadcrumb\"},\"inLanguage\":\"fr-FR\",\"potentialAction\":[{\"@type\":\"ReadAction\",\"target\":[\"https:\\\/\\\/www.huruguen.fr\\\/site\\\/test-canon-ef-85mm-f1-2-l-ii-usm\\\/\"]}]},{\"@type\":\"ImageObject\",\"inLanguage\":\"fr-FR\",\"@id\":\"https:\\\/\\\/www.huruguen.fr\\\/site\\\/test-canon-ef-85mm-f1-2-l-ii-usm\\\/#primaryimage\",\"url\":\"https:\\\/\\\/www.huruguen.fr\\\/site\\\/wp-content\\\/uploads\\\/2017\\\/01\\\/canon-ef-85mm-L-USM-II-lens-objectif-photo-7.jpg\",\"contentUrl\":\"https:\\\/\\\/www.huruguen.fr\\\/site\\\/wp-content\\\/uploads\\\/2017\\\/01\\\/canon-ef-85mm-L-USM-II-lens-objectif-photo-7.jpg\",\"width\":1500,\"height\":1000,\"caption\":\"Canon EF 85mm f1.2 L USM II front lens\"},{\"@type\":\"BreadcrumbList\",\"@id\":\"https:\\\/\\\/www.huruguen.fr\\\/site\\\/test-canon-ef-85mm-f1-2-l-ii-usm\\\/#breadcrumb\",\"itemListElement\":[{\"@type\":\"ListItem\",\"position\":1,\"name\":\"Accueil\",\"item\":\"https:\\\/\\\/www.huruguen.fr\\\/site\\\/\"},{\"@type\":\"ListItem\",\"position\":2,\"name\":\"Test du Canon EF 85mm f\\\/1.2 L II USM\"}]},{\"@type\":\"WebSite\",\"@id\":\"https:\\\/\\\/www.huruguen.fr\\\/site\\\/#website\",\"url\":\"https:\\\/\\\/www.huruguen.fr\\\/site\\\/\",\"name\":\"Photographe Professionnel \u00e0 Bordeaux Sebastien Huruguen\",\"description\":\"Photographe professionnel ind\u00e9pendant a Bordeaux. Prestations et services photograpphiques pour les professionnels et particuliers : reportages, s\u00e9ances photos, studio, packshot.\",\"publisher\":{\"@id\":\"https:\\\/\\\/www.huruguen.fr\\\/site\\\/#organization\"},\"potentialAction\":[{\"@type\":\"SearchAction\",\"target\":{\"@type\":\"EntryPoint\",\"urlTemplate\":\"https:\\\/\\\/www.huruguen.fr\\\/site\\\/?s={search_term_string}\"},\"query-input\":{\"@type\":\"PropertyValueSpecification\",\"valueRequired\":true,\"valueName\":\"search_term_string\"}}],\"inLanguage\":\"fr-FR\"},{\"@type\":\"Organization\",\"@id\":\"https:\\\/\\\/www.huruguen.fr\\\/site\\\/#organization\",\"name\":\"S\u00e9bastien Huruguen Photographe\",\"url\":\"https:\\\/\\\/www.huruguen.fr\\\/site\\\/\",\"logo\":{\"@type\":\"ImageObject\",\"inLanguage\":\"fr-FR\",\"@id\":\"https:\\\/\\\/www.huruguen.fr\\\/site\\\/#\\\/schema\\\/logo\\\/image\\\/\",\"url\":\"https:\\\/\\\/www.huruguen.fr\\\/site\\\/wp-content\\\/uploads\\\/2018\\\/03\\\/Logo-Huruguen-triptique-2018-noir-1500.jpg\",\"contentUrl\":\"https:\\\/\\\/www.huruguen.fr\\\/site\\\/wp-content\\\/uploads\\\/2018\\\/03\\\/Logo-Huruguen-triptique-2018-noir-1500.jpg\",\"width\":1500,\"height\":1500,\"caption\":\"S\u00e9bastien Huruguen Photographe\"},\"image\":{\"@id\":\"https:\\\/\\\/www.huruguen.fr\\\/site\\\/#\\\/schema\\\/logo\\\/image\\\/\"},\"sameAs\":[\"https:\\\/\\\/www.facebook.com\\\/huruguen\",\"https:\\\/\\\/x.com\\\/www_huruguen_fr\",\"https:\\\/\\\/www.instagram.com\\\/sebastien.huruguen\\\/\"]},{\"@type\":\"Person\",\"@id\":\"https:\\\/\\\/www.huruguen.fr\\\/site\\\/#\\\/schema\\\/person\\\/bdce6395a337c00db735bf5fa1268715\",\"name\":\"Sebastien Huruguen\",\"description\":\"S\u00e9bastien Huruguen est photographe professionnel \u00e0 Bordeaux.\",\"sameAs\":[\"https:\\\/\\\/www.huruguen.fr\",\"https:\\\/\\\/www.facebook.com\\\/huruguen\\\/\",\"https:\\\/\\\/www.instagram.com\\\/sebastien.huruguen\\\/\",\"https:\\\/\\\/www.linkedin.com\\\/in\\\/sbastien-huruguen-95452342\\\/\",\"https:\\\/\\\/www.pinterest.fr\\\/shuruguen\\\/\",\"https:\\\/\\\/x.com\\\/www_huruguen_fr\",\"https:\\\/\\\/www.youtube.com\\\/channel\\\/UChEt96Suus_jyoBce80fNOA?nohtml5=False\"]}]}<\/script>\n<!-- \/ Yoast SEO plugin. -->","yoast_head_json":{"title":"Test du Canon EF 85mm f\/1.2 L II USM - Photographe Professionnel \u00e0 Bordeaux &#x1f4f7; Sebastien Huruguen","description":"V\u00e9ritable r\u00e9f\u00e9rence dans le monde de la photographie pro, l'EF 85mm f\/1.2 L USM dans sa version II est utilis\u00e9 par les photographes les plus exigeants.","robots":{"index":"index","follow":"follow","max-snippet":"max-snippet:-1","max-image-preview":"max-image-preview:large","max-video-preview":"max-video-preview:-1"},"canonical":"https:\/\/www.huruguen.fr\/site\/test-canon-ef-85mm-f1-2-l-ii-usm\/","og_locale":"fr_FR","og_type":"article","og_title":"Test du Canon EF 85mm f\/1.2 L II USM - Photographe Professionnel \u00e0 Bordeaux &#x1f4f7; Sebastien Huruguen","og_description":"V\u00e9ritable r\u00e9f\u00e9rence dans le monde de la photographie pro, l'EF 85mm f\/1.2 L USM dans sa version II est utilis\u00e9 par les photographes les plus exigeants.","og_url":"https:\/\/www.huruguen.fr\/site\/test-canon-ef-85mm-f1-2-l-ii-usm\/","og_site_name":"Photographe Professionnel \u00e0 Bordeaux &#x1f4f7; Sebastien Huruguen","article_publisher":"https:\/\/www.facebook.com\/huruguen","article_author":"https:\/\/www.facebook.com\/huruguen\/","article_published_time":"2017-01-06T11:47:45+00:00","article_modified_time":"2017-01-06T12:14:42+00:00","og_image":[{"width":1500,"height":1000,"url":"https:\/\/www.huruguen.fr\/site\/wp-content\/uploads\/2017\/01\/canon-ef-85mm-L-USM-II-lens-objectif-photo-7.jpg","type":"image\/jpeg"}],"author":"Sebastien Huruguen","twitter_card":"summary_large_image","twitter_creator":"@www_huruguen_fr","twitter_site":"@www_huruguen_fr","twitter_misc":{"\u00c9crit par":"Sebastien Huruguen","Dur\u00e9e de lecture estim\u00e9e":"1 minute"},"schema":{"@context":"https:\/\/schema.org","@graph":[{"@type":"Article","@id":"https:\/\/www.huruguen.fr\/site\/test-canon-ef-85mm-f1-2-l-ii-usm\/#article","isPartOf":{"@id":"https:\/\/www.huruguen.fr\/site\/test-canon-ef-85mm-f1-2-l-ii-usm\/"},"author":{"name":"Sebastien Huruguen","@id":"https:\/\/www.huruguen.fr\/site\/#\/schema\/person\/bdce6395a337c00db735bf5fa1268715"},"headline":"Test du Canon EF 85mm f\/1.2 L II USM","datePublished":"2017-01-06T11:47:45+00:00","dateModified":"2017-01-06T12:14:42+00:00","mainEntityOfPage":{"@id":"https:\/\/www.huruguen.fr\/site\/test-canon-ef-85mm-f1-2-l-ii-usm\/"},"wordCount":309,"publisher":{"@id":"https:\/\/www.huruguen.fr\/site\/#organization"},"image":{"@id":"https:\/\/www.huruguen.fr\/site\/test-canon-ef-85mm-f1-2-l-ii-usm\/#primaryimage"},"thumbnailUrl":"https:\/\/www.huruguen.fr\/site\/wp-content\/uploads\/2017\/01\/canon-ef-85mm-L-USM-II-lens-objectif-photo-7.jpg","articleSection":["Blog"],"inLanguage":"fr-FR"},{"@type":"WebPage","@id":"https:\/\/www.huruguen.fr\/site\/test-canon-ef-85mm-f1-2-l-ii-usm\/","url":"https:\/\/www.huruguen.fr\/site\/test-canon-ef-85mm-f1-2-l-ii-usm\/","name":"Test du Canon EF 85mm f\/1.2 L II USM - Photographe Professionnel \u00e0 Bordeaux &#x1f4f7; Sebastien Huruguen","isPartOf":{"@id":"https:\/\/www.huruguen.fr\/site\/#website"},"primaryImageOfPage":{"@id":"https:\/\/www.huruguen.fr\/site\/test-canon-ef-85mm-f1-2-l-ii-usm\/#primaryimage"},"image":{"@id":"https:\/\/www.huruguen.fr\/site\/test-canon-ef-85mm-f1-2-l-ii-usm\/#primaryimage"},"thumbnailUrl":"https:\/\/www.huruguen.fr\/site\/wp-content\/uploads\/2017\/01\/canon-ef-85mm-L-USM-II-lens-objectif-photo-7.jpg","datePublished":"2017-01-06T11:47:45+00:00","dateModified":"2017-01-06T12:14:42+00:00","description":"V\u00e9ritable r\u00e9f\u00e9rence dans le monde de la photographie pro, l'EF 85mm f\/1.2 L USM dans sa version II est utilis\u00e9 par les photographes les plus exigeants.","breadcrumb":{"@id":"https:\/\/www.huruguen.fr\/site\/test-canon-ef-85mm-f1-2-l-ii-usm\/#breadcrumb"},"inLanguage":"fr-FR","potentialAction":[{"@type":"ReadAction","target":["https:\/\/www.huruguen.fr\/site\/test-canon-ef-85mm-f1-2-l-ii-usm\/"]}]},{"@type":"ImageObject","inLanguage":"fr-FR","@id":"https:\/\/www.huruguen.fr\/site\/test-canon-ef-85mm-f1-2-l-ii-usm\/#primaryimage","url":"https:\/\/www.huruguen.fr\/site\/wp-content\/uploads\/2017\/01\/canon-ef-85mm-L-USM-II-lens-objectif-photo-7.jpg","contentUrl":"https:\/\/www.huruguen.fr\/site\/wp-content\/uploads\/2017\/01\/canon-ef-85mm-L-USM-II-lens-objectif-photo-7.jpg","width":1500,"height":1000,"caption":"Canon EF 85mm f1.2 L USM II front lens"},{"@type":"BreadcrumbList","@id":"https:\/\/www.huruguen.fr\/site\/test-canon-ef-85mm-f1-2-l-ii-usm\/#breadcrumb","itemListElement":[{"@type":"ListItem","position":1,"name":"Accueil","item":"https:\/\/www.huruguen.fr\/site\/"},{"@type":"ListItem","position":2,"name":"Test du Canon EF 85mm f\/1.2 L II USM"}]},{"@type":"WebSite","@id":"https:\/\/www.huruguen.fr\/site\/#website","url":"https:\/\/www.huruguen.fr\/site\/","name":"Photographe Professionnel \u00e0 Bordeaux Sebastien Huruguen","description":"Photographe professionnel ind\u00e9pendant a Bordeaux. Prestations et services photograpphiques pour les professionnels et particuliers : reportages, s\u00e9ances photos, studio, packshot.","publisher":{"@id":"https:\/\/www.huruguen.fr\/site\/#organization"},"potentialAction":[{"@type":"SearchAction","target":{"@type":"EntryPoint","urlTemplate":"https:\/\/www.huruguen.fr\/site\/?s={search_term_string}"},"query-input":{"@type":"PropertyValueSpecification","valueRequired":true,"valueName":"search_term_string"}}],"inLanguage":"fr-FR"},{"@type":"Organization","@id":"https:\/\/www.huruguen.fr\/site\/#organization","name":"S\u00e9bastien Huruguen Photographe","url":"https:\/\/www.huruguen.fr\/site\/","logo":{"@type":"ImageObject","inLanguage":"fr-FR","@id":"https:\/\/www.huruguen.fr\/site\/#\/schema\/logo\/image\/","url":"https:\/\/www.huruguen.fr\/site\/wp-content\/uploads\/2018\/03\/Logo-Huruguen-triptique-2018-noir-1500.jpg","contentUrl":"https:\/\/www.huruguen.fr\/site\/wp-content\/uploads\/2018\/03\/Logo-Huruguen-triptique-2018-noir-1500.jpg","width":1500,"height":1500,"caption":"S\u00e9bastien Huruguen Photographe"},"image":{"@id":"https:\/\/www.huruguen.fr\/site\/#\/schema\/logo\/image\/"},"sameAs":["https:\/\/www.facebook.com\/huruguen","https:\/\/x.com\/www_huruguen_fr","https:\/\/www.instagram.com\/sebastien.huruguen\/"]},{"@type":"Person","@id":"https:\/\/www.huruguen.fr\/site\/#\/schema\/person\/bdce6395a337c00db735bf5fa1268715","name":"Sebastien Huruguen","description":"S\u00e9bastien Huruguen est photographe professionnel \u00e0 Bordeaux.","sameAs":["https:\/\/www.huruguen.fr","https:\/\/www.facebook.com\/huruguen\/","https:\/\/www.instagram.com\/sebastien.huruguen\/","https:\/\/www.linkedin.com\/in\/sbastien-huruguen-95452342\/","https:\/\/www.pinterest.fr\/shuruguen\/","https:\/\/x.com\/www_huruguen_fr","https:\/\/www.youtube.com\/channel\/UChEt96Suus_jyoBce80fNOA?nohtml5=False"]}]}},"_links":{"self":[{"href":"https:\/\/www.huruguen.fr\/site\/wp-json\/wp\/v2\/posts\/54976","targetHints":{"allow":["GET"]}}],"collection":[{"href":"https:\/\/www.huruguen.fr\/site\/wp-json\/wp\/v2\/posts"}],"about":[{"href":"https:\/\/www.huruguen.fr\/site\/wp-json\/wp\/v2\/types\/post"}],"author":[{"embeddable":true,"href":"https:\/\/www.huruguen.fr\/site\/wp-json\/wp\/v2\/users\/1"}],"replies":[{"embeddable":true,"href":"https:\/\/www.huruguen.fr\/site\/wp-json\/wp\/v2\/comments?post=54976"}],"version-history":[{"count":15,"href":"https:\/\/www.huruguen.fr\/site\/wp-json\/wp\/v2\/posts\/54976\/revisions"}],"predecessor-version":[{"id":55004,"href":"https:\/\/www.huruguen.fr\/site\/wp-json\/wp\/v2\/posts\/54976\/revisions\/55004"}],"wp:featuredmedia":[{"embeddable":true,"href":"https:\/\/www.huruguen.fr\/site\/wp-json\/wp\/v2\/media\/54990"}],"wp:attachment":[{"href":"https:\/\/www.huruguen.fr\/site\/wp-json\/wp\/v2\/media?parent=54976"}],"wp:term":[{"taxonomy":"category","embeddable":true,"href":"https:\/\/www.huruguen.fr\/site\/wp-json\/wp\/v2\/categories?post=54976"},{"taxonomy":"post_tag","embeddable":true,"href":"https:\/\/www.huruguen.fr\/site\/wp-json\/wp\/v2\/tags?post=54976"}],"curies":[{"name":"wp","href":"https:\/\/api.w.org\/{rel}","templated":true}]}}