{"id":54592,"date":"2016-10-12T08:40:03","date_gmt":"2016-10-12T07:40:03","guid":{"rendered":"http:\/\/www.huruguen.fr\/site\/?p=54592"},"modified":"2020-04-14T14:06:58","modified_gmt":"2020-04-14T13:06:58","slug":"trail-jalle-2015-7km-14-km-st-jean-d-illac-gironde-running-course-courir","status":"publish","type":"post","link":"https:\/\/www.huruguen.fr\/site\/trail-jalle-2015-7km-14-km-st-jean-d-illac-gironde-running-course-courir\/","title":{"rendered":"Trail en Jalle 2015"},"content":{"rendered":"<p>Toute l&rsquo;\u00e9quipe de l&rsquo;Amicale des sapeurs pompiers de St Jean d&rsquo;Illac vous donne rendez vous pour la nouvelle \u00e9dition de Trail en Jalle, l&rsquo;\u00e9v\u00e9nement caritatif au profit de l&rsquo;AFM T\u00e9l\u00e9thon organis\u00e9 le 26 novembre prochain \u00e0 la plaine des sports Andr\u00e9 Maleyran de St Jean d&rsquo;Illac.<br \/>\nAu programme cette ann\u00e9e 3 parcours : en plus des fameux parcours trail 7km et 14km qui ont fait la r\u00e9putation de l\u2019\u00e9v\u00e9nement, un \u00ab\u00a0Parcours Solidaire\u00a0\u00bb sera organis\u00e9 le matin.<br \/>\nC&rsquo;est une\u00a0course r\u00e9unissant des personnes handicap\u00e9es, des personnes mobiles, des poussettes, skate et trottinettes \u2013 avec ou sans d\u00e9guisement. Le but recherch\u00e9 de cette course est la coh\u00e9sion, le partage et l\u2019entraide.<\/p>\n<p>Pensez \u00e0 vous inscrire pour cette nouvelle \u00e9dition sur\u00a0<a href=\"https:\/\/www.facebook.com\/Trail-En-Jalle-716792605109230\/\">trailenjalle.fr<\/a>\u00a0et n&rsquo;oubliez pas que vous retrouvez toutes les photos de l&rsquo;\u00e9dition pr\u00e9c\u00e9dent sur <a href=\"https:\/\/www.huruguen.fr\/site\/boutique-photos-triathlons\/\">La Boutique en Ligne<\/a> !<\/p>\n<p>Voici le programme de la journ\u00e9e pour cette\u00a0deuxi\u00e8me\u00a0\u00e9dition :<br \/>\n\u2013 9h00 : ouverture retrait des dossards pour les courses de l\u2019apr\u00e8s midi.<br \/>\n\u2013 10h00 : D\u00e9part du \u00ab\u00a0Parcours solidaire\u00a0\u00bb<br \/>\n\u2013 11h00 : Pot offert \u00e0 tous les participants du parcours solidaire.<br \/>\n\u2013 14h00 : D\u00e9part de la course 15 km<br \/>\n\u2013 14h15 : D\u00e9part de la course 7km<br \/>\n\u2013 16h30 : Remise des R\u00e9compenses<\/p>\n<p>Je vous propose un petit retour en images sur la premi\u00e8re \u00e9dition de ce bel \u00e9v\u00e9nement caritatif dont\u00a0tous les b\u00e9n\u00e9fices seront int\u00e9gralement revers\u00e9s au profit de l\u2019AFM T\u00e9l\u00e9thon.<\/p>\n<p><a href=\"https:\/\/www.facebook.com\/Trail-En-Jalle-716792605109230\/\" target=\"_blank\" rel=\"noopener noreferrer\"><img loading=\"lazy\" decoding=\"async\" class=\"aligncenter wp-image-54637 size-full\" src=\"https:\/\/www.huruguen.fr\/site\/wp-content\/uploads\/2016\/10\/trail-en-jalle-logo-344-pink.jpg\" alt=\"Trail en Jalle Saint Jean d'Illac Logo\" width=\"344\" height=\"96\" data-id=\"54637\" srcset=\"https:\/\/www.huruguen.fr\/site\/wp-content\/uploads\/2016\/10\/trail-en-jalle-logo-344-pink.jpg 344w, https:\/\/www.huruguen.fr\/site\/wp-content\/uploads\/2016\/10\/trail-en-jalle-logo-344-pink-300x84.jpg 300w\" sizes=\"auto, (max-width: 344px) 100vw, 344px\" \/><\/a><\/p>\n<p>&nbsp;<\/p>\n<div id=\"kad-wp-gallery21\" class=\"kad-wp-gallery kad-light-wp-gallery clearfix kt-gallery-column-3 rowtight\"><div class=\"tcol-lg-4 tcol-md-4 tcol-sm-4 tcol-xs-6 tcol-ss-12 g_item\"><div class=\"grid_item kad_gallery_fade_in gallery_item\"><a href=\"https:\/\/www.huruguen.fr\/site\/wp-content\/uploads\/2016\/10\/trail-en-jalle-2015-sebastien-huruguen-3-e1476259487822.jpg\" data-rel=\"lightbox\" class=\"lightboxhover\"><img loading=\"lazy\" decoding=\"async\" src=\"https:\/\/www.huruguen.fr\/site\/wp-content\/uploads\/2016\/10\/trail-en-jalle-2015-sebastien-huruguen-3-e1476259487822-400x400.jpg\" width=\"400\" height=\"400\" alt=\"course \u00e0 pieds running run courir trail en jalle saint jean d&#039;illac 2015 sebastien huruguen photographe bordeaux gironde echauffement\" srcset=\"https:\/\/www.huruguen.fr\/site\/wp-content\/uploads\/2016\/10\/trail-en-jalle-2015-sebastien-huruguen-3-e1476259487822-400x400.jpg 400w, https:\/\/www.huruguen.fr\/site\/wp-content\/uploads\/2016\/10\/trail-en-jalle-2015-sebastien-huruguen-3-e1476259487822-800x800.jpg 800w\" sizes=\"auto, (max-width: 400px) 100vw, 400px\" class=\"light-dropshaddow\"\/><\/a><\/div><\/div><div class=\"tcol-lg-4 tcol-md-4 tcol-sm-4 tcol-xs-6 tcol-ss-12 g_item\"><div class=\"grid_item kad_gallery_fade_in gallery_item\"><a href=\"https:\/\/www.huruguen.fr\/site\/wp-content\/uploads\/2016\/10\/trail-en-jalle-2015-sebastien-huruguen-42-e1476259190154.jpg\" data-rel=\"lightbox\" class=\"lightboxhover\"><img loading=\"lazy\" decoding=\"async\" src=\"https:\/\/www.huruguen.fr\/site\/wp-content\/uploads\/2016\/10\/trail-en-jalle-2015-sebastien-huruguen-42-e1476259190154-400x400.jpg\" width=\"400\" height=\"400\" alt=\"course \u00e0 pieds running run courir trail en jalle saint jean d&#039;illac 2015 sebastien huruguen photographe bordeaux gironde entre copines\" srcset=\"https:\/\/www.huruguen.fr\/site\/wp-content\/uploads\/2016\/10\/trail-en-jalle-2015-sebastien-huruguen-42-e1476259190154-400x400.jpg 400w, https:\/\/www.huruguen.fr\/site\/wp-content\/uploads\/2016\/10\/trail-en-jalle-2015-sebastien-huruguen-42-e1476259190154-800x800.jpg 800w\" sizes=\"auto, (max-width: 400px) 100vw, 400px\" class=\"light-dropshaddow\"\/><\/a><\/div><\/div><div class=\"tcol-lg-4 tcol-md-4 tcol-sm-4 tcol-xs-6 tcol-ss-12 g_item\"><div class=\"grid_item kad_gallery_fade_in gallery_item\"><a href=\"https:\/\/www.huruguen.fr\/site\/wp-content\/uploads\/2016\/10\/trail-en-jalle-2015-sebastien-huruguen-45-e1476259141581.jpg\" data-rel=\"lightbox\" class=\"lightboxhover\"><img loading=\"lazy\" decoding=\"async\" src=\"https:\/\/www.huruguen.fr\/site\/wp-content\/uploads\/2016\/10\/trail-en-jalle-2015-sebastien-huruguen-45-e1476259141581-400x400.jpg\" width=\"400\" height=\"400\" alt=\"course \u00e0 pieds running run courir trail en jalle saint jean d&#039;illac 2015 sebastien huruguen photographe bordeaux gironde\" srcset=\"https:\/\/www.huruguen.fr\/site\/wp-content\/uploads\/2016\/10\/trail-en-jalle-2015-sebastien-huruguen-45-e1476259141581-400x400.jpg 400w, https:\/\/www.huruguen.fr\/site\/wp-content\/uploads\/2016\/10\/trail-en-jalle-2015-sebastien-huruguen-45-e1476259141581-800x800.jpg 800w\" sizes=\"auto, (max-width: 400px) 100vw, 400px\" class=\"light-dropshaddow\"\/><\/a><\/div><\/div><div class=\"tcol-lg-4 tcol-md-4 tcol-sm-4 tcol-xs-6 tcol-ss-12 g_item\"><div class=\"grid_item kad_gallery_fade_in gallery_item\"><a href=\"https:\/\/www.huruguen.fr\/site\/wp-content\/uploads\/2016\/10\/trail-en-jalle-2015-sebastien-huruguen-47-e1476259030328.jpg\" data-rel=\"lightbox\" class=\"lightboxhover\"><img loading=\"lazy\" decoding=\"async\" src=\"https:\/\/www.huruguen.fr\/site\/wp-content\/uploads\/2016\/10\/trail-en-jalle-2015-sebastien-huruguen-47-e1476259030328-400x400.jpg\" width=\"400\" height=\"400\" alt=\"course \u00e0 pieds running run courir trail en jalle saint jean d&#039;illac 2015 sebastien huruguen photographe bordeaux gironde foret\" srcset=\"https:\/\/www.huruguen.fr\/site\/wp-content\/uploads\/2016\/10\/trail-en-jalle-2015-sebastien-huruguen-47-e1476259030328-400x400.jpg 400w, https:\/\/www.huruguen.fr\/site\/wp-content\/uploads\/2016\/10\/trail-en-jalle-2015-sebastien-huruguen-47-e1476259030328-800x800.jpg 800w\" sizes=\"auto, (max-width: 400px) 100vw, 400px\" class=\"light-dropshaddow\"\/><\/a><\/div><\/div><div class=\"tcol-lg-4 tcol-md-4 tcol-sm-4 tcol-xs-6 tcol-ss-12 g_item\"><div class=\"grid_item kad_gallery_fade_in gallery_item\"><a href=\"https:\/\/www.huruguen.fr\/site\/wp-content\/uploads\/2016\/10\/trail-en-jalle-2015-sebastien-huruguen-41-e1476259208661.jpg\" data-rel=\"lightbox\" class=\"lightboxhover\"><img loading=\"lazy\" decoding=\"async\" src=\"https:\/\/www.huruguen.fr\/site\/wp-content\/uploads\/2016\/10\/trail-en-jalle-2015-sebastien-huruguen-41-e1476259208661-400x400.jpg\" width=\"400\" height=\"400\" alt=\"course \u00e0 pieds running run courir trail en jalle saint jean d&#039;illac 2015 sebastien huruguen photographe bordeaux gironde avec la famille\" srcset=\"https:\/\/www.huruguen.fr\/site\/wp-content\/uploads\/2016\/10\/trail-en-jalle-2015-sebastien-huruguen-41-e1476259208661-400x400.jpg 400w, https:\/\/www.huruguen.fr\/site\/wp-content\/uploads\/2016\/10\/trail-en-jalle-2015-sebastien-huruguen-41-e1476259208661-800x800.jpg 800w\" sizes=\"auto, (max-width: 400px) 100vw, 400px\" class=\"light-dropshaddow\"\/><\/a><\/div><\/div><div class=\"tcol-lg-4 tcol-md-4 tcol-sm-4 tcol-xs-6 tcol-ss-12 g_item\"><div class=\"grid_item kad_gallery_fade_in gallery_item\"><a href=\"https:\/\/www.huruguen.fr\/site\/wp-content\/uploads\/2016\/10\/trail-en-jalle-2015-sebastien-huruguen-27-e1476259392752.jpg\" data-rel=\"lightbox\" class=\"lightboxhover\"><img loading=\"lazy\" decoding=\"async\" src=\"https:\/\/www.huruguen.fr\/site\/wp-content\/uploads\/2016\/10\/trail-en-jalle-2015-sebastien-huruguen-27-e1476259392752-400x400.jpg\" width=\"400\" height=\"400\" alt=\"course \u00e0 pieds running run courir trail en jalle saint jean d&#039;illac 2015 sebastien huruguen photographe bordeaux gironde femme\" srcset=\"https:\/\/www.huruguen.fr\/site\/wp-content\/uploads\/2016\/10\/trail-en-jalle-2015-sebastien-huruguen-27-e1476259392752-400x400.jpg 400w, https:\/\/www.huruguen.fr\/site\/wp-content\/uploads\/2016\/10\/trail-en-jalle-2015-sebastien-huruguen-27-e1476259392752-800x800.jpg 800w\" sizes=\"auto, (max-width: 400px) 100vw, 400px\" class=\"light-dropshaddow\"\/><\/a><\/div><\/div><div class=\"tcol-lg-4 tcol-md-4 tcol-sm-4 tcol-xs-6 tcol-ss-12 g_item\"><div class=\"grid_item kad_gallery_fade_in gallery_item\"><a href=\"https:\/\/www.huruguen.fr\/site\/wp-content\/uploads\/2016\/10\/trail-en-jalle-2015-sebastien-huruguen-25-e1476259416734.jpg\" data-rel=\"lightbox\" class=\"lightboxhover\"><img loading=\"lazy\" decoding=\"async\" src=\"https:\/\/www.huruguen.fr\/site\/wp-content\/uploads\/2016\/10\/trail-en-jalle-2015-sebastien-huruguen-25-e1476259416734-400x400.jpg\" width=\"400\" height=\"400\" alt=\"course \u00e0 pieds running run courir trail en jalle saint jean d&#039;illac 2015 sebastien huruguen photographe bordeaux gironde 7km\" srcset=\"https:\/\/www.huruguen.fr\/site\/wp-content\/uploads\/2016\/10\/trail-en-jalle-2015-sebastien-huruguen-25-e1476259416734-400x400.jpg 400w, https:\/\/www.huruguen.fr\/site\/wp-content\/uploads\/2016\/10\/trail-en-jalle-2015-sebastien-huruguen-25-e1476259416734-800x800.jpg 800w\" sizes=\"auto, (max-width: 400px) 100vw, 400px\" class=\"light-dropshaddow\"\/><\/a><\/div><\/div><div class=\"tcol-lg-4 tcol-md-4 tcol-sm-4 tcol-xs-6 tcol-ss-12 g_item\"><div class=\"grid_item kad_gallery_fade_in gallery_item\"><a href=\"https:\/\/www.huruguen.fr\/site\/wp-content\/uploads\/2016\/10\/trail-en-jalle-2015-sebastien-huruguen-40-e1476259229843.jpg\" data-rel=\"lightbox\" class=\"lightboxhover\"><img loading=\"lazy\" decoding=\"async\" src=\"https:\/\/www.huruguen.fr\/site\/wp-content\/uploads\/2016\/10\/trail-en-jalle-2015-sebastien-huruguen-40-e1476259229843-400x400.jpg\" width=\"400\" height=\"400\" alt=\"course \u00e0 pieds running run courir trail en jalle saint jean d&#039;illac 2015 sebastien huruguen photographe bordeaux gironde club\" srcset=\"https:\/\/www.huruguen.fr\/site\/wp-content\/uploads\/2016\/10\/trail-en-jalle-2015-sebastien-huruguen-40-e1476259229843-400x400.jpg 400w, https:\/\/www.huruguen.fr\/site\/wp-content\/uploads\/2016\/10\/trail-en-jalle-2015-sebastien-huruguen-40-e1476259229843-800x800.jpg 800w\" sizes=\"auto, (max-width: 400px) 100vw, 400px\" class=\"light-dropshaddow\"\/><\/a><\/div><\/div><div class=\"tcol-lg-4 tcol-md-4 tcol-sm-4 tcol-xs-6 tcol-ss-12 g_item\"><div class=\"grid_item kad_gallery_fade_in gallery_item\"><a href=\"https:\/\/www.huruguen.fr\/site\/wp-content\/uploads\/2016\/10\/trail-en-jalle-2015-sebastien-huruguen-15-e1476258302425.jpg\" data-rel=\"lightbox\" class=\"lightboxhover\"><img loading=\"lazy\" decoding=\"async\" src=\"https:\/\/www.huruguen.fr\/site\/wp-content\/uploads\/2016\/10\/trail-en-jalle-2015-sebastien-huruguen-15-e1476258302425-400x400.jpg\" width=\"400\" height=\"400\" alt=\"trail en jalle 2015 le d\u00e9part\" srcset=\"https:\/\/www.huruguen.fr\/site\/wp-content\/uploads\/2016\/10\/trail-en-jalle-2015-sebastien-huruguen-15-e1476258302425-400x400.jpg 400w, https:\/\/www.huruguen.fr\/site\/wp-content\/uploads\/2016\/10\/trail-en-jalle-2015-sebastien-huruguen-15-e1476258302425-800x800.jpg 800w\" sizes=\"auto, (max-width: 400px) 100vw, 400px\" class=\"light-dropshaddow\"\/><\/a><\/div><\/div><div class=\"tcol-lg-4 tcol-md-4 tcol-sm-4 tcol-xs-6 tcol-ss-12 g_item\"><div class=\"grid_item kad_gallery_fade_in gallery_item\"><a href=\"https:\/\/www.huruguen.fr\/site\/wp-content\/uploads\/2016\/10\/trail-en-jalle-2015-sebastien-huruguen-35-e1476259335598.jpg\" data-rel=\"lightbox\" class=\"lightboxhover\"><img loading=\"lazy\" decoding=\"async\" src=\"https:\/\/www.huruguen.fr\/site\/wp-content\/uploads\/2016\/10\/trail-en-jalle-2015-sebastien-huruguen-35-e1476259335598-400x400.jpg\" width=\"400\" height=\"400\" alt=\"course \u00e0 pieds running run courir trail en jalle saint jean d&#039;illac 2015 sebastien huruguen photographe bordeaux gironde tout sourire\" srcset=\"https:\/\/www.huruguen.fr\/site\/wp-content\/uploads\/2016\/10\/trail-en-jalle-2015-sebastien-huruguen-35-e1476259335598-400x400.jpg 400w, https:\/\/www.huruguen.fr\/site\/wp-content\/uploads\/2016\/10\/trail-en-jalle-2015-sebastien-huruguen-35-e1476259335598-800x800.jpg 800w\" sizes=\"auto, (max-width: 400px) 100vw, 400px\" class=\"light-dropshaddow\"\/><\/a><\/div><\/div><div class=\"tcol-lg-4 tcol-md-4 tcol-sm-4 tcol-xs-6 tcol-ss-12 g_item\"><div class=\"grid_item kad_gallery_fade_in gallery_item\"><a href=\"https:\/\/www.huruguen.fr\/site\/wp-content\/uploads\/2016\/10\/trail-en-jalle-2015-sebastien-huruguen-2-e1476259494883.jpg\" data-rel=\"lightbox\" class=\"lightboxhover\"><img loading=\"lazy\" decoding=\"async\" src=\"https:\/\/www.huruguen.fr\/site\/wp-content\/uploads\/2016\/10\/trail-en-jalle-2015-sebastien-huruguen-2-e1476259494883-400x400.jpg\" width=\"400\" height=\"400\" alt=\"course \u00e0 pieds running run courir trail en jalle saint jean d&#039;illac 2015 sebastien huruguen photographe bordeaux gironde preparation\" srcset=\"https:\/\/www.huruguen.fr\/site\/wp-content\/uploads\/2016\/10\/trail-en-jalle-2015-sebastien-huruguen-2-e1476259494883-400x400.jpg 400w, https:\/\/www.huruguen.fr\/site\/wp-content\/uploads\/2016\/10\/trail-en-jalle-2015-sebastien-huruguen-2-e1476259494883-800x800.jpg 800w\" sizes=\"auto, (max-width: 400px) 100vw, 400px\" class=\"light-dropshaddow\"\/><\/a><\/div><\/div><div class=\"tcol-lg-4 tcol-md-4 tcol-sm-4 tcol-xs-6 tcol-ss-12 g_item\"><div class=\"grid_item kad_gallery_fade_in gallery_item\"><a href=\"https:\/\/www.huruguen.fr\/site\/wp-content\/uploads\/2016\/10\/trail-en-jalle-2015-sebastien-huruguen-46-e1476259126575.jpg\" data-rel=\"lightbox\" class=\"lightboxhover\"><img loading=\"lazy\" decoding=\"async\" src=\"https:\/\/www.huruguen.fr\/site\/wp-content\/uploads\/2016\/10\/trail-en-jalle-2015-sebastien-huruguen-46-e1476259126575-400x400.jpg\" width=\"400\" height=\"400\" alt=\"course \u00e0 pieds running run courir trail en jalle saint jean d&#039;illac 2015 sebastien huruguen photographe bordeaux gironde groupe de coureurs\" srcset=\"https:\/\/www.huruguen.fr\/site\/wp-content\/uploads\/2016\/10\/trail-en-jalle-2015-sebastien-huruguen-46-e1476259126575-400x400.jpg 400w, https:\/\/www.huruguen.fr\/site\/wp-content\/uploads\/2016\/10\/trail-en-jalle-2015-sebastien-huruguen-46-e1476259126575-800x800.jpg 800w\" sizes=\"auto, (max-width: 400px) 100vw, 400px\" class=\"light-dropshaddow\"\/><\/a><\/div><\/div><div class=\"tcol-lg-4 tcol-md-4 tcol-sm-4 tcol-xs-6 tcol-ss-12 g_item\"><div class=\"grid_item kad_gallery_fade_in gallery_item\"><a href=\"https:\/\/www.huruguen.fr\/site\/wp-content\/uploads\/2016\/10\/trail-en-jalle-2015-sebastien-huruguen-39-e1476259274205.jpg\" data-rel=\"lightbox\" class=\"lightboxhover\"><img loading=\"lazy\" decoding=\"async\" src=\"https:\/\/www.huruguen.fr\/site\/wp-content\/uploads\/2016\/10\/trail-en-jalle-2015-sebastien-huruguen-39-e1476259274205-400x400.jpg\" width=\"400\" height=\"400\" alt=\"course \u00e0 pieds running run courir trail en jalle saint jean d&#039;illac 2015 sebastien huruguen photographe bordeaux gironde sportif\" srcset=\"https:\/\/www.huruguen.fr\/site\/wp-content\/uploads\/2016\/10\/trail-en-jalle-2015-sebastien-huruguen-39-e1476259274205-400x400.jpg 400w, https:\/\/www.huruguen.fr\/site\/wp-content\/uploads\/2016\/10\/trail-en-jalle-2015-sebastien-huruguen-39-e1476259274205-800x800.jpg 800w\" sizes=\"auto, (max-width: 400px) 100vw, 400px\" class=\"light-dropshaddow\"\/><\/a><\/div><\/div><div class=\"tcol-lg-4 tcol-md-4 tcol-sm-4 tcol-xs-6 tcol-ss-12 g_item\"><div class=\"grid_item kad_gallery_fade_in gallery_item\"><a href=\"https:\/\/www.huruguen.fr\/site\/wp-content\/uploads\/2016\/10\/trail-en-jalle-2015-sebastien-huruguen-17-e1476258285917.jpg\" data-rel=\"lightbox\" class=\"lightboxhover\"><img loading=\"lazy\" decoding=\"async\" src=\"https:\/\/www.huruguen.fr\/site\/wp-content\/uploads\/2016\/10\/trail-en-jalle-2015-sebastien-huruguen-17-e1476258285917-400x400.jpg\" width=\"400\" height=\"400\" alt=\"d\u00e9part de la premi\u00e8re \u00e9dition du Trail en Jalle \u00e0 St Jean d&#039;Illac sur la plaine des sports andr\u00e9 maleyran\" srcset=\"https:\/\/www.huruguen.fr\/site\/wp-content\/uploads\/2016\/10\/trail-en-jalle-2015-sebastien-huruguen-17-e1476258285917-400x400.jpg 400w, https:\/\/www.huruguen.fr\/site\/wp-content\/uploads\/2016\/10\/trail-en-jalle-2015-sebastien-huruguen-17-e1476258285917-800x800.jpg 800w\" sizes=\"auto, (max-width: 400px) 100vw, 400px\" class=\"light-dropshaddow\"\/><\/a><\/div><\/div><div class=\"tcol-lg-4 tcol-md-4 tcol-sm-4 tcol-xs-6 tcol-ss-12 g_item\"><div class=\"grid_item kad_gallery_fade_in gallery_item\"><a href=\"https:\/\/www.huruguen.fr\/site\/wp-content\/uploads\/2016\/10\/trail-en-jalle-2015-sebastien-huruguen-36-e1476259319654.jpg\" data-rel=\"lightbox\" class=\"lightboxhover\"><img loading=\"lazy\" decoding=\"async\" src=\"https:\/\/www.huruguen.fr\/site\/wp-content\/uploads\/2016\/10\/trail-en-jalle-2015-sebastien-huruguen-36-e1476259319654-400x400.jpg\" width=\"400\" height=\"400\" alt=\"course \u00e0 pieds running run courir trail en jalle saint jean d&#039;illac 2015 sebastien huruguen photographe bordeaux gironde sable\" srcset=\"https:\/\/www.huruguen.fr\/site\/wp-content\/uploads\/2016\/10\/trail-en-jalle-2015-sebastien-huruguen-36-e1476259319654-400x400.jpg 400w, https:\/\/www.huruguen.fr\/site\/wp-content\/uploads\/2016\/10\/trail-en-jalle-2015-sebastien-huruguen-36-e1476259319654-800x800.jpg 800w\" sizes=\"auto, (max-width: 400px) 100vw, 400px\" class=\"light-dropshaddow\"\/><\/a><\/div><\/div><div class=\"tcol-lg-4 tcol-md-4 tcol-sm-4 tcol-xs-6 tcol-ss-12 g_item\"><div class=\"grid_item kad_gallery_fade_in gallery_item\"><a href=\"https:\/\/www.huruguen.fr\/site\/wp-content\/uploads\/2016\/10\/trail-en-jalle-2015-sebastien-huruguen-9-e1476259480899.jpg\" data-rel=\"lightbox\" class=\"lightboxhover\"><img loading=\"lazy\" decoding=\"async\" src=\"https:\/\/www.huruguen.fr\/site\/wp-content\/uploads\/2016\/10\/trail-en-jalle-2015-sebastien-huruguen-9-e1476259480899-400x400.jpg\" width=\"400\" height=\"400\" alt=\"course \u00e0 pieds running run courir trail en jalle saint jean d&#039;illac 2015 sebastien huruguen photographe bordeaux gironde au d\u00e9part\" srcset=\"https:\/\/www.huruguen.fr\/site\/wp-content\/uploads\/2016\/10\/trail-en-jalle-2015-sebastien-huruguen-9-e1476259480899-400x400.jpg 400w, https:\/\/www.huruguen.fr\/site\/wp-content\/uploads\/2016\/10\/trail-en-jalle-2015-sebastien-huruguen-9-e1476259480899-800x800.jpg 800w\" sizes=\"auto, (max-width: 400px) 100vw, 400px\" class=\"light-dropshaddow\"\/><\/a><\/div><\/div><div class=\"tcol-lg-4 tcol-md-4 tcol-sm-4 tcol-xs-6 tcol-ss-12 g_item\"><div class=\"grid_item kad_gallery_fade_in gallery_item\"><a href=\"https:\/\/www.huruguen.fr\/site\/wp-content\/uploads\/2016\/10\/trail-en-jalle-2015-sebastien-huruguen-22-e1476259449481.jpg\" data-rel=\"lightbox\" class=\"lightboxhover\"><img loading=\"lazy\" decoding=\"async\" src=\"https:\/\/www.huruguen.fr\/site\/wp-content\/uploads\/2016\/10\/trail-en-jalle-2015-sebastien-huruguen-22-e1476259449481-400x400.jpg\" width=\"400\" height=\"400\" alt=\"course \u00e0 pieds running run courir trail en jalle saint jean d&#039;illac 2015 sebastien huruguen photographe bordeaux gironde club local\" srcset=\"https:\/\/www.huruguen.fr\/site\/wp-content\/uploads\/2016\/10\/trail-en-jalle-2015-sebastien-huruguen-22-e1476259449481-400x400.jpg 400w, https:\/\/www.huruguen.fr\/site\/wp-content\/uploads\/2016\/10\/trail-en-jalle-2015-sebastien-huruguen-22-e1476259449481-800x800.jpg 800w\" sizes=\"auto, (max-width: 400px) 100vw, 400px\" class=\"light-dropshaddow\"\/><\/a><\/div><\/div><div class=\"tcol-lg-4 tcol-md-4 tcol-sm-4 tcol-xs-6 tcol-ss-12 g_item\"><div class=\"grid_item kad_gallery_fade_in gallery_item\"><a href=\"https:\/\/www.huruguen.fr\/site\/wp-content\/uploads\/2016\/10\/trail-en-jalle-2015-sebastien-huruguen-23-e1476259434173.jpg\" data-rel=\"lightbox\" class=\"lightboxhover\"><img loading=\"lazy\" decoding=\"async\" src=\"https:\/\/www.huruguen.fr\/site\/wp-content\/uploads\/2016\/10\/trail-en-jalle-2015-sebastien-huruguen-23-e1476259434173-400x400.jpg\" width=\"400\" height=\"400\" alt=\"course \u00e0 pieds running run courir trail en jalle saint jean d&#039;illac 2015 sebastien huruguen photographe bordeaux gironde coureur dans la foret\" srcset=\"https:\/\/www.huruguen.fr\/site\/wp-content\/uploads\/2016\/10\/trail-en-jalle-2015-sebastien-huruguen-23-e1476259434173-400x400.jpg 400w, https:\/\/www.huruguen.fr\/site\/wp-content\/uploads\/2016\/10\/trail-en-jalle-2015-sebastien-huruguen-23-e1476259434173-800x800.jpg 800w\" sizes=\"auto, (max-width: 400px) 100vw, 400px\" class=\"light-dropshaddow\"\/><\/a><\/div><\/div><div class=\"tcol-lg-4 tcol-md-4 tcol-sm-4 tcol-xs-6 tcol-ss-12 g_item\"><div class=\"grid_item kad_gallery_fade_in gallery_item\"><a href=\"https:\/\/www.huruguen.fr\/site\/wp-content\/uploads\/2016\/10\/trail-en-jalle-2015-sebastien-huruguen-38-e1476259289925.jpg\" data-rel=\"lightbox\" class=\"lightboxhover\"><img loading=\"lazy\" decoding=\"async\" src=\"https:\/\/www.huruguen.fr\/site\/wp-content\/uploads\/2016\/10\/trail-en-jalle-2015-sebastien-huruguen-38-e1476259289925-400x400.jpg\" width=\"400\" height=\"400\" alt=\"course \u00e0 pieds running run courir trail en jalle saint jean d&#039;illac 2015 sebastien huruguen photographe bordeaux gironde soleil\" srcset=\"https:\/\/www.huruguen.fr\/site\/wp-content\/uploads\/2016\/10\/trail-en-jalle-2015-sebastien-huruguen-38-e1476259289925-400x400.jpg 400w, https:\/\/www.huruguen.fr\/site\/wp-content\/uploads\/2016\/10\/trail-en-jalle-2015-sebastien-huruguen-38-e1476259289925-800x800.jpg 800w\" sizes=\"auto, (max-width: 400px) 100vw, 400px\" class=\"light-dropshaddow\"\/><\/a><\/div><\/div><div class=\"tcol-lg-4 tcol-md-4 tcol-sm-4 tcol-xs-6 tcol-ss-12 g_item\"><div class=\"grid_item kad_gallery_fade_in gallery_item\"><a href=\"https:\/\/www.huruguen.fr\/site\/wp-content\/uploads\/2016\/10\/trail-en-jalle-2015-sebastien-huruguen-21-e1476259458532.jpg\" data-rel=\"lightbox\" class=\"lightboxhover\"><img loading=\"lazy\" decoding=\"async\" src=\"https:\/\/www.huruguen.fr\/site\/wp-content\/uploads\/2016\/10\/trail-en-jalle-2015-sebastien-huruguen-21-e1476259458532-400x400.jpg\" width=\"400\" height=\"400\" alt=\"course \u00e0 pieds running run courir trail en jalle saint jean d&#039;illac 2015 sebastien huruguen photographe bordeaux gironde depart\" srcset=\"https:\/\/www.huruguen.fr\/site\/wp-content\/uploads\/2016\/10\/trail-en-jalle-2015-sebastien-huruguen-21-e1476259458532-400x400.jpg 400w, https:\/\/www.huruguen.fr\/site\/wp-content\/uploads\/2016\/10\/trail-en-jalle-2015-sebastien-huruguen-21-e1476259458532-800x800.jpg 800w\" sizes=\"auto, (max-width: 400px) 100vw, 400px\" class=\"light-dropshaddow\"\/><\/a><\/div><\/div><div class=\"tcol-lg-4 tcol-md-4 tcol-sm-4 tcol-xs-6 tcol-ss-12 g_item\"><div class=\"grid_item kad_gallery_fade_in gallery_item\"><a href=\"https:\/\/www.huruguen.fr\/site\/wp-content\/uploads\/2016\/10\/trail-en-jalle-2015-sebastien-huruguen-33-e1476259359217.jpg\" data-rel=\"lightbox\" class=\"lightboxhover\"><img loading=\"lazy\" decoding=\"async\" src=\"https:\/\/www.huruguen.fr\/site\/wp-content\/uploads\/2016\/10\/trail-en-jalle-2015-sebastien-huruguen-33-e1476259359217-400x400.jpg\" width=\"400\" height=\"400\" alt=\"course \u00e0 pieds running run courir trail en jalle saint jean d&#039;illac 2015 sebastien huruguen photographe bordeaux gironde 15km\" srcset=\"https:\/\/www.huruguen.fr\/site\/wp-content\/uploads\/2016\/10\/trail-en-jalle-2015-sebastien-huruguen-33-e1476259359217-400x400.jpg 400w, https:\/\/www.huruguen.fr\/site\/wp-content\/uploads\/2016\/10\/trail-en-jalle-2015-sebastien-huruguen-33-e1476259359217-800x800.jpg 800w\" sizes=\"auto, (max-width: 400px) 100vw, 400px\" class=\"light-dropshaddow\"\/><\/a><\/div><\/div><div class=\"tcol-lg-4 tcol-md-4 tcol-sm-4 tcol-xs-6 tcol-ss-12 g_item\"><div class=\"grid_item kad_gallery_fade_in gallery_item\"><a href=\"https:\/\/www.huruguen.fr\/site\/wp-content\/uploads\/2016\/10\/trail-en-jalle-2015-sebastien-huruguen-52-e1476258224532.jpg\" data-rel=\"lightbox\" class=\"lightboxhover\"><img loading=\"lazy\" decoding=\"async\" src=\"https:\/\/www.huruguen.fr\/site\/wp-content\/uploads\/2016\/10\/trail-en-jalle-2015-sebastien-huruguen-52-e1476258224532-400x400.jpg\" width=\"400\" height=\"400\" alt=\"Sur le podium l&#039;equipe organisatrice b\u00e9n\u00e9vole de l&#039;amicale des pompiers de st jean d&#039;illac trail en jalle 2015\" srcset=\"https:\/\/www.huruguen.fr\/site\/wp-content\/uploads\/2016\/10\/trail-en-jalle-2015-sebastien-huruguen-52-e1476258224532-400x400.jpg 400w, https:\/\/www.huruguen.fr\/site\/wp-content\/uploads\/2016\/10\/trail-en-jalle-2015-sebastien-huruguen-52-e1476258224532-800x800.jpg 800w\" sizes=\"auto, (max-width: 400px) 100vw, 400px\" class=\"light-dropshaddow\"\/><\/a><\/div><\/div><div class=\"tcol-lg-4 tcol-md-4 tcol-sm-4 tcol-xs-6 tcol-ss-12 g_item\"><div class=\"grid_item kad_gallery_fade_in gallery_item\"><a href=\"https:\/\/www.huruguen.fr\/site\/wp-content\/uploads\/2016\/10\/trail-en-jalle-2015-sebastien-huruguen-10-e1476258332918.jpg\" data-rel=\"lightbox\" class=\"lightboxhover\"><img loading=\"lazy\" decoding=\"async\" src=\"https:\/\/www.huruguen.fr\/site\/wp-content\/uploads\/2016\/10\/trail-en-jalle-2015-sebastien-huruguen-10-e1476258332918-400x400.jpg\" width=\"400\" height=\"400\" alt=\"la plaine des sports andr\u00e9 maleyran\" srcset=\"https:\/\/www.huruguen.fr\/site\/wp-content\/uploads\/2016\/10\/trail-en-jalle-2015-sebastien-huruguen-10-e1476258332918-400x400.jpg 400w, https:\/\/www.huruguen.fr\/site\/wp-content\/uploads\/2016\/10\/trail-en-jalle-2015-sebastien-huruguen-10-e1476258332918-800x800.jpg 800w\" sizes=\"auto, (max-width: 400px) 100vw, 400px\" class=\"light-dropshaddow\"\/><\/a><\/div><\/div><div class=\"tcol-lg-4 tcol-md-4 tcol-sm-4 tcol-xs-6 tcol-ss-12 g_item\"><div class=\"grid_item kad_gallery_fade_in gallery_item\"><a href=\"https:\/\/www.huruguen.fr\/site\/wp-content\/uploads\/2016\/10\/trail-en-jalle-2015-sebastien-huruguen-19-e1476259473983.jpg\" data-rel=\"lightbox\" class=\"lightboxhover\"><img loading=\"lazy\" decoding=\"async\" src=\"https:\/\/www.huruguen.fr\/site\/wp-content\/uploads\/2016\/10\/trail-en-jalle-2015-sebastien-huruguen-19-e1476259473983-400x400.jpg\" width=\"400\" height=\"400\" alt=\"course \u00e0 pieds running run courir trail en jalle saint jean d&#039;illac 2015 sebastien huruguen photographe bordeaux gironde plaine des sports\" srcset=\"https:\/\/www.huruguen.fr\/site\/wp-content\/uploads\/2016\/10\/trail-en-jalle-2015-sebastien-huruguen-19-e1476259473983-400x400.jpg 400w, https:\/\/www.huruguen.fr\/site\/wp-content\/uploads\/2016\/10\/trail-en-jalle-2015-sebastien-huruguen-19-e1476259473983-800x800.jpg 800w\" sizes=\"auto, (max-width: 400px) 100vw, 400px\" class=\"light-dropshaddow\"\/><\/a><\/div><\/div><div class=\"tcol-lg-4 tcol-md-4 tcol-sm-4 tcol-xs-6 tcol-ss-12 g_item\"><div class=\"grid_item kad_gallery_fade_in gallery_item\"><a href=\"https:\/\/www.huruguen.fr\/site\/wp-content\/uploads\/2016\/10\/trail-en-jalle-2015-sebastien-huruguen-14-e1476258317456.jpg\" data-rel=\"lightbox\" class=\"lightboxhover\"><img loading=\"lazy\" decoding=\"async\" src=\"https:\/\/www.huruguen.fr\/site\/wp-content\/uploads\/2016\/10\/trail-en-jalle-2015-sebastien-huruguen-14-e1476258317456-400x400.jpg\" width=\"400\" height=\"400\" alt=\"d\u00e9part du 7km et 15km trail en Jalle 2015\" srcset=\"https:\/\/www.huruguen.fr\/site\/wp-content\/uploads\/2016\/10\/trail-en-jalle-2015-sebastien-huruguen-14-e1476258317456-400x400.jpg 400w, https:\/\/www.huruguen.fr\/site\/wp-content\/uploads\/2016\/10\/trail-en-jalle-2015-sebastien-huruguen-14-e1476258317456-800x800.jpg 800w\" sizes=\"auto, (max-width: 400px) 100vw, 400px\" class=\"light-dropshaddow\"\/><\/a><\/div><\/div><div class=\"tcol-lg-4 tcol-md-4 tcol-sm-4 tcol-xs-6 tcol-ss-12 g_item\"><div class=\"grid_item kad_gallery_fade_in gallery_item\"><a href=\"https:\/\/www.huruguen.fr\/site\/wp-content\/uploads\/2016\/10\/trail-en-jalle-2015-sebastien-huruguen-4-e1476258360835.jpg\" data-rel=\"lightbox\" class=\"lightboxhover\"><img loading=\"lazy\" decoding=\"async\" src=\"https:\/\/www.huruguen.fr\/site\/wp-content\/uploads\/2016\/10\/trail-en-jalle-2015-sebastien-huruguen-4-e1476258360835-400x400.jpg\" width=\"400\" height=\"400\" alt=\"la bonne humeur et le soleil sur la premire \u00e9dition du trail en jalle \u00e0 saint jean d&#039;illac\" srcset=\"https:\/\/www.huruguen.fr\/site\/wp-content\/uploads\/2016\/10\/trail-en-jalle-2015-sebastien-huruguen-4-e1476258360835-400x400.jpg 400w, https:\/\/www.huruguen.fr\/site\/wp-content\/uploads\/2016\/10\/trail-en-jalle-2015-sebastien-huruguen-4-e1476258360835-800x800.jpg 800w\" sizes=\"auto, (max-width: 400px) 100vw, 400px\" class=\"light-dropshaddow\"\/><\/a><\/div><\/div><div class=\"tcol-lg-4 tcol-md-4 tcol-sm-4 tcol-xs-6 tcol-ss-12 g_item\"><div class=\"grid_item kad_gallery_fade_in gallery_item\"><a href=\"https:\/\/www.huruguen.fr\/site\/wp-content\/uploads\/2016\/10\/trail-en-jalle-2015-sebastien-huruguen-20-e1476259464373.jpg\" data-rel=\"lightbox\" class=\"lightboxhover\"><img loading=\"lazy\" decoding=\"async\" src=\"https:\/\/www.huruguen.fr\/site\/wp-content\/uploads\/2016\/10\/trail-en-jalle-2015-sebastien-huruguen-20-e1476259464373-400x400.jpg\" width=\"400\" height=\"400\" alt=\"course \u00e0 pieds running run courir trail en jalle saint jean d&#039;illac 2015 sebastien huruguen photographe bordeaux gironde les concurrents sur le debut de parcours\" srcset=\"https:\/\/www.huruguen.fr\/site\/wp-content\/uploads\/2016\/10\/trail-en-jalle-2015-sebastien-huruguen-20-e1476259464373-400x400.jpg 400w, https:\/\/www.huruguen.fr\/site\/wp-content\/uploads\/2016\/10\/trail-en-jalle-2015-sebastien-huruguen-20-e1476259464373-800x800.jpg 800w\" sizes=\"auto, (max-width: 400px) 100vw, 400px\" class=\"light-dropshaddow\"\/><\/a><\/div><\/div><div class=\"tcol-lg-4 tcol-md-4 tcol-sm-4 tcol-xs-6 tcol-ss-12 g_item\"><div class=\"grid_item kad_gallery_fade_in gallery_item\"><a href=\"https:\/\/www.huruguen.fr\/site\/wp-content\/uploads\/2016\/10\/trail-en-jalle-2015-sebastien-huruguen-48-e1476259014847.jpg\" data-rel=\"lightbox\" class=\"lightboxhover\"><img loading=\"lazy\" decoding=\"async\" src=\"https:\/\/www.huruguen.fr\/site\/wp-content\/uploads\/2016\/10\/trail-en-jalle-2015-sebastien-huruguen-48-e1476259014847-400x400.jpg\" width=\"400\" height=\"400\" alt=\"course \u00e0 pieds running run courir trail en jalle saint jean d&#039;illac 2015 sebastien huruguen photographe bordeaux gironde\" srcset=\"https:\/\/www.huruguen.fr\/site\/wp-content\/uploads\/2016\/10\/trail-en-jalle-2015-sebastien-huruguen-48-e1476259014847-400x400.jpg 400w, https:\/\/www.huruguen.fr\/site\/wp-content\/uploads\/2016\/10\/trail-en-jalle-2015-sebastien-huruguen-48-e1476259014847-800x800.jpg 800w\" sizes=\"auto, (max-width: 400px) 100vw, 400px\" class=\"light-dropshaddow\"\/><\/a><\/div><\/div><div class=\"tcol-lg-4 tcol-md-4 tcol-sm-4 tcol-xs-6 tcol-ss-12 g_item\"><div class=\"grid_item kad_gallery_fade_in gallery_item\"><a href=\"https:\/\/www.huruguen.fr\/site\/wp-content\/uploads\/2016\/10\/trail-en-jalle-2015-sebastien-huruguen-24-e1476259425999.jpg\" data-rel=\"lightbox\" class=\"lightboxhover\"><img loading=\"lazy\" decoding=\"async\" src=\"https:\/\/www.huruguen.fr\/site\/wp-content\/uploads\/2016\/10\/trail-en-jalle-2015-sebastien-huruguen-24-e1476259425999-400x400.jpg\" width=\"400\" height=\"400\" alt=\"course \u00e0 pieds running run courir trail en jalle saint jean d&#039;illac 2015 sebastien huruguen photographe bordeaux gironde un coureur heureux\" srcset=\"https:\/\/www.huruguen.fr\/site\/wp-content\/uploads\/2016\/10\/trail-en-jalle-2015-sebastien-huruguen-24-e1476259425999-400x400.jpg 400w, https:\/\/www.huruguen.fr\/site\/wp-content\/uploads\/2016\/10\/trail-en-jalle-2015-sebastien-huruguen-24-e1476259425999-800x800.jpg 800w\" sizes=\"auto, (max-width: 400px) 100vw, 400px\" class=\"light-dropshaddow\"\/><\/a><\/div><\/div><div class=\"tcol-lg-4 tcol-md-4 tcol-sm-4 tcol-xs-6 tcol-ss-12 g_item\"><div class=\"grid_item kad_gallery_fade_in gallery_item\"><a href=\"https:\/\/www.huruguen.fr\/site\/wp-content\/uploads\/2016\/10\/trail-en-jalle-2015-sebastien-huruguen-6-e1476258345502.jpg\" data-rel=\"lightbox\" class=\"lightboxhover\"><img loading=\"lazy\" decoding=\"async\" src=\"https:\/\/www.huruguen.fr\/site\/wp-content\/uploads\/2016\/10\/trail-en-jalle-2015-sebastien-huruguen-6-e1476258345502-400x400.jpg\" width=\"400\" height=\"400\" alt=\"D\u00e9part des courses trail 7km et 14km du Trail en Jalle \u00e0 la plaine des sports andr\u00e9 maleyran \u00e0 Saint Jean d&#039;Illac organis\u00e9 par l&#039;amicale des sapeurs pompiers\" srcset=\"https:\/\/www.huruguen.fr\/site\/wp-content\/uploads\/2016\/10\/trail-en-jalle-2015-sebastien-huruguen-6-e1476258345502-400x400.jpg 400w, https:\/\/www.huruguen.fr\/site\/wp-content\/uploads\/2016\/10\/trail-en-jalle-2015-sebastien-huruguen-6-e1476258345502-800x800.jpg 800w\" sizes=\"auto, (max-width: 400px) 100vw, 400px\" class=\"light-dropshaddow\"\/><\/a><\/div><\/div><div class=\"tcol-lg-4 tcol-md-4 tcol-sm-4 tcol-xs-6 tcol-ss-12 g_item\"><div class=\"grid_item kad_gallery_fade_in gallery_item\"><a href=\"https:\/\/www.huruguen.fr\/site\/wp-content\/uploads\/2016\/10\/trail-en-jalle-2015-sebastien-huruguen-44-e1476259154151.jpg\" data-rel=\"lightbox\" class=\"lightboxhover\"><img loading=\"lazy\" decoding=\"async\" src=\"https:\/\/www.huruguen.fr\/site\/wp-content\/uploads\/2016\/10\/trail-en-jalle-2015-sebastien-huruguen-44-e1476259154151-400x400.jpg\" width=\"400\" height=\"400\" alt=\"course \u00e0 pieds running run courir trail en jalle saint jean d&#039;illac 2015 sebastien huruguen photographe bordeaux gironde happy\" srcset=\"https:\/\/www.huruguen.fr\/site\/wp-content\/uploads\/2016\/10\/trail-en-jalle-2015-sebastien-huruguen-44-e1476259154151-400x400.jpg 400w, https:\/\/www.huruguen.fr\/site\/wp-content\/uploads\/2016\/10\/trail-en-jalle-2015-sebastien-huruguen-44-e1476259154151-800x800.jpg 800w\" sizes=\"auto, (max-width: 400px) 100vw, 400px\" class=\"light-dropshaddow\"\/><\/a><\/div><\/div><div class=\"tcol-lg-4 tcol-md-4 tcol-sm-4 tcol-xs-6 tcol-ss-12 g_item\"><div class=\"grid_item kad_gallery_fade_in gallery_item\"><a href=\"https:\/\/www.huruguen.fr\/site\/wp-content\/uploads\/2016\/10\/trail-en-jalle-2015-sebastien-huruguen-1-e1476258377232.jpg\" data-rel=\"lightbox\" class=\"lightboxhover\"><img loading=\"lazy\" decoding=\"async\" src=\"https:\/\/www.huruguen.fr\/site\/wp-content\/uploads\/2016\/10\/trail-en-jalle-2015-sebastien-huruguen-1-e1476258377232-400x400.jpg\" width=\"400\" height=\"400\" alt=\"la plaine des sports de saint jean d&#039;illac accueille le d\u00e9part du trail en jalle\" srcset=\"https:\/\/www.huruguen.fr\/site\/wp-content\/uploads\/2016\/10\/trail-en-jalle-2015-sebastien-huruguen-1-e1476258377232-400x400.jpg 400w, https:\/\/www.huruguen.fr\/site\/wp-content\/uploads\/2016\/10\/trail-en-jalle-2015-sebastien-huruguen-1-e1476258377232-800x800.jpg 800w\" sizes=\"auto, (max-width: 400px) 100vw, 400px\" class=\"light-dropshaddow\"\/><\/a><\/div><\/div><div class=\"tcol-lg-4 tcol-md-4 tcol-sm-4 tcol-xs-6 tcol-ss-12 g_item\"><div class=\"grid_item kad_gallery_fade_in gallery_item\"><a href=\"https:\/\/www.huruguen.fr\/site\/wp-content\/uploads\/2016\/10\/trail-en-jalle-2015-sebastien-huruguen-53-e1476258202212.jpg\" data-rel=\"lightbox\" class=\"lightboxhover\"><img loading=\"lazy\" decoding=\"async\" src=\"https:\/\/www.huruguen.fr\/site\/wp-content\/uploads\/2016\/10\/trail-en-jalle-2015-sebastien-huruguen-53-e1476258202212-400x400.jpg\" width=\"400\" height=\"400\" alt=\"l&#039;equipe organisatrice b\u00e9n\u00e9vole de l&#039;amicale des pompiers de st jean d&#039;illac trail en jalle 2015\" srcset=\"https:\/\/www.huruguen.fr\/site\/wp-content\/uploads\/2016\/10\/trail-en-jalle-2015-sebastien-huruguen-53-e1476258202212-400x400.jpg 400w, https:\/\/www.huruguen.fr\/site\/wp-content\/uploads\/2016\/10\/trail-en-jalle-2015-sebastien-huruguen-53-e1476258202212-800x800.jpg 800w\" sizes=\"auto, (max-width: 400px) 100vw, 400px\" class=\"light-dropshaddow\"\/><\/a><\/div><\/div><div class=\"tcol-lg-4 tcol-md-4 tcol-sm-4 tcol-xs-6 tcol-ss-12 g_item\"><div class=\"grid_item kad_gallery_fade_in gallery_item\"><a href=\"https:\/\/www.huruguen.fr\/site\/wp-content\/uploads\/2016\/10\/trail-en-jalle-2015-sebastien-huruguen-43-e1476259168845.jpg\" data-rel=\"lightbox\" class=\"lightboxhover\"><img loading=\"lazy\" decoding=\"async\" src=\"https:\/\/www.huruguen.fr\/site\/wp-content\/uploads\/2016\/10\/trail-en-jalle-2015-sebastien-huruguen-43-e1476259168845-400x400.jpg\" width=\"400\" height=\"400\" alt=\"course \u00e0 pieds running run courir trail en jalle saint jean d&#039;illac 2015 sebastien huruguen photographe bordeaux gironde couple\" srcset=\"https:\/\/www.huruguen.fr\/site\/wp-content\/uploads\/2016\/10\/trail-en-jalle-2015-sebastien-huruguen-43-e1476259168845-400x400.jpg 400w, https:\/\/www.huruguen.fr\/site\/wp-content\/uploads\/2016\/10\/trail-en-jalle-2015-sebastien-huruguen-43-e1476259168845-800x800.jpg 800w\" sizes=\"auto, (max-width: 400px) 100vw, 400px\" class=\"light-dropshaddow\"\/><\/a><\/div><\/div><div class=\"tcol-lg-4 tcol-md-4 tcol-sm-4 tcol-xs-6 tcol-ss-12 g_item\"><div class=\"grid_item kad_gallery_fade_in gallery_item\"><a href=\"https:\/\/www.huruguen.fr\/site\/wp-content\/uploads\/2016\/10\/trail-en-jalle-2015-sebastien-huruguen-32-e1476259370220.jpg\" data-rel=\"lightbox\" class=\"lightboxhover\"><img loading=\"lazy\" decoding=\"async\" src=\"https:\/\/www.huruguen.fr\/site\/wp-content\/uploads\/2016\/10\/trail-en-jalle-2015-sebastien-huruguen-32-e1476259370220-400x400.jpg\" width=\"400\" height=\"400\" alt=\"course \u00e0 pieds running run courir trail en jalle saint jean d&#039;illac 2015 sebastien huruguen photographe bordeaux gironde entre amies\" srcset=\"https:\/\/www.huruguen.fr\/site\/wp-content\/uploads\/2016\/10\/trail-en-jalle-2015-sebastien-huruguen-32-e1476259370220-400x400.jpg 400w, https:\/\/www.huruguen.fr\/site\/wp-content\/uploads\/2016\/10\/trail-en-jalle-2015-sebastien-huruguen-32-e1476259370220-800x800.jpg 800w\" sizes=\"auto, (max-width: 400px) 100vw, 400px\" class=\"light-dropshaddow\"\/><\/a><\/div><\/div><div class=\"tcol-lg-4 tcol-md-4 tcol-sm-4 tcol-xs-6 tcol-ss-12 g_item\"><div class=\"grid_item kad_gallery_fade_in gallery_item\"><a href=\"https:\/\/www.huruguen.fr\/site\/wp-content\/uploads\/2016\/10\/trail-en-jalle-2015-sebastien-huruguen-28-e1476259380908.jpg\" data-rel=\"lightbox\" class=\"lightboxhover\"><img loading=\"lazy\" decoding=\"async\" src=\"https:\/\/www.huruguen.fr\/site\/wp-content\/uploads\/2016\/10\/trail-en-jalle-2015-sebastien-huruguen-28-e1476259380908-400x400.jpg\" width=\"400\" height=\"400\" alt=\"course \u00e0 pieds running run courir trail en jalle saint jean d&#039;illac 2015 sebastien huruguen photographe bordeaux gironde coeur coeur love\" srcset=\"https:\/\/www.huruguen.fr\/site\/wp-content\/uploads\/2016\/10\/trail-en-jalle-2015-sebastien-huruguen-28-e1476259380908-400x400.jpg 400w, https:\/\/www.huruguen.fr\/site\/wp-content\/uploads\/2016\/10\/trail-en-jalle-2015-sebastien-huruguen-28-e1476259380908-800x800.jpg 800w\" sizes=\"auto, (max-width: 400px) 100vw, 400px\" class=\"light-dropshaddow\"\/><\/a><\/div><\/div><div class=\"tcol-lg-4 tcol-md-4 tcol-sm-4 tcol-xs-6 tcol-ss-12 g_item\"><div class=\"grid_item kad_gallery_fade_in gallery_item\"><a href=\"https:\/\/www.huruguen.fr\/site\/wp-content\/uploads\/2016\/10\/trail-en-jalle-2015-sebastien-huruguen-37-e1476259304139.jpg\" data-rel=\"lightbox\" class=\"lightboxhover\"><img loading=\"lazy\" decoding=\"async\" src=\"https:\/\/www.huruguen.fr\/site\/wp-content\/uploads\/2016\/10\/trail-en-jalle-2015-sebastien-huruguen-37-e1476259304139-400x400.jpg\" width=\"400\" height=\"400\" alt=\"course \u00e0 pieds running run courir trail en jalle saint jean d&#039;illac 2015 sebastien huruguen photographe bordeaux gironde heureux\" srcset=\"https:\/\/www.huruguen.fr\/site\/wp-content\/uploads\/2016\/10\/trail-en-jalle-2015-sebastien-huruguen-37-e1476259304139-400x400.jpg 400w, https:\/\/www.huruguen.fr\/site\/wp-content\/uploads\/2016\/10\/trail-en-jalle-2015-sebastien-huruguen-37-e1476259304139-800x800.jpg 800w\" sizes=\"auto, (max-width: 400px) 100vw, 400px\" class=\"light-dropshaddow\"\/><\/a><\/div><\/div><div class=\"tcol-lg-4 tcol-md-4 tcol-sm-4 tcol-xs-6 tcol-ss-12 g_item\"><div class=\"grid_item kad_gallery_fade_in gallery_item\"><a href=\"https:\/\/www.huruguen.fr\/site\/wp-content\/uploads\/2016\/10\/trail-en-jalle-2015-sebastien-huruguen-51-e1476258250440.jpg\" data-rel=\"lightbox\" class=\"lightboxhover\"><img loading=\"lazy\" decoding=\"async\" src=\"https:\/\/www.huruguen.fr\/site\/wp-content\/uploads\/2016\/10\/trail-en-jalle-2015-sebastien-huruguen-51-e1476258250440-400x400.jpg\" width=\"400\" height=\"400\" alt=\"Podium hommes trail en jalle 2015 15km\" srcset=\"https:\/\/www.huruguen.fr\/site\/wp-content\/uploads\/2016\/10\/trail-en-jalle-2015-sebastien-huruguen-51-e1476258250440-400x400.jpg 400w, https:\/\/www.huruguen.fr\/site\/wp-content\/uploads\/2016\/10\/trail-en-jalle-2015-sebastien-huruguen-51-e1476258250440-800x800.jpg 800w\" sizes=\"auto, (max-width: 400px) 100vw, 400px\" class=\"light-dropshaddow\"\/><\/a><\/div><\/div><div class=\"tcol-lg-4 tcol-md-4 tcol-sm-4 tcol-xs-6 tcol-ss-12 g_item\"><div class=\"grid_item kad_gallery_fade_in gallery_item\"><a href=\"https:\/\/www.huruguen.fr\/site\/wp-content\/uploads\/2016\/10\/trail-en-jalle-2015-sebastien-huruguen-26-e1476259407142.jpg\" data-rel=\"lightbox\" class=\"lightboxhover\"><img loading=\"lazy\" decoding=\"async\" src=\"https:\/\/www.huruguen.fr\/site\/wp-content\/uploads\/2016\/10\/trail-en-jalle-2015-sebastien-huruguen-26-e1476259407142-400x400.jpg\" width=\"400\" height=\"400\" alt=\"course \u00e0 pieds running run courir trail en jalle saint jean d&#039;illac 2015 sebastien huruguen photographe bordeaux gironde pollet\" srcset=\"https:\/\/www.huruguen.fr\/site\/wp-content\/uploads\/2016\/10\/trail-en-jalle-2015-sebastien-huruguen-26-e1476259407142-400x400.jpg 400w, https:\/\/www.huruguen.fr\/site\/wp-content\/uploads\/2016\/10\/trail-en-jalle-2015-sebastien-huruguen-26-e1476259407142-800x800.jpg 800w\" sizes=\"auto, (max-width: 400px) 100vw, 400px\" class=\"light-dropshaddow\"\/><\/a><\/div><\/div><div class=\"tcol-lg-4 tcol-md-4 tcol-sm-4 tcol-xs-6 tcol-ss-12 g_item\"><div class=\"grid_item kad_gallery_fade_in gallery_item\"><a href=\"https:\/\/www.huruguen.fr\/site\/wp-content\/uploads\/2016\/10\/trail-en-jalle-2015-sebastien-huruguen-34-e1476259349333.jpg\" data-rel=\"lightbox\" class=\"lightboxhover\"><img loading=\"lazy\" decoding=\"async\" src=\"https:\/\/www.huruguen.fr\/site\/wp-content\/uploads\/2016\/10\/trail-en-jalle-2015-sebastien-huruguen-34-e1476259349333-400x400.jpg\" width=\"400\" height=\"400\" alt=\"course \u00e0 pieds running run courir trail en jalle saint jean d&#039;illac 2015 sebastien huruguen photographe bordeaux gironde performance\" srcset=\"https:\/\/www.huruguen.fr\/site\/wp-content\/uploads\/2016\/10\/trail-en-jalle-2015-sebastien-huruguen-34-e1476259349333-400x400.jpg 400w, https:\/\/www.huruguen.fr\/site\/wp-content\/uploads\/2016\/10\/trail-en-jalle-2015-sebastien-huruguen-34-e1476259349333-800x800.jpg 800w\" sizes=\"auto, (max-width: 400px) 100vw, 400px\" class=\"light-dropshaddow\"\/><\/a><\/div><\/div><div class=\"tcol-lg-4 tcol-md-4 tcol-sm-4 tcol-xs-6 tcol-ss-12 g_item\"><div class=\"grid_item kad_gallery_fade_in gallery_item\"><a href=\"https:\/\/www.huruguen.fr\/site\/wp-content\/uploads\/2016\/10\/trail-en-jalle-2015-sebastien-huruguen-31-e1476258267684.jpg\" data-rel=\"lightbox\" class=\"lightboxhover\"><img loading=\"lazy\" decoding=\"async\" src=\"https:\/\/www.huruguen.fr\/site\/wp-content\/uploads\/2016\/10\/trail-en-jalle-2015-sebastien-huruguen-31-e1476258267684-400x400.jpg\" width=\"400\" height=\"400\" alt=\"Ludovic Pollet vainqueur de l&#039;edition 2015 du Trail en Jalle 2015\" srcset=\"https:\/\/www.huruguen.fr\/site\/wp-content\/uploads\/2016\/10\/trail-en-jalle-2015-sebastien-huruguen-31-e1476258267684-400x400.jpg 400w, https:\/\/www.huruguen.fr\/site\/wp-content\/uploads\/2016\/10\/trail-en-jalle-2015-sebastien-huruguen-31-e1476258267684-800x800.jpg 800w\" sizes=\"auto, (max-width: 400px) 100vw, 400px\" class=\"light-dropshaddow\"\/><\/a><\/div><\/div><\/div>\n<div class=\"kad-youtube-shortcode videofit\"  ><iframe loading=\"lazy\" width=\"600\" height=\"400\" src=\"\/\/www.youtube.com\/embed\/csM705cc0T0?autoplay=0&amp;controls=1&amp;fs=1&amp;modestbranding=0&amp;theme=dark&amp;rel=0&amp;loop=0\" frameborder=\"0\" allowfullscreen=\"true\"><\/iframe><\/div>\n","protected":false},"excerpt":{"rendered":"<p>Toute l&rsquo;\u00e9quipe de l&rsquo;Amicale des sapeurs pompiers de St Jean d&rsquo;Illac vous donne rendez vous pour la nouvelle \u00e9dition de Trail en Jalle, l&rsquo;\u00e9v\u00e9nement caritatif au profit de l&rsquo;AFM T\u00e9l\u00e9thon organis\u00e9 le 26 novembre prochain \u00e0 la plaine des sports &hellip; <a href=\"https:\/\/www.huruguen.fr\/site\/trail-jalle-2015-7km-14-km-st-jean-d-illac-gironde-running-course-courir\/\">Lire la suite<\/a><\/p>\n","protected":false},"author":1,"featured_media":54595,"comment_status":"closed","ping_status":"open","sticky":false,"template":"","format":"gallery","meta":{"kt_blocks_editor_width":"","footnotes":""},"categories":[1537],"tags":[],"class_list":["post-54592","post","type-post","status-publish","format-gallery","has-post-thumbnail","hentry","category-reportages","post_format-post-format-gallery"],"yoast_head":"<!-- This site is optimized with the Yoast SEO plugin v27.4 - https:\/\/yoast.com\/product\/yoast-seo-wordpress\/ -->\n<title>Trail en Jalle 2015 - Photographe Professionnel \u00e0 Bordeaux &#x1f4f7; Sebastien Huruguen<\/title>\n<meta name=\"robots\" content=\"index, follow, max-snippet:-1, max-image-preview:large, max-video-preview:-1\" \/>\n<link rel=\"canonical\" href=\"https:\/\/www.huruguen.fr\/site\/trail-jalle-2015-7km-14-km-st-jean-d-illac-gironde-running-course-courir\/\" \/>\n<meta property=\"og:locale\" content=\"fr_FR\" \/>\n<meta property=\"og:type\" content=\"article\" \/>\n<meta property=\"og:title\" content=\"Trail en Jalle 2015 - Photographe Professionnel \u00e0 Bordeaux &#x1f4f7; Sebastien Huruguen\" \/>\n<meta property=\"og:description\" content=\"Toute l&rsquo;\u00e9quipe de l&rsquo;Amicale des sapeurs pompiers de St Jean d&rsquo;Illac vous donne rendez vous pour la nouvelle \u00e9dition de Trail en Jalle, l&rsquo;\u00e9v\u00e9nement caritatif au profit de l&rsquo;AFM T\u00e9l\u00e9thon organis\u00e9 le 26 novembre prochain \u00e0 la plaine des sports &hellip; Lire la suite\" \/>\n<meta property=\"og:url\" content=\"https:\/\/www.huruguen.fr\/site\/trail-jalle-2015-7km-14-km-st-jean-d-illac-gironde-running-course-courir\/\" \/>\n<meta property=\"og:site_name\" content=\"Photographe Professionnel \u00e0 Bordeaux &#x1f4f7; Sebastien Huruguen\" \/>\n<meta property=\"article:publisher\" content=\"https:\/\/www.facebook.com\/huruguen\" \/>\n<meta property=\"article:author\" content=\"https:\/\/www.facebook.com\/huruguen\/\" \/>\n<meta property=\"article:published_time\" content=\"2016-10-12T07:40:03+00:00\" \/>\n<meta property=\"article:modified_time\" content=\"2020-04-14T13:06:58+00:00\" \/>\n<meta property=\"og:image\" content=\"https:\/\/www.huruguen.fr\/site\/wp-content\/uploads\/2016\/10\/trail-en-jalle-2015-sebastien-huruguen-6-e1476258345502.jpg\" \/>\n\t<meta property=\"og:image:width\" content=\"2000\" \/>\n\t<meta property=\"og:image:height\" content=\"1333\" \/>\n\t<meta property=\"og:image:type\" content=\"image\/jpeg\" \/>\n<meta name=\"author\" content=\"Sebastien Huruguen\" \/>\n<meta name=\"twitter:card\" content=\"summary_large_image\" \/>\n<meta name=\"twitter:creator\" content=\"@www_huruguen_fr\" \/>\n<meta name=\"twitter:site\" content=\"@www_huruguen_fr\" \/>\n<meta name=\"twitter:label1\" content=\"\u00c9crit par\" \/>\n\t<meta name=\"twitter:data1\" content=\"Sebastien Huruguen\" \/>\n\t<meta name=\"twitter:label2\" content=\"Dur\u00e9e de lecture estim\u00e9e\" \/>\n\t<meta name=\"twitter:data2\" content=\"1 minute\" \/>\n<script type=\"application\/ld+json\" class=\"yoast-schema-graph\">{\"@context\":\"https:\\\/\\\/schema.org\",\"@graph\":[{\"@type\":\"Article\",\"@id\":\"https:\\\/\\\/www.huruguen.fr\\\/site\\\/trail-jalle-2015-7km-14-km-st-jean-d-illac-gironde-running-course-courir\\\/#article\",\"isPartOf\":{\"@id\":\"https:\\\/\\\/www.huruguen.fr\\\/site\\\/trail-jalle-2015-7km-14-km-st-jean-d-illac-gironde-running-course-courir\\\/\"},\"author\":{\"name\":\"Sebastien Huruguen\",\"@id\":\"https:\\\/\\\/www.huruguen.fr\\\/site\\\/#\\\/schema\\\/person\\\/bdce6395a337c00db735bf5fa1268715\"},\"headline\":\"Trail en Jalle 2015\",\"datePublished\":\"2016-10-12T07:40:03+00:00\",\"dateModified\":\"2020-04-14T13:06:58+00:00\",\"mainEntityOfPage\":{\"@id\":\"https:\\\/\\\/www.huruguen.fr\\\/site\\\/trail-jalle-2015-7km-14-km-st-jean-d-illac-gironde-running-course-courir\\\/\"},\"wordCount\":271,\"publisher\":{\"@id\":\"https:\\\/\\\/www.huruguen.fr\\\/site\\\/#organization\"},\"image\":{\"@id\":\"https:\\\/\\\/www.huruguen.fr\\\/site\\\/trail-jalle-2015-7km-14-km-st-jean-d-illac-gironde-running-course-courir\\\/#primaryimage\"},\"thumbnailUrl\":\"https:\\\/\\\/www.huruguen.fr\\\/site\\\/wp-content\\\/uploads\\\/2016\\\/10\\\/trail-en-jalle-2015-sebastien-huruguen-6-e1476258345502.jpg\",\"articleSection\":[\"Actualit\u00e9s\"],\"inLanguage\":\"fr-FR\"},{\"@type\":\"WebPage\",\"@id\":\"https:\\\/\\\/www.huruguen.fr\\\/site\\\/trail-jalle-2015-7km-14-km-st-jean-d-illac-gironde-running-course-courir\\\/\",\"url\":\"https:\\\/\\\/www.huruguen.fr\\\/site\\\/trail-jalle-2015-7km-14-km-st-jean-d-illac-gironde-running-course-courir\\\/\",\"name\":\"Trail en Jalle 2015 - Photographe Professionnel \u00e0 Bordeaux &#x1f4f7; Sebastien Huruguen\",\"isPartOf\":{\"@id\":\"https:\\\/\\\/www.huruguen.fr\\\/site\\\/#website\"},\"primaryImageOfPage\":{\"@id\":\"https:\\\/\\\/www.huruguen.fr\\\/site\\\/trail-jalle-2015-7km-14-km-st-jean-d-illac-gironde-running-course-courir\\\/#primaryimage\"},\"image\":{\"@id\":\"https:\\\/\\\/www.huruguen.fr\\\/site\\\/trail-jalle-2015-7km-14-km-st-jean-d-illac-gironde-running-course-courir\\\/#primaryimage\"},\"thumbnailUrl\":\"https:\\\/\\\/www.huruguen.fr\\\/site\\\/wp-content\\\/uploads\\\/2016\\\/10\\\/trail-en-jalle-2015-sebastien-huruguen-6-e1476258345502.jpg\",\"datePublished\":\"2016-10-12T07:40:03+00:00\",\"dateModified\":\"2020-04-14T13:06:58+00:00\",\"breadcrumb\":{\"@id\":\"https:\\\/\\\/www.huruguen.fr\\\/site\\\/trail-jalle-2015-7km-14-km-st-jean-d-illac-gironde-running-course-courir\\\/#breadcrumb\"},\"inLanguage\":\"fr-FR\",\"potentialAction\":[{\"@type\":\"ReadAction\",\"target\":[\"https:\\\/\\\/www.huruguen.fr\\\/site\\\/trail-jalle-2015-7km-14-km-st-jean-d-illac-gironde-running-course-courir\\\/\"]}]},{\"@type\":\"ImageObject\",\"inLanguage\":\"fr-FR\",\"@id\":\"https:\\\/\\\/www.huruguen.fr\\\/site\\\/trail-jalle-2015-7km-14-km-st-jean-d-illac-gironde-running-course-courir\\\/#primaryimage\",\"url\":\"https:\\\/\\\/www.huruguen.fr\\\/site\\\/wp-content\\\/uploads\\\/2016\\\/10\\\/trail-en-jalle-2015-sebastien-huruguen-6-e1476258345502.jpg\",\"contentUrl\":\"https:\\\/\\\/www.huruguen.fr\\\/site\\\/wp-content\\\/uploads\\\/2016\\\/10\\\/trail-en-jalle-2015-sebastien-huruguen-6-e1476258345502.jpg\",\"width\":2000,\"height\":1333,\"caption\":\"D\u00e9part des courses trail 7km et 14km du Trail en Jalle \u00e0 la plaine des sports andr\u00e9 maleyran \u00e0 Saint Jean d'Illac organis\u00e9 par l'amicale des sapeurs pompiers\"},{\"@type\":\"BreadcrumbList\",\"@id\":\"https:\\\/\\\/www.huruguen.fr\\\/site\\\/trail-jalle-2015-7km-14-km-st-jean-d-illac-gironde-running-course-courir\\\/#breadcrumb\",\"itemListElement\":[{\"@type\":\"ListItem\",\"position\":1,\"name\":\"Accueil\",\"item\":\"https:\\\/\\\/www.huruguen.fr\\\/site\\\/\"},{\"@type\":\"ListItem\",\"position\":2,\"name\":\"Trail en Jalle 2015\"}]},{\"@type\":\"WebSite\",\"@id\":\"https:\\\/\\\/www.huruguen.fr\\\/site\\\/#website\",\"url\":\"https:\\\/\\\/www.huruguen.fr\\\/site\\\/\",\"name\":\"Photographe Professionnel \u00e0 Bordeaux Sebastien Huruguen\",\"description\":\"Photographe professionnel ind\u00e9pendant a Bordeaux. Prestations et services photograpphiques pour les professionnels et particuliers : reportages, s\u00e9ances photos, studio, packshot.\",\"publisher\":{\"@id\":\"https:\\\/\\\/www.huruguen.fr\\\/site\\\/#organization\"},\"potentialAction\":[{\"@type\":\"SearchAction\",\"target\":{\"@type\":\"EntryPoint\",\"urlTemplate\":\"https:\\\/\\\/www.huruguen.fr\\\/site\\\/?s={search_term_string}\"},\"query-input\":{\"@type\":\"PropertyValueSpecification\",\"valueRequired\":true,\"valueName\":\"search_term_string\"}}],\"inLanguage\":\"fr-FR\"},{\"@type\":\"Organization\",\"@id\":\"https:\\\/\\\/www.huruguen.fr\\\/site\\\/#organization\",\"name\":\"S\u00e9bastien Huruguen Photographe\",\"url\":\"https:\\\/\\\/www.huruguen.fr\\\/site\\\/\",\"logo\":{\"@type\":\"ImageObject\",\"inLanguage\":\"fr-FR\",\"@id\":\"https:\\\/\\\/www.huruguen.fr\\\/site\\\/#\\\/schema\\\/logo\\\/image\\\/\",\"url\":\"https:\\\/\\\/www.huruguen.fr\\\/site\\\/wp-content\\\/uploads\\\/2018\\\/03\\\/Logo-Huruguen-triptique-2018-noir-1500.jpg\",\"contentUrl\":\"https:\\\/\\\/www.huruguen.fr\\\/site\\\/wp-content\\\/uploads\\\/2018\\\/03\\\/Logo-Huruguen-triptique-2018-noir-1500.jpg\",\"width\":1500,\"height\":1500,\"caption\":\"S\u00e9bastien Huruguen Photographe\"},\"image\":{\"@id\":\"https:\\\/\\\/www.huruguen.fr\\\/site\\\/#\\\/schema\\\/logo\\\/image\\\/\"},\"sameAs\":[\"https:\\\/\\\/www.facebook.com\\\/huruguen\",\"https:\\\/\\\/x.com\\\/www_huruguen_fr\",\"https:\\\/\\\/www.instagram.com\\\/sebastien.huruguen\\\/\"]},{\"@type\":\"Person\",\"@id\":\"https:\\\/\\\/www.huruguen.fr\\\/site\\\/#\\\/schema\\\/person\\\/bdce6395a337c00db735bf5fa1268715\",\"name\":\"Sebastien Huruguen\",\"description\":\"S\u00e9bastien Huruguen est photographe professionnel \u00e0 Bordeaux.\",\"sameAs\":[\"https:\\\/\\\/www.huruguen.fr\",\"https:\\\/\\\/www.facebook.com\\\/huruguen\\\/\",\"https:\\\/\\\/www.instagram.com\\\/sebastien.huruguen\\\/\",\"https:\\\/\\\/www.linkedin.com\\\/in\\\/sbastien-huruguen-95452342\\\/\",\"https:\\\/\\\/www.pinterest.fr\\\/shuruguen\\\/\",\"https:\\\/\\\/x.com\\\/www_huruguen_fr\",\"https:\\\/\\\/www.youtube.com\\\/channel\\\/UChEt96Suus_jyoBce80fNOA?nohtml5=False\"]}]}<\/script>\n<!-- \/ Yoast SEO plugin. -->","yoast_head_json":{"title":"Trail en Jalle 2015 - Photographe Professionnel \u00e0 Bordeaux &#x1f4f7; Sebastien Huruguen","robots":{"index":"index","follow":"follow","max-snippet":"max-snippet:-1","max-image-preview":"max-image-preview:large","max-video-preview":"max-video-preview:-1"},"canonical":"https:\/\/www.huruguen.fr\/site\/trail-jalle-2015-7km-14-km-st-jean-d-illac-gironde-running-course-courir\/","og_locale":"fr_FR","og_type":"article","og_title":"Trail en Jalle 2015 - Photographe Professionnel \u00e0 Bordeaux &#x1f4f7; Sebastien Huruguen","og_description":"Toute l&rsquo;\u00e9quipe de l&rsquo;Amicale des sapeurs pompiers de St Jean d&rsquo;Illac vous donne rendez vous pour la nouvelle \u00e9dition de Trail en Jalle, l&rsquo;\u00e9v\u00e9nement caritatif au profit de l&rsquo;AFM T\u00e9l\u00e9thon organis\u00e9 le 26 novembre prochain \u00e0 la plaine des sports &hellip; Lire la suite","og_url":"https:\/\/www.huruguen.fr\/site\/trail-jalle-2015-7km-14-km-st-jean-d-illac-gironde-running-course-courir\/","og_site_name":"Photographe Professionnel \u00e0 Bordeaux &#x1f4f7; Sebastien Huruguen","article_publisher":"https:\/\/www.facebook.com\/huruguen","article_author":"https:\/\/www.facebook.com\/huruguen\/","article_published_time":"2016-10-12T07:40:03+00:00","article_modified_time":"2020-04-14T13:06:58+00:00","og_image":[{"width":2000,"height":1333,"url":"https:\/\/www.huruguen.fr\/site\/wp-content\/uploads\/2016\/10\/trail-en-jalle-2015-sebastien-huruguen-6-e1476258345502.jpg","type":"image\/jpeg"}],"author":"Sebastien Huruguen","twitter_card":"summary_large_image","twitter_creator":"@www_huruguen_fr","twitter_site":"@www_huruguen_fr","twitter_misc":{"\u00c9crit par":"Sebastien Huruguen","Dur\u00e9e de lecture estim\u00e9e":"1 minute"},"schema":{"@context":"https:\/\/schema.org","@graph":[{"@type":"Article","@id":"https:\/\/www.huruguen.fr\/site\/trail-jalle-2015-7km-14-km-st-jean-d-illac-gironde-running-course-courir\/#article","isPartOf":{"@id":"https:\/\/www.huruguen.fr\/site\/trail-jalle-2015-7km-14-km-st-jean-d-illac-gironde-running-course-courir\/"},"author":{"name":"Sebastien Huruguen","@id":"https:\/\/www.huruguen.fr\/site\/#\/schema\/person\/bdce6395a337c00db735bf5fa1268715"},"headline":"Trail en Jalle 2015","datePublished":"2016-10-12T07:40:03+00:00","dateModified":"2020-04-14T13:06:58+00:00","mainEntityOfPage":{"@id":"https:\/\/www.huruguen.fr\/site\/trail-jalle-2015-7km-14-km-st-jean-d-illac-gironde-running-course-courir\/"},"wordCount":271,"publisher":{"@id":"https:\/\/www.huruguen.fr\/site\/#organization"},"image":{"@id":"https:\/\/www.huruguen.fr\/site\/trail-jalle-2015-7km-14-km-st-jean-d-illac-gironde-running-course-courir\/#primaryimage"},"thumbnailUrl":"https:\/\/www.huruguen.fr\/site\/wp-content\/uploads\/2016\/10\/trail-en-jalle-2015-sebastien-huruguen-6-e1476258345502.jpg","articleSection":["Actualit\u00e9s"],"inLanguage":"fr-FR"},{"@type":"WebPage","@id":"https:\/\/www.huruguen.fr\/site\/trail-jalle-2015-7km-14-km-st-jean-d-illac-gironde-running-course-courir\/","url":"https:\/\/www.huruguen.fr\/site\/trail-jalle-2015-7km-14-km-st-jean-d-illac-gironde-running-course-courir\/","name":"Trail en Jalle 2015 - Photographe Professionnel \u00e0 Bordeaux &#x1f4f7; Sebastien Huruguen","isPartOf":{"@id":"https:\/\/www.huruguen.fr\/site\/#website"},"primaryImageOfPage":{"@id":"https:\/\/www.huruguen.fr\/site\/trail-jalle-2015-7km-14-km-st-jean-d-illac-gironde-running-course-courir\/#primaryimage"},"image":{"@id":"https:\/\/www.huruguen.fr\/site\/trail-jalle-2015-7km-14-km-st-jean-d-illac-gironde-running-course-courir\/#primaryimage"},"thumbnailUrl":"https:\/\/www.huruguen.fr\/site\/wp-content\/uploads\/2016\/10\/trail-en-jalle-2015-sebastien-huruguen-6-e1476258345502.jpg","datePublished":"2016-10-12T07:40:03+00:00","dateModified":"2020-04-14T13:06:58+00:00","breadcrumb":{"@id":"https:\/\/www.huruguen.fr\/site\/trail-jalle-2015-7km-14-km-st-jean-d-illac-gironde-running-course-courir\/#breadcrumb"},"inLanguage":"fr-FR","potentialAction":[{"@type":"ReadAction","target":["https:\/\/www.huruguen.fr\/site\/trail-jalle-2015-7km-14-km-st-jean-d-illac-gironde-running-course-courir\/"]}]},{"@type":"ImageObject","inLanguage":"fr-FR","@id":"https:\/\/www.huruguen.fr\/site\/trail-jalle-2015-7km-14-km-st-jean-d-illac-gironde-running-course-courir\/#primaryimage","url":"https:\/\/www.huruguen.fr\/site\/wp-content\/uploads\/2016\/10\/trail-en-jalle-2015-sebastien-huruguen-6-e1476258345502.jpg","contentUrl":"https:\/\/www.huruguen.fr\/site\/wp-content\/uploads\/2016\/10\/trail-en-jalle-2015-sebastien-huruguen-6-e1476258345502.jpg","width":2000,"height":1333,"caption":"D\u00e9part des courses trail 7km et 14km du Trail en Jalle \u00e0 la plaine des sports andr\u00e9 maleyran \u00e0 Saint Jean d'Illac organis\u00e9 par l'amicale des sapeurs pompiers"},{"@type":"BreadcrumbList","@id":"https:\/\/www.huruguen.fr\/site\/trail-jalle-2015-7km-14-km-st-jean-d-illac-gironde-running-course-courir\/#breadcrumb","itemListElement":[{"@type":"ListItem","position":1,"name":"Accueil","item":"https:\/\/www.huruguen.fr\/site\/"},{"@type":"ListItem","position":2,"name":"Trail en Jalle 2015"}]},{"@type":"WebSite","@id":"https:\/\/www.huruguen.fr\/site\/#website","url":"https:\/\/www.huruguen.fr\/site\/","name":"Photographe Professionnel \u00e0 Bordeaux Sebastien Huruguen","description":"Photographe professionnel ind\u00e9pendant a Bordeaux. Prestations et services photograpphiques pour les professionnels et particuliers : reportages, s\u00e9ances photos, studio, packshot.","publisher":{"@id":"https:\/\/www.huruguen.fr\/site\/#organization"},"potentialAction":[{"@type":"SearchAction","target":{"@type":"EntryPoint","urlTemplate":"https:\/\/www.huruguen.fr\/site\/?s={search_term_string}"},"query-input":{"@type":"PropertyValueSpecification","valueRequired":true,"valueName":"search_term_string"}}],"inLanguage":"fr-FR"},{"@type":"Organization","@id":"https:\/\/www.huruguen.fr\/site\/#organization","name":"S\u00e9bastien Huruguen Photographe","url":"https:\/\/www.huruguen.fr\/site\/","logo":{"@type":"ImageObject","inLanguage":"fr-FR","@id":"https:\/\/www.huruguen.fr\/site\/#\/schema\/logo\/image\/","url":"https:\/\/www.huruguen.fr\/site\/wp-content\/uploads\/2018\/03\/Logo-Huruguen-triptique-2018-noir-1500.jpg","contentUrl":"https:\/\/www.huruguen.fr\/site\/wp-content\/uploads\/2018\/03\/Logo-Huruguen-triptique-2018-noir-1500.jpg","width":1500,"height":1500,"caption":"S\u00e9bastien Huruguen Photographe"},"image":{"@id":"https:\/\/www.huruguen.fr\/site\/#\/schema\/logo\/image\/"},"sameAs":["https:\/\/www.facebook.com\/huruguen","https:\/\/x.com\/www_huruguen_fr","https:\/\/www.instagram.com\/sebastien.huruguen\/"]},{"@type":"Person","@id":"https:\/\/www.huruguen.fr\/site\/#\/schema\/person\/bdce6395a337c00db735bf5fa1268715","name":"Sebastien Huruguen","description":"S\u00e9bastien Huruguen est photographe professionnel \u00e0 Bordeaux.","sameAs":["https:\/\/www.huruguen.fr","https:\/\/www.facebook.com\/huruguen\/","https:\/\/www.instagram.com\/sebastien.huruguen\/","https:\/\/www.linkedin.com\/in\/sbastien-huruguen-95452342\/","https:\/\/www.pinterest.fr\/shuruguen\/","https:\/\/x.com\/www_huruguen_fr","https:\/\/www.youtube.com\/channel\/UChEt96Suus_jyoBce80fNOA?nohtml5=False"]}]}},"_links":{"self":[{"href":"https:\/\/www.huruguen.fr\/site\/wp-json\/wp\/v2\/posts\/54592","targetHints":{"allow":["GET"]}}],"collection":[{"href":"https:\/\/www.huruguen.fr\/site\/wp-json\/wp\/v2\/posts"}],"about":[{"href":"https:\/\/www.huruguen.fr\/site\/wp-json\/wp\/v2\/types\/post"}],"author":[{"embeddable":true,"href":"https:\/\/www.huruguen.fr\/site\/wp-json\/wp\/v2\/users\/1"}],"replies":[{"embeddable":true,"href":"https:\/\/www.huruguen.fr\/site\/wp-json\/wp\/v2\/comments?post=54592"}],"version-history":[{"count":17,"href":"https:\/\/www.huruguen.fr\/site\/wp-json\/wp\/v2\/posts\/54592\/revisions"}],"predecessor-version":[{"id":60472,"href":"https:\/\/www.huruguen.fr\/site\/wp-json\/wp\/v2\/posts\/54592\/revisions\/60472"}],"wp:featuredmedia":[{"embeddable":true,"href":"https:\/\/www.huruguen.fr\/site\/wp-json\/wp\/v2\/media\/54595"}],"wp:attachment":[{"href":"https:\/\/www.huruguen.fr\/site\/wp-json\/wp\/v2\/media?parent=54592"}],"wp:term":[{"taxonomy":"category","embeddable":true,"href":"https:\/\/www.huruguen.fr\/site\/wp-json\/wp\/v2\/categories?post=54592"},{"taxonomy":"post_tag","embeddable":true,"href":"https:\/\/www.huruguen.fr\/site\/wp-json\/wp\/v2\/tags?post=54592"}],"curies":[{"name":"wp","href":"https:\/\/api.w.org\/{rel}","templated":true}]}}