{"id":54481,"date":"2010-09-28T18:39:48","date_gmt":"2010-09-28T17:39:48","guid":{"rendered":"http:\/\/www.huruguen.fr\/site\/?p=54481"},"modified":"2020-12-04T10:28:57","modified_gmt":"2020-12-04T09:28:57","slug":"test-zoom-canon-ef-70-200mm-f2-8-l-usm","status":"publish","type":"post","link":"https:\/\/www.huruguen.fr\/site\/test-zoom-canon-ef-70-200mm-f2-8-l-usm\/","title":{"rendered":"Test du zoom Canon EF 70-200mm f\/2.8 L USM"},"content":{"rendered":"\n<p><strong>Test du zoom Canon EF 70-200mm f\/2.8 L USM<\/strong><\/p>\n\n\n\n<figure class=\"wp-block-gallery columns-2 is-cropped wp-block-gallery-2 is-layout-flex wp-block-gallery-is-layout-flex\"><ul class=\"blocks-gallery-grid\"><li class=\"blocks-gallery-item\"><figure><a href=\"https:\/\/www.huruguen.fr\/site\/wp-content\/uploads\/2010\/09\/Canon_EF_70-200mm_F28_L_USM_Side_View-1.jpg\"><img loading=\"lazy\" decoding=\"async\" width=\"800\" height=\"533\" src=\"https:\/\/www.huruguen.fr\/site\/wp-content\/uploads\/2010\/09\/Canon_EF_70-200mm_F28_L_USM_Side_View-1.jpg\" alt=\"\" data-id=\"61989\" data-full-url=\"https:\/\/www.huruguen.fr\/site\/wp-content\/uploads\/2010\/09\/Canon_EF_70-200mm_F28_L_USM_Side_View-1.jpg\" data-link=\"https:\/\/www.huruguen.fr\/site\/test-zoom-canon-ef-70-200mm-f2-8-l-usm\/canon_ef_70-200mm_f28_l_usm_side_view-1\/\" class=\"wp-image-61989\" srcset=\"https:\/\/www.huruguen.fr\/site\/wp-content\/uploads\/2010\/09\/Canon_EF_70-200mm_F28_L_USM_Side_View-1.jpg 800w, https:\/\/www.huruguen.fr\/site\/wp-content\/uploads\/2010\/09\/Canon_EF_70-200mm_F28_L_USM_Side_View-1-300x200.jpg 300w, https:\/\/www.huruguen.fr\/site\/wp-content\/uploads\/2010\/09\/Canon_EF_70-200mm_F28_L_USM_Side_View-1-768x512.jpg 768w\" sizes=\"auto, (max-width: 800px) 100vw, 800px\" \/><\/a><\/figure><\/li><li class=\"blocks-gallery-item\"><figure><a href=\"https:\/\/www.huruguen.fr\/site\/wp-content\/uploads\/2010\/09\/Canon_EF_70-200mm_F28_L_USM_with_Case.jpg\"><img loading=\"lazy\" decoding=\"async\" width=\"800\" height=\"533\" src=\"https:\/\/www.huruguen.fr\/site\/wp-content\/uploads\/2010\/09\/Canon_EF_70-200mm_F28_L_USM_with_Case.jpg\" alt=\"\" data-id=\"61995\" data-full-url=\"https:\/\/www.huruguen.fr\/site\/wp-content\/uploads\/2010\/09\/Canon_EF_70-200mm_F28_L_USM_with_Case.jpg\" data-link=\"https:\/\/www.huruguen.fr\/site\/test-zoom-canon-ef-70-200mm-f2-8-l-usm\/canon_ef_70-200mm_f28_l_usm_with_case-2\/\" class=\"wp-image-61995\" srcset=\"https:\/\/www.huruguen.fr\/site\/wp-content\/uploads\/2010\/09\/Canon_EF_70-200mm_F28_L_USM_with_Case.jpg 800w, https:\/\/www.huruguen.fr\/site\/wp-content\/uploads\/2010\/09\/Canon_EF_70-200mm_F28_L_USM_with_Case-300x200.jpg 300w, https:\/\/www.huruguen.fr\/site\/wp-content\/uploads\/2010\/09\/Canon_EF_70-200mm_F28_L_USM_with_Case-768x512.jpg 768w\" sizes=\"auto, (max-width: 800px) 100vw, 800px\" \/><\/a><\/figure><\/li><\/ul><\/figure>\n\n\n\n<p>Un an \u00e0 peine apr\u00e8s l&rsquo;acquisition du t\u00e9l\u00e9-zoom s\u00e9rie L Canon EF 70-200mm f\/4 L USM il est temps pour moi de le remplacer par son grand fr\u00e8re dot\u00e9 de l&rsquo;ouverture \u00e0 f\/2.8.<\/p>\n\n\n<style>.wp-block-kadence-advancedgallery .kb-gallery-type-masonry.kb-gallery-id-_2a7074-f8{margin:-5px;}.kb-gallery-type-masonry.kb-gallery-id-_2a7074-f8 .kadence-blocks-gallery-item{padding:5px;}.kb-gallery-id-_2a7074-f8 .kadence-blocks-gallery-item .kb-gal-image-radius, .kb-gallery-id-_2a7074-f8 .kb-slide-item .kb-gal-image-radius img{border-radius:0px 0px 0px 0px;;}<\/style><div class=\"kb-gallery-wrap-id-_2a7074-f8 alignnone wp-block-kadence-advancedgallery\"><ul class=\"kb-gallery-ul kb-gallery-non-static kb-gallery-type-masonry kb-masonry-init kb-gallery-id-_2a7074-f8 kb-gallery-caption-style-bottom-hover kb-gallery-filter-none\" data-image-filter=\"none\" data-item-selector=\".kadence-blocks-gallery-item\" data-lightbox-caption=\"true\" data-columns-xxl=\"3\" data-columns-xl=\"3\" data-columns-md=\"3\" data-columns-sm=\"2\" data-columns-xs=\"1\" data-columns-ss=\"1\"><li class=\"kadence-blocks-gallery-item\"><div class=\"kadence-blocks-gallery-item-inner\"><figure class=\"kb-gallery-figure kb-gallery-item-has-link kadence-blocks-gallery-item-hide-caption\"><a href=\"https:\/\/www.huruguen.fr\/site\/wp-content\/uploads\/2020\/12\/Canon_EF_70-200mm_F28_EOS3.jpg\" class=\"kb-gallery-item-link\"  ><div class=\"kb-gal-image-radius\" style=\"max-width:533px;\"><div class=\"kb-gallery-image-contain kadence-blocks-gallery-intrinsic\" style=\"padding-bottom:150%;\"><img loading=\"lazy\" decoding=\"async\" src=\"https:\/\/www.huruguen.fr\/site\/wp-content\/uploads\/2020\/12\/Canon_EF_70-200mm_F28_EOS3.jpg\" width=\"533\" height=\"800\" alt=\"\" data-full-image=\"https:\/\/www.huruguen.fr\/site\/wp-content\/uploads\/2020\/12\/Canon_EF_70-200mm_F28_EOS3.jpg\" data-light-image=\"https:\/\/www.huruguen.fr\/site\/wp-content\/uploads\/2020\/12\/Canon_EF_70-200mm_F28_EOS3.jpg\" data-id=\"61658\" class=\"wp-image-61658\" srcset=\"https:\/\/www.huruguen.fr\/site\/wp-content\/uploads\/2020\/12\/Canon_EF_70-200mm_F28_EOS3.jpg 533w, https:\/\/www.huruguen.fr\/site\/wp-content\/uploads\/2020\/12\/Canon_EF_70-200mm_F28_EOS3-200x300.jpg 200w\" sizes=\"auto, (max-width: 533px) 100vw, 533px\" \/><\/div><\/div><\/a><\/figure><\/div><\/li><li class=\"kadence-blocks-gallery-item\"><div class=\"kadence-blocks-gallery-item-inner\"><figure class=\"kb-gallery-figure kb-gallery-item-has-link kadence-blocks-gallery-item-hide-caption\"><a href=\"https:\/\/www.huruguen.fr\/site\/wp-content\/uploads\/2020\/12\/Canon_EF_70-200mm_F28_L_USM_with_Canon_EF_70-200mm_F4_L_USM_Side.jpg\" class=\"kb-gallery-item-link\"  ><div class=\"kb-gal-image-radius\" style=\"max-width:800px;\"><div class=\"kb-gallery-image-contain kadence-blocks-gallery-intrinsic\" style=\"padding-bottom:66%;\"><img loading=\"lazy\" decoding=\"async\" src=\"https:\/\/www.huruguen.fr\/site\/wp-content\/uploads\/2020\/12\/Canon_EF_70-200mm_F28_L_USM_with_Canon_EF_70-200mm_F4_L_USM_Side.jpg\" width=\"800\" height=\"533\" alt=\"\" data-full-image=\"https:\/\/www.huruguen.fr\/site\/wp-content\/uploads\/2020\/12\/Canon_EF_70-200mm_F28_L_USM_with_Canon_EF_70-200mm_F4_L_USM_Side.jpg\" data-light-image=\"https:\/\/www.huruguen.fr\/site\/wp-content\/uploads\/2020\/12\/Canon_EF_70-200mm_F28_L_USM_with_Canon_EF_70-200mm_F4_L_USM_Side.jpg\" data-id=\"61670\" class=\"wp-image-61670\" srcset=\"https:\/\/www.huruguen.fr\/site\/wp-content\/uploads\/2020\/12\/Canon_EF_70-200mm_F28_L_USM_with_Canon_EF_70-200mm_F4_L_USM_Side.jpg 800w, https:\/\/www.huruguen.fr\/site\/wp-content\/uploads\/2020\/12\/Canon_EF_70-200mm_F28_L_USM_with_Canon_EF_70-200mm_F4_L_USM_Side-300x200.jpg 300w, https:\/\/www.huruguen.fr\/site\/wp-content\/uploads\/2020\/12\/Canon_EF_70-200mm_F28_L_USM_with_Canon_EF_70-200mm_F4_L_USM_Side-768x512.jpg 768w\" sizes=\"auto, (max-width: 800px) 100vw, 800px\" \/><\/div><\/div><\/a><\/figure><\/div><\/li><li class=\"kadence-blocks-gallery-item\"><div class=\"kadence-blocks-gallery-item-inner\"><figure class=\"kb-gallery-figure kb-gallery-item-has-link kadence-blocks-gallery-item-hide-caption\"><a href=\"https:\/\/www.huruguen.fr\/site\/wp-content\/uploads\/2020\/12\/Canon_EF_70-200mm_F28_L_USM_with_Canon_EF_70-200mm_F4_L_USM.jpg\" class=\"kb-gallery-item-link\"  ><div class=\"kb-gal-image-radius\" style=\"max-width:533px;\"><div class=\"kb-gallery-image-contain kadence-blocks-gallery-intrinsic\" style=\"padding-bottom:150%;\"><img loading=\"lazy\" decoding=\"async\" src=\"https:\/\/www.huruguen.fr\/site\/wp-content\/uploads\/2020\/12\/Canon_EF_70-200mm_F28_L_USM_with_Canon_EF_70-200mm_F4_L_USM.jpg\" width=\"533\" height=\"800\" alt=\"\" data-full-image=\"https:\/\/www.huruguen.fr\/site\/wp-content\/uploads\/2020\/12\/Canon_EF_70-200mm_F28_L_USM_with_Canon_EF_70-200mm_F4_L_USM.jpg\" data-light-image=\"https:\/\/www.huruguen.fr\/site\/wp-content\/uploads\/2020\/12\/Canon_EF_70-200mm_F28_L_USM_with_Canon_EF_70-200mm_F4_L_USM.jpg\" data-id=\"61671\" class=\"wp-image-61671\" srcset=\"https:\/\/www.huruguen.fr\/site\/wp-content\/uploads\/2020\/12\/Canon_EF_70-200mm_F28_L_USM_with_Canon_EF_70-200mm_F4_L_USM.jpg 533w, https:\/\/www.huruguen.fr\/site\/wp-content\/uploads\/2020\/12\/Canon_EF_70-200mm_F28_L_USM_with_Canon_EF_70-200mm_F4_L_USM-200x300.jpg 200w\" sizes=\"auto, (max-width: 533px) 100vw, 533px\" \/><\/div><\/div><\/a><\/figure><\/div><\/li><\/ul><\/div>\n\n\n<p><strong>Caract\u00e9ristiques du Canon 70-200 mm<\/strong><br>&#8211; Angle de champ diagonal : 34\u00b0 \u00e0 70mm et 12\u00b0 \u00e0 200mm<br>&#8211; Construction optique : 18lentilles en 15 groupes<br>&#8211; Nombre de lamelles du diaphragme : 8<br>&#8211; Ouverture minimale : f\/32<br>&#8211; Mise au point : interne par moteur USM, mise au point ultra-rapide et silencieuse<br>&#8211; Distance de m.a.p mini : 1.5 m<br>&#8211; Grandissement maximum : 0.16 x (\u00e0 200mm)<br>&#8211; Diam\u00e8tre filtre : 77 mm<br>&#8211; Diam\u00e8tre maxi x longueur : 84.6mm x 193.6mm<br>&#8211; Poids : 1 310 g<br>&#8211; Pare-soleil : ET-83 II (fourni)<br>&#8211; Etui souple : LZ1324 (fourni)<\/p>\n\n\n\n<figure class=\"wp-block-gallery columns-2 is-cropped wp-block-gallery-3 is-layout-flex wp-block-gallery-is-layout-flex\"><ul class=\"blocks-gallery-grid\"><li class=\"blocks-gallery-item\"><figure><a href=\"https:\/\/www.huruguen.fr\/site\/wp-content\/uploads\/2020\/12\/Canon_EF_70-200mm_F28_L_USM_Side.jpg\"><img loading=\"lazy\" decoding=\"async\" width=\"800\" height=\"533\" src=\"https:\/\/www.huruguen.fr\/site\/wp-content\/uploads\/2020\/12\/Canon_EF_70-200mm_F28_L_USM_Side.jpg\" alt=\"\" data-id=\"61668\" data-full-url=\"https:\/\/www.huruguen.fr\/site\/wp-content\/uploads\/2020\/12\/Canon_EF_70-200mm_F28_L_USM_Side.jpg\" data-link=\"https:\/\/www.huruguen.fr\/site\/canon_ef_70-200mm_f28_l_usm_side\/\" class=\"wp-image-61668\" srcset=\"https:\/\/www.huruguen.fr\/site\/wp-content\/uploads\/2020\/12\/Canon_EF_70-200mm_F28_L_USM_Side.jpg 800w, https:\/\/www.huruguen.fr\/site\/wp-content\/uploads\/2020\/12\/Canon_EF_70-200mm_F28_L_USM_Side-300x200.jpg 300w, https:\/\/www.huruguen.fr\/site\/wp-content\/uploads\/2020\/12\/Canon_EF_70-200mm_F28_L_USM_Side-768x512.jpg 768w\" sizes=\"auto, (max-width: 800px) 100vw, 800px\" \/><\/a><\/figure><\/li><li class=\"blocks-gallery-item\"><figure><a href=\"https:\/\/www.huruguen.fr\/site\/wp-content\/uploads\/2020\/12\/Canon_EF_70-200mm_F28_L_USM_backside.jpg\"><img loading=\"lazy\" decoding=\"async\" width=\"800\" height=\"533\" src=\"https:\/\/www.huruguen.fr\/site\/wp-content\/uploads\/2020\/12\/Canon_EF_70-200mm_F28_L_USM_backside.jpg\" alt=\"\" data-id=\"61660\" data-full-url=\"https:\/\/www.huruguen.fr\/site\/wp-content\/uploads\/2020\/12\/Canon_EF_70-200mm_F28_L_USM_backside.jpg\" data-link=\"https:\/\/www.huruguen.fr\/site\/canon_ef_70-200mm_f28_l_usm_backside\/\" class=\"wp-image-61660\" srcset=\"https:\/\/www.huruguen.fr\/site\/wp-content\/uploads\/2020\/12\/Canon_EF_70-200mm_F28_L_USM_backside.jpg 800w, https:\/\/www.huruguen.fr\/site\/wp-content\/uploads\/2020\/12\/Canon_EF_70-200mm_F28_L_USM_backside-300x200.jpg 300w, https:\/\/www.huruguen.fr\/site\/wp-content\/uploads\/2020\/12\/Canon_EF_70-200mm_F28_L_USM_backside-768x512.jpg 768w\" sizes=\"auto, (max-width: 800px) 100vw, 800px\" \/><\/a><\/figure><\/li><\/ul><\/figure>\n\n\n\n<p>L\u2019objectif photo CANON 70-200 EF f\/2.8 L USM est pr\u00e9sent\u00e9 comme l\u2019un des meilleurs t\u00e9l\u00e9zooms de la gamme Canon EF, avec des performances comparables \u00e0 celles d\u2019objectifs de focales fixes \u00e9quivalentes.<br>Quatre \u00e9l\u00e9ments en verre UD corrigent les aberrations chromatiques. Le zooming par d\u00e9placement de plusieurs groupes, associ\u00e9 \u00e0 la mise au point interne garantit une tr\u00e8s haute qualit\u00e9 d\u2019image sur toute la plage de focales.<\/p>\n\n\n\n<p>Cet objectif est enti\u00e8rement compatible avec les multiplicateurs de focale Canon EF 1,4x et 2x de part sa grande ouverture.<\/p>\n\n\n\n<figure class=\"wp-block-gallery columns-2 is-cropped wp-block-gallery-4 is-layout-flex wp-block-gallery-is-layout-flex\"><ul class=\"blocks-gallery-grid\"><li class=\"blocks-gallery-item\"><figure><a href=\"https:\/\/www.huruguen.fr\/site\/wp-content\/uploads\/2020\/12\/Canon_EOS_5_70-200_F28_USM.jpg\"><img loading=\"lazy\" decoding=\"async\" width=\"800\" height=\"533\" src=\"https:\/\/www.huruguen.fr\/site\/wp-content\/uploads\/2020\/12\/Canon_EOS_5_70-200_F28_USM.jpg\" alt=\"\" data-id=\"61708\" data-full-url=\"https:\/\/www.huruguen.fr\/site\/wp-content\/uploads\/2020\/12\/Canon_EOS_5_70-200_F28_USM.jpg\" data-link=\"https:\/\/www.huruguen.fr\/site\/canon_eos_5_70-200_f28_usm\/\" class=\"wp-image-61708\" srcset=\"https:\/\/www.huruguen.fr\/site\/wp-content\/uploads\/2020\/12\/Canon_EOS_5_70-200_F28_USM.jpg 800w, https:\/\/www.huruguen.fr\/site\/wp-content\/uploads\/2020\/12\/Canon_EOS_5_70-200_F28_USM-300x200.jpg 300w, https:\/\/www.huruguen.fr\/site\/wp-content\/uploads\/2020\/12\/Canon_EOS_5_70-200_F28_USM-768x512.jpg 768w\" sizes=\"auto, (max-width: 800px) 100vw, 800px\" \/><\/a><\/figure><\/li><li class=\"blocks-gallery-item\"><figure><a href=\"https:\/\/www.huruguen.fr\/site\/wp-content\/uploads\/2020\/12\/Canon_EOS_3_EF_70-200mm_F28L_USM.jpg\"><img loading=\"lazy\" decoding=\"async\" width=\"800\" height=\"533\" src=\"https:\/\/www.huruguen.fr\/site\/wp-content\/uploads\/2020\/12\/Canon_EOS_3_EF_70-200mm_F28L_USM.jpg\" alt=\"\" data-id=\"61703\" data-full-url=\"https:\/\/www.huruguen.fr\/site\/wp-content\/uploads\/2020\/12\/Canon_EOS_3_EF_70-200mm_F28L_USM.jpg\" data-link=\"https:\/\/www.huruguen.fr\/site\/canon_eos_3_ef_70-200mm_f28l_usm\/\" class=\"wp-image-61703\" srcset=\"https:\/\/www.huruguen.fr\/site\/wp-content\/uploads\/2020\/12\/Canon_EOS_3_EF_70-200mm_F28L_USM.jpg 800w, https:\/\/www.huruguen.fr\/site\/wp-content\/uploads\/2020\/12\/Canon_EOS_3_EF_70-200mm_F28L_USM-300x200.jpg 300w, https:\/\/www.huruguen.fr\/site\/wp-content\/uploads\/2020\/12\/Canon_EOS_3_EF_70-200mm_F28L_USM-768x512.jpg 768w\" sizes=\"auto, (max-width: 800px) 100vw, 800px\" \/><\/a><\/figure><\/li><\/ul><\/figure>\n\n\n\n<p><strong>Qu\u2019est-ce que la s\u00e9rie L de Canon ?<\/strong><br>La lettre L indique que cet objectif appartient \u00e0 la prestigieuse s\u00e9rie des objectifs EF professionnels : le summum de la performance en qualit\u00e9 d\u2019image et de facilit\u00e9 d\u2019utilisation avec en plus une protection contre les intemp\u00e9ries et une fiabilit\u00e9 renforc\u00e9es.<\/p>\n\n\n\n<p>Les objectifs de la s\u00e9rie L sont con\u00e7us \u00e0 partir de mat\u00e9riaux optiques sp\u00e9ciaux comme la fluorite et le verre \u00e0 dispersion ultra-faible (UD ou super UD).<\/p>\n\n\n\n<p>Cet objectif CANON est compatible avec le pare-soleil ET-86.<\/p>\n\n\n\n<figure class=\"wp-block-gallery columns-2 is-cropped wp-block-gallery-5 is-layout-flex wp-block-gallery-is-layout-flex\"><ul class=\"blocks-gallery-grid\"><li class=\"blocks-gallery-item\"><figure><a href=\"https:\/\/www.huruguen.fr\/site\/wp-content\/uploads\/2020\/12\/Canon_EF_70-200mm_F28_L_USM_Rear_View.jpg\"><img loading=\"lazy\" decoding=\"async\" width=\"800\" height=\"533\" src=\"https:\/\/www.huruguen.fr\/site\/wp-content\/uploads\/2020\/12\/Canon_EF_70-200mm_F28_L_USM_Rear_View.jpg\" alt=\"\" data-id=\"61664\" data-full-url=\"https:\/\/www.huruguen.fr\/site\/wp-content\/uploads\/2020\/12\/Canon_EF_70-200mm_F28_L_USM_Rear_View.jpg\" data-link=\"https:\/\/www.huruguen.fr\/site\/canon_ef_70-200mm_f28_l_usm_rear_view\/\" class=\"wp-image-61664\" srcset=\"https:\/\/www.huruguen.fr\/site\/wp-content\/uploads\/2020\/12\/Canon_EF_70-200mm_F28_L_USM_Rear_View.jpg 800w, https:\/\/www.huruguen.fr\/site\/wp-content\/uploads\/2020\/12\/Canon_EF_70-200mm_F28_L_USM_Rear_View-300x200.jpg 300w, https:\/\/www.huruguen.fr\/site\/wp-content\/uploads\/2020\/12\/Canon_EF_70-200mm_F28_L_USM_Rear_View-768x512.jpg 768w\" sizes=\"auto, (max-width: 800px) 100vw, 800px\" \/><\/a><\/figure><\/li><li class=\"blocks-gallery-item\"><figure><a href=\"https:\/\/www.huruguen.fr\/site\/wp-content\/uploads\/2020\/12\/Canon_EF_70-200mm_F28_L_USM_side_front.jpg\"><img loading=\"lazy\" decoding=\"async\" width=\"800\" height=\"533\" src=\"https:\/\/www.huruguen.fr\/site\/wp-content\/uploads\/2020\/12\/Canon_EF_70-200mm_F28_L_USM_side_front.jpg\" alt=\"\" data-id=\"61665\" data-full-url=\"https:\/\/www.huruguen.fr\/site\/wp-content\/uploads\/2020\/12\/Canon_EF_70-200mm_F28_L_USM_side_front.jpg\" data-link=\"https:\/\/www.huruguen.fr\/site\/canon_ef_70-200mm_f28_l_usm_side_front\/\" class=\"wp-image-61665\" srcset=\"https:\/\/www.huruguen.fr\/site\/wp-content\/uploads\/2020\/12\/Canon_EF_70-200mm_F28_L_USM_side_front.jpg 800w, https:\/\/www.huruguen.fr\/site\/wp-content\/uploads\/2020\/12\/Canon_EF_70-200mm_F28_L_USM_side_front-300x200.jpg 300w, https:\/\/www.huruguen.fr\/site\/wp-content\/uploads\/2020\/12\/Canon_EF_70-200mm_F28_L_USM_side_front-768x512.jpg 768w\" sizes=\"auto, (max-width: 800px) 100vw, 800px\" \/><\/a><\/figure><\/li><\/ul><\/figure>\n\n\n\n<p><strong>Qu\u2019est-ce que le moteur USM ?<\/strong><br>Le moteur USM (pour ultrasonique) est le premier moteur au monde fonctionnant selon le principe d\u2019oscillations ultrasoniques utilis\u00e9es pour piloter une mise au point quasi-silencieuse. Il est plus rapide que l\u2019\u0153il humain.<\/p>\n\n\n\n<p>Un objectif USM s\u2019arr\u00eate en outre sans inertie \u00e0 l\u2019instant exact o\u00f9 l\u2019appareil d\u00e9tecte que la mise au point est correctement effectu\u00e9e.<\/p>\n\n\n\n<figure class=\"wp-block-gallery columns-2 is-cropped wp-block-gallery-6 is-layout-flex wp-block-gallery-is-layout-flex\"><ul class=\"blocks-gallery-grid\"><li class=\"blocks-gallery-item\"><figure><a href=\"https:\/\/www.huruguen.fr\/site\/wp-content\/uploads\/2020\/12\/Canon_EF_70-200mm_F28_L_USM_Front_Lense.jpg\"><img loading=\"lazy\" decoding=\"async\" width=\"800\" height=\"533\" src=\"https:\/\/www.huruguen.fr\/site\/wp-content\/uploads\/2020\/12\/Canon_EF_70-200mm_F28_L_USM_Front_Lense.jpg\" alt=\"\" data-id=\"61662\" data-full-url=\"https:\/\/www.huruguen.fr\/site\/wp-content\/uploads\/2020\/12\/Canon_EF_70-200mm_F28_L_USM_Front_Lense.jpg\" data-link=\"https:\/\/www.huruguen.fr\/site\/canon_ef_70-200mm_f28_l_usm_front_lense\/\" class=\"wp-image-61662\" srcset=\"https:\/\/www.huruguen.fr\/site\/wp-content\/uploads\/2020\/12\/Canon_EF_70-200mm_F28_L_USM_Front_Lense.jpg 800w, https:\/\/www.huruguen.fr\/site\/wp-content\/uploads\/2020\/12\/Canon_EF_70-200mm_F28_L_USM_Front_Lense-300x200.jpg 300w, https:\/\/www.huruguen.fr\/site\/wp-content\/uploads\/2020\/12\/Canon_EF_70-200mm_F28_L_USM_Front_Lense-768x512.jpg 768w\" sizes=\"auto, (max-width: 800px) 100vw, 800px\" \/><\/a><\/figure><\/li><li class=\"blocks-gallery-item\"><figure><a href=\"https:\/\/www.huruguen.fr\/site\/wp-content\/uploads\/2020\/12\/Canon_EF_70-200mm_F28_L_USM_Top.jpg\"><img loading=\"lazy\" decoding=\"async\" width=\"800\" height=\"533\" src=\"https:\/\/www.huruguen.fr\/site\/wp-content\/uploads\/2020\/12\/Canon_EF_70-200mm_F28_L_USM_Top.jpg\" alt=\"\" data-id=\"61669\" data-full-url=\"https:\/\/www.huruguen.fr\/site\/wp-content\/uploads\/2020\/12\/Canon_EF_70-200mm_F28_L_USM_Top.jpg\" data-link=\"https:\/\/www.huruguen.fr\/site\/canon_ef_70-200mm_f28_l_usm_top\/\" class=\"wp-image-61669\" srcset=\"https:\/\/www.huruguen.fr\/site\/wp-content\/uploads\/2020\/12\/Canon_EF_70-200mm_F28_L_USM_Top.jpg 800w, https:\/\/www.huruguen.fr\/site\/wp-content\/uploads\/2020\/12\/Canon_EF_70-200mm_F28_L_USM_Top-300x200.jpg 300w, https:\/\/www.huruguen.fr\/site\/wp-content\/uploads\/2020\/12\/Canon_EF_70-200mm_F28_L_USM_Top-768x512.jpg 768w\" sizes=\"auto, (max-width: 800px) 100vw, 800px\" \/><\/a><\/figure><\/li><\/ul><\/figure>\n\n\n\n<p><strong>Qu\u2019est-ce que les lentilles fluorite et Super UD ?<\/strong><\/p>\n\n\n\n<p>Canon a \u00e9t\u00e9 le premier fabricant \u00e0 mettre au point les lentilles en Fluorite et les \u00e9l\u00e9ments en verre UD indispensables pour corriger l\u2019aberration chromatique.<\/p>\n\n\n\n<p>Cette aberration se traduit par un point de convergence diff\u00e9rent pour les longueurs d\u2019ondes de couleurs diff\u00e9rentes ou par la variation de la r\u00e9fraction des diff\u00e9rents rayons de lumi\u00e8re qui traversent les lentilles en verre classique.<\/p>\n\n\n\n<p>Gr\u00e2ce \u00e0 leurs propri\u00e9t\u00e9s de diffraction particuli\u00e8res, les lentilles en Fluorite et les \u00e9l\u00e9ments en verre UD corrigent ces aberrations et assurent nettet\u00e9 optimale, contraste \u00e9lev\u00e9, et reproduction pr\u00e9cise des couleurs.<\/p>\n\n\n<style>.wp-block-kadence-advancedgallery .kb-gallery-type-masonry.kb-gallery-id-_3ada46-54{margin:-5px;}.kb-gallery-type-masonry.kb-gallery-id-_3ada46-54 .kadence-blocks-gallery-item{padding:5px;}.kb-gallery-id-_3ada46-54 .kadence-blocks-gallery-item .kb-gal-image-radius, .kb-gallery-id-_3ada46-54 .kb-slide-item .kb-gal-image-radius img{border-radius:0px 0px 0px 0px;;}<\/style><div class=\"kb-gallery-wrap-id-_3ada46-54 alignnone wp-block-kadence-advancedgallery\"><ul class=\"kb-gallery-ul kb-gallery-non-static kb-gallery-type-masonry kb-masonry-init kb-gallery-id-_3ada46-54 kb-gallery-caption-style-bottom-hover kb-gallery-filter-none\" data-image-filter=\"none\" data-item-selector=\".kadence-blocks-gallery-item\" data-lightbox-caption=\"true\" data-columns-xxl=\"3\" data-columns-xl=\"3\" data-columns-md=\"3\" data-columns-sm=\"2\" data-columns-xs=\"1\" data-columns-ss=\"1\"><li class=\"kadence-blocks-gallery-item\"><div class=\"kadence-blocks-gallery-item-inner\"><figure class=\"kb-gallery-figure kb-gallery-item-has-link kadence-blocks-gallery-item-hide-caption\"><a href=\"https:\/\/www.huruguen.fr\/site\/wp-content\/uploads\/2020\/12\/Canon_EF_70-200mm_F28_L_USM_Side_View_Lens_Hood.jpg\" class=\"kb-gallery-item-link\"  ><div class=\"kb-gal-image-radius\" style=\"max-width:800px;\"><div class=\"kb-gallery-image-contain kadence-blocks-gallery-intrinsic\" style=\"padding-bottom:66%;\"><img loading=\"lazy\" decoding=\"async\" src=\"https:\/\/www.huruguen.fr\/site\/wp-content\/uploads\/2020\/12\/Canon_EF_70-200mm_F28_L_USM_Side_View_Lens_Hood.jpg\" width=\"800\" height=\"533\" alt=\"\" data-full-image=\"https:\/\/www.huruguen.fr\/site\/wp-content\/uploads\/2020\/12\/Canon_EF_70-200mm_F28_L_USM_Side_View_Lens_Hood.jpg\" data-light-image=\"https:\/\/www.huruguen.fr\/site\/wp-content\/uploads\/2020\/12\/Canon_EF_70-200mm_F28_L_USM_Side_View_Lens_Hood.jpg\" data-id=\"61666\" class=\"wp-image-61666\" srcset=\"https:\/\/www.huruguen.fr\/site\/wp-content\/uploads\/2020\/12\/Canon_EF_70-200mm_F28_L_USM_Side_View_Lens_Hood.jpg 800w, https:\/\/www.huruguen.fr\/site\/wp-content\/uploads\/2020\/12\/Canon_EF_70-200mm_F28_L_USM_Side_View_Lens_Hood-300x200.jpg 300w, https:\/\/www.huruguen.fr\/site\/wp-content\/uploads\/2020\/12\/Canon_EF_70-200mm_F28_L_USM_Side_View_Lens_Hood-768x512.jpg 768w\" sizes=\"auto, (max-width: 800px) 100vw, 800px\" \/><\/div><\/div><\/a><\/figure><\/div><\/li><li class=\"kadence-blocks-gallery-item\"><div class=\"kadence-blocks-gallery-item-inner\"><figure class=\"kb-gallery-figure kb-gallery-item-has-link kadence-blocks-gallery-item-hide-caption\"><a href=\"https:\/\/www.huruguen.fr\/site\/wp-content\/uploads\/2020\/12\/Canon_EF_70-200mm_F28_L_USM_Control.jpg\" class=\"kb-gallery-item-link\"  ><div class=\"kb-gal-image-radius\" style=\"max-width:533px;\"><div class=\"kb-gallery-image-contain kadence-blocks-gallery-intrinsic\" style=\"padding-bottom:150%;\"><img loading=\"lazy\" decoding=\"async\" src=\"https:\/\/www.huruguen.fr\/site\/wp-content\/uploads\/2020\/12\/Canon_EF_70-200mm_F28_L_USM_Control.jpg\" width=\"533\" height=\"800\" alt=\"\" data-full-image=\"https:\/\/www.huruguen.fr\/site\/wp-content\/uploads\/2020\/12\/Canon_EF_70-200mm_F28_L_USM_Control.jpg\" data-light-image=\"https:\/\/www.huruguen.fr\/site\/wp-content\/uploads\/2020\/12\/Canon_EF_70-200mm_F28_L_USM_Control.jpg\" data-id=\"61661\" class=\"wp-image-61661\" srcset=\"https:\/\/www.huruguen.fr\/site\/wp-content\/uploads\/2020\/12\/Canon_EF_70-200mm_F28_L_USM_Control.jpg 533w, https:\/\/www.huruguen.fr\/site\/wp-content\/uploads\/2020\/12\/Canon_EF_70-200mm_F28_L_USM_Control-200x300.jpg 200w\" sizes=\"auto, (max-width: 533px) 100vw, 533px\" \/><\/div><\/div><\/a><\/figure><\/div><\/li><\/ul><\/div>\n\n\n<p>Premi\u00e8res photos sur le terrain :<\/p>\n\n\n\n<figure class=\"wp-block-gallery columns-1 is-cropped wp-block-gallery-7 is-layout-flex wp-block-gallery-is-layout-flex\"><ul class=\"blocks-gallery-grid\"><li class=\"blocks-gallery-item\"><figure><a href=\"https:\/\/www.huruguen.fr\/site\/wp-content\/uploads\/2010\/09\/Jean_Baptiste_Peytavit_Whip.jpg\"><img loading=\"lazy\" decoding=\"async\" width=\"533\" height=\"800\" src=\"https:\/\/www.huruguen.fr\/site\/wp-content\/uploads\/2010\/09\/Jean_Baptiste_Peytavit_Whip.jpg\" alt=\"\" data-id=\"61996\" data-full-url=\"https:\/\/www.huruguen.fr\/site\/wp-content\/uploads\/2010\/09\/Jean_Baptiste_Peytavit_Whip.jpg\" data-link=\"https:\/\/www.huruguen.fr\/site\/test-zoom-canon-ef-70-200mm-f2-8-l-usm\/jean_baptiste_peytavit_whip\/\" class=\"wp-image-61996\" srcset=\"https:\/\/www.huruguen.fr\/site\/wp-content\/uploads\/2010\/09\/Jean_Baptiste_Peytavit_Whip.jpg 533w, https:\/\/www.huruguen.fr\/site\/wp-content\/uploads\/2010\/09\/Jean_Baptiste_Peytavit_Whip-200x300.jpg 200w\" sizes=\"auto, (max-width: 533px) 100vw, 533px\" \/><\/a><\/figure><\/li><\/ul><\/figure>\n\n\n\n<p>Canon EOS 50D &#8211; f\/9 &#8211; 1\/250s &#8211; 70 mm &#8211; 200 iso<\/p>\n\n\n\n<figure class=\"wp-block-gallery columns-1 is-cropped wp-block-gallery-8 is-layout-flex wp-block-gallery-is-layout-flex\"><ul class=\"blocks-gallery-grid\"><li class=\"blocks-gallery-item\"><figure><a href=\"https:\/\/www.huruguen.fr\/site\/wp-content\/uploads\/2010\/09\/Lincoln_Taylor_Backside_Snap_R1.jpg\"><img loading=\"lazy\" decoding=\"async\" width=\"800\" height=\"533\" src=\"https:\/\/www.huruguen.fr\/site\/wp-content\/uploads\/2010\/09\/Lincoln_Taylor_Backside_Snap_R1.jpg\" alt=\"\" data-id=\"61998\" data-full-url=\"https:\/\/www.huruguen.fr\/site\/wp-content\/uploads\/2010\/09\/Lincoln_Taylor_Backside_Snap_R1.jpg\" data-link=\"https:\/\/www.huruguen.fr\/site\/test-zoom-canon-ef-70-200mm-f2-8-l-usm\/lincoln_taylor_backside_snap_r1\/\" class=\"wp-image-61998\" srcset=\"https:\/\/www.huruguen.fr\/site\/wp-content\/uploads\/2010\/09\/Lincoln_Taylor_Backside_Snap_R1.jpg 800w, https:\/\/www.huruguen.fr\/site\/wp-content\/uploads\/2010\/09\/Lincoln_Taylor_Backside_Snap_R1-300x200.jpg 300w, https:\/\/www.huruguen.fr\/site\/wp-content\/uploads\/2010\/09\/Lincoln_Taylor_Backside_Snap_R1-768x512.jpg 768w\" sizes=\"auto, (max-width: 800px) 100vw, 800px\" \/><\/a><\/figure><\/li><\/ul><\/figure>\n\n\n\n<p>Canon EOS 50D &#8211; Doubleur Vivitar AF 2x &#8211; f\/5.6 &#8211; 1\/2000s &#8211; 400 mm &#8211; 500 iso<\/p>\n\n\n\n<figure class=\"wp-block-gallery columns-1 is-cropped wp-block-gallery-9 is-layout-flex wp-block-gallery-is-layout-flex\"><ul class=\"blocks-gallery-grid\"><li class=\"blocks-gallery-item\"><figure><a href=\"https:\/\/www.huruguen.fr\/site\/wp-content\/uploads\/2010\/09\/John_Petit.jpg\"><img loading=\"lazy\" decoding=\"async\" width=\"800\" height=\"533\" src=\"https:\/\/www.huruguen.fr\/site\/wp-content\/uploads\/2010\/09\/John_Petit.jpg\" alt=\"\" data-id=\"61997\" data-full-url=\"https:\/\/www.huruguen.fr\/site\/wp-content\/uploads\/2010\/09\/John_Petit.jpg\" data-link=\"https:\/\/www.huruguen.fr\/site\/test-zoom-canon-ef-70-200mm-f2-8-l-usm\/john_petit\/\" class=\"wp-image-61997\" srcset=\"https:\/\/www.huruguen.fr\/site\/wp-content\/uploads\/2010\/09\/John_Petit.jpg 800w, https:\/\/www.huruguen.fr\/site\/wp-content\/uploads\/2010\/09\/John_Petit-300x200.jpg 300w, https:\/\/www.huruguen.fr\/site\/wp-content\/uploads\/2010\/09\/John_Petit-768x512.jpg 768w\" sizes=\"auto, (max-width: 800px) 100vw, 800px\" \/><\/a><\/figure><\/li><\/ul><\/figure>\n\n\n\n<p>Canon EOS 50D &#8211; f\/2.8 &#8211; 1\/1250s &#8211; 200 mm &#8211; 200 iso<\/p>\n","protected":false},"excerpt":{"rendered":"<p>Test du zoom Canon EF 70-200mm f\/2.8 L USM Un an \u00e0 peine apr\u00e8s l&rsquo;acquisition du t\u00e9l\u00e9-zoom s\u00e9rie L Canon EF 70-200mm f\/4 L USM il est temps pour moi de le remplacer par son grand fr\u00e8re dot\u00e9 de l&rsquo;ouverture &hellip; <a href=\"https:\/\/www.huruguen.fr\/site\/test-zoom-canon-ef-70-200mm-f2-8-l-usm\/\">Lire la suite<\/a><\/p>\n","protected":false},"author":1,"featured_media":54482,"comment_status":"closed","ping_status":"open","sticky":false,"template":"","format":"standard","meta":{"kt_blocks_editor_width":"","footnotes":""},"categories":[1536,2870],"tags":[],"class_list":["post-54481","post","type-post","status-publish","format-standard","has-post-thumbnail","hentry","category-blog","category-materiel-photo"],"yoast_head":"<!-- This site is optimized with the Yoast SEO plugin v27.4 - https:\/\/yoast.com\/product\/yoast-seo-wordpress\/ -->\n<title>Test du zoom Canon EF 70-200mm f\/2.8 L USM - Photographe Professionnel \u00e0 Bordeaux &#x1f4f7; Sebastien Huruguen<\/title>\n<meta name=\"description\" content=\"S\u00e9bastien Huruguen photographe pro Bordeaux. Essais en fran\u00e7ais de l&#039;objectif zoom Canon EF 70-200mm f\/2.8 L USM pour reflex Canon EOS \u00e9quip\u00e9s de capteur plein format ou APS-C. Test du zoom professionnel s\u00e9rie L Canon EF 70-200 ouverture constante f2.8. Photos d&#039;exemple, avis et prise en main.\" \/>\n<meta name=\"robots\" content=\"index, follow, max-snippet:-1, max-image-preview:large, max-video-preview:-1\" \/>\n<link rel=\"canonical\" href=\"https:\/\/www.huruguen.fr\/site\/test-zoom-canon-ef-70-200mm-f2-8-l-usm\/\" \/>\n<meta property=\"og:locale\" content=\"fr_FR\" \/>\n<meta property=\"og:type\" content=\"article\" \/>\n<meta property=\"og:title\" content=\"Test du zoom Canon EF 70-200mm f\/2.8 L USM - Photographe Professionnel \u00e0 Bordeaux &#x1f4f7; Sebastien Huruguen\" \/>\n<meta property=\"og:description\" content=\"S\u00e9bastien Huruguen photographe pro Bordeaux. Essais en fran\u00e7ais de l&#039;objectif zoom Canon EF 70-200mm f\/2.8 L USM pour reflex Canon EOS \u00e9quip\u00e9s de capteur plein format ou APS-C. Test du zoom professionnel s\u00e9rie L Canon EF 70-200 ouverture constante f2.8. Photos d&#039;exemple, avis et prise en main.\" \/>\n<meta property=\"og:url\" content=\"https:\/\/www.huruguen.fr\/site\/test-zoom-canon-ef-70-200mm-f2-8-l-usm\/\" \/>\n<meta property=\"og:site_name\" content=\"Photographe Professionnel \u00e0 Bordeaux &#x1f4f7; Sebastien Huruguen\" \/>\n<meta property=\"article:publisher\" content=\"https:\/\/www.facebook.com\/huruguen\" \/>\n<meta property=\"article:author\" content=\"https:\/\/www.facebook.com\/huruguen\/\" \/>\n<meta property=\"article:published_time\" content=\"2010-09-28T17:39:48+00:00\" \/>\n<meta property=\"article:modified_time\" content=\"2020-12-04T09:28:57+00:00\" \/>\n<meta property=\"og:image\" content=\"https:\/\/www.huruguen.fr\/site\/wp-content\/uploads\/2016\/09\/Canon_EF_70-200mm_F28_L_USM_Side_View.jpg\" \/>\n\t<meta property=\"og:image:width\" content=\"800\" \/>\n\t<meta property=\"og:image:height\" content=\"533\" \/>\n\t<meta property=\"og:image:type\" content=\"image\/jpeg\" \/>\n<meta name=\"author\" content=\"Sebastien Huruguen\" \/>\n<meta name=\"twitter:card\" content=\"summary_large_image\" \/>\n<meta name=\"twitter:creator\" content=\"@www_huruguen_fr\" \/>\n<meta name=\"twitter:site\" content=\"@www_huruguen_fr\" \/>\n<meta name=\"twitter:label1\" content=\"\u00c9crit par\" \/>\n\t<meta name=\"twitter:data1\" content=\"Sebastien Huruguen\" \/>\n\t<meta name=\"twitter:label2\" content=\"Dur\u00e9e de lecture estim\u00e9e\" \/>\n\t<meta name=\"twitter:data2\" content=\"3 minutes\" \/>\n<script type=\"application\/ld+json\" class=\"yoast-schema-graph\">{\"@context\":\"https:\\\/\\\/schema.org\",\"@graph\":[{\"@type\":\"Article\",\"@id\":\"https:\\\/\\\/www.huruguen.fr\\\/site\\\/test-zoom-canon-ef-70-200mm-f2-8-l-usm\\\/#article\",\"isPartOf\":{\"@id\":\"https:\\\/\\\/www.huruguen.fr\\\/site\\\/test-zoom-canon-ef-70-200mm-f2-8-l-usm\\\/\"},\"author\":{\"name\":\"Sebastien Huruguen\",\"@id\":\"https:\\\/\\\/www.huruguen.fr\\\/site\\\/#\\\/schema\\\/person\\\/bdce6395a337c00db735bf5fa1268715\"},\"headline\":\"Test du zoom Canon EF 70-200mm f\\\/2.8 L USM\",\"datePublished\":\"2010-09-28T17:39:48+00:00\",\"dateModified\":\"2020-12-04T09:28:57+00:00\",\"mainEntityOfPage\":{\"@id\":\"https:\\\/\\\/www.huruguen.fr\\\/site\\\/test-zoom-canon-ef-70-200mm-f2-8-l-usm\\\/\"},\"wordCount\":547,\"publisher\":{\"@id\":\"https:\\\/\\\/www.huruguen.fr\\\/site\\\/#organization\"},\"image\":{\"@id\":\"https:\\\/\\\/www.huruguen.fr\\\/site\\\/test-zoom-canon-ef-70-200mm-f2-8-l-usm\\\/#primaryimage\"},\"thumbnailUrl\":\"https:\\\/\\\/www.huruguen.fr\\\/site\\\/wp-content\\\/uploads\\\/2016\\\/09\\\/Canon_EF_70-200mm_F28_L_USM_Side_View.jpg\",\"articleSection\":[\"Blog\",\"Mat\u00e9riel Photo\"],\"inLanguage\":\"fr-FR\"},{\"@type\":\"WebPage\",\"@id\":\"https:\\\/\\\/www.huruguen.fr\\\/site\\\/test-zoom-canon-ef-70-200mm-f2-8-l-usm\\\/\",\"url\":\"https:\\\/\\\/www.huruguen.fr\\\/site\\\/test-zoom-canon-ef-70-200mm-f2-8-l-usm\\\/\",\"name\":\"Test du zoom Canon EF 70-200mm f\\\/2.8 L USM - Photographe Professionnel \u00e0 Bordeaux &#x1f4f7; Sebastien Huruguen\",\"isPartOf\":{\"@id\":\"https:\\\/\\\/www.huruguen.fr\\\/site\\\/#website\"},\"primaryImageOfPage\":{\"@id\":\"https:\\\/\\\/www.huruguen.fr\\\/site\\\/test-zoom-canon-ef-70-200mm-f2-8-l-usm\\\/#primaryimage\"},\"image\":{\"@id\":\"https:\\\/\\\/www.huruguen.fr\\\/site\\\/test-zoom-canon-ef-70-200mm-f2-8-l-usm\\\/#primaryimage\"},\"thumbnailUrl\":\"https:\\\/\\\/www.huruguen.fr\\\/site\\\/wp-content\\\/uploads\\\/2016\\\/09\\\/Canon_EF_70-200mm_F28_L_USM_Side_View.jpg\",\"datePublished\":\"2010-09-28T17:39:48+00:00\",\"dateModified\":\"2020-12-04T09:28:57+00:00\",\"description\":\"S\u00e9bastien Huruguen photographe pro Bordeaux. Essais en fran\u00e7ais de l'objectif zoom Canon EF 70-200mm f\\\/2.8 L USM pour reflex Canon EOS \u00e9quip\u00e9s de capteur plein format ou APS-C. Test du zoom professionnel s\u00e9rie L Canon EF 70-200 ouverture constante f2.8. Photos d'exemple, avis et prise en main.\",\"breadcrumb\":{\"@id\":\"https:\\\/\\\/www.huruguen.fr\\\/site\\\/test-zoom-canon-ef-70-200mm-f2-8-l-usm\\\/#breadcrumb\"},\"inLanguage\":\"fr-FR\",\"potentialAction\":[{\"@type\":\"ReadAction\",\"target\":[\"https:\\\/\\\/www.huruguen.fr\\\/site\\\/test-zoom-canon-ef-70-200mm-f2-8-l-usm\\\/\"]}]},{\"@type\":\"ImageObject\",\"inLanguage\":\"fr-FR\",\"@id\":\"https:\\\/\\\/www.huruguen.fr\\\/site\\\/test-zoom-canon-ef-70-200mm-f2-8-l-usm\\\/#primaryimage\",\"url\":\"https:\\\/\\\/www.huruguen.fr\\\/site\\\/wp-content\\\/uploads\\\/2016\\\/09\\\/Canon_EF_70-200mm_F28_L_USM_Side_View.jpg\",\"contentUrl\":\"https:\\\/\\\/www.huruguen.fr\\\/site\\\/wp-content\\\/uploads\\\/2016\\\/09\\\/Canon_EF_70-200mm_F28_L_USM_Side_View.jpg\",\"width\":800,\"height\":533,\"caption\":\"Canon EF 70-200mm f\\\/2.8 L USM\"},{\"@type\":\"BreadcrumbList\",\"@id\":\"https:\\\/\\\/www.huruguen.fr\\\/site\\\/test-zoom-canon-ef-70-200mm-f2-8-l-usm\\\/#breadcrumb\",\"itemListElement\":[{\"@type\":\"ListItem\",\"position\":1,\"name\":\"Accueil\",\"item\":\"https:\\\/\\\/www.huruguen.fr\\\/site\\\/\"},{\"@type\":\"ListItem\",\"position\":2,\"name\":\"Test du zoom Canon EF 70-200mm f\\\/2.8 L USM\"}]},{\"@type\":\"WebSite\",\"@id\":\"https:\\\/\\\/www.huruguen.fr\\\/site\\\/#website\",\"url\":\"https:\\\/\\\/www.huruguen.fr\\\/site\\\/\",\"name\":\"Photographe Professionnel \u00e0 Bordeaux Sebastien Huruguen\",\"description\":\"Photographe professionnel ind\u00e9pendant a Bordeaux. Prestations et services photograpphiques pour les professionnels et particuliers : reportages, s\u00e9ances photos, studio, packshot.\",\"publisher\":{\"@id\":\"https:\\\/\\\/www.huruguen.fr\\\/site\\\/#organization\"},\"potentialAction\":[{\"@type\":\"SearchAction\",\"target\":{\"@type\":\"EntryPoint\",\"urlTemplate\":\"https:\\\/\\\/www.huruguen.fr\\\/site\\\/?s={search_term_string}\"},\"query-input\":{\"@type\":\"PropertyValueSpecification\",\"valueRequired\":true,\"valueName\":\"search_term_string\"}}],\"inLanguage\":\"fr-FR\"},{\"@type\":\"Organization\",\"@id\":\"https:\\\/\\\/www.huruguen.fr\\\/site\\\/#organization\",\"name\":\"S\u00e9bastien Huruguen Photographe\",\"url\":\"https:\\\/\\\/www.huruguen.fr\\\/site\\\/\",\"logo\":{\"@type\":\"ImageObject\",\"inLanguage\":\"fr-FR\",\"@id\":\"https:\\\/\\\/www.huruguen.fr\\\/site\\\/#\\\/schema\\\/logo\\\/image\\\/\",\"url\":\"https:\\\/\\\/www.huruguen.fr\\\/site\\\/wp-content\\\/uploads\\\/2018\\\/03\\\/Logo-Huruguen-triptique-2018-noir-1500.jpg\",\"contentUrl\":\"https:\\\/\\\/www.huruguen.fr\\\/site\\\/wp-content\\\/uploads\\\/2018\\\/03\\\/Logo-Huruguen-triptique-2018-noir-1500.jpg\",\"width\":1500,\"height\":1500,\"caption\":\"S\u00e9bastien Huruguen Photographe\"},\"image\":{\"@id\":\"https:\\\/\\\/www.huruguen.fr\\\/site\\\/#\\\/schema\\\/logo\\\/image\\\/\"},\"sameAs\":[\"https:\\\/\\\/www.facebook.com\\\/huruguen\",\"https:\\\/\\\/x.com\\\/www_huruguen_fr\",\"https:\\\/\\\/www.instagram.com\\\/sebastien.huruguen\\\/\"]},{\"@type\":\"Person\",\"@id\":\"https:\\\/\\\/www.huruguen.fr\\\/site\\\/#\\\/schema\\\/person\\\/bdce6395a337c00db735bf5fa1268715\",\"name\":\"Sebastien Huruguen\",\"description\":\"S\u00e9bastien Huruguen est photographe professionnel \u00e0 Bordeaux.\",\"sameAs\":[\"https:\\\/\\\/www.huruguen.fr\",\"https:\\\/\\\/www.facebook.com\\\/huruguen\\\/\",\"https:\\\/\\\/www.instagram.com\\\/sebastien.huruguen\\\/\",\"https:\\\/\\\/www.linkedin.com\\\/in\\\/sbastien-huruguen-95452342\\\/\",\"https:\\\/\\\/www.pinterest.fr\\\/shuruguen\\\/\",\"https:\\\/\\\/x.com\\\/www_huruguen_fr\",\"https:\\\/\\\/www.youtube.com\\\/channel\\\/UChEt96Suus_jyoBce80fNOA?nohtml5=False\"]}]}<\/script>\n<!-- \/ Yoast SEO plugin. -->","yoast_head_json":{"title":"Test du zoom Canon EF 70-200mm f\/2.8 L USM - Photographe Professionnel \u00e0 Bordeaux &#x1f4f7; Sebastien Huruguen","description":"S\u00e9bastien Huruguen photographe pro Bordeaux. Essais en fran\u00e7ais de l'objectif zoom Canon EF 70-200mm f\/2.8 L USM pour reflex Canon EOS \u00e9quip\u00e9s de capteur plein format ou APS-C. Test du zoom professionnel s\u00e9rie L Canon EF 70-200 ouverture constante f2.8. Photos d'exemple, avis et prise en main.","robots":{"index":"index","follow":"follow","max-snippet":"max-snippet:-1","max-image-preview":"max-image-preview:large","max-video-preview":"max-video-preview:-1"},"canonical":"https:\/\/www.huruguen.fr\/site\/test-zoom-canon-ef-70-200mm-f2-8-l-usm\/","og_locale":"fr_FR","og_type":"article","og_title":"Test du zoom Canon EF 70-200mm f\/2.8 L USM - Photographe Professionnel \u00e0 Bordeaux &#x1f4f7; Sebastien Huruguen","og_description":"S\u00e9bastien Huruguen photographe pro Bordeaux. Essais en fran\u00e7ais de l'objectif zoom Canon EF 70-200mm f\/2.8 L USM pour reflex Canon EOS \u00e9quip\u00e9s de capteur plein format ou APS-C. Test du zoom professionnel s\u00e9rie L Canon EF 70-200 ouverture constante f2.8. Photos d'exemple, avis et prise en main.","og_url":"https:\/\/www.huruguen.fr\/site\/test-zoom-canon-ef-70-200mm-f2-8-l-usm\/","og_site_name":"Photographe Professionnel \u00e0 Bordeaux &#x1f4f7; Sebastien Huruguen","article_publisher":"https:\/\/www.facebook.com\/huruguen","article_author":"https:\/\/www.facebook.com\/huruguen\/","article_published_time":"2010-09-28T17:39:48+00:00","article_modified_time":"2020-12-04T09:28:57+00:00","og_image":[{"width":800,"height":533,"url":"https:\/\/www.huruguen.fr\/site\/wp-content\/uploads\/2016\/09\/Canon_EF_70-200mm_F28_L_USM_Side_View.jpg","type":"image\/jpeg"}],"author":"Sebastien Huruguen","twitter_card":"summary_large_image","twitter_creator":"@www_huruguen_fr","twitter_site":"@www_huruguen_fr","twitter_misc":{"\u00c9crit par":"Sebastien Huruguen","Dur\u00e9e de lecture estim\u00e9e":"3 minutes"},"schema":{"@context":"https:\/\/schema.org","@graph":[{"@type":"Article","@id":"https:\/\/www.huruguen.fr\/site\/test-zoom-canon-ef-70-200mm-f2-8-l-usm\/#article","isPartOf":{"@id":"https:\/\/www.huruguen.fr\/site\/test-zoom-canon-ef-70-200mm-f2-8-l-usm\/"},"author":{"name":"Sebastien Huruguen","@id":"https:\/\/www.huruguen.fr\/site\/#\/schema\/person\/bdce6395a337c00db735bf5fa1268715"},"headline":"Test du zoom Canon EF 70-200mm f\/2.8 L USM","datePublished":"2010-09-28T17:39:48+00:00","dateModified":"2020-12-04T09:28:57+00:00","mainEntityOfPage":{"@id":"https:\/\/www.huruguen.fr\/site\/test-zoom-canon-ef-70-200mm-f2-8-l-usm\/"},"wordCount":547,"publisher":{"@id":"https:\/\/www.huruguen.fr\/site\/#organization"},"image":{"@id":"https:\/\/www.huruguen.fr\/site\/test-zoom-canon-ef-70-200mm-f2-8-l-usm\/#primaryimage"},"thumbnailUrl":"https:\/\/www.huruguen.fr\/site\/wp-content\/uploads\/2016\/09\/Canon_EF_70-200mm_F28_L_USM_Side_View.jpg","articleSection":["Blog","Mat\u00e9riel Photo"],"inLanguage":"fr-FR"},{"@type":"WebPage","@id":"https:\/\/www.huruguen.fr\/site\/test-zoom-canon-ef-70-200mm-f2-8-l-usm\/","url":"https:\/\/www.huruguen.fr\/site\/test-zoom-canon-ef-70-200mm-f2-8-l-usm\/","name":"Test du zoom Canon EF 70-200mm f\/2.8 L USM - Photographe Professionnel \u00e0 Bordeaux &#x1f4f7; Sebastien Huruguen","isPartOf":{"@id":"https:\/\/www.huruguen.fr\/site\/#website"},"primaryImageOfPage":{"@id":"https:\/\/www.huruguen.fr\/site\/test-zoom-canon-ef-70-200mm-f2-8-l-usm\/#primaryimage"},"image":{"@id":"https:\/\/www.huruguen.fr\/site\/test-zoom-canon-ef-70-200mm-f2-8-l-usm\/#primaryimage"},"thumbnailUrl":"https:\/\/www.huruguen.fr\/site\/wp-content\/uploads\/2016\/09\/Canon_EF_70-200mm_F28_L_USM_Side_View.jpg","datePublished":"2010-09-28T17:39:48+00:00","dateModified":"2020-12-04T09:28:57+00:00","description":"S\u00e9bastien Huruguen photographe pro Bordeaux. Essais en fran\u00e7ais de l'objectif zoom Canon EF 70-200mm f\/2.8 L USM pour reflex Canon EOS \u00e9quip\u00e9s de capteur plein format ou APS-C. Test du zoom professionnel s\u00e9rie L Canon EF 70-200 ouverture constante f2.8. Photos d'exemple, avis et prise en main.","breadcrumb":{"@id":"https:\/\/www.huruguen.fr\/site\/test-zoom-canon-ef-70-200mm-f2-8-l-usm\/#breadcrumb"},"inLanguage":"fr-FR","potentialAction":[{"@type":"ReadAction","target":["https:\/\/www.huruguen.fr\/site\/test-zoom-canon-ef-70-200mm-f2-8-l-usm\/"]}]},{"@type":"ImageObject","inLanguage":"fr-FR","@id":"https:\/\/www.huruguen.fr\/site\/test-zoom-canon-ef-70-200mm-f2-8-l-usm\/#primaryimage","url":"https:\/\/www.huruguen.fr\/site\/wp-content\/uploads\/2016\/09\/Canon_EF_70-200mm_F28_L_USM_Side_View.jpg","contentUrl":"https:\/\/www.huruguen.fr\/site\/wp-content\/uploads\/2016\/09\/Canon_EF_70-200mm_F28_L_USM_Side_View.jpg","width":800,"height":533,"caption":"Canon EF 70-200mm f\/2.8 L USM"},{"@type":"BreadcrumbList","@id":"https:\/\/www.huruguen.fr\/site\/test-zoom-canon-ef-70-200mm-f2-8-l-usm\/#breadcrumb","itemListElement":[{"@type":"ListItem","position":1,"name":"Accueil","item":"https:\/\/www.huruguen.fr\/site\/"},{"@type":"ListItem","position":2,"name":"Test du zoom Canon EF 70-200mm f\/2.8 L USM"}]},{"@type":"WebSite","@id":"https:\/\/www.huruguen.fr\/site\/#website","url":"https:\/\/www.huruguen.fr\/site\/","name":"Photographe Professionnel \u00e0 Bordeaux Sebastien Huruguen","description":"Photographe professionnel ind\u00e9pendant a Bordeaux. Prestations et services photograpphiques pour les professionnels et particuliers : reportages, s\u00e9ances photos, studio, packshot.","publisher":{"@id":"https:\/\/www.huruguen.fr\/site\/#organization"},"potentialAction":[{"@type":"SearchAction","target":{"@type":"EntryPoint","urlTemplate":"https:\/\/www.huruguen.fr\/site\/?s={search_term_string}"},"query-input":{"@type":"PropertyValueSpecification","valueRequired":true,"valueName":"search_term_string"}}],"inLanguage":"fr-FR"},{"@type":"Organization","@id":"https:\/\/www.huruguen.fr\/site\/#organization","name":"S\u00e9bastien Huruguen Photographe","url":"https:\/\/www.huruguen.fr\/site\/","logo":{"@type":"ImageObject","inLanguage":"fr-FR","@id":"https:\/\/www.huruguen.fr\/site\/#\/schema\/logo\/image\/","url":"https:\/\/www.huruguen.fr\/site\/wp-content\/uploads\/2018\/03\/Logo-Huruguen-triptique-2018-noir-1500.jpg","contentUrl":"https:\/\/www.huruguen.fr\/site\/wp-content\/uploads\/2018\/03\/Logo-Huruguen-triptique-2018-noir-1500.jpg","width":1500,"height":1500,"caption":"S\u00e9bastien Huruguen Photographe"},"image":{"@id":"https:\/\/www.huruguen.fr\/site\/#\/schema\/logo\/image\/"},"sameAs":["https:\/\/www.facebook.com\/huruguen","https:\/\/x.com\/www_huruguen_fr","https:\/\/www.instagram.com\/sebastien.huruguen\/"]},{"@type":"Person","@id":"https:\/\/www.huruguen.fr\/site\/#\/schema\/person\/bdce6395a337c00db735bf5fa1268715","name":"Sebastien Huruguen","description":"S\u00e9bastien Huruguen est photographe professionnel \u00e0 Bordeaux.","sameAs":["https:\/\/www.huruguen.fr","https:\/\/www.facebook.com\/huruguen\/","https:\/\/www.instagram.com\/sebastien.huruguen\/","https:\/\/www.linkedin.com\/in\/sbastien-huruguen-95452342\/","https:\/\/www.pinterest.fr\/shuruguen\/","https:\/\/x.com\/www_huruguen_fr","https:\/\/www.youtube.com\/channel\/UChEt96Suus_jyoBce80fNOA?nohtml5=False"]}]}},"_links":{"self":[{"href":"https:\/\/www.huruguen.fr\/site\/wp-json\/wp\/v2\/posts\/54481","targetHints":{"allow":["GET"]}}],"collection":[{"href":"https:\/\/www.huruguen.fr\/site\/wp-json\/wp\/v2\/posts"}],"about":[{"href":"https:\/\/www.huruguen.fr\/site\/wp-json\/wp\/v2\/types\/post"}],"author":[{"embeddable":true,"href":"https:\/\/www.huruguen.fr\/site\/wp-json\/wp\/v2\/users\/1"}],"replies":[{"embeddable":true,"href":"https:\/\/www.huruguen.fr\/site\/wp-json\/wp\/v2\/comments?post=54481"}],"version-history":[{"count":4,"href":"https:\/\/www.huruguen.fr\/site\/wp-json\/wp\/v2\/posts\/54481\/revisions"}],"predecessor-version":[{"id":61999,"href":"https:\/\/www.huruguen.fr\/site\/wp-json\/wp\/v2\/posts\/54481\/revisions\/61999"}],"wp:featuredmedia":[{"embeddable":true,"href":"https:\/\/www.huruguen.fr\/site\/wp-json\/wp\/v2\/media\/54482"}],"wp:attachment":[{"href":"https:\/\/www.huruguen.fr\/site\/wp-json\/wp\/v2\/media?parent=54481"}],"wp:term":[{"taxonomy":"category","embeddable":true,"href":"https:\/\/www.huruguen.fr\/site\/wp-json\/wp\/v2\/categories?post=54481"},{"taxonomy":"post_tag","embeddable":true,"href":"https:\/\/www.huruguen.fr\/site\/wp-json\/wp\/v2\/tags?post=54481"}],"curies":[{"name":"wp","href":"https:\/\/api.w.org\/{rel}","templated":true}]}}