{"id":51153,"date":"2015-01-30T17:46:44","date_gmt":"2015-01-30T16:46:44","guid":{"rendered":"http:\/\/www.huruguen.fr\/site\/?p=51153"},"modified":"2018-04-03T14:12:24","modified_gmt":"2018-04-03T13:12:24","slug":"calendrier-dassault-aviation-2015","status":"publish","type":"post","link":"https:\/\/www.huruguen.fr\/site\/calendrier-dassault-aviation-2015\/","title":{"rendered":"Calendrier Dassault-Aviation 2015"},"content":{"rendered":"<p><a href=\"https:\/\/www.huruguen.fr\/site\/wp-content\/uploads\/2015\/01\/calendrier-dassault-aviation-sebastien-huruguen-photographe-bordeaux-merignac-falcon.jpg\"><img loading=\"lazy\" decoding=\"async\" class=\"alignnone size-full wp-image-56300\" src=\"https:\/\/www.huruguen.fr\/site\/wp-content\/uploads\/2015\/01\/calendrier-dassault-aviation-sebastien-huruguen-photographe-bordeaux-merignac-falcon.jpg\" alt=\"\" width=\"1200\" height=\"800\" data-id=\"56300\" srcset=\"https:\/\/www.huruguen.fr\/site\/wp-content\/uploads\/2015\/01\/calendrier-dassault-aviation-sebastien-huruguen-photographe-bordeaux-merignac-falcon.jpg 1200w, https:\/\/www.huruguen.fr\/site\/wp-content\/uploads\/2015\/01\/calendrier-dassault-aviation-sebastien-huruguen-photographe-bordeaux-merignac-falcon-300x200.jpg 300w, https:\/\/www.huruguen.fr\/site\/wp-content\/uploads\/2015\/01\/calendrier-dassault-aviation-sebastien-huruguen-photographe-bordeaux-merignac-falcon-768x512.jpg 768w, https:\/\/www.huruguen.fr\/site\/wp-content\/uploads\/2015\/01\/calendrier-dassault-aviation-sebastien-huruguen-photographe-bordeaux-merignac-falcon-1024x683.jpg 1024w\" sizes=\"auto, (max-width: 1200px) 100vw, 1200px\" \/><\/a><\/p>\n<p>&nbsp;<\/p>\n<h2>Calendrier Dassault Aviation 2015<\/h2>\n<p>&nbsp;<\/p>\n<p>J&rsquo;ai eu le plaisir de participer \u00e0 la r\u00e9alisation des photographies illustrant les diff\u00e9rents mois du nouveau calendrier Dassault Aviation.&nbsp;<\/p>\n<p>Retrouvez quelques unes de mes photographies du Falcon Guardian install\u00e9 sur le site de Martignas sur Jalles, fra\u00eechement repeint, dans le calendrier 2015 Dassault-Aviation.<\/p>\n<p>&nbsp;<\/p>\n<div id=\"kad-wp-gallery94\" class=\"kad-wp-gallery kad-light-wp-gallery clearfix kt-gallery-column-1 rowtight\"><div class=\"tcol-lg-12 tcol-md-12 tcol-sm-12 tcol-xs-12 tcol-ss-12 g_item\"><div class=\"grid_item kad_gallery_fade_in gallery_item\"><a href=\"https:\/\/www.huruguen.fr\/site\/wp-content\/uploads\/2015\/01\/calendrier-dassault-aviation-sebastien-huruguen-photographe-bordeaux-merignac-couverture.jpg\" data-rel=\"lightbox\" class=\"lightboxhover\"><img loading=\"lazy\" decoding=\"async\" src=\"https:\/\/www.huruguen.fr\/site\/wp-content\/uploads\/2015\/01\/calendrier-dassault-aviation-sebastien-huruguen-photographe-bordeaux-merignac-couverture.jpg\" width=\"1200\" height=\"800\" alt=\"calendrier-dassault-aviation-sebastien-huruguen-photographe-bordeaux-merignac-couverture\" srcset=\"https:\/\/www.huruguen.fr\/site\/wp-content\/uploads\/2015\/01\/calendrier-dassault-aviation-sebastien-huruguen-photographe-bordeaux-merignac-couverture.jpg 1200w, https:\/\/www.huruguen.fr\/site\/wp-content\/uploads\/2015\/01\/calendrier-dassault-aviation-sebastien-huruguen-photographe-bordeaux-merignac-couverture-300x200.jpg 300w, https:\/\/www.huruguen.fr\/site\/wp-content\/uploads\/2015\/01\/calendrier-dassault-aviation-sebastien-huruguen-photographe-bordeaux-merignac-couverture-768x512.jpg 768w, https:\/\/www.huruguen.fr\/site\/wp-content\/uploads\/2015\/01\/calendrier-dassault-aviation-sebastien-huruguen-photographe-bordeaux-merignac-couverture-1024x683.jpg 1024w\" sizes=\"auto, (max-width: 1200px) 100vw, 1200px\" class=\"light-dropshaddow\"\/><\/a><\/div><\/div><div class=\"tcol-lg-12 tcol-md-12 tcol-sm-12 tcol-xs-12 tcol-ss-12 g_item\"><div class=\"grid_item kad_gallery_fade_in gallery_item\"><a href=\"https:\/\/www.huruguen.fr\/site\/wp-content\/uploads\/2015\/01\/calendrier-dassault-aviation-sebastien-huruguen-photographe-bordeaux-merignac-ailes.jpg\" data-rel=\"lightbox\" class=\"lightboxhover\"><img loading=\"lazy\" decoding=\"async\" src=\"https:\/\/www.huruguen.fr\/site\/wp-content\/uploads\/2015\/01\/calendrier-dassault-aviation-sebastien-huruguen-photographe-bordeaux-merignac-ailes.jpg\" width=\"1200\" height=\"800\" alt=\"calendrier-dassault-aviation-sebastien-huruguen-photographe-bordeaux-merignac-ailes\" srcset=\"https:\/\/www.huruguen.fr\/site\/wp-content\/uploads\/2015\/01\/calendrier-dassault-aviation-sebastien-huruguen-photographe-bordeaux-merignac-ailes.jpg 1200w, https:\/\/www.huruguen.fr\/site\/wp-content\/uploads\/2015\/01\/calendrier-dassault-aviation-sebastien-huruguen-photographe-bordeaux-merignac-ailes-300x200.jpg 300w, https:\/\/www.huruguen.fr\/site\/wp-content\/uploads\/2015\/01\/calendrier-dassault-aviation-sebastien-huruguen-photographe-bordeaux-merignac-ailes-768x512.jpg 768w, https:\/\/www.huruguen.fr\/site\/wp-content\/uploads\/2015\/01\/calendrier-dassault-aviation-sebastien-huruguen-photographe-bordeaux-merignac-ailes-1024x683.jpg 1024w\" sizes=\"auto, (max-width: 1200px) 100vw, 1200px\" class=\"light-dropshaddow\"\/><\/a><\/div><\/div><div class=\"tcol-lg-12 tcol-md-12 tcol-sm-12 tcol-xs-12 tcol-ss-12 g_item\"><div class=\"grid_item kad_gallery_fade_in gallery_item\"><a href=\"https:\/\/www.huruguen.fr\/site\/wp-content\/uploads\/2015\/01\/calendrier-dassault-aviation-sebastien-huruguen-photographe-bordeaux-merignac.jpg\" data-rel=\"lightbox\" class=\"lightboxhover\"><img loading=\"lazy\" decoding=\"async\" src=\"https:\/\/www.huruguen.fr\/site\/wp-content\/uploads\/2015\/01\/calendrier-dassault-aviation-sebastien-huruguen-photographe-bordeaux-merignac.jpg\" width=\"1200\" height=\"800\" alt=\"calendrier-dassault-aviation-sebastien-huruguen-photographe-bordeaux-merignac\" srcset=\"https:\/\/www.huruguen.fr\/site\/wp-content\/uploads\/2015\/01\/calendrier-dassault-aviation-sebastien-huruguen-photographe-bordeaux-merignac.jpg 1200w, https:\/\/www.huruguen.fr\/site\/wp-content\/uploads\/2015\/01\/calendrier-dassault-aviation-sebastien-huruguen-photographe-bordeaux-merignac-300x200.jpg 300w, https:\/\/www.huruguen.fr\/site\/wp-content\/uploads\/2015\/01\/calendrier-dassault-aviation-sebastien-huruguen-photographe-bordeaux-merignac-768x512.jpg 768w, https:\/\/www.huruguen.fr\/site\/wp-content\/uploads\/2015\/01\/calendrier-dassault-aviation-sebastien-huruguen-photographe-bordeaux-merignac-1024x683.jpg 1024w\" sizes=\"auto, (max-width: 1200px) 100vw, 1200px\" class=\"light-dropshaddow\"\/><\/a><\/div><\/div><div class=\"tcol-lg-12 tcol-md-12 tcol-sm-12 tcol-xs-12 tcol-ss-12 g_item\"><div class=\"grid_item kad_gallery_fade_in gallery_item\"><a href=\"https:\/\/www.huruguen.fr\/site\/wp-content\/uploads\/2015\/01\/calendrier-dassault-aviation-sebastien-huruguen-photographe-bordeaux-merignac-close-up.jpg\" data-rel=\"lightbox\" class=\"lightboxhover\"><img loading=\"lazy\" decoding=\"async\" src=\"https:\/\/www.huruguen.fr\/site\/wp-content\/uploads\/2015\/01\/calendrier-dassault-aviation-sebastien-huruguen-photographe-bordeaux-merignac-close-up.jpg\" width=\"1200\" height=\"800\" alt=\"calendrier-dassault-aviation-sebastien-huruguen-photographe-bordeaux-merignac-close-up\" srcset=\"https:\/\/www.huruguen.fr\/site\/wp-content\/uploads\/2015\/01\/calendrier-dassault-aviation-sebastien-huruguen-photographe-bordeaux-merignac-close-up.jpg 1200w, https:\/\/www.huruguen.fr\/site\/wp-content\/uploads\/2015\/01\/calendrier-dassault-aviation-sebastien-huruguen-photographe-bordeaux-merignac-close-up-300x200.jpg 300w, https:\/\/www.huruguen.fr\/site\/wp-content\/uploads\/2015\/01\/calendrier-dassault-aviation-sebastien-huruguen-photographe-bordeaux-merignac-close-up-768x512.jpg 768w, https:\/\/www.huruguen.fr\/site\/wp-content\/uploads\/2015\/01\/calendrier-dassault-aviation-sebastien-huruguen-photographe-bordeaux-merignac-close-up-1024x683.jpg 1024w\" sizes=\"auto, (max-width: 1200px) 100vw, 1200px\" class=\"light-dropshaddow\"\/><\/a><\/div><\/div><div class=\"tcol-lg-12 tcol-md-12 tcol-sm-12 tcol-xs-12 tcol-ss-12 g_item\"><div class=\"grid_item kad_gallery_fade_in gallery_item\"><a href=\"https:\/\/www.huruguen.fr\/site\/wp-content\/uploads\/2015\/01\/calendrier-dassault-aviation-sebastien-huruguen-photographe-bordeaux-merignac-falcon.jpg\" data-rel=\"lightbox\" class=\"lightboxhover\"><img loading=\"lazy\" decoding=\"async\" src=\"https:\/\/www.huruguen.fr\/site\/wp-content\/uploads\/2015\/01\/calendrier-dassault-aviation-sebastien-huruguen-photographe-bordeaux-merignac-falcon.jpg\" width=\"1200\" height=\"800\" alt=\"calendrier-dassault-aviation-sebastien-huruguen-photographe-bordeaux-merignac-falcon\" srcset=\"https:\/\/www.huruguen.fr\/site\/wp-content\/uploads\/2015\/01\/calendrier-dassault-aviation-sebastien-huruguen-photographe-bordeaux-merignac-falcon.jpg 1200w, https:\/\/www.huruguen.fr\/site\/wp-content\/uploads\/2015\/01\/calendrier-dassault-aviation-sebastien-huruguen-photographe-bordeaux-merignac-falcon-300x200.jpg 300w, https:\/\/www.huruguen.fr\/site\/wp-content\/uploads\/2015\/01\/calendrier-dassault-aviation-sebastien-huruguen-photographe-bordeaux-merignac-falcon-768x512.jpg 768w, https:\/\/www.huruguen.fr\/site\/wp-content\/uploads\/2015\/01\/calendrier-dassault-aviation-sebastien-huruguen-photographe-bordeaux-merignac-falcon-1024x683.jpg 1024w\" sizes=\"auto, (max-width: 1200px) 100vw, 1200px\" class=\"light-dropshaddow\"\/><\/a><\/div><\/div><div class=\"tcol-lg-12 tcol-md-12 tcol-sm-12 tcol-xs-12 tcol-ss-12 g_item\"><div class=\"grid_item kad_gallery_fade_in gallery_item\"><a href=\"https:\/\/www.huruguen.fr\/site\/wp-content\/uploads\/2015\/01\/calendrier-dassault-aviation-sebastien-huruguen-photographe-bordeaux-merignac-2015.jpg\" data-rel=\"lightbox\" class=\"lightboxhover\"><img loading=\"lazy\" decoding=\"async\" src=\"https:\/\/www.huruguen.fr\/site\/wp-content\/uploads\/2015\/01\/calendrier-dassault-aviation-sebastien-huruguen-photographe-bordeaux-merignac-2015.jpg\" width=\"1200\" height=\"800\" alt=\"calendrier-dassault-aviation-sebastien-huruguen-photographe-bordeaux-merignac-2015\" srcset=\"https:\/\/www.huruguen.fr\/site\/wp-content\/uploads\/2015\/01\/calendrier-dassault-aviation-sebastien-huruguen-photographe-bordeaux-merignac-2015.jpg 1200w, https:\/\/www.huruguen.fr\/site\/wp-content\/uploads\/2015\/01\/calendrier-dassault-aviation-sebastien-huruguen-photographe-bordeaux-merignac-2015-300x200.jpg 300w, https:\/\/www.huruguen.fr\/site\/wp-content\/uploads\/2015\/01\/calendrier-dassault-aviation-sebastien-huruguen-photographe-bordeaux-merignac-2015-768x512.jpg 768w, https:\/\/www.huruguen.fr\/site\/wp-content\/uploads\/2015\/01\/calendrier-dassault-aviation-sebastien-huruguen-photographe-bordeaux-merignac-2015-1024x683.jpg 1024w\" sizes=\"auto, (max-width: 1200px) 100vw, 1200px\" class=\"light-dropshaddow\"\/><\/a><\/div><\/div><\/div>\n","protected":false},"excerpt":{"rendered":"<p>&nbsp; Calendrier Dassault Aviation 2015 &nbsp; J&rsquo;ai eu le plaisir de participer \u00e0 la r\u00e9alisation des photographies illustrant les diff\u00e9rents mois du nouveau calendrier Dassault Aviation.&nbsp; Retrouvez quelques unes de mes photographies du Falcon Guardian install\u00e9 sur le site de &hellip; <a href=\"https:\/\/www.huruguen.fr\/site\/calendrier-dassault-aviation-2015\/\">Lire la suite<\/a><\/p>\n","protected":false},"author":1,"featured_media":51169,"comment_status":"closed","ping_status":"open","sticky":false,"template":"","format":"standard","meta":{"kt_blocks_editor_width":"","footnotes":""},"categories":[1537],"tags":[2174,2177,2175,2176,2178,2179,2360],"class_list":["post-51153","post","type-post","status-publish","format-standard","has-post-thumbnail","hentry","category-reportages","tag-calendrier-dassault-aviation","tag-calendrier-photo","tag-dassault","tag-dassault-aviation","tag-falcon-guardian","tag-martignas-sur-jalles","tag-photos"],"yoast_head":"<!-- This site is optimized with the Yoast SEO plugin v27.4 - https:\/\/yoast.com\/product\/yoast-seo-wordpress\/ -->\n<title>Calendrier Dassault-Aviation 2015 - Photographe Professionnel \u00e0 Bordeaux &#x1f4f7; Sebastien Huruguen<\/title>\n<meta name=\"description\" content=\"S\u00e9bastien Huruguen Photographe Professionnel Bordeaux. Voici le nouveau calendrier Dassault Aviation 2015 avec de jolies photographies d&#039;illustration r\u00e9alis\u00e9es par S\u00e9bastien Huruguen photographe.\" \/>\n<meta name=\"robots\" content=\"index, follow, max-snippet:-1, max-image-preview:large, max-video-preview:-1\" \/>\n<link rel=\"canonical\" href=\"https:\/\/www.huruguen.fr\/site\/calendrier-dassault-aviation-2015\/\" \/>\n<meta property=\"og:locale\" content=\"fr_FR\" \/>\n<meta property=\"og:type\" content=\"article\" \/>\n<meta property=\"og:title\" content=\"Calendrier Dassault-Aviation 2015 - Photographe Professionnel \u00e0 Bordeaux &#x1f4f7; Sebastien Huruguen\" \/>\n<meta property=\"og:description\" content=\"S\u00e9bastien Huruguen Photographe Professionnel Bordeaux. Voici le nouveau calendrier Dassault Aviation 2015 avec de jolies photographies d&#039;illustration r\u00e9alis\u00e9es par S\u00e9bastien Huruguen photographe.\" \/>\n<meta property=\"og:url\" content=\"https:\/\/www.huruguen.fr\/site\/calendrier-dassault-aviation-2015\/\" \/>\n<meta property=\"og:site_name\" content=\"Photographe Professionnel \u00e0 Bordeaux &#x1f4f7; Sebastien Huruguen\" \/>\n<meta property=\"article:publisher\" content=\"https:\/\/www.facebook.com\/huruguen\" \/>\n<meta property=\"article:author\" content=\"https:\/\/www.facebook.com\/huruguen\/\" \/>\n<meta property=\"article:published_time\" content=\"2015-01-30T16:46:44+00:00\" \/>\n<meta property=\"article:modified_time\" content=\"2018-04-03T13:12:24+00:00\" \/>\n<meta property=\"og:image\" content=\"https:\/\/www.huruguen.fr\/site\/wp-content\/uploads\/ngg_featured\/calendrier-dassault-aviation-sebastien-huruguen-photographe-bordeaux.jpg\" \/>\n\t<meta property=\"og:image:width\" content=\"1200\" \/>\n\t<meta property=\"og:image:height\" content=\"800\" \/>\n\t<meta property=\"og:image:type\" content=\"image\/jpeg\" \/>\n<meta name=\"author\" content=\"Sebastien Huruguen\" \/>\n<meta name=\"twitter:card\" content=\"summary_large_image\" \/>\n<meta name=\"twitter:creator\" content=\"@www_huruguen_fr\" \/>\n<meta name=\"twitter:site\" content=\"@www_huruguen_fr\" \/>\n<meta name=\"twitter:label1\" content=\"\u00c9crit par\" \/>\n\t<meta name=\"twitter:data1\" content=\"Sebastien Huruguen\" \/>\n<script type=\"application\/ld+json\" class=\"yoast-schema-graph\">{\"@context\":\"https:\\\/\\\/schema.org\",\"@graph\":[{\"@type\":\"Article\",\"@id\":\"https:\\\/\\\/www.huruguen.fr\\\/site\\\/calendrier-dassault-aviation-2015\\\/#article\",\"isPartOf\":{\"@id\":\"https:\\\/\\\/www.huruguen.fr\\\/site\\\/calendrier-dassault-aviation-2015\\\/\"},\"author\":{\"name\":\"Sebastien Huruguen\",\"@id\":\"https:\\\/\\\/www.huruguen.fr\\\/site\\\/#\\\/schema\\\/person\\\/bdce6395a337c00db735bf5fa1268715\"},\"headline\":\"Calendrier Dassault-Aviation 2015\",\"datePublished\":\"2015-01-30T16:46:44+00:00\",\"dateModified\":\"2018-04-03T13:12:24+00:00\",\"mainEntityOfPage\":{\"@id\":\"https:\\\/\\\/www.huruguen.fr\\\/site\\\/calendrier-dassault-aviation-2015\\\/\"},\"wordCount\":64,\"publisher\":{\"@id\":\"https:\\\/\\\/www.huruguen.fr\\\/site\\\/#organization\"},\"image\":{\"@id\":\"https:\\\/\\\/www.huruguen.fr\\\/site\\\/calendrier-dassault-aviation-2015\\\/#primaryimage\"},\"thumbnailUrl\":\"https:\\\/\\\/www.huruguen.fr\\\/site\\\/wp-content\\\/uploads\\\/ngg_featured\\\/calendrier-dassault-aviation-sebastien-huruguen-photographe-bordeaux.jpg\",\"keywords\":[\"calendrier dassault aviation\",\"calendrier photo\",\"dassault\",\"dassault-aviation\",\"falcon guardian\",\"martignas sur jalles\",\"photos\"],\"articleSection\":[\"Actualit\u00e9s\"],\"inLanguage\":\"fr-FR\"},{\"@type\":\"WebPage\",\"@id\":\"https:\\\/\\\/www.huruguen.fr\\\/site\\\/calendrier-dassault-aviation-2015\\\/\",\"url\":\"https:\\\/\\\/www.huruguen.fr\\\/site\\\/calendrier-dassault-aviation-2015\\\/\",\"name\":\"Calendrier Dassault-Aviation 2015 - Photographe Professionnel \u00e0 Bordeaux &#x1f4f7; Sebastien Huruguen\",\"isPartOf\":{\"@id\":\"https:\\\/\\\/www.huruguen.fr\\\/site\\\/#website\"},\"primaryImageOfPage\":{\"@id\":\"https:\\\/\\\/www.huruguen.fr\\\/site\\\/calendrier-dassault-aviation-2015\\\/#primaryimage\"},\"image\":{\"@id\":\"https:\\\/\\\/www.huruguen.fr\\\/site\\\/calendrier-dassault-aviation-2015\\\/#primaryimage\"},\"thumbnailUrl\":\"https:\\\/\\\/www.huruguen.fr\\\/site\\\/wp-content\\\/uploads\\\/ngg_featured\\\/calendrier-dassault-aviation-sebastien-huruguen-photographe-bordeaux.jpg\",\"datePublished\":\"2015-01-30T16:46:44+00:00\",\"dateModified\":\"2018-04-03T13:12:24+00:00\",\"description\":\"S\u00e9bastien Huruguen Photographe Professionnel Bordeaux. Voici le nouveau calendrier Dassault Aviation 2015 avec de jolies photographies d'illustration r\u00e9alis\u00e9es par S\u00e9bastien Huruguen photographe.\",\"breadcrumb\":{\"@id\":\"https:\\\/\\\/www.huruguen.fr\\\/site\\\/calendrier-dassault-aviation-2015\\\/#breadcrumb\"},\"inLanguage\":\"fr-FR\",\"potentialAction\":[{\"@type\":\"ReadAction\",\"target\":[\"https:\\\/\\\/www.huruguen.fr\\\/site\\\/calendrier-dassault-aviation-2015\\\/\"]}]},{\"@type\":\"ImageObject\",\"inLanguage\":\"fr-FR\",\"@id\":\"https:\\\/\\\/www.huruguen.fr\\\/site\\\/calendrier-dassault-aviation-2015\\\/#primaryimage\",\"url\":\"https:\\\/\\\/www.huruguen.fr\\\/site\\\/wp-content\\\/uploads\\\/ngg_featured\\\/calendrier-dassault-aviation-sebastien-huruguen-photographe-bordeaux.jpg\",\"contentUrl\":\"https:\\\/\\\/www.huruguen.fr\\\/site\\\/wp-content\\\/uploads\\\/ngg_featured\\\/calendrier-dassault-aviation-sebastien-huruguen-photographe-bordeaux.jpg\",\"width\":1200,\"height\":800,\"caption\":\"calendrier-dassault-aviation-sebastien-huruguen-photographe-bordeaux\"},{\"@type\":\"BreadcrumbList\",\"@id\":\"https:\\\/\\\/www.huruguen.fr\\\/site\\\/calendrier-dassault-aviation-2015\\\/#breadcrumb\",\"itemListElement\":[{\"@type\":\"ListItem\",\"position\":1,\"name\":\"Accueil\",\"item\":\"https:\\\/\\\/www.huruguen.fr\\\/site\\\/\"},{\"@type\":\"ListItem\",\"position\":2,\"name\":\"Calendrier Dassault-Aviation 2015\"}]},{\"@type\":\"WebSite\",\"@id\":\"https:\\\/\\\/www.huruguen.fr\\\/site\\\/#website\",\"url\":\"https:\\\/\\\/www.huruguen.fr\\\/site\\\/\",\"name\":\"Photographe Professionnel \u00e0 Bordeaux Sebastien Huruguen\",\"description\":\"Photographe professionnel ind\u00e9pendant a Bordeaux. Prestations et services photograpphiques pour les professionnels et particuliers : reportages, s\u00e9ances photos, studio, packshot.\",\"publisher\":{\"@id\":\"https:\\\/\\\/www.huruguen.fr\\\/site\\\/#organization\"},\"potentialAction\":[{\"@type\":\"SearchAction\",\"target\":{\"@type\":\"EntryPoint\",\"urlTemplate\":\"https:\\\/\\\/www.huruguen.fr\\\/site\\\/?s={search_term_string}\"},\"query-input\":{\"@type\":\"PropertyValueSpecification\",\"valueRequired\":true,\"valueName\":\"search_term_string\"}}],\"inLanguage\":\"fr-FR\"},{\"@type\":\"Organization\",\"@id\":\"https:\\\/\\\/www.huruguen.fr\\\/site\\\/#organization\",\"name\":\"S\u00e9bastien Huruguen Photographe\",\"url\":\"https:\\\/\\\/www.huruguen.fr\\\/site\\\/\",\"logo\":{\"@type\":\"ImageObject\",\"inLanguage\":\"fr-FR\",\"@id\":\"https:\\\/\\\/www.huruguen.fr\\\/site\\\/#\\\/schema\\\/logo\\\/image\\\/\",\"url\":\"https:\\\/\\\/www.huruguen.fr\\\/site\\\/wp-content\\\/uploads\\\/2018\\\/03\\\/Logo-Huruguen-triptique-2018-noir-1500.jpg\",\"contentUrl\":\"https:\\\/\\\/www.huruguen.fr\\\/site\\\/wp-content\\\/uploads\\\/2018\\\/03\\\/Logo-Huruguen-triptique-2018-noir-1500.jpg\",\"width\":1500,\"height\":1500,\"caption\":\"S\u00e9bastien Huruguen Photographe\"},\"image\":{\"@id\":\"https:\\\/\\\/www.huruguen.fr\\\/site\\\/#\\\/schema\\\/logo\\\/image\\\/\"},\"sameAs\":[\"https:\\\/\\\/www.facebook.com\\\/huruguen\",\"https:\\\/\\\/x.com\\\/www_huruguen_fr\",\"https:\\\/\\\/www.instagram.com\\\/sebastien.huruguen\\\/\"]},{\"@type\":\"Person\",\"@id\":\"https:\\\/\\\/www.huruguen.fr\\\/site\\\/#\\\/schema\\\/person\\\/bdce6395a337c00db735bf5fa1268715\",\"name\":\"Sebastien Huruguen\",\"description\":\"S\u00e9bastien Huruguen est photographe professionnel \u00e0 Bordeaux.\",\"sameAs\":[\"https:\\\/\\\/www.huruguen.fr\",\"https:\\\/\\\/www.facebook.com\\\/huruguen\\\/\",\"https:\\\/\\\/www.instagram.com\\\/sebastien.huruguen\\\/\",\"https:\\\/\\\/www.linkedin.com\\\/in\\\/sbastien-huruguen-95452342\\\/\",\"https:\\\/\\\/www.pinterest.fr\\\/shuruguen\\\/\",\"https:\\\/\\\/x.com\\\/www_huruguen_fr\",\"https:\\\/\\\/www.youtube.com\\\/channel\\\/UChEt96Suus_jyoBce80fNOA?nohtml5=False\"]}]}<\/script>\n<!-- \/ Yoast SEO plugin. -->","yoast_head_json":{"title":"Calendrier Dassault-Aviation 2015 - Photographe Professionnel \u00e0 Bordeaux &#x1f4f7; Sebastien Huruguen","description":"S\u00e9bastien Huruguen Photographe Professionnel Bordeaux. Voici le nouveau calendrier Dassault Aviation 2015 avec de jolies photographies d'illustration r\u00e9alis\u00e9es par S\u00e9bastien Huruguen photographe.","robots":{"index":"index","follow":"follow","max-snippet":"max-snippet:-1","max-image-preview":"max-image-preview:large","max-video-preview":"max-video-preview:-1"},"canonical":"https:\/\/www.huruguen.fr\/site\/calendrier-dassault-aviation-2015\/","og_locale":"fr_FR","og_type":"article","og_title":"Calendrier Dassault-Aviation 2015 - Photographe Professionnel \u00e0 Bordeaux &#x1f4f7; Sebastien Huruguen","og_description":"S\u00e9bastien Huruguen Photographe Professionnel Bordeaux. Voici le nouveau calendrier Dassault Aviation 2015 avec de jolies photographies d'illustration r\u00e9alis\u00e9es par S\u00e9bastien Huruguen photographe.","og_url":"https:\/\/www.huruguen.fr\/site\/calendrier-dassault-aviation-2015\/","og_site_name":"Photographe Professionnel \u00e0 Bordeaux &#x1f4f7; Sebastien Huruguen","article_publisher":"https:\/\/www.facebook.com\/huruguen","article_author":"https:\/\/www.facebook.com\/huruguen\/","article_published_time":"2015-01-30T16:46:44+00:00","article_modified_time":"2018-04-03T13:12:24+00:00","og_image":[{"width":1200,"height":800,"url":"https:\/\/www.huruguen.fr\/site\/wp-content\/uploads\/ngg_featured\/calendrier-dassault-aviation-sebastien-huruguen-photographe-bordeaux.jpg","type":"image\/jpeg"}],"author":"Sebastien Huruguen","twitter_card":"summary_large_image","twitter_creator":"@www_huruguen_fr","twitter_site":"@www_huruguen_fr","twitter_misc":{"\u00c9crit par":"Sebastien Huruguen"},"schema":{"@context":"https:\/\/schema.org","@graph":[{"@type":"Article","@id":"https:\/\/www.huruguen.fr\/site\/calendrier-dassault-aviation-2015\/#article","isPartOf":{"@id":"https:\/\/www.huruguen.fr\/site\/calendrier-dassault-aviation-2015\/"},"author":{"name":"Sebastien Huruguen","@id":"https:\/\/www.huruguen.fr\/site\/#\/schema\/person\/bdce6395a337c00db735bf5fa1268715"},"headline":"Calendrier Dassault-Aviation 2015","datePublished":"2015-01-30T16:46:44+00:00","dateModified":"2018-04-03T13:12:24+00:00","mainEntityOfPage":{"@id":"https:\/\/www.huruguen.fr\/site\/calendrier-dassault-aviation-2015\/"},"wordCount":64,"publisher":{"@id":"https:\/\/www.huruguen.fr\/site\/#organization"},"image":{"@id":"https:\/\/www.huruguen.fr\/site\/calendrier-dassault-aviation-2015\/#primaryimage"},"thumbnailUrl":"https:\/\/www.huruguen.fr\/site\/wp-content\/uploads\/ngg_featured\/calendrier-dassault-aviation-sebastien-huruguen-photographe-bordeaux.jpg","keywords":["calendrier dassault aviation","calendrier photo","dassault","dassault-aviation","falcon guardian","martignas sur jalles","photos"],"articleSection":["Actualit\u00e9s"],"inLanguage":"fr-FR"},{"@type":"WebPage","@id":"https:\/\/www.huruguen.fr\/site\/calendrier-dassault-aviation-2015\/","url":"https:\/\/www.huruguen.fr\/site\/calendrier-dassault-aviation-2015\/","name":"Calendrier Dassault-Aviation 2015 - Photographe Professionnel \u00e0 Bordeaux &#x1f4f7; Sebastien Huruguen","isPartOf":{"@id":"https:\/\/www.huruguen.fr\/site\/#website"},"primaryImageOfPage":{"@id":"https:\/\/www.huruguen.fr\/site\/calendrier-dassault-aviation-2015\/#primaryimage"},"image":{"@id":"https:\/\/www.huruguen.fr\/site\/calendrier-dassault-aviation-2015\/#primaryimage"},"thumbnailUrl":"https:\/\/www.huruguen.fr\/site\/wp-content\/uploads\/ngg_featured\/calendrier-dassault-aviation-sebastien-huruguen-photographe-bordeaux.jpg","datePublished":"2015-01-30T16:46:44+00:00","dateModified":"2018-04-03T13:12:24+00:00","description":"S\u00e9bastien Huruguen Photographe Professionnel Bordeaux. Voici le nouveau calendrier Dassault Aviation 2015 avec de jolies photographies d'illustration r\u00e9alis\u00e9es par S\u00e9bastien Huruguen photographe.","breadcrumb":{"@id":"https:\/\/www.huruguen.fr\/site\/calendrier-dassault-aviation-2015\/#breadcrumb"},"inLanguage":"fr-FR","potentialAction":[{"@type":"ReadAction","target":["https:\/\/www.huruguen.fr\/site\/calendrier-dassault-aviation-2015\/"]}]},{"@type":"ImageObject","inLanguage":"fr-FR","@id":"https:\/\/www.huruguen.fr\/site\/calendrier-dassault-aviation-2015\/#primaryimage","url":"https:\/\/www.huruguen.fr\/site\/wp-content\/uploads\/ngg_featured\/calendrier-dassault-aviation-sebastien-huruguen-photographe-bordeaux.jpg","contentUrl":"https:\/\/www.huruguen.fr\/site\/wp-content\/uploads\/ngg_featured\/calendrier-dassault-aviation-sebastien-huruguen-photographe-bordeaux.jpg","width":1200,"height":800,"caption":"calendrier-dassault-aviation-sebastien-huruguen-photographe-bordeaux"},{"@type":"BreadcrumbList","@id":"https:\/\/www.huruguen.fr\/site\/calendrier-dassault-aviation-2015\/#breadcrumb","itemListElement":[{"@type":"ListItem","position":1,"name":"Accueil","item":"https:\/\/www.huruguen.fr\/site\/"},{"@type":"ListItem","position":2,"name":"Calendrier Dassault-Aviation 2015"}]},{"@type":"WebSite","@id":"https:\/\/www.huruguen.fr\/site\/#website","url":"https:\/\/www.huruguen.fr\/site\/","name":"Photographe Professionnel \u00e0 Bordeaux Sebastien Huruguen","description":"Photographe professionnel ind\u00e9pendant a Bordeaux. Prestations et services photograpphiques pour les professionnels et particuliers : reportages, s\u00e9ances photos, studio, packshot.","publisher":{"@id":"https:\/\/www.huruguen.fr\/site\/#organization"},"potentialAction":[{"@type":"SearchAction","target":{"@type":"EntryPoint","urlTemplate":"https:\/\/www.huruguen.fr\/site\/?s={search_term_string}"},"query-input":{"@type":"PropertyValueSpecification","valueRequired":true,"valueName":"search_term_string"}}],"inLanguage":"fr-FR"},{"@type":"Organization","@id":"https:\/\/www.huruguen.fr\/site\/#organization","name":"S\u00e9bastien Huruguen Photographe","url":"https:\/\/www.huruguen.fr\/site\/","logo":{"@type":"ImageObject","inLanguage":"fr-FR","@id":"https:\/\/www.huruguen.fr\/site\/#\/schema\/logo\/image\/","url":"https:\/\/www.huruguen.fr\/site\/wp-content\/uploads\/2018\/03\/Logo-Huruguen-triptique-2018-noir-1500.jpg","contentUrl":"https:\/\/www.huruguen.fr\/site\/wp-content\/uploads\/2018\/03\/Logo-Huruguen-triptique-2018-noir-1500.jpg","width":1500,"height":1500,"caption":"S\u00e9bastien Huruguen Photographe"},"image":{"@id":"https:\/\/www.huruguen.fr\/site\/#\/schema\/logo\/image\/"},"sameAs":["https:\/\/www.facebook.com\/huruguen","https:\/\/x.com\/www_huruguen_fr","https:\/\/www.instagram.com\/sebastien.huruguen\/"]},{"@type":"Person","@id":"https:\/\/www.huruguen.fr\/site\/#\/schema\/person\/bdce6395a337c00db735bf5fa1268715","name":"Sebastien Huruguen","description":"S\u00e9bastien Huruguen est photographe professionnel \u00e0 Bordeaux.","sameAs":["https:\/\/www.huruguen.fr","https:\/\/www.facebook.com\/huruguen\/","https:\/\/www.instagram.com\/sebastien.huruguen\/","https:\/\/www.linkedin.com\/in\/sbastien-huruguen-95452342\/","https:\/\/www.pinterest.fr\/shuruguen\/","https:\/\/x.com\/www_huruguen_fr","https:\/\/www.youtube.com\/channel\/UChEt96Suus_jyoBce80fNOA?nohtml5=False"]}]}},"_links":{"self":[{"href":"https:\/\/www.huruguen.fr\/site\/wp-json\/wp\/v2\/posts\/51153","targetHints":{"allow":["GET"]}}],"collection":[{"href":"https:\/\/www.huruguen.fr\/site\/wp-json\/wp\/v2\/posts"}],"about":[{"href":"https:\/\/www.huruguen.fr\/site\/wp-json\/wp\/v2\/types\/post"}],"author":[{"embeddable":true,"href":"https:\/\/www.huruguen.fr\/site\/wp-json\/wp\/v2\/users\/1"}],"replies":[{"embeddable":true,"href":"https:\/\/www.huruguen.fr\/site\/wp-json\/wp\/v2\/comments?post=51153"}],"version-history":[{"count":6,"href":"https:\/\/www.huruguen.fr\/site\/wp-json\/wp\/v2\/posts\/51153\/revisions"}],"predecessor-version":[{"id":56303,"href":"https:\/\/www.huruguen.fr\/site\/wp-json\/wp\/v2\/posts\/51153\/revisions\/56303"}],"wp:featuredmedia":[{"embeddable":true,"href":"https:\/\/www.huruguen.fr\/site\/wp-json\/wp\/v2\/media\/51169"}],"wp:attachment":[{"href":"https:\/\/www.huruguen.fr\/site\/wp-json\/wp\/v2\/media?parent=51153"}],"wp:term":[{"taxonomy":"category","embeddable":true,"href":"https:\/\/www.huruguen.fr\/site\/wp-json\/wp\/v2\/categories?post=51153"},{"taxonomy":"post_tag","embeddable":true,"href":"https:\/\/www.huruguen.fr\/site\/wp-json\/wp\/v2\/tags?post=51153"}],"curies":[{"name":"wp","href":"https:\/\/api.w.org\/{rel}","templated":true}]}}