{"id":23428,"date":"2014-06-22T16:18:02","date_gmt":"2014-06-22T14:18:02","guid":{"rendered":"http:\/\/www.huruguen.fr\/?p=23428"},"modified":"2020-04-13T09:35:21","modified_gmt":"2020-04-13T08:35:21","slug":"triathlon-de-mimizan-2014","status":"publish","type":"post","link":"https:\/\/www.huruguen.fr\/site\/triathlon-de-mimizan-2014\/","title":{"rendered":"Triathlon de Mimizan 2014"},"content":{"rendered":"<p><a href=\"https:\/\/www.huruguen.fr\/site\/wp-content\/uploads\/2020\/04\/anthony-costes-triathlon-mimizan-cervelo-sebastien-huruguen.jpg\"><img loading=\"lazy\" decoding=\"async\" class=\"aligncenter\" src=\"https:\/\/www.huruguen.fr\/site\/wp-content\/uploads\/2020\/04\/anthony-costes-triathlon-mimizan-cervelo-sebastien-huruguen.jpg\" alt=\"Anthony Costes Triathlon de Mimizan Sebastien Huruguen photographe bordeaux\" width=\"960\" height=\"640\"><\/a><\/p>\n<p>Dimanche 8 juin&nbsp;avait lieu le Triathlon International CD&nbsp;de Mimizan&nbsp;(distance M) sous une chaleur \u00e9crasante !<\/p>\n<p>Des conditions difficiles pour les athl\u00e8tes mais un spectacle au rendez vous&nbsp;!<\/p>\n<p>Une tr\u00e8s belle victoire du fran\u00e7ais <a href=\"https:\/\/antony-costes.onlinetri.com\/\">Anthony Costes<\/a> chez les hommes et de la hongroise <a href=\"https:\/\/greta-horvath.onlinetri.com\/\" target=\"_blank\" rel=\"noopener noreferrer\">Gr\u00e9ta Horvath<\/a> chez les femmes.<\/p>\n<p>Retrouvez toutes les images de cet \u00e9v\u00e9nement directement sur la Boutique de Photos de Triathlon.<\/p>\n","protected":false},"excerpt":{"rendered":"<p>Dimanche 8 juin&nbsp;avait lieu le Triathlon International CD&nbsp;de Mimizan&nbsp;(distance M) sous une chaleur \u00e9crasante ! Des conditions difficiles pour les athl\u00e8tes mais un spectacle au rendez vous&nbsp;! Une tr\u00e8s belle victoire du fran\u00e7ais Anthony Costes chez les hommes et de &hellip; <a href=\"https:\/\/www.huruguen.fr\/site\/triathlon-de-mimizan-2014\/\">Lire la suite<\/a><\/p>\n","protected":false},"author":1,"featured_media":23430,"comment_status":"closed","ping_status":"closed","sticky":false,"template":"","format":"standard","meta":{"kt_blocks_editor_width":"","footnotes":""},"categories":[1537],"tags":[2000,1995,1997,2302,1996,2586,2602,2361,923,2607,2570,2359,890,2360,2501,150,2293,1999,2597,1998,2598,1371,1989],"class_list":["post-23428","post","type-post","status-publish","format-standard","has-post-thumbnail","hentry","category-reportages","tag-2000","tag-achat","tag-athletes","tag-bordeaux","tag-cd","tag-course-a-pieds","tag-courte-distance","tag-gironde","tag-merignac","tag-mimizan","tag-natation","tag-photo","tag-photographies-2","tag-photos","tag-sam","tag-soleil","tag-sport","tag-traid","tag-tri","tag-triathlete","tag-triathlon","tag-velo-2","tag-vente"],"yoast_head":"<!-- This site is optimized with the Yoast SEO plugin v27.4 - https:\/\/yoast.com\/product\/yoast-seo-wordpress\/ -->\n<title>Triathlon de Mimizan 2014 - Photographe Professionnel \u00e0 Bordeaux &#x1f4f7; Sebastien Huruguen<\/title>\n<meta name=\"robots\" content=\"index, follow, max-snippet:-1, max-image-preview:large, max-video-preview:-1\" \/>\n<link rel=\"canonical\" href=\"https:\/\/www.huruguen.fr\/site\/triathlon-de-mimizan-2014\/\" \/>\n<meta property=\"og:locale\" content=\"fr_FR\" \/>\n<meta property=\"og:type\" content=\"article\" \/>\n<meta property=\"og:title\" content=\"Triathlon de Mimizan 2014 - Photographe Professionnel \u00e0 Bordeaux &#x1f4f7; Sebastien Huruguen\" \/>\n<meta property=\"og:description\" content=\"Dimanche 8 juin&nbsp;avait lieu le Triathlon International CD&nbsp;de Mimizan&nbsp;(distance M) sous une chaleur \u00e9crasante ! Des conditions difficiles pour les athl\u00e8tes mais un spectacle au rendez vous&nbsp;! Une tr\u00e8s belle victoire du fran\u00e7ais Anthony Costes chez les hommes et de &hellip; Lire la suite\" \/>\n<meta property=\"og:url\" content=\"https:\/\/www.huruguen.fr\/site\/triathlon-de-mimizan-2014\/\" \/>\n<meta property=\"og:site_name\" content=\"Photographe Professionnel \u00e0 Bordeaux &#x1f4f7; Sebastien Huruguen\" \/>\n<meta property=\"article:publisher\" content=\"https:\/\/www.facebook.com\/huruguen\" \/>\n<meta property=\"article:author\" content=\"https:\/\/www.facebook.com\/huruguen\/\" \/>\n<meta property=\"article:published_time\" content=\"2014-06-22T14:18:02+00:00\" \/>\n<meta property=\"article:modified_time\" content=\"2020-04-13T08:35:21+00:00\" \/>\n<meta property=\"og:image\" content=\"https:\/\/www.huruguen.fr\/site\/wp-content\/uploads\/2014\/06\/anthony-costes-triathlon-mimizan.jpg\" \/>\n\t<meta property=\"og:image:width\" content=\"960\" \/>\n\t<meta property=\"og:image:height\" content=\"640\" \/>\n\t<meta property=\"og:image:type\" content=\"image\/jpeg\" \/>\n<meta name=\"author\" content=\"Sebastien Huruguen\" \/>\n<meta name=\"twitter:card\" content=\"summary_large_image\" \/>\n<meta name=\"twitter:creator\" content=\"@www_huruguen_fr\" \/>\n<meta name=\"twitter:site\" content=\"@www_huruguen_fr\" \/>\n<meta name=\"twitter:label1\" content=\"\u00c9crit par\" \/>\n\t<meta name=\"twitter:data1\" content=\"Sebastien Huruguen\" \/>\n<script type=\"application\/ld+json\" class=\"yoast-schema-graph\">{\"@context\":\"https:\\\/\\\/schema.org\",\"@graph\":[{\"@type\":\"Article\",\"@id\":\"https:\\\/\\\/www.huruguen.fr\\\/site\\\/triathlon-de-mimizan-2014\\\/#article\",\"isPartOf\":{\"@id\":\"https:\\\/\\\/www.huruguen.fr\\\/site\\\/triathlon-de-mimizan-2014\\\/\"},\"author\":{\"name\":\"Sebastien Huruguen\",\"@id\":\"https:\\\/\\\/www.huruguen.fr\\\/site\\\/#\\\/schema\\\/person\\\/bdce6395a337c00db735bf5fa1268715\"},\"headline\":\"Triathlon de Mimizan 2014\",\"datePublished\":\"2014-06-22T14:18:02+00:00\",\"dateModified\":\"2020-04-13T08:35:21+00:00\",\"mainEntityOfPage\":{\"@id\":\"https:\\\/\\\/www.huruguen.fr\\\/site\\\/triathlon-de-mimizan-2014\\\/\"},\"wordCount\":75,\"publisher\":{\"@id\":\"https:\\\/\\\/www.huruguen.fr\\\/site\\\/#organization\"},\"image\":{\"@id\":\"https:\\\/\\\/www.huruguen.fr\\\/site\\\/triathlon-de-mimizan-2014\\\/#primaryimage\"},\"thumbnailUrl\":\"https:\\\/\\\/www.huruguen.fr\\\/site\\\/wp-content\\\/uploads\\\/2014\\\/06\\\/anthony-costes-triathlon-mimizan.jpg\",\"keywords\":[\"2104\",\"achat\",\"athletes\",\"bordeaux\",\"CD\",\"course \u00e0 pieds\",\"courte distance\",\"gironde\",\"Merignac\",\"mimizan\",\"natation\",\"photo\",\"photographies\",\"photos\",\"SAM\",\"soleil\",\"sport\",\"traid\",\"tri\",\"triathlete\",\"triathlon\",\"velo\",\"vente\"],\"articleSection\":[\"Actualit\u00e9s\"],\"inLanguage\":\"fr-FR\"},{\"@type\":\"WebPage\",\"@id\":\"https:\\\/\\\/www.huruguen.fr\\\/site\\\/triathlon-de-mimizan-2014\\\/\",\"url\":\"https:\\\/\\\/www.huruguen.fr\\\/site\\\/triathlon-de-mimizan-2014\\\/\",\"name\":\"Triathlon de Mimizan 2014 - Photographe Professionnel \u00e0 Bordeaux &#x1f4f7; Sebastien Huruguen\",\"isPartOf\":{\"@id\":\"https:\\\/\\\/www.huruguen.fr\\\/site\\\/#website\"},\"primaryImageOfPage\":{\"@id\":\"https:\\\/\\\/www.huruguen.fr\\\/site\\\/triathlon-de-mimizan-2014\\\/#primaryimage\"},\"image\":{\"@id\":\"https:\\\/\\\/www.huruguen.fr\\\/site\\\/triathlon-de-mimizan-2014\\\/#primaryimage\"},\"thumbnailUrl\":\"https:\\\/\\\/www.huruguen.fr\\\/site\\\/wp-content\\\/uploads\\\/2014\\\/06\\\/anthony-costes-triathlon-mimizan.jpg\",\"datePublished\":\"2014-06-22T14:18:02+00:00\",\"dateModified\":\"2020-04-13T08:35:21+00:00\",\"breadcrumb\":{\"@id\":\"https:\\\/\\\/www.huruguen.fr\\\/site\\\/triathlon-de-mimizan-2014\\\/#breadcrumb\"},\"inLanguage\":\"fr-FR\",\"potentialAction\":[{\"@type\":\"ReadAction\",\"target\":[\"https:\\\/\\\/www.huruguen.fr\\\/site\\\/triathlon-de-mimizan-2014\\\/\"]}]},{\"@type\":\"ImageObject\",\"inLanguage\":\"fr-FR\",\"@id\":\"https:\\\/\\\/www.huruguen.fr\\\/site\\\/triathlon-de-mimizan-2014\\\/#primaryimage\",\"url\":\"https:\\\/\\\/www.huruguen.fr\\\/site\\\/wp-content\\\/uploads\\\/2014\\\/06\\\/anthony-costes-triathlon-mimizan.jpg\",\"contentUrl\":\"https:\\\/\\\/www.huruguen.fr\\\/site\\\/wp-content\\\/uploads\\\/2014\\\/06\\\/anthony-costes-triathlon-mimizan.jpg\",\"width\":960,\"height\":640,\"caption\":\"Triathlon, anthony costes,\"},{\"@type\":\"BreadcrumbList\",\"@id\":\"https:\\\/\\\/www.huruguen.fr\\\/site\\\/triathlon-de-mimizan-2014\\\/#breadcrumb\",\"itemListElement\":[{\"@type\":\"ListItem\",\"position\":1,\"name\":\"Accueil\",\"item\":\"https:\\\/\\\/www.huruguen.fr\\\/site\\\/\"},{\"@type\":\"ListItem\",\"position\":2,\"name\":\"Triathlon de Mimizan 2014\"}]},{\"@type\":\"WebSite\",\"@id\":\"https:\\\/\\\/www.huruguen.fr\\\/site\\\/#website\",\"url\":\"https:\\\/\\\/www.huruguen.fr\\\/site\\\/\",\"name\":\"Photographe Professionnel \u00e0 Bordeaux Sebastien Huruguen\",\"description\":\"Photographe professionnel ind\u00e9pendant a Bordeaux. Prestations et services photograpphiques pour les professionnels et particuliers : reportages, s\u00e9ances photos, studio, packshot.\",\"publisher\":{\"@id\":\"https:\\\/\\\/www.huruguen.fr\\\/site\\\/#organization\"},\"potentialAction\":[{\"@type\":\"SearchAction\",\"target\":{\"@type\":\"EntryPoint\",\"urlTemplate\":\"https:\\\/\\\/www.huruguen.fr\\\/site\\\/?s={search_term_string}\"},\"query-input\":{\"@type\":\"PropertyValueSpecification\",\"valueRequired\":true,\"valueName\":\"search_term_string\"}}],\"inLanguage\":\"fr-FR\"},{\"@type\":\"Organization\",\"@id\":\"https:\\\/\\\/www.huruguen.fr\\\/site\\\/#organization\",\"name\":\"S\u00e9bastien Huruguen Photographe\",\"url\":\"https:\\\/\\\/www.huruguen.fr\\\/site\\\/\",\"logo\":{\"@type\":\"ImageObject\",\"inLanguage\":\"fr-FR\",\"@id\":\"https:\\\/\\\/www.huruguen.fr\\\/site\\\/#\\\/schema\\\/logo\\\/image\\\/\",\"url\":\"https:\\\/\\\/www.huruguen.fr\\\/site\\\/wp-content\\\/uploads\\\/2018\\\/03\\\/Logo-Huruguen-triptique-2018-noir-1500.jpg\",\"contentUrl\":\"https:\\\/\\\/www.huruguen.fr\\\/site\\\/wp-content\\\/uploads\\\/2018\\\/03\\\/Logo-Huruguen-triptique-2018-noir-1500.jpg\",\"width\":1500,\"height\":1500,\"caption\":\"S\u00e9bastien Huruguen Photographe\"},\"image\":{\"@id\":\"https:\\\/\\\/www.huruguen.fr\\\/site\\\/#\\\/schema\\\/logo\\\/image\\\/\"},\"sameAs\":[\"https:\\\/\\\/www.facebook.com\\\/huruguen\",\"https:\\\/\\\/x.com\\\/www_huruguen_fr\",\"https:\\\/\\\/www.instagram.com\\\/sebastien.huruguen\\\/\"]},{\"@type\":\"Person\",\"@id\":\"https:\\\/\\\/www.huruguen.fr\\\/site\\\/#\\\/schema\\\/person\\\/bdce6395a337c00db735bf5fa1268715\",\"name\":\"Sebastien Huruguen\",\"description\":\"S\u00e9bastien Huruguen est photographe professionnel \u00e0 Bordeaux.\",\"sameAs\":[\"https:\\\/\\\/www.huruguen.fr\",\"https:\\\/\\\/www.facebook.com\\\/huruguen\\\/\",\"https:\\\/\\\/www.instagram.com\\\/sebastien.huruguen\\\/\",\"https:\\\/\\\/www.linkedin.com\\\/in\\\/sbastien-huruguen-95452342\\\/\",\"https:\\\/\\\/www.pinterest.fr\\\/shuruguen\\\/\",\"https:\\\/\\\/x.com\\\/www_huruguen_fr\",\"https:\\\/\\\/www.youtube.com\\\/channel\\\/UChEt96Suus_jyoBce80fNOA?nohtml5=False\"]}]}<\/script>\n<!-- \/ Yoast SEO plugin. -->","yoast_head_json":{"title":"Triathlon de Mimizan 2014 - Photographe Professionnel \u00e0 Bordeaux &#x1f4f7; Sebastien Huruguen","robots":{"index":"index","follow":"follow","max-snippet":"max-snippet:-1","max-image-preview":"max-image-preview:large","max-video-preview":"max-video-preview:-1"},"canonical":"https:\/\/www.huruguen.fr\/site\/triathlon-de-mimizan-2014\/","og_locale":"fr_FR","og_type":"article","og_title":"Triathlon de Mimizan 2014 - Photographe Professionnel \u00e0 Bordeaux &#x1f4f7; Sebastien Huruguen","og_description":"Dimanche 8 juin&nbsp;avait lieu le Triathlon International CD&nbsp;de Mimizan&nbsp;(distance M) sous une chaleur \u00e9crasante ! Des conditions difficiles pour les athl\u00e8tes mais un spectacle au rendez vous&nbsp;! Une tr\u00e8s belle victoire du fran\u00e7ais Anthony Costes chez les hommes et de &hellip; Lire la suite","og_url":"https:\/\/www.huruguen.fr\/site\/triathlon-de-mimizan-2014\/","og_site_name":"Photographe Professionnel \u00e0 Bordeaux &#x1f4f7; Sebastien Huruguen","article_publisher":"https:\/\/www.facebook.com\/huruguen","article_author":"https:\/\/www.facebook.com\/huruguen\/","article_published_time":"2014-06-22T14:18:02+00:00","article_modified_time":"2020-04-13T08:35:21+00:00","og_image":[{"width":960,"height":640,"url":"https:\/\/www.huruguen.fr\/site\/wp-content\/uploads\/2014\/06\/anthony-costes-triathlon-mimizan.jpg","type":"image\/jpeg"}],"author":"Sebastien Huruguen","twitter_card":"summary_large_image","twitter_creator":"@www_huruguen_fr","twitter_site":"@www_huruguen_fr","twitter_misc":{"\u00c9crit par":"Sebastien Huruguen"},"schema":{"@context":"https:\/\/schema.org","@graph":[{"@type":"Article","@id":"https:\/\/www.huruguen.fr\/site\/triathlon-de-mimizan-2014\/#article","isPartOf":{"@id":"https:\/\/www.huruguen.fr\/site\/triathlon-de-mimizan-2014\/"},"author":{"name":"Sebastien Huruguen","@id":"https:\/\/www.huruguen.fr\/site\/#\/schema\/person\/bdce6395a337c00db735bf5fa1268715"},"headline":"Triathlon de Mimizan 2014","datePublished":"2014-06-22T14:18:02+00:00","dateModified":"2020-04-13T08:35:21+00:00","mainEntityOfPage":{"@id":"https:\/\/www.huruguen.fr\/site\/triathlon-de-mimizan-2014\/"},"wordCount":75,"publisher":{"@id":"https:\/\/www.huruguen.fr\/site\/#organization"},"image":{"@id":"https:\/\/www.huruguen.fr\/site\/triathlon-de-mimizan-2014\/#primaryimage"},"thumbnailUrl":"https:\/\/www.huruguen.fr\/site\/wp-content\/uploads\/2014\/06\/anthony-costes-triathlon-mimizan.jpg","keywords":["2104","achat","athletes","bordeaux","CD","course \u00e0 pieds","courte distance","gironde","Merignac","mimizan","natation","photo","photographies","photos","SAM","soleil","sport","traid","tri","triathlete","triathlon","velo","vente"],"articleSection":["Actualit\u00e9s"],"inLanguage":"fr-FR"},{"@type":"WebPage","@id":"https:\/\/www.huruguen.fr\/site\/triathlon-de-mimizan-2014\/","url":"https:\/\/www.huruguen.fr\/site\/triathlon-de-mimizan-2014\/","name":"Triathlon de Mimizan 2014 - Photographe Professionnel \u00e0 Bordeaux &#x1f4f7; Sebastien Huruguen","isPartOf":{"@id":"https:\/\/www.huruguen.fr\/site\/#website"},"primaryImageOfPage":{"@id":"https:\/\/www.huruguen.fr\/site\/triathlon-de-mimizan-2014\/#primaryimage"},"image":{"@id":"https:\/\/www.huruguen.fr\/site\/triathlon-de-mimizan-2014\/#primaryimage"},"thumbnailUrl":"https:\/\/www.huruguen.fr\/site\/wp-content\/uploads\/2014\/06\/anthony-costes-triathlon-mimizan.jpg","datePublished":"2014-06-22T14:18:02+00:00","dateModified":"2020-04-13T08:35:21+00:00","breadcrumb":{"@id":"https:\/\/www.huruguen.fr\/site\/triathlon-de-mimizan-2014\/#breadcrumb"},"inLanguage":"fr-FR","potentialAction":[{"@type":"ReadAction","target":["https:\/\/www.huruguen.fr\/site\/triathlon-de-mimizan-2014\/"]}]},{"@type":"ImageObject","inLanguage":"fr-FR","@id":"https:\/\/www.huruguen.fr\/site\/triathlon-de-mimizan-2014\/#primaryimage","url":"https:\/\/www.huruguen.fr\/site\/wp-content\/uploads\/2014\/06\/anthony-costes-triathlon-mimizan.jpg","contentUrl":"https:\/\/www.huruguen.fr\/site\/wp-content\/uploads\/2014\/06\/anthony-costes-triathlon-mimizan.jpg","width":960,"height":640,"caption":"Triathlon, anthony costes,"},{"@type":"BreadcrumbList","@id":"https:\/\/www.huruguen.fr\/site\/triathlon-de-mimizan-2014\/#breadcrumb","itemListElement":[{"@type":"ListItem","position":1,"name":"Accueil","item":"https:\/\/www.huruguen.fr\/site\/"},{"@type":"ListItem","position":2,"name":"Triathlon de Mimizan 2014"}]},{"@type":"WebSite","@id":"https:\/\/www.huruguen.fr\/site\/#website","url":"https:\/\/www.huruguen.fr\/site\/","name":"Photographe Professionnel \u00e0 Bordeaux Sebastien Huruguen","description":"Photographe professionnel ind\u00e9pendant a Bordeaux. Prestations et services photograpphiques pour les professionnels et particuliers : reportages, s\u00e9ances photos, studio, packshot.","publisher":{"@id":"https:\/\/www.huruguen.fr\/site\/#organization"},"potentialAction":[{"@type":"SearchAction","target":{"@type":"EntryPoint","urlTemplate":"https:\/\/www.huruguen.fr\/site\/?s={search_term_string}"},"query-input":{"@type":"PropertyValueSpecification","valueRequired":true,"valueName":"search_term_string"}}],"inLanguage":"fr-FR"},{"@type":"Organization","@id":"https:\/\/www.huruguen.fr\/site\/#organization","name":"S\u00e9bastien Huruguen Photographe","url":"https:\/\/www.huruguen.fr\/site\/","logo":{"@type":"ImageObject","inLanguage":"fr-FR","@id":"https:\/\/www.huruguen.fr\/site\/#\/schema\/logo\/image\/","url":"https:\/\/www.huruguen.fr\/site\/wp-content\/uploads\/2018\/03\/Logo-Huruguen-triptique-2018-noir-1500.jpg","contentUrl":"https:\/\/www.huruguen.fr\/site\/wp-content\/uploads\/2018\/03\/Logo-Huruguen-triptique-2018-noir-1500.jpg","width":1500,"height":1500,"caption":"S\u00e9bastien Huruguen Photographe"},"image":{"@id":"https:\/\/www.huruguen.fr\/site\/#\/schema\/logo\/image\/"},"sameAs":["https:\/\/www.facebook.com\/huruguen","https:\/\/x.com\/www_huruguen_fr","https:\/\/www.instagram.com\/sebastien.huruguen\/"]},{"@type":"Person","@id":"https:\/\/www.huruguen.fr\/site\/#\/schema\/person\/bdce6395a337c00db735bf5fa1268715","name":"Sebastien Huruguen","description":"S\u00e9bastien Huruguen est photographe professionnel \u00e0 Bordeaux.","sameAs":["https:\/\/www.huruguen.fr","https:\/\/www.facebook.com\/huruguen\/","https:\/\/www.instagram.com\/sebastien.huruguen\/","https:\/\/www.linkedin.com\/in\/sbastien-huruguen-95452342\/","https:\/\/www.pinterest.fr\/shuruguen\/","https:\/\/x.com\/www_huruguen_fr","https:\/\/www.youtube.com\/channel\/UChEt96Suus_jyoBce80fNOA?nohtml5=False"]}]}},"_links":{"self":[{"href":"https:\/\/www.huruguen.fr\/site\/wp-json\/wp\/v2\/posts\/23428","targetHints":{"allow":["GET"]}}],"collection":[{"href":"https:\/\/www.huruguen.fr\/site\/wp-json\/wp\/v2\/posts"}],"about":[{"href":"https:\/\/www.huruguen.fr\/site\/wp-json\/wp\/v2\/types\/post"}],"author":[{"embeddable":true,"href":"https:\/\/www.huruguen.fr\/site\/wp-json\/wp\/v2\/users\/1"}],"replies":[{"embeddable":true,"href":"https:\/\/www.huruguen.fr\/site\/wp-json\/wp\/v2\/comments?post=23428"}],"version-history":[{"count":18,"href":"https:\/\/www.huruguen.fr\/site\/wp-json\/wp\/v2\/posts\/23428\/revisions"}],"predecessor-version":[{"id":60455,"href":"https:\/\/www.huruguen.fr\/site\/wp-json\/wp\/v2\/posts\/23428\/revisions\/60455"}],"wp:featuredmedia":[{"embeddable":true,"href":"https:\/\/www.huruguen.fr\/site\/wp-json\/wp\/v2\/media\/23430"}],"wp:attachment":[{"href":"https:\/\/www.huruguen.fr\/site\/wp-json\/wp\/v2\/media?parent=23428"}],"wp:term":[{"taxonomy":"category","embeddable":true,"href":"https:\/\/www.huruguen.fr\/site\/wp-json\/wp\/v2\/categories?post=23428"},{"taxonomy":"post_tag","embeddable":true,"href":"https:\/\/www.huruguen.fr\/site\/wp-json\/wp\/v2\/tags?post=23428"}],"curies":[{"name":"wp","href":"https:\/\/api.w.org\/{rel}","templated":true}]}}