{"id":1686,"date":"2014-02-18T16:39:21","date_gmt":"2014-02-18T14:39:21","guid":{"rendered":"http:\/\/www.huruguen.fr\/?p=1686"},"modified":"2018-05-17T13:57:56","modified_gmt":"2018-05-17T12:57:56","slug":"merignac-magazine-n55","status":"publish","type":"post","link":"https:\/\/www.huruguen.fr\/site\/merignac-magazine-n55\/","title":{"rendered":"MERIGNAC Magazine n\u00b055"},"content":{"rendered":"<p>Nouvelle ann\u00e9e et nouveau num\u00e9ro du magazine de la ville de M\u00e9rignac !<\/p>\n<p><a href=\"https:\/\/www.huruguen.fr\/site\/wp-content\/uploads\/2014\/02\/merignac-magazine-numero-55-sebastien-huruguen-6.jpg\"><img loading=\"lazy\" decoding=\"async\" class=\"alignnone size-full wp-image-58851\" src=\"https:\/\/www.huruguen.fr\/site\/wp-content\/uploads\/2014\/02\/merignac-magazine-numero-55-sebastien-huruguen-6.jpg\" alt=\"\" width=\"1200\" height=\"800\" data-id=\"58851\" srcset=\"https:\/\/www.huruguen.fr\/site\/wp-content\/uploads\/2014\/02\/merignac-magazine-numero-55-sebastien-huruguen-6.jpg 1200w, https:\/\/www.huruguen.fr\/site\/wp-content\/uploads\/2014\/02\/merignac-magazine-numero-55-sebastien-huruguen-6-300x200.jpg 300w, https:\/\/www.huruguen.fr\/site\/wp-content\/uploads\/2014\/02\/merignac-magazine-numero-55-sebastien-huruguen-6-768x512.jpg 768w, https:\/\/www.huruguen.fr\/site\/wp-content\/uploads\/2014\/02\/merignac-magazine-numero-55-sebastien-huruguen-6-1024x683.jpg 1024w\" sizes=\"auto, (max-width: 1200px) 100vw, 1200px\" \/><\/a><\/p>\n<p>De nouveaux reportages photos \u00e0 d\u00e9couvrir dans la version papier et la&nbsp;version num\u00e9rique sur le&nbsp;<strong>site internet de la ville.<\/strong><\/p>\n<p>Vous retrouvez &nbsp;des reportages photos sur la culture \u00e0 la direction des enfants, diff\u00e9rents ateliers du Conservatoire de la ville, des ateliers pour les s\u00e9niors et le portait du designer Vincent Poujardieu \u00e0 l&rsquo;honneur \u00e0 l&rsquo;occasion de son exposition \u00e0 la vieille \u00e9glise de M\u00e9rignac.<\/p>\n<p>Bonne lecture !<\/p>\n<div id=\"kad-wp-gallery35\" class=\"kad-wp-gallery kad-light-wp-gallery clearfix kt-gallery-column-3 rowtight\"><div class=\"tcol-lg-4 tcol-md-4 tcol-sm-4 tcol-xs-6 tcol-ss-12 g_item\"><div class=\"grid_item kad_gallery_fade_in gallery_item\"><a href=\"https:\/\/www.huruguen.fr\/site\/wp-content\/uploads\/2014\/02\/merignac-magazine-numero-55-sebastien-huruguen-1.jpg\" data-rel=\"lightbox\" class=\"lightboxhover\"><img loading=\"lazy\" decoding=\"async\" src=\"https:\/\/www.huruguen.fr\/site\/wp-content\/uploads\/2014\/02\/merignac-magazine-numero-55-sebastien-huruguen-1-400x400.jpg\" width=\"400\" height=\"400\" alt=\"merignac-magazine-numero-55-sebastien-huruguen (1)\" srcset=\"https:\/\/www.huruguen.fr\/site\/wp-content\/uploads\/2014\/02\/merignac-magazine-numero-55-sebastien-huruguen-1-400x400.jpg 400w, https:\/\/www.huruguen.fr\/site\/wp-content\/uploads\/2014\/02\/merignac-magazine-numero-55-sebastien-huruguen-1-150x150.jpg 150w, https:\/\/www.huruguen.fr\/site\/wp-content\/uploads\/2014\/02\/merignac-magazine-numero-55-sebastien-huruguen-1-60x60.jpg 60w, https:\/\/www.huruguen.fr\/site\/wp-content\/uploads\/2014\/02\/merignac-magazine-numero-55-sebastien-huruguen-1-800x800.jpg 800w\" sizes=\"auto, (max-width: 400px) 100vw, 400px\" class=\"light-dropshaddow\"\/><\/a><\/div><\/div><div class=\"tcol-lg-4 tcol-md-4 tcol-sm-4 tcol-xs-6 tcol-ss-12 g_item\"><div class=\"grid_item kad_gallery_fade_in gallery_item\"><a href=\"https:\/\/www.huruguen.fr\/site\/wp-content\/uploads\/2014\/02\/merignac-magazine-numero-55-sebastien-huruguen-1.png\" data-rel=\"lightbox\" class=\"lightboxhover\"><img loading=\"lazy\" decoding=\"async\" src=\"https:\/\/www.huruguen.fr\/site\/wp-content\/uploads\/2014\/02\/merignac-magazine-numero-55-sebastien-huruguen-1-400x400.png\" width=\"400\" height=\"400\" alt=\"merignac-magazine-numero-55-sebastien-huruguen (1)\" srcset=\"https:\/\/www.huruguen.fr\/site\/wp-content\/uploads\/2014\/02\/merignac-magazine-numero-55-sebastien-huruguen-1-400x400.png 400w, https:\/\/www.huruguen.fr\/site\/wp-content\/uploads\/2014\/02\/merignac-magazine-numero-55-sebastien-huruguen-1-150x150.png 150w, https:\/\/www.huruguen.fr\/site\/wp-content\/uploads\/2014\/02\/merignac-magazine-numero-55-sebastien-huruguen-1-60x60.png 60w\" sizes=\"auto, (max-width: 400px) 100vw, 400px\" class=\"light-dropshaddow\"\/><\/a><\/div><\/div><div class=\"tcol-lg-4 tcol-md-4 tcol-sm-4 tcol-xs-6 tcol-ss-12 g_item\"><div class=\"grid_item kad_gallery_fade_in gallery_item\"><a href=\"https:\/\/www.huruguen.fr\/site\/wp-content\/uploads\/2014\/02\/merignac-magazine-numero-55-sebastien-huruguen-2.jpg\" data-rel=\"lightbox\" class=\"lightboxhover\"><img loading=\"lazy\" decoding=\"async\" src=\"https:\/\/www.huruguen.fr\/site\/wp-content\/uploads\/2014\/02\/merignac-magazine-numero-55-sebastien-huruguen-2-400x400.jpg\" width=\"400\" height=\"400\" alt=\"merignac-magazine-numero-55-sebastien-huruguen (2)\" srcset=\"https:\/\/www.huruguen.fr\/site\/wp-content\/uploads\/2014\/02\/merignac-magazine-numero-55-sebastien-huruguen-2-400x400.jpg 400w, https:\/\/www.huruguen.fr\/site\/wp-content\/uploads\/2014\/02\/merignac-magazine-numero-55-sebastien-huruguen-2-150x150.jpg 150w, https:\/\/www.huruguen.fr\/site\/wp-content\/uploads\/2014\/02\/merignac-magazine-numero-55-sebastien-huruguen-2-60x60.jpg 60w, https:\/\/www.huruguen.fr\/site\/wp-content\/uploads\/2014\/02\/merignac-magazine-numero-55-sebastien-huruguen-2-800x800.jpg 800w\" sizes=\"auto, (max-width: 400px) 100vw, 400px\" class=\"light-dropshaddow\"\/><\/a><\/div><\/div><div class=\"tcol-lg-4 tcol-md-4 tcol-sm-4 tcol-xs-6 tcol-ss-12 g_item\"><div class=\"grid_item kad_gallery_fade_in gallery_item\"><a href=\"https:\/\/www.huruguen.fr\/site\/wp-content\/uploads\/2014\/02\/merignac-magazine-numero-55-sebastien-huruguen-3.jpg\" data-rel=\"lightbox\" class=\"lightboxhover\"><img loading=\"lazy\" decoding=\"async\" src=\"https:\/\/www.huruguen.fr\/site\/wp-content\/uploads\/2014\/02\/merignac-magazine-numero-55-sebastien-huruguen-3-400x400.jpg\" width=\"400\" height=\"400\" alt=\"merignac-magazine-numero-55-sebastien-huruguen (3)\" srcset=\"https:\/\/www.huruguen.fr\/site\/wp-content\/uploads\/2014\/02\/merignac-magazine-numero-55-sebastien-huruguen-3-400x400.jpg 400w, https:\/\/www.huruguen.fr\/site\/wp-content\/uploads\/2014\/02\/merignac-magazine-numero-55-sebastien-huruguen-3-150x150.jpg 150w, https:\/\/www.huruguen.fr\/site\/wp-content\/uploads\/2014\/02\/merignac-magazine-numero-55-sebastien-huruguen-3-60x60.jpg 60w, https:\/\/www.huruguen.fr\/site\/wp-content\/uploads\/2014\/02\/merignac-magazine-numero-55-sebastien-huruguen-3-800x800.jpg 800w\" sizes=\"auto, (max-width: 400px) 100vw, 400px\" class=\"light-dropshaddow\"\/><\/a><\/div><\/div><div class=\"tcol-lg-4 tcol-md-4 tcol-sm-4 tcol-xs-6 tcol-ss-12 g_item\"><div class=\"grid_item kad_gallery_fade_in gallery_item\"><a href=\"https:\/\/www.huruguen.fr\/site\/wp-content\/uploads\/2014\/02\/merignac-magazine-numero-55-sebastien-huruguen-4.jpg\" data-rel=\"lightbox\" class=\"lightboxhover\"><img loading=\"lazy\" decoding=\"async\" src=\"https:\/\/www.huruguen.fr\/site\/wp-content\/uploads\/2014\/02\/merignac-magazine-numero-55-sebastien-huruguen-4-400x400.jpg\" width=\"400\" height=\"400\" alt=\"merignac-magazine-numero-55-sebastien-huruguen (4)\" srcset=\"https:\/\/www.huruguen.fr\/site\/wp-content\/uploads\/2014\/02\/merignac-magazine-numero-55-sebastien-huruguen-4-400x400.jpg 400w, https:\/\/www.huruguen.fr\/site\/wp-content\/uploads\/2014\/02\/merignac-magazine-numero-55-sebastien-huruguen-4-150x150.jpg 150w, https:\/\/www.huruguen.fr\/site\/wp-content\/uploads\/2014\/02\/merignac-magazine-numero-55-sebastien-huruguen-4-60x60.jpg 60w, https:\/\/www.huruguen.fr\/site\/wp-content\/uploads\/2014\/02\/merignac-magazine-numero-55-sebastien-huruguen-4-800x800.jpg 800w\" sizes=\"auto, (max-width: 400px) 100vw, 400px\" class=\"light-dropshaddow\"\/><\/a><\/div><\/div><div class=\"tcol-lg-4 tcol-md-4 tcol-sm-4 tcol-xs-6 tcol-ss-12 g_item\"><div class=\"grid_item kad_gallery_fade_in gallery_item\"><a href=\"https:\/\/www.huruguen.fr\/site\/wp-content\/uploads\/2014\/02\/merignac-magazine-numero-55-sebastien-huruguen-5.jpg\" data-rel=\"lightbox\" class=\"lightboxhover\"><img loading=\"lazy\" decoding=\"async\" src=\"https:\/\/www.huruguen.fr\/site\/wp-content\/uploads\/2014\/02\/merignac-magazine-numero-55-sebastien-huruguen-5-400x400.jpg\" width=\"400\" height=\"400\" alt=\"merignac-magazine-numero-55-sebastien-huruguen (5)\" srcset=\"https:\/\/www.huruguen.fr\/site\/wp-content\/uploads\/2014\/02\/merignac-magazine-numero-55-sebastien-huruguen-5-400x400.jpg 400w, https:\/\/www.huruguen.fr\/site\/wp-content\/uploads\/2014\/02\/merignac-magazine-numero-55-sebastien-huruguen-5-150x150.jpg 150w, https:\/\/www.huruguen.fr\/site\/wp-content\/uploads\/2014\/02\/merignac-magazine-numero-55-sebastien-huruguen-5-60x60.jpg 60w, https:\/\/www.huruguen.fr\/site\/wp-content\/uploads\/2014\/02\/merignac-magazine-numero-55-sebastien-huruguen-5-800x800.jpg 800w\" sizes=\"auto, (max-width: 400px) 100vw, 400px\" class=\"light-dropshaddow\"\/><\/a><\/div><\/div><div class=\"tcol-lg-4 tcol-md-4 tcol-sm-4 tcol-xs-6 tcol-ss-12 g_item\"><div class=\"grid_item kad_gallery_fade_in gallery_item\"><a href=\"https:\/\/www.huruguen.fr\/site\/wp-content\/uploads\/2014\/02\/merignac-magazine-numero-55-sebastien-huruguen-6.jpg\" data-rel=\"lightbox\" class=\"lightboxhover\"><img loading=\"lazy\" decoding=\"async\" src=\"https:\/\/www.huruguen.fr\/site\/wp-content\/uploads\/2014\/02\/merignac-magazine-numero-55-sebastien-huruguen-6-400x400.jpg\" width=\"400\" height=\"400\" alt=\"merignac-magazine-numero-55-sebastien-huruguen (6)\" srcset=\"https:\/\/www.huruguen.fr\/site\/wp-content\/uploads\/2014\/02\/merignac-magazine-numero-55-sebastien-huruguen-6-400x400.jpg 400w, https:\/\/www.huruguen.fr\/site\/wp-content\/uploads\/2014\/02\/merignac-magazine-numero-55-sebastien-huruguen-6-150x150.jpg 150w, https:\/\/www.huruguen.fr\/site\/wp-content\/uploads\/2014\/02\/merignac-magazine-numero-55-sebastien-huruguen-6-60x60.jpg 60w, https:\/\/www.huruguen.fr\/site\/wp-content\/uploads\/2014\/02\/merignac-magazine-numero-55-sebastien-huruguen-6-800x800.jpg 800w\" sizes=\"auto, (max-width: 400px) 100vw, 400px\" class=\"light-dropshaddow\"\/><\/a><\/div><\/div><div class=\"tcol-lg-4 tcol-md-4 tcol-sm-4 tcol-xs-6 tcol-ss-12 g_item\"><div class=\"grid_item kad_gallery_fade_in gallery_item\"><a href=\"https:\/\/www.huruguen.fr\/site\/wp-content\/uploads\/2014\/02\/merignac-magazine-numero-55-sebastien-huruguen-7.jpg\" data-rel=\"lightbox\" class=\"lightboxhover\"><img loading=\"lazy\" decoding=\"async\" src=\"https:\/\/www.huruguen.fr\/site\/wp-content\/uploads\/2014\/02\/merignac-magazine-numero-55-sebastien-huruguen-7-400x400.jpg\" width=\"400\" height=\"400\" alt=\"merignac-magazine-numero-55-sebastien-huruguen (7)\" srcset=\"https:\/\/www.huruguen.fr\/site\/wp-content\/uploads\/2014\/02\/merignac-magazine-numero-55-sebastien-huruguen-7-400x400.jpg 400w, https:\/\/www.huruguen.fr\/site\/wp-content\/uploads\/2014\/02\/merignac-magazine-numero-55-sebastien-huruguen-7-150x150.jpg 150w, https:\/\/www.huruguen.fr\/site\/wp-content\/uploads\/2014\/02\/merignac-magazine-numero-55-sebastien-huruguen-7-60x60.jpg 60w, https:\/\/www.huruguen.fr\/site\/wp-content\/uploads\/2014\/02\/merignac-magazine-numero-55-sebastien-huruguen-7-800x800.jpg 800w\" sizes=\"auto, (max-width: 400px) 100vw, 400px\" class=\"light-dropshaddow\"\/><\/a><\/div><\/div><div class=\"tcol-lg-4 tcol-md-4 tcol-sm-4 tcol-xs-6 tcol-ss-12 g_item\"><div class=\"grid_item kad_gallery_fade_in gallery_item\"><a href=\"https:\/\/www.huruguen.fr\/site\/wp-content\/uploads\/2014\/02\/merignac-magazine-numero-55-sebastien-huruguen-8.jpg\" data-rel=\"lightbox\" class=\"lightboxhover\"><img loading=\"lazy\" decoding=\"async\" src=\"https:\/\/www.huruguen.fr\/site\/wp-content\/uploads\/2014\/02\/merignac-magazine-numero-55-sebastien-huruguen-8-400x400.jpg\" width=\"400\" height=\"400\" alt=\"merignac-magazine-numero-55-sebastien-huruguen (8)\" srcset=\"https:\/\/www.huruguen.fr\/site\/wp-content\/uploads\/2014\/02\/merignac-magazine-numero-55-sebastien-huruguen-8-400x400.jpg 400w, https:\/\/www.huruguen.fr\/site\/wp-content\/uploads\/2014\/02\/merignac-magazine-numero-55-sebastien-huruguen-8-150x150.jpg 150w, https:\/\/www.huruguen.fr\/site\/wp-content\/uploads\/2014\/02\/merignac-magazine-numero-55-sebastien-huruguen-8-60x60.jpg 60w, https:\/\/www.huruguen.fr\/site\/wp-content\/uploads\/2014\/02\/merignac-magazine-numero-55-sebastien-huruguen-8-800x800.jpg 800w\" sizes=\"auto, (max-width: 400px) 100vw, 400px\" class=\"light-dropshaddow\"\/><\/a><\/div><\/div><div class=\"tcol-lg-4 tcol-md-4 tcol-sm-4 tcol-xs-6 tcol-ss-12 g_item\"><div class=\"grid_item kad_gallery_fade_in gallery_item\"><a href=\"https:\/\/www.huruguen.fr\/site\/wp-content\/uploads\/2014\/02\/merignac-magazine-numero-55-sebastien-huruguen-9.jpg\" data-rel=\"lightbox\" class=\"lightboxhover\"><img loading=\"lazy\" decoding=\"async\" src=\"https:\/\/www.huruguen.fr\/site\/wp-content\/uploads\/2014\/02\/merignac-magazine-numero-55-sebastien-huruguen-9-400x400.jpg\" width=\"400\" height=\"400\" alt=\"merignac-magazine-numero-55-sebastien-huruguen (9)\" srcset=\"https:\/\/www.huruguen.fr\/site\/wp-content\/uploads\/2014\/02\/merignac-magazine-numero-55-sebastien-huruguen-9-400x400.jpg 400w, https:\/\/www.huruguen.fr\/site\/wp-content\/uploads\/2014\/02\/merignac-magazine-numero-55-sebastien-huruguen-9-150x150.jpg 150w, https:\/\/www.huruguen.fr\/site\/wp-content\/uploads\/2014\/02\/merignac-magazine-numero-55-sebastien-huruguen-9-60x60.jpg 60w, https:\/\/www.huruguen.fr\/site\/wp-content\/uploads\/2014\/02\/merignac-magazine-numero-55-sebastien-huruguen-9-800x800.jpg 800w\" sizes=\"auto, (max-width: 400px) 100vw, 400px\" class=\"light-dropshaddow\"\/><\/a><\/div><\/div><div class=\"tcol-lg-4 tcol-md-4 tcol-sm-4 tcol-xs-6 tcol-ss-12 g_item\"><div class=\"grid_item kad_gallery_fade_in gallery_item\"><a href=\"https:\/\/www.huruguen.fr\/site\/wp-content\/uploads\/2014\/02\/merignac-magazine-numero-55-sebastien-huruguen-10.jpg\" data-rel=\"lightbox\" class=\"lightboxhover\"><img loading=\"lazy\" decoding=\"async\" src=\"https:\/\/www.huruguen.fr\/site\/wp-content\/uploads\/2014\/02\/merignac-magazine-numero-55-sebastien-huruguen-10-400x400.jpg\" width=\"400\" height=\"400\" alt=\"merignac-magazine-numero-55-sebastien-huruguen (10)\" srcset=\"https:\/\/www.huruguen.fr\/site\/wp-content\/uploads\/2014\/02\/merignac-magazine-numero-55-sebastien-huruguen-10-400x400.jpg 400w, https:\/\/www.huruguen.fr\/site\/wp-content\/uploads\/2014\/02\/merignac-magazine-numero-55-sebastien-huruguen-10-150x150.jpg 150w, https:\/\/www.huruguen.fr\/site\/wp-content\/uploads\/2014\/02\/merignac-magazine-numero-55-sebastien-huruguen-10-60x60.jpg 60w, https:\/\/www.huruguen.fr\/site\/wp-content\/uploads\/2014\/02\/merignac-magazine-numero-55-sebastien-huruguen-10-800x800.jpg 800w\" sizes=\"auto, (max-width: 400px) 100vw, 400px\" class=\"light-dropshaddow\"\/><\/a><\/div><\/div><div class=\"tcol-lg-4 tcol-md-4 tcol-sm-4 tcol-xs-6 tcol-ss-12 g_item\"><div class=\"grid_item kad_gallery_fade_in gallery_item\"><a href=\"https:\/\/www.huruguen.fr\/site\/wp-content\/uploads\/2014\/02\/merignac-magazine-numero-55-sebastien-huruguen-11.jpg\" data-rel=\"lightbox\" class=\"lightboxhover\"><img loading=\"lazy\" decoding=\"async\" src=\"https:\/\/www.huruguen.fr\/site\/wp-content\/uploads\/2014\/02\/merignac-magazine-numero-55-sebastien-huruguen-11-400x400.jpg\" width=\"400\" height=\"400\" alt=\"merignac-magazine-numero-55-sebastien-huruguen (11)\" srcset=\"https:\/\/www.huruguen.fr\/site\/wp-content\/uploads\/2014\/02\/merignac-magazine-numero-55-sebastien-huruguen-11-400x400.jpg 400w, https:\/\/www.huruguen.fr\/site\/wp-content\/uploads\/2014\/02\/merignac-magazine-numero-55-sebastien-huruguen-11-150x150.jpg 150w, https:\/\/www.huruguen.fr\/site\/wp-content\/uploads\/2014\/02\/merignac-magazine-numero-55-sebastien-huruguen-11-60x60.jpg 60w, https:\/\/www.huruguen.fr\/site\/wp-content\/uploads\/2014\/02\/merignac-magazine-numero-55-sebastien-huruguen-11-800x800.jpg 800w\" sizes=\"auto, (max-width: 400px) 100vw, 400px\" class=\"light-dropshaddow\"\/><\/a><\/div><\/div><\/div>\n<p>&nbsp;<\/p>\n","protected":false},"excerpt":{"rendered":"<p>Nouvelle ann\u00e9e et nouveau num\u00e9ro du magazine de la ville de M\u00e9rignac ! De nouveaux reportages photos \u00e0 d\u00e9couvrir dans la version papier et la&nbsp;version num\u00e9rique sur le&nbsp;site internet de la ville. Vous retrouvez &nbsp;des reportages photos sur la culture &hellip; <a href=\"https:\/\/www.huruguen.fr\/site\/merignac-magazine-n55\/\">Lire la suite<\/a><\/p>\n","protected":false},"author":1,"featured_media":1691,"comment_status":"closed","ping_status":"closed","sticky":false,"template":"","format":"standard","meta":{"kt_blocks_editor_width":"","footnotes":""},"categories":[1537],"tags":[1741,2302,2579,2578,2431,1745,2577,415,2282,2361,2279,1240,2292,923,2450,1352,1740,1742,2580,1743,1344,1744,1750],"class_list":["post-1686","post","type-post","status-publish","format-standard","has-post-thumbnail","hentry","category-reportages","tag-1741","tag-bordeaux","tag-chant","tag-conservatoire","tag-dance","tag-design","tag-designer","tag-fevrier","tag-france","tag-gironde","tag-huruguen","tag-mag-2","tag-magazine","tag-merignac","tag-musique","tag-numero","tag-numero-55","tag-n55","tag-orchestre","tag-poujardieu","tag-ville-2","tag-vincent","tag-violon"],"yoast_head":"<!-- This site is optimized with the Yoast SEO plugin v27.4 - https:\/\/yoast.com\/product\/yoast-seo-wordpress\/ -->\n<title>MERIGNAC Magazine n\u00b055 - Photographe Professionnel \u00e0 Bordeaux &#x1f4f7; Sebastien Huruguen<\/title>\n<meta name=\"description\" content=\"Magazine de la ville de M\u00e9rignac n\u00b055. S\u00e9bastien Huruguen photographe professionnel \u00e0 Bordeaux a r\u00e9alis\u00e9 plusieurs reportages pour le magazine de la ville de M\u00e9rignac, un magazine mensuel gratuit distribu\u00e9 dans l&#039;ensemble des boites aux lettres des habitants de la commune de Gironde.\" \/>\n<meta name=\"robots\" content=\"index, follow, max-snippet:-1, max-image-preview:large, max-video-preview:-1\" \/>\n<link rel=\"canonical\" href=\"https:\/\/www.huruguen.fr\/site\/merignac-magazine-n55\/\" \/>\n<meta property=\"og:locale\" content=\"fr_FR\" \/>\n<meta property=\"og:type\" content=\"article\" \/>\n<meta property=\"og:title\" content=\"MERIGNAC Magazine n\u00b055 - Photographe Professionnel \u00e0 Bordeaux &#x1f4f7; Sebastien Huruguen\" \/>\n<meta property=\"og:description\" content=\"Magazine de la ville de M\u00e9rignac n\u00b055. S\u00e9bastien Huruguen photographe professionnel \u00e0 Bordeaux a r\u00e9alis\u00e9 plusieurs reportages pour le magazine de la ville de M\u00e9rignac, un magazine mensuel gratuit distribu\u00e9 dans l&#039;ensemble des boites aux lettres des habitants de la commune de Gironde.\" \/>\n<meta property=\"og:url\" content=\"https:\/\/www.huruguen.fr\/site\/merignac-magazine-n55\/\" \/>\n<meta property=\"og:site_name\" content=\"Photographe Professionnel \u00e0 Bordeaux &#x1f4f7; Sebastien Huruguen\" \/>\n<meta property=\"article:publisher\" content=\"https:\/\/www.facebook.com\/huruguen\" \/>\n<meta property=\"article:author\" content=\"https:\/\/www.facebook.com\/huruguen\/\" \/>\n<meta property=\"article:published_time\" content=\"2014-02-18T14:39:21+00:00\" \/>\n<meta property=\"article:modified_time\" content=\"2018-05-17T12:57:56+00:00\" \/>\n<meta property=\"og:image\" content=\"https:\/\/www.huruguen.fr\/site\/wp-content\/uploads\/2014\/02\/la-vieille-eglise-musee-merignac-gironde-enfants-classe-sebastien-huruguen.jpg\" \/>\n\t<meta property=\"og:image:width\" content=\"1200\" \/>\n\t<meta property=\"og:image:height\" content=\"800\" \/>\n\t<meta property=\"og:image:type\" content=\"image\/jpeg\" \/>\n<meta name=\"author\" content=\"Sebastien Huruguen\" \/>\n<meta name=\"twitter:card\" content=\"summary_large_image\" \/>\n<meta name=\"twitter:creator\" content=\"@www_huruguen_fr\" \/>\n<meta name=\"twitter:site\" content=\"@www_huruguen_fr\" \/>\n<meta name=\"twitter:label1\" content=\"\u00c9crit par\" \/>\n\t<meta name=\"twitter:data1\" content=\"Sebastien Huruguen\" \/>\n<script type=\"application\/ld+json\" class=\"yoast-schema-graph\">{\"@context\":\"https:\\\/\\\/schema.org\",\"@graph\":[{\"@type\":\"Article\",\"@id\":\"https:\\\/\\\/www.huruguen.fr\\\/site\\\/merignac-magazine-n55\\\/#article\",\"isPartOf\":{\"@id\":\"https:\\\/\\\/www.huruguen.fr\\\/site\\\/merignac-magazine-n55\\\/\"},\"author\":{\"name\":\"Sebastien Huruguen\",\"@id\":\"https:\\\/\\\/www.huruguen.fr\\\/site\\\/#\\\/schema\\\/person\\\/bdce6395a337c00db735bf5fa1268715\"},\"headline\":\"MERIGNAC Magazine n\u00b055\",\"datePublished\":\"2014-02-18T14:39:21+00:00\",\"dateModified\":\"2018-05-17T12:57:56+00:00\",\"mainEntityOfPage\":{\"@id\":\"https:\\\/\\\/www.huruguen.fr\\\/site\\\/merignac-magazine-n55\\\/\"},\"wordCount\":98,\"publisher\":{\"@id\":\"https:\\\/\\\/www.huruguen.fr\\\/site\\\/#organization\"},\"image\":{\"@id\":\"https:\\\/\\\/www.huruguen.fr\\\/site\\\/merignac-magazine-n55\\\/#primaryimage\"},\"thumbnailUrl\":\"https:\\\/\\\/www.huruguen.fr\\\/site\\\/wp-content\\\/uploads\\\/2014\\\/02\\\/la-vieille-eglise-musee-merignac-gironde-enfants-classe-sebastien-huruguen.jpg\",\"keywords\":[\"55\",\"bordeaux\",\"chant\",\"conservatoire\",\"dance\",\"design\",\"designer\",\"f\u00e9vrier\",\"France\",\"gironde\",\"huruguen\",\"Mag\",\"Magazine\",\"Merignac\",\"musique\",\"numero\",\"num\u00e9ro 55\",\"N\u00b055\",\"orchestre\",\"poujardieu\",\"ville\",\"vincent\",\"violon\"],\"articleSection\":[\"Actualit\u00e9s\"],\"inLanguage\":\"fr-FR\"},{\"@type\":\"WebPage\",\"@id\":\"https:\\\/\\\/www.huruguen.fr\\\/site\\\/merignac-magazine-n55\\\/\",\"url\":\"https:\\\/\\\/www.huruguen.fr\\\/site\\\/merignac-magazine-n55\\\/\",\"name\":\"MERIGNAC Magazine n\u00b055 - Photographe Professionnel \u00e0 Bordeaux &#x1f4f7; Sebastien Huruguen\",\"isPartOf\":{\"@id\":\"https:\\\/\\\/www.huruguen.fr\\\/site\\\/#website\"},\"primaryImageOfPage\":{\"@id\":\"https:\\\/\\\/www.huruguen.fr\\\/site\\\/merignac-magazine-n55\\\/#primaryimage\"},\"image\":{\"@id\":\"https:\\\/\\\/www.huruguen.fr\\\/site\\\/merignac-magazine-n55\\\/#primaryimage\"},\"thumbnailUrl\":\"https:\\\/\\\/www.huruguen.fr\\\/site\\\/wp-content\\\/uploads\\\/2014\\\/02\\\/la-vieille-eglise-musee-merignac-gironde-enfants-classe-sebastien-huruguen.jpg\",\"datePublished\":\"2014-02-18T14:39:21+00:00\",\"dateModified\":\"2018-05-17T12:57:56+00:00\",\"description\":\"Magazine de la ville de M\u00e9rignac n\u00b055. S\u00e9bastien Huruguen photographe professionnel \u00e0 Bordeaux a r\u00e9alis\u00e9 plusieurs reportages pour le magazine de la ville de M\u00e9rignac, un magazine mensuel gratuit distribu\u00e9 dans l'ensemble des boites aux lettres des habitants de la commune de Gironde.\",\"breadcrumb\":{\"@id\":\"https:\\\/\\\/www.huruguen.fr\\\/site\\\/merignac-magazine-n55\\\/#breadcrumb\"},\"inLanguage\":\"fr-FR\",\"potentialAction\":[{\"@type\":\"ReadAction\",\"target\":[\"https:\\\/\\\/www.huruguen.fr\\\/site\\\/merignac-magazine-n55\\\/\"]}]},{\"@type\":\"ImageObject\",\"inLanguage\":\"fr-FR\",\"@id\":\"https:\\\/\\\/www.huruguen.fr\\\/site\\\/merignac-magazine-n55\\\/#primaryimage\",\"url\":\"https:\\\/\\\/www.huruguen.fr\\\/site\\\/wp-content\\\/uploads\\\/2014\\\/02\\\/la-vieille-eglise-musee-merignac-gironde-enfants-classe-sebastien-huruguen.jpg\",\"contentUrl\":\"https:\\\/\\\/www.huruguen.fr\\\/site\\\/wp-content\\\/uploads\\\/2014\\\/02\\\/la-vieille-eglise-musee-merignac-gironde-enfants-classe-sebastien-huruguen.jpg\",\"width\":1200,\"height\":800,\"caption\":\"la vieille eglise musee merignac gironde enfants classe sebastien huruguen\"},{\"@type\":\"BreadcrumbList\",\"@id\":\"https:\\\/\\\/www.huruguen.fr\\\/site\\\/merignac-magazine-n55\\\/#breadcrumb\",\"itemListElement\":[{\"@type\":\"ListItem\",\"position\":1,\"name\":\"Accueil\",\"item\":\"https:\\\/\\\/www.huruguen.fr\\\/site\\\/\"},{\"@type\":\"ListItem\",\"position\":2,\"name\":\"MERIGNAC Magazine n\u00b055\"}]},{\"@type\":\"WebSite\",\"@id\":\"https:\\\/\\\/www.huruguen.fr\\\/site\\\/#website\",\"url\":\"https:\\\/\\\/www.huruguen.fr\\\/site\\\/\",\"name\":\"Photographe Professionnel \u00e0 Bordeaux Sebastien Huruguen\",\"description\":\"Photographe professionnel ind\u00e9pendant a Bordeaux. Prestations et services photograpphiques pour les professionnels et particuliers : reportages, s\u00e9ances photos, studio, packshot.\",\"publisher\":{\"@id\":\"https:\\\/\\\/www.huruguen.fr\\\/site\\\/#organization\"},\"potentialAction\":[{\"@type\":\"SearchAction\",\"target\":{\"@type\":\"EntryPoint\",\"urlTemplate\":\"https:\\\/\\\/www.huruguen.fr\\\/site\\\/?s={search_term_string}\"},\"query-input\":{\"@type\":\"PropertyValueSpecification\",\"valueRequired\":true,\"valueName\":\"search_term_string\"}}],\"inLanguage\":\"fr-FR\"},{\"@type\":\"Organization\",\"@id\":\"https:\\\/\\\/www.huruguen.fr\\\/site\\\/#organization\",\"name\":\"S\u00e9bastien Huruguen Photographe\",\"url\":\"https:\\\/\\\/www.huruguen.fr\\\/site\\\/\",\"logo\":{\"@type\":\"ImageObject\",\"inLanguage\":\"fr-FR\",\"@id\":\"https:\\\/\\\/www.huruguen.fr\\\/site\\\/#\\\/schema\\\/logo\\\/image\\\/\",\"url\":\"https:\\\/\\\/www.huruguen.fr\\\/site\\\/wp-content\\\/uploads\\\/2018\\\/03\\\/Logo-Huruguen-triptique-2018-noir-1500.jpg\",\"contentUrl\":\"https:\\\/\\\/www.huruguen.fr\\\/site\\\/wp-content\\\/uploads\\\/2018\\\/03\\\/Logo-Huruguen-triptique-2018-noir-1500.jpg\",\"width\":1500,\"height\":1500,\"caption\":\"S\u00e9bastien Huruguen Photographe\"},\"image\":{\"@id\":\"https:\\\/\\\/www.huruguen.fr\\\/site\\\/#\\\/schema\\\/logo\\\/image\\\/\"},\"sameAs\":[\"https:\\\/\\\/www.facebook.com\\\/huruguen\",\"https:\\\/\\\/x.com\\\/www_huruguen_fr\",\"https:\\\/\\\/www.instagram.com\\\/sebastien.huruguen\\\/\"]},{\"@type\":\"Person\",\"@id\":\"https:\\\/\\\/www.huruguen.fr\\\/site\\\/#\\\/schema\\\/person\\\/bdce6395a337c00db735bf5fa1268715\",\"name\":\"Sebastien Huruguen\",\"description\":\"S\u00e9bastien Huruguen est photographe professionnel \u00e0 Bordeaux.\",\"sameAs\":[\"https:\\\/\\\/www.huruguen.fr\",\"https:\\\/\\\/www.facebook.com\\\/huruguen\\\/\",\"https:\\\/\\\/www.instagram.com\\\/sebastien.huruguen\\\/\",\"https:\\\/\\\/www.linkedin.com\\\/in\\\/sbastien-huruguen-95452342\\\/\",\"https:\\\/\\\/www.pinterest.fr\\\/shuruguen\\\/\",\"https:\\\/\\\/x.com\\\/www_huruguen_fr\",\"https:\\\/\\\/www.youtube.com\\\/channel\\\/UChEt96Suus_jyoBce80fNOA?nohtml5=False\"]}]}<\/script>\n<!-- \/ Yoast SEO plugin. -->","yoast_head_json":{"title":"MERIGNAC Magazine n\u00b055 - Photographe Professionnel \u00e0 Bordeaux &#x1f4f7; Sebastien Huruguen","description":"Magazine de la ville de M\u00e9rignac n\u00b055. S\u00e9bastien Huruguen photographe professionnel \u00e0 Bordeaux a r\u00e9alis\u00e9 plusieurs reportages pour le magazine de la ville de M\u00e9rignac, un magazine mensuel gratuit distribu\u00e9 dans l'ensemble des boites aux lettres des habitants de la commune de Gironde.","robots":{"index":"index","follow":"follow","max-snippet":"max-snippet:-1","max-image-preview":"max-image-preview:large","max-video-preview":"max-video-preview:-1"},"canonical":"https:\/\/www.huruguen.fr\/site\/merignac-magazine-n55\/","og_locale":"fr_FR","og_type":"article","og_title":"MERIGNAC Magazine n\u00b055 - Photographe Professionnel \u00e0 Bordeaux &#x1f4f7; Sebastien Huruguen","og_description":"Magazine de la ville de M\u00e9rignac n\u00b055. S\u00e9bastien Huruguen photographe professionnel \u00e0 Bordeaux a r\u00e9alis\u00e9 plusieurs reportages pour le magazine de la ville de M\u00e9rignac, un magazine mensuel gratuit distribu\u00e9 dans l'ensemble des boites aux lettres des habitants de la commune de Gironde.","og_url":"https:\/\/www.huruguen.fr\/site\/merignac-magazine-n55\/","og_site_name":"Photographe Professionnel \u00e0 Bordeaux &#x1f4f7; Sebastien Huruguen","article_publisher":"https:\/\/www.facebook.com\/huruguen","article_author":"https:\/\/www.facebook.com\/huruguen\/","article_published_time":"2014-02-18T14:39:21+00:00","article_modified_time":"2018-05-17T12:57:56+00:00","og_image":[{"width":1200,"height":800,"url":"https:\/\/www.huruguen.fr\/site\/wp-content\/uploads\/2014\/02\/la-vieille-eglise-musee-merignac-gironde-enfants-classe-sebastien-huruguen.jpg","type":"image\/jpeg"}],"author":"Sebastien Huruguen","twitter_card":"summary_large_image","twitter_creator":"@www_huruguen_fr","twitter_site":"@www_huruguen_fr","twitter_misc":{"\u00c9crit par":"Sebastien Huruguen"},"schema":{"@context":"https:\/\/schema.org","@graph":[{"@type":"Article","@id":"https:\/\/www.huruguen.fr\/site\/merignac-magazine-n55\/#article","isPartOf":{"@id":"https:\/\/www.huruguen.fr\/site\/merignac-magazine-n55\/"},"author":{"name":"Sebastien Huruguen","@id":"https:\/\/www.huruguen.fr\/site\/#\/schema\/person\/bdce6395a337c00db735bf5fa1268715"},"headline":"MERIGNAC Magazine n\u00b055","datePublished":"2014-02-18T14:39:21+00:00","dateModified":"2018-05-17T12:57:56+00:00","mainEntityOfPage":{"@id":"https:\/\/www.huruguen.fr\/site\/merignac-magazine-n55\/"},"wordCount":98,"publisher":{"@id":"https:\/\/www.huruguen.fr\/site\/#organization"},"image":{"@id":"https:\/\/www.huruguen.fr\/site\/merignac-magazine-n55\/#primaryimage"},"thumbnailUrl":"https:\/\/www.huruguen.fr\/site\/wp-content\/uploads\/2014\/02\/la-vieille-eglise-musee-merignac-gironde-enfants-classe-sebastien-huruguen.jpg","keywords":["55","bordeaux","chant","conservatoire","dance","design","designer","f\u00e9vrier","France","gironde","huruguen","Mag","Magazine","Merignac","musique","numero","num\u00e9ro 55","N\u00b055","orchestre","poujardieu","ville","vincent","violon"],"articleSection":["Actualit\u00e9s"],"inLanguage":"fr-FR"},{"@type":"WebPage","@id":"https:\/\/www.huruguen.fr\/site\/merignac-magazine-n55\/","url":"https:\/\/www.huruguen.fr\/site\/merignac-magazine-n55\/","name":"MERIGNAC Magazine n\u00b055 - Photographe Professionnel \u00e0 Bordeaux &#x1f4f7; Sebastien Huruguen","isPartOf":{"@id":"https:\/\/www.huruguen.fr\/site\/#website"},"primaryImageOfPage":{"@id":"https:\/\/www.huruguen.fr\/site\/merignac-magazine-n55\/#primaryimage"},"image":{"@id":"https:\/\/www.huruguen.fr\/site\/merignac-magazine-n55\/#primaryimage"},"thumbnailUrl":"https:\/\/www.huruguen.fr\/site\/wp-content\/uploads\/2014\/02\/la-vieille-eglise-musee-merignac-gironde-enfants-classe-sebastien-huruguen.jpg","datePublished":"2014-02-18T14:39:21+00:00","dateModified":"2018-05-17T12:57:56+00:00","description":"Magazine de la ville de M\u00e9rignac n\u00b055. S\u00e9bastien Huruguen photographe professionnel \u00e0 Bordeaux a r\u00e9alis\u00e9 plusieurs reportages pour le magazine de la ville de M\u00e9rignac, un magazine mensuel gratuit distribu\u00e9 dans l'ensemble des boites aux lettres des habitants de la commune de Gironde.","breadcrumb":{"@id":"https:\/\/www.huruguen.fr\/site\/merignac-magazine-n55\/#breadcrumb"},"inLanguage":"fr-FR","potentialAction":[{"@type":"ReadAction","target":["https:\/\/www.huruguen.fr\/site\/merignac-magazine-n55\/"]}]},{"@type":"ImageObject","inLanguage":"fr-FR","@id":"https:\/\/www.huruguen.fr\/site\/merignac-magazine-n55\/#primaryimage","url":"https:\/\/www.huruguen.fr\/site\/wp-content\/uploads\/2014\/02\/la-vieille-eglise-musee-merignac-gironde-enfants-classe-sebastien-huruguen.jpg","contentUrl":"https:\/\/www.huruguen.fr\/site\/wp-content\/uploads\/2014\/02\/la-vieille-eglise-musee-merignac-gironde-enfants-classe-sebastien-huruguen.jpg","width":1200,"height":800,"caption":"la vieille eglise musee merignac gironde enfants classe sebastien huruguen"},{"@type":"BreadcrumbList","@id":"https:\/\/www.huruguen.fr\/site\/merignac-magazine-n55\/#breadcrumb","itemListElement":[{"@type":"ListItem","position":1,"name":"Accueil","item":"https:\/\/www.huruguen.fr\/site\/"},{"@type":"ListItem","position":2,"name":"MERIGNAC Magazine n\u00b055"}]},{"@type":"WebSite","@id":"https:\/\/www.huruguen.fr\/site\/#website","url":"https:\/\/www.huruguen.fr\/site\/","name":"Photographe Professionnel \u00e0 Bordeaux Sebastien Huruguen","description":"Photographe professionnel ind\u00e9pendant a Bordeaux. Prestations et services photograpphiques pour les professionnels et particuliers : reportages, s\u00e9ances photos, studio, packshot.","publisher":{"@id":"https:\/\/www.huruguen.fr\/site\/#organization"},"potentialAction":[{"@type":"SearchAction","target":{"@type":"EntryPoint","urlTemplate":"https:\/\/www.huruguen.fr\/site\/?s={search_term_string}"},"query-input":{"@type":"PropertyValueSpecification","valueRequired":true,"valueName":"search_term_string"}}],"inLanguage":"fr-FR"},{"@type":"Organization","@id":"https:\/\/www.huruguen.fr\/site\/#organization","name":"S\u00e9bastien Huruguen Photographe","url":"https:\/\/www.huruguen.fr\/site\/","logo":{"@type":"ImageObject","inLanguage":"fr-FR","@id":"https:\/\/www.huruguen.fr\/site\/#\/schema\/logo\/image\/","url":"https:\/\/www.huruguen.fr\/site\/wp-content\/uploads\/2018\/03\/Logo-Huruguen-triptique-2018-noir-1500.jpg","contentUrl":"https:\/\/www.huruguen.fr\/site\/wp-content\/uploads\/2018\/03\/Logo-Huruguen-triptique-2018-noir-1500.jpg","width":1500,"height":1500,"caption":"S\u00e9bastien Huruguen Photographe"},"image":{"@id":"https:\/\/www.huruguen.fr\/site\/#\/schema\/logo\/image\/"},"sameAs":["https:\/\/www.facebook.com\/huruguen","https:\/\/x.com\/www_huruguen_fr","https:\/\/www.instagram.com\/sebastien.huruguen\/"]},{"@type":"Person","@id":"https:\/\/www.huruguen.fr\/site\/#\/schema\/person\/bdce6395a337c00db735bf5fa1268715","name":"Sebastien Huruguen","description":"S\u00e9bastien Huruguen est photographe professionnel \u00e0 Bordeaux.","sameAs":["https:\/\/www.huruguen.fr","https:\/\/www.facebook.com\/huruguen\/","https:\/\/www.instagram.com\/sebastien.huruguen\/","https:\/\/www.linkedin.com\/in\/sbastien-huruguen-95452342\/","https:\/\/www.pinterest.fr\/shuruguen\/","https:\/\/x.com\/www_huruguen_fr","https:\/\/www.youtube.com\/channel\/UChEt96Suus_jyoBce80fNOA?nohtml5=False"]}]}},"_links":{"self":[{"href":"https:\/\/www.huruguen.fr\/site\/wp-json\/wp\/v2\/posts\/1686","targetHints":{"allow":["GET"]}}],"collection":[{"href":"https:\/\/www.huruguen.fr\/site\/wp-json\/wp\/v2\/posts"}],"about":[{"href":"https:\/\/www.huruguen.fr\/site\/wp-json\/wp\/v2\/types\/post"}],"author":[{"embeddable":true,"href":"https:\/\/www.huruguen.fr\/site\/wp-json\/wp\/v2\/users\/1"}],"replies":[{"embeddable":true,"href":"https:\/\/www.huruguen.fr\/site\/wp-json\/wp\/v2\/comments?post=1686"}],"version-history":[{"count":14,"href":"https:\/\/www.huruguen.fr\/site\/wp-json\/wp\/v2\/posts\/1686\/revisions"}],"predecessor-version":[{"id":58857,"href":"https:\/\/www.huruguen.fr\/site\/wp-json\/wp\/v2\/posts\/1686\/revisions\/58857"}],"wp:featuredmedia":[{"embeddable":true,"href":"https:\/\/www.huruguen.fr\/site\/wp-json\/wp\/v2\/media\/1691"}],"wp:attachment":[{"href":"https:\/\/www.huruguen.fr\/site\/wp-json\/wp\/v2\/media?parent=1686"}],"wp:term":[{"taxonomy":"category","embeddable":true,"href":"https:\/\/www.huruguen.fr\/site\/wp-json\/wp\/v2\/categories?post=1686"},{"taxonomy":"post_tag","embeddable":true,"href":"https:\/\/www.huruguen.fr\/site\/wp-json\/wp\/v2\/tags?post=1686"}],"curies":[{"name":"wp","href":"https:\/\/api.w.org\/{rel}","templated":true}]}}