{"id":1577,"date":"2013-11-04T15:51:12","date_gmt":"2013-11-04T13:51:12","guid":{"rendered":"http:\/\/www.huruguen.fr\/?p=1577"},"modified":"2020-04-14T14:18:14","modified_gmt":"2020-04-14T13:18:14","slug":"merignac-magazine-n52","status":"publish","type":"post","link":"https:\/\/www.huruguen.fr\/site\/merignac-magazine-n52\/","title":{"rendered":"MERIGNAC Magazine n\u00b052"},"content":{"rendered":"<p><a href=\"https:\/\/www.huruguen.fr\/site\/wp-content\/uploads\/2013\/11\/merignac-magazine-numero-52-sebastien-huruguen-1.jpg\"><img loading=\"lazy\" decoding=\"async\" class=\"alignnone size-full wp-image-58935\" src=\"https:\/\/www.huruguen.fr\/site\/wp-content\/uploads\/2013\/11\/merignac-magazine-numero-52-sebastien-huruguen-1.jpg\" alt=\"\" width=\"1200\" height=\"800\" data-id=\"58935\" srcset=\"https:\/\/www.huruguen.fr\/site\/wp-content\/uploads\/2013\/11\/merignac-magazine-numero-52-sebastien-huruguen-1.jpg 1200w, https:\/\/www.huruguen.fr\/site\/wp-content\/uploads\/2013\/11\/merignac-magazine-numero-52-sebastien-huruguen-1-300x200.jpg 300w, https:\/\/www.huruguen.fr\/site\/wp-content\/uploads\/2013\/11\/merignac-magazine-numero-52-sebastien-huruguen-1-768x512.jpg 768w, https:\/\/www.huruguen.fr\/site\/wp-content\/uploads\/2013\/11\/merignac-magazine-numero-52-sebastien-huruguen-1-1024x683.jpg 1024w\" sizes=\"auto, (max-width: 1200px) 100vw, 1200px\" \/><\/a><\/p>\n<p>Voici quelqu&rsquo;uns de mes derniers reportages pour le magazine de la ville de M\u00e9rignac n\u00b052 qui vient tout juste de sortir.<\/p>\n<p>Vous le retrouvez en version papier et num\u00e9rique sur le\u00a0<strong>site internet de la ville<\/strong>, avec des reportages photos sur les futurs nouvelles stations de l&rsquo;extension de la ligne A du Tramway, sur le cimeti\u00e8re communal, les 20 ans de la <a href=\"https:\/\/krakatoa.org\/\" target=\"_blank\" rel=\"noopener noreferrer\">p\u00e9pini\u00e8re du Krakatoa<\/a> et l&rsquo;\u00e9diteur Patrick Olaya des <a href=\"http:\/\/editeur.manuscrit.free.fr\/se_faire_editer\/index.php\" target=\"_blank\" rel=\"noopener noreferrer\">\u00e9ditions vents sal\u00e9s<\/a>.<\/p>\n<p>Bonne lecture !<\/p>\n<div id=\"kad-wp-gallery68\" class=\"kad-wp-gallery kad-light-wp-gallery clearfix kt-gallery-column-3 rowtight\"><div class=\"tcol-lg-4 tcol-md-4 tcol-sm-4 tcol-xs-6 tcol-ss-12 g_item\"><div class=\"grid_item kad_gallery_fade_in gallery_item\"><a href=\"https:\/\/www.huruguen.fr\/site\/wp-content\/uploads\/2013\/11\/merignac-magazine-numero-52-sebastien-huruguen-1.jpg\" data-rel=\"lightbox\" class=\"lightboxhover\"><img loading=\"lazy\" decoding=\"async\" src=\"https:\/\/www.huruguen.fr\/site\/wp-content\/uploads\/2013\/11\/merignac-magazine-numero-52-sebastien-huruguen-1-400x400.jpg\" width=\"400\" height=\"400\" alt=\"merignac-magazine-numero-52-sebastien-huruguen (1)\" srcset=\"https:\/\/www.huruguen.fr\/site\/wp-content\/uploads\/2013\/11\/merignac-magazine-numero-52-sebastien-huruguen-1-400x400.jpg 400w, https:\/\/www.huruguen.fr\/site\/wp-content\/uploads\/2013\/11\/merignac-magazine-numero-52-sebastien-huruguen-1-150x150.jpg 150w, https:\/\/www.huruguen.fr\/site\/wp-content\/uploads\/2013\/11\/merignac-magazine-numero-52-sebastien-huruguen-1-60x60.jpg 60w, https:\/\/www.huruguen.fr\/site\/wp-content\/uploads\/2013\/11\/merignac-magazine-numero-52-sebastien-huruguen-1-800x800.jpg 800w\" sizes=\"auto, (max-width: 400px) 100vw, 400px\" class=\"light-dropshaddow\"\/><\/a><\/div><\/div><div class=\"tcol-lg-4 tcol-md-4 tcol-sm-4 tcol-xs-6 tcol-ss-12 g_item\"><div class=\"grid_item kad_gallery_fade_in gallery_item\"><a href=\"https:\/\/www.huruguen.fr\/site\/wp-content\/uploads\/2013\/11\/merignac-magazine-numero-52-sebastien-huruguen-2.jpg\" data-rel=\"lightbox\" class=\"lightboxhover\"><img loading=\"lazy\" decoding=\"async\" src=\"https:\/\/www.huruguen.fr\/site\/wp-content\/uploads\/2013\/11\/merignac-magazine-numero-52-sebastien-huruguen-2-400x400.jpg\" width=\"400\" height=\"400\" alt=\"merignac-magazine-numero-52-sebastien-huruguen (2)\" srcset=\"https:\/\/www.huruguen.fr\/site\/wp-content\/uploads\/2013\/11\/merignac-magazine-numero-52-sebastien-huruguen-2-400x400.jpg 400w, https:\/\/www.huruguen.fr\/site\/wp-content\/uploads\/2013\/11\/merignac-magazine-numero-52-sebastien-huruguen-2-150x150.jpg 150w, https:\/\/www.huruguen.fr\/site\/wp-content\/uploads\/2013\/11\/merignac-magazine-numero-52-sebastien-huruguen-2-60x60.jpg 60w, https:\/\/www.huruguen.fr\/site\/wp-content\/uploads\/2013\/11\/merignac-magazine-numero-52-sebastien-huruguen-2-800x800.jpg 800w\" sizes=\"auto, (max-width: 400px) 100vw, 400px\" class=\"light-dropshaddow\"\/><\/a><\/div><\/div><div class=\"tcol-lg-4 tcol-md-4 tcol-sm-4 tcol-xs-6 tcol-ss-12 g_item\"><div class=\"grid_item kad_gallery_fade_in gallery_item\"><a href=\"https:\/\/www.huruguen.fr\/site\/wp-content\/uploads\/2013\/11\/merignac-magazine-numero-52-sebastien-huruguen-3.jpg\" data-rel=\"lightbox\" class=\"lightboxhover\"><img loading=\"lazy\" decoding=\"async\" src=\"https:\/\/www.huruguen.fr\/site\/wp-content\/uploads\/2013\/11\/merignac-magazine-numero-52-sebastien-huruguen-3-400x400.jpg\" width=\"400\" height=\"400\" alt=\"merignac-magazine-numero-52-sebastien-huruguen (3)\" srcset=\"https:\/\/www.huruguen.fr\/site\/wp-content\/uploads\/2013\/11\/merignac-magazine-numero-52-sebastien-huruguen-3-400x400.jpg 400w, https:\/\/www.huruguen.fr\/site\/wp-content\/uploads\/2013\/11\/merignac-magazine-numero-52-sebastien-huruguen-3-150x150.jpg 150w, https:\/\/www.huruguen.fr\/site\/wp-content\/uploads\/2013\/11\/merignac-magazine-numero-52-sebastien-huruguen-3-60x60.jpg 60w, https:\/\/www.huruguen.fr\/site\/wp-content\/uploads\/2013\/11\/merignac-magazine-numero-52-sebastien-huruguen-3-800x800.jpg 800w\" sizes=\"auto, (max-width: 400px) 100vw, 400px\" class=\"light-dropshaddow\"\/><\/a><\/div><\/div><div class=\"tcol-lg-4 tcol-md-4 tcol-sm-4 tcol-xs-6 tcol-ss-12 g_item\"><div class=\"grid_item kad_gallery_fade_in gallery_item\"><a href=\"https:\/\/www.huruguen.fr\/site\/wp-content\/uploads\/2013\/11\/merignac-magazine-numero-52-sebastien-huruguen-4.jpg\" data-rel=\"lightbox\" class=\"lightboxhover\"><img loading=\"lazy\" decoding=\"async\" src=\"https:\/\/www.huruguen.fr\/site\/wp-content\/uploads\/2013\/11\/merignac-magazine-numero-52-sebastien-huruguen-4-400x400.jpg\" width=\"400\" height=\"400\" alt=\"merignac-magazine-numero-52-sebastien-huruguen (4)\" srcset=\"https:\/\/www.huruguen.fr\/site\/wp-content\/uploads\/2013\/11\/merignac-magazine-numero-52-sebastien-huruguen-4-400x400.jpg 400w, https:\/\/www.huruguen.fr\/site\/wp-content\/uploads\/2013\/11\/merignac-magazine-numero-52-sebastien-huruguen-4-150x150.jpg 150w, https:\/\/www.huruguen.fr\/site\/wp-content\/uploads\/2013\/11\/merignac-magazine-numero-52-sebastien-huruguen-4-60x60.jpg 60w, https:\/\/www.huruguen.fr\/site\/wp-content\/uploads\/2013\/11\/merignac-magazine-numero-52-sebastien-huruguen-4-800x800.jpg 800w\" sizes=\"auto, (max-width: 400px) 100vw, 400px\" class=\"light-dropshaddow\"\/><\/a><\/div><\/div><div class=\"tcol-lg-4 tcol-md-4 tcol-sm-4 tcol-xs-6 tcol-ss-12 g_item\"><div class=\"grid_item kad_gallery_fade_in gallery_item\"><a href=\"https:\/\/www.huruguen.fr\/site\/wp-content\/uploads\/2013\/11\/merignac-magazine-numero-52-sebastien-huruguen-5.jpg\" data-rel=\"lightbox\" class=\"lightboxhover\"><img loading=\"lazy\" decoding=\"async\" src=\"https:\/\/www.huruguen.fr\/site\/wp-content\/uploads\/2013\/11\/merignac-magazine-numero-52-sebastien-huruguen-5-400x400.jpg\" width=\"400\" height=\"400\" alt=\"merignac-magazine-numero-52-sebastien-huruguen (5)\" srcset=\"https:\/\/www.huruguen.fr\/site\/wp-content\/uploads\/2013\/11\/merignac-magazine-numero-52-sebastien-huruguen-5-400x400.jpg 400w, https:\/\/www.huruguen.fr\/site\/wp-content\/uploads\/2013\/11\/merignac-magazine-numero-52-sebastien-huruguen-5-150x150.jpg 150w, https:\/\/www.huruguen.fr\/site\/wp-content\/uploads\/2013\/11\/merignac-magazine-numero-52-sebastien-huruguen-5-60x60.jpg 60w, https:\/\/www.huruguen.fr\/site\/wp-content\/uploads\/2013\/11\/merignac-magazine-numero-52-sebastien-huruguen-5-800x800.jpg 800w\" sizes=\"auto, (max-width: 400px) 100vw, 400px\" class=\"light-dropshaddow\"\/><\/a><\/div><\/div><div class=\"tcol-lg-4 tcol-md-4 tcol-sm-4 tcol-xs-6 tcol-ss-12 g_item\"><div class=\"grid_item kad_gallery_fade_in gallery_item\"><a href=\"https:\/\/www.huruguen.fr\/site\/wp-content\/uploads\/2013\/11\/merignac-magazine-numero-52-sebastien-huruguen-6.jpg\" data-rel=\"lightbox\" class=\"lightboxhover\"><img loading=\"lazy\" decoding=\"async\" src=\"https:\/\/www.huruguen.fr\/site\/wp-content\/uploads\/2013\/11\/merignac-magazine-numero-52-sebastien-huruguen-6-400x400.jpg\" width=\"400\" height=\"400\" alt=\"merignac-magazine-numero-52-sebastien-huruguen (6)\" srcset=\"https:\/\/www.huruguen.fr\/site\/wp-content\/uploads\/2013\/11\/merignac-magazine-numero-52-sebastien-huruguen-6-400x400.jpg 400w, https:\/\/www.huruguen.fr\/site\/wp-content\/uploads\/2013\/11\/merignac-magazine-numero-52-sebastien-huruguen-6-150x150.jpg 150w, https:\/\/www.huruguen.fr\/site\/wp-content\/uploads\/2013\/11\/merignac-magazine-numero-52-sebastien-huruguen-6-60x60.jpg 60w, https:\/\/www.huruguen.fr\/site\/wp-content\/uploads\/2013\/11\/merignac-magazine-numero-52-sebastien-huruguen-6-800x800.jpg 800w\" sizes=\"auto, (max-width: 400px) 100vw, 400px\" class=\"light-dropshaddow\"\/><\/a><\/div><\/div><div class=\"tcol-lg-4 tcol-md-4 tcol-sm-4 tcol-xs-6 tcol-ss-12 g_item\"><div class=\"grid_item kad_gallery_fade_in gallery_item\"><a href=\"https:\/\/www.huruguen.fr\/site\/wp-content\/uploads\/2013\/11\/merignac-magazine-numero-52-sebastien-huruguen-7.jpg\" data-rel=\"lightbox\" class=\"lightboxhover\"><img loading=\"lazy\" decoding=\"async\" src=\"https:\/\/www.huruguen.fr\/site\/wp-content\/uploads\/2013\/11\/merignac-magazine-numero-52-sebastien-huruguen-7-400x400.jpg\" width=\"400\" height=\"400\" alt=\"merignac-magazine-numero-52-sebastien-huruguen (7)\" srcset=\"https:\/\/www.huruguen.fr\/site\/wp-content\/uploads\/2013\/11\/merignac-magazine-numero-52-sebastien-huruguen-7-400x400.jpg 400w, https:\/\/www.huruguen.fr\/site\/wp-content\/uploads\/2013\/11\/merignac-magazine-numero-52-sebastien-huruguen-7-150x150.jpg 150w, https:\/\/www.huruguen.fr\/site\/wp-content\/uploads\/2013\/11\/merignac-magazine-numero-52-sebastien-huruguen-7-60x60.jpg 60w, https:\/\/www.huruguen.fr\/site\/wp-content\/uploads\/2013\/11\/merignac-magazine-numero-52-sebastien-huruguen-7-800x800.jpg 800w\" sizes=\"auto, (max-width: 400px) 100vw, 400px\" class=\"light-dropshaddow\"\/><\/a><\/div><\/div><div class=\"tcol-lg-4 tcol-md-4 tcol-sm-4 tcol-xs-6 tcol-ss-12 g_item\"><div class=\"grid_item kad_gallery_fade_in gallery_item\"><a href=\"https:\/\/www.huruguen.fr\/site\/wp-content\/uploads\/2013\/11\/merignac-magazine-numero-52-sebastien-huruguen-8.jpg\" data-rel=\"lightbox\" class=\"lightboxhover\"><img loading=\"lazy\" decoding=\"async\" src=\"https:\/\/www.huruguen.fr\/site\/wp-content\/uploads\/2013\/11\/merignac-magazine-numero-52-sebastien-huruguen-8-400x400.jpg\" width=\"400\" height=\"400\" alt=\"merignac-magazine-numero-52-sebastien-huruguen (8)\" srcset=\"https:\/\/www.huruguen.fr\/site\/wp-content\/uploads\/2013\/11\/merignac-magazine-numero-52-sebastien-huruguen-8-400x400.jpg 400w, https:\/\/www.huruguen.fr\/site\/wp-content\/uploads\/2013\/11\/merignac-magazine-numero-52-sebastien-huruguen-8-150x150.jpg 150w, https:\/\/www.huruguen.fr\/site\/wp-content\/uploads\/2013\/11\/merignac-magazine-numero-52-sebastien-huruguen-8-60x60.jpg 60w, https:\/\/www.huruguen.fr\/site\/wp-content\/uploads\/2013\/11\/merignac-magazine-numero-52-sebastien-huruguen-8-800x800.jpg 800w\" sizes=\"auto, (max-width: 400px) 100vw, 400px\" class=\"light-dropshaddow\"\/><\/a><\/div><\/div><div class=\"tcol-lg-4 tcol-md-4 tcol-sm-4 tcol-xs-6 tcol-ss-12 g_item\"><div class=\"grid_item kad_gallery_fade_in gallery_item\"><a href=\"https:\/\/www.huruguen.fr\/site\/wp-content\/uploads\/2013\/11\/merignac-magazine-numero-52-sebastien-huruguen-9.jpg\" data-rel=\"lightbox\" class=\"lightboxhover\"><img loading=\"lazy\" decoding=\"async\" src=\"https:\/\/www.huruguen.fr\/site\/wp-content\/uploads\/2013\/11\/merignac-magazine-numero-52-sebastien-huruguen-9-400x400.jpg\" width=\"400\" height=\"400\" alt=\"merignac-magazine-numero-52-sebastien-huruguen (9)\" srcset=\"https:\/\/www.huruguen.fr\/site\/wp-content\/uploads\/2013\/11\/merignac-magazine-numero-52-sebastien-huruguen-9-400x400.jpg 400w, https:\/\/www.huruguen.fr\/site\/wp-content\/uploads\/2013\/11\/merignac-magazine-numero-52-sebastien-huruguen-9-150x150.jpg 150w, https:\/\/www.huruguen.fr\/site\/wp-content\/uploads\/2013\/11\/merignac-magazine-numero-52-sebastien-huruguen-9-60x60.jpg 60w, https:\/\/www.huruguen.fr\/site\/wp-content\/uploads\/2013\/11\/merignac-magazine-numero-52-sebastien-huruguen-9-800x800.jpg 800w\" sizes=\"auto, (max-width: 400px) 100vw, 400px\" class=\"light-dropshaddow\"\/><\/a><\/div><\/div><div class=\"tcol-lg-4 tcol-md-4 tcol-sm-4 tcol-xs-6 tcol-ss-12 g_item\"><div class=\"grid_item kad_gallery_fade_in gallery_item\"><a href=\"https:\/\/www.huruguen.fr\/site\/wp-content\/uploads\/2013\/11\/merignac-magazine-numero-52-sebastien-huruguen-10.jpg\" data-rel=\"lightbox\" class=\"lightboxhover\"><img loading=\"lazy\" decoding=\"async\" src=\"https:\/\/www.huruguen.fr\/site\/wp-content\/uploads\/2013\/11\/merignac-magazine-numero-52-sebastien-huruguen-10-400x400.jpg\" width=\"400\" height=\"400\" alt=\"merignac-magazine-numero-52-sebastien-huruguen (10)\" srcset=\"https:\/\/www.huruguen.fr\/site\/wp-content\/uploads\/2013\/11\/merignac-magazine-numero-52-sebastien-huruguen-10-400x400.jpg 400w, https:\/\/www.huruguen.fr\/site\/wp-content\/uploads\/2013\/11\/merignac-magazine-numero-52-sebastien-huruguen-10-150x150.jpg 150w, https:\/\/www.huruguen.fr\/site\/wp-content\/uploads\/2013\/11\/merignac-magazine-numero-52-sebastien-huruguen-10-60x60.jpg 60w, https:\/\/www.huruguen.fr\/site\/wp-content\/uploads\/2013\/11\/merignac-magazine-numero-52-sebastien-huruguen-10-800x800.jpg 800w\" sizes=\"auto, (max-width: 400px) 100vw, 400px\" class=\"light-dropshaddow\"\/><\/a><\/div><\/div><div class=\"tcol-lg-4 tcol-md-4 tcol-sm-4 tcol-xs-6 tcol-ss-12 g_item\"><div class=\"grid_item kad_gallery_fade_in gallery_item\"><a href=\"https:\/\/www.huruguen.fr\/site\/wp-content\/uploads\/2013\/11\/merignac-magazine-numero-52-sebastien-huruguen-11.jpg\" data-rel=\"lightbox\" class=\"lightboxhover\"><img loading=\"lazy\" decoding=\"async\" src=\"https:\/\/www.huruguen.fr\/site\/wp-content\/uploads\/2013\/11\/merignac-magazine-numero-52-sebastien-huruguen-11-400x400.jpg\" width=\"400\" height=\"400\" alt=\"merignac, tramway, travaux, ligne, chantier, m\u00e9rignac, gironde, tram\" srcset=\"https:\/\/www.huruguen.fr\/site\/wp-content\/uploads\/2013\/11\/merignac-magazine-numero-52-sebastien-huruguen-11-400x400.jpg 400w, https:\/\/www.huruguen.fr\/site\/wp-content\/uploads\/2013\/11\/merignac-magazine-numero-52-sebastien-huruguen-11-150x150.jpg 150w, https:\/\/www.huruguen.fr\/site\/wp-content\/uploads\/2013\/11\/merignac-magazine-numero-52-sebastien-huruguen-11-60x60.jpg 60w, https:\/\/www.huruguen.fr\/site\/wp-content\/uploads\/2013\/11\/merignac-magazine-numero-52-sebastien-huruguen-11-800x800.jpg 800w\" sizes=\"auto, (max-width: 400px) 100vw, 400px\" class=\"light-dropshaddow\"\/><\/a><\/div><\/div><div class=\"tcol-lg-4 tcol-md-4 tcol-sm-4 tcol-xs-6 tcol-ss-12 g_item\"><div class=\"grid_item kad_gallery_fade_in gallery_item\"><a href=\"https:\/\/www.huruguen.fr\/site\/wp-content\/uploads\/2013\/11\/merignac-magazine-numero-52-sebastien-huruguen-12.jpg\" data-rel=\"lightbox\" class=\"lightboxhover\"><img loading=\"lazy\" decoding=\"async\" src=\"https:\/\/www.huruguen.fr\/site\/wp-content\/uploads\/2013\/11\/merignac-magazine-numero-52-sebastien-huruguen-12-400x400.jpg\" width=\"400\" height=\"400\" alt=\"merignac-magazine-numero-52-sebastien-huruguen (12)\" srcset=\"https:\/\/www.huruguen.fr\/site\/wp-content\/uploads\/2013\/11\/merignac-magazine-numero-52-sebastien-huruguen-12-400x400.jpg 400w, https:\/\/www.huruguen.fr\/site\/wp-content\/uploads\/2013\/11\/merignac-magazine-numero-52-sebastien-huruguen-12-150x150.jpg 150w, https:\/\/www.huruguen.fr\/site\/wp-content\/uploads\/2013\/11\/merignac-magazine-numero-52-sebastien-huruguen-12-60x60.jpg 60w, https:\/\/www.huruguen.fr\/site\/wp-content\/uploads\/2013\/11\/merignac-magazine-numero-52-sebastien-huruguen-12-800x800.jpg 800w\" sizes=\"auto, (max-width: 400px) 100vw, 400px\" class=\"light-dropshaddow\"\/><\/a><\/div><\/div><div class=\"tcol-lg-4 tcol-md-4 tcol-sm-4 tcol-xs-6 tcol-ss-12 g_item\"><div class=\"grid_item kad_gallery_fade_in gallery_item\"><a href=\"https:\/\/www.huruguen.fr\/site\/wp-content\/uploads\/2016\/03\/mlm-52.png\" data-rel=\"lightbox\" class=\"lightboxhover\"><img loading=\"lazy\" decoding=\"async\" src=\"https:\/\/www.huruguen.fr\/site\/wp-content\/uploads\/2016\/03\/mlm-52-400x400.png\" width=\"400\" height=\"400\" alt=\"Mlm 52\" srcset=\"https:\/\/www.huruguen.fr\/site\/wp-content\/uploads\/2016\/03\/mlm-52-400x400.png 400w, https:\/\/www.huruguen.fr\/site\/wp-content\/uploads\/2016\/03\/mlm-52-150x150.png 150w, https:\/\/www.huruguen.fr\/site\/wp-content\/uploads\/2016\/03\/mlm-52-60x60.png 60w\" sizes=\"auto, (max-width: 400px) 100vw, 400px\" class=\"light-dropshaddow\"\/><\/a><\/div><\/div><\/div>\n","protected":false},"excerpt":{"rendered":"<p>Voici quelqu&rsquo;uns de mes derniers reportages pour le magazine de la ville de M\u00e9rignac n\u00b052 qui vient tout juste de sortir. Vous le retrouvez en version papier et num\u00e9rique sur le\u00a0site internet de la ville, avec des reportages photos sur &hellip; <a href=\"https:\/\/www.huruguen.fr\/site\/merignac-magazine-n52\/\">Lire la suite<\/a><\/p>\n","protected":false},"author":1,"featured_media":1585,"comment_status":"closed","ping_status":"open","sticky":false,"template":"","format":"standard","meta":{"kt_blocks_editor_width":"","footnotes":""},"categories":[1537],"tags":[2356,2550,2361,1634,1240,2292,923,1633,1636,2360,1637,2498,1635],"class_list":["post-1577","post","type-post","status-publish","format-standard","has-post-thumbnail","hentry","category-reportages","tag-2356","tag-2550","tag-gironde","tag-krakatoa","tag-mag-2","tag-magazine","tag-merignac","tag-mlm-52","tag-patrick-olaya","tag-photos","tag-tramway","tag-travaux","tag-vents-sales"],"yoast_head":"<!-- This site is optimized with the Yoast SEO plugin v27.4 - https:\/\/yoast.com\/product\/yoast-seo-wordpress\/ -->\n<title>MERIGNAC Magazine n\u00b052 - Photographe Professionnel \u00e0 Bordeaux &#x1f4f7; Sebastien Huruguen<\/title>\n<meta name=\"description\" content=\"Magazine de la ville de M\u00e9rignac n\u00b052. S\u00e9bastien Huruguen photographe professionnel \u00e0 Bordeaux a r\u00e9alis\u00e9 plusieurs reportages pour le magazine de la ville de M\u00e9rignac, un magazine mensuel gratuit distribu\u00e9 dans l&#039;ensemble des boites aux lettres des habitants de la commune de Gironde.\" \/>\n<meta name=\"robots\" content=\"index, follow, max-snippet:-1, max-image-preview:large, max-video-preview:-1\" \/>\n<link rel=\"canonical\" href=\"https:\/\/www.huruguen.fr\/site\/merignac-magazine-n52\/\" \/>\n<meta property=\"og:locale\" content=\"fr_FR\" \/>\n<meta property=\"og:type\" content=\"article\" \/>\n<meta property=\"og:title\" content=\"MERIGNAC Magazine n\u00b052 - Photographe Professionnel \u00e0 Bordeaux &#x1f4f7; Sebastien Huruguen\" \/>\n<meta property=\"og:description\" content=\"Magazine de la ville de M\u00e9rignac n\u00b052. S\u00e9bastien Huruguen photographe professionnel \u00e0 Bordeaux a r\u00e9alis\u00e9 plusieurs reportages pour le magazine de la ville de M\u00e9rignac, un magazine mensuel gratuit distribu\u00e9 dans l&#039;ensemble des boites aux lettres des habitants de la commune de Gironde.\" \/>\n<meta property=\"og:url\" content=\"https:\/\/www.huruguen.fr\/site\/merignac-magazine-n52\/\" \/>\n<meta property=\"og:site_name\" content=\"Photographe Professionnel \u00e0 Bordeaux &#x1f4f7; Sebastien Huruguen\" \/>\n<meta property=\"article:publisher\" content=\"https:\/\/www.facebook.com\/huruguen\" \/>\n<meta property=\"article:author\" content=\"https:\/\/www.facebook.com\/huruguen\/\" \/>\n<meta property=\"article:published_time\" content=\"2013-11-04T13:51:12+00:00\" \/>\n<meta property=\"article:modified_time\" content=\"2020-04-14T13:18:14+00:00\" \/>\n<meta property=\"og:image\" content=\"https:\/\/www.huruguen.fr\/site\/wp-content\/uploads\/ngg_featured\/_mg_6709.jpg\" \/>\n\t<meta property=\"og:image:width\" content=\"1200\" \/>\n\t<meta property=\"og:image:height\" content=\"800\" \/>\n\t<meta property=\"og:image:type\" content=\"image\/jpeg\" \/>\n<meta name=\"author\" content=\"Sebastien Huruguen\" \/>\n<meta name=\"twitter:card\" content=\"summary_large_image\" \/>\n<meta name=\"twitter:creator\" content=\"@www_huruguen_fr\" \/>\n<meta name=\"twitter:site\" content=\"@www_huruguen_fr\" \/>\n<meta name=\"twitter:label1\" content=\"\u00c9crit par\" \/>\n\t<meta name=\"twitter:data1\" content=\"Sebastien Huruguen\" \/>\n<script type=\"application\/ld+json\" class=\"yoast-schema-graph\">{\"@context\":\"https:\\\/\\\/schema.org\",\"@graph\":[{\"@type\":\"Article\",\"@id\":\"https:\\\/\\\/www.huruguen.fr\\\/site\\\/merignac-magazine-n52\\\/#article\",\"isPartOf\":{\"@id\":\"https:\\\/\\\/www.huruguen.fr\\\/site\\\/merignac-magazine-n52\\\/\"},\"author\":{\"name\":\"Sebastien Huruguen\",\"@id\":\"https:\\\/\\\/www.huruguen.fr\\\/site\\\/#\\\/schema\\\/person\\\/bdce6395a337c00db735bf5fa1268715\"},\"headline\":\"MERIGNAC Magazine n\u00b052\",\"datePublished\":\"2013-11-04T13:51:12+00:00\",\"dateModified\":\"2020-04-14T13:18:14+00:00\",\"mainEntityOfPage\":{\"@id\":\"https:\\\/\\\/www.huruguen.fr\\\/site\\\/merignac-magazine-n52\\\/\"},\"wordCount\":92,\"publisher\":{\"@id\":\"https:\\\/\\\/www.huruguen.fr\\\/site\\\/#organization\"},\"image\":{\"@id\":\"https:\\\/\\\/www.huruguen.fr\\\/site\\\/merignac-magazine-n52\\\/#primaryimage\"},\"thumbnailUrl\":\"https:\\\/\\\/www.huruguen.fr\\\/site\\\/wp-content\\\/uploads\\\/ngg_featured\\\/_mg_6709.jpg\",\"keywords\":[\"33\",\"33700\",\"gironde\",\"krakatoa\",\"Mag\",\"Magazine\",\"Merignac\",\"MLm 52\",\"patrick olaya\",\"photos\",\"tramway\",\"travaux\",\"vents sales\"],\"articleSection\":[\"Actualit\u00e9s\"],\"inLanguage\":\"fr-FR\"},{\"@type\":\"WebPage\",\"@id\":\"https:\\\/\\\/www.huruguen.fr\\\/site\\\/merignac-magazine-n52\\\/\",\"url\":\"https:\\\/\\\/www.huruguen.fr\\\/site\\\/merignac-magazine-n52\\\/\",\"name\":\"MERIGNAC Magazine n\u00b052 - Photographe Professionnel \u00e0 Bordeaux &#x1f4f7; Sebastien Huruguen\",\"isPartOf\":{\"@id\":\"https:\\\/\\\/www.huruguen.fr\\\/site\\\/#website\"},\"primaryImageOfPage\":{\"@id\":\"https:\\\/\\\/www.huruguen.fr\\\/site\\\/merignac-magazine-n52\\\/#primaryimage\"},\"image\":{\"@id\":\"https:\\\/\\\/www.huruguen.fr\\\/site\\\/merignac-magazine-n52\\\/#primaryimage\"},\"thumbnailUrl\":\"https:\\\/\\\/www.huruguen.fr\\\/site\\\/wp-content\\\/uploads\\\/ngg_featured\\\/_mg_6709.jpg\",\"datePublished\":\"2013-11-04T13:51:12+00:00\",\"dateModified\":\"2020-04-14T13:18:14+00:00\",\"description\":\"Magazine de la ville de M\u00e9rignac n\u00b052. S\u00e9bastien Huruguen photographe professionnel \u00e0 Bordeaux a r\u00e9alis\u00e9 plusieurs reportages pour le magazine de la ville de M\u00e9rignac, un magazine mensuel gratuit distribu\u00e9 dans l'ensemble des boites aux lettres des habitants de la commune de Gironde.\",\"breadcrumb\":{\"@id\":\"https:\\\/\\\/www.huruguen.fr\\\/site\\\/merignac-magazine-n52\\\/#breadcrumb\"},\"inLanguage\":\"fr-FR\",\"potentialAction\":[{\"@type\":\"ReadAction\",\"target\":[\"https:\\\/\\\/www.huruguen.fr\\\/site\\\/merignac-magazine-n52\\\/\"]}]},{\"@type\":\"ImageObject\",\"inLanguage\":\"fr-FR\",\"@id\":\"https:\\\/\\\/www.huruguen.fr\\\/site\\\/merignac-magazine-n52\\\/#primaryimage\",\"url\":\"https:\\\/\\\/www.huruguen.fr\\\/site\\\/wp-content\\\/uploads\\\/ngg_featured\\\/_mg_6709.jpg\",\"contentUrl\":\"https:\\\/\\\/www.huruguen.fr\\\/site\\\/wp-content\\\/uploads\\\/ngg_featured\\\/_mg_6709.jpg\",\"width\":1200,\"height\":800,\"caption\":\"_mg_6709\"},{\"@type\":\"BreadcrumbList\",\"@id\":\"https:\\\/\\\/www.huruguen.fr\\\/site\\\/merignac-magazine-n52\\\/#breadcrumb\",\"itemListElement\":[{\"@type\":\"ListItem\",\"position\":1,\"name\":\"Accueil\",\"item\":\"https:\\\/\\\/www.huruguen.fr\\\/site\\\/\"},{\"@type\":\"ListItem\",\"position\":2,\"name\":\"MERIGNAC Magazine n\u00b052\"}]},{\"@type\":\"WebSite\",\"@id\":\"https:\\\/\\\/www.huruguen.fr\\\/site\\\/#website\",\"url\":\"https:\\\/\\\/www.huruguen.fr\\\/site\\\/\",\"name\":\"Photographe Professionnel \u00e0 Bordeaux Sebastien Huruguen\",\"description\":\"Photographe professionnel ind\u00e9pendant a Bordeaux. Prestations et services photograpphiques pour les professionnels et particuliers : reportages, s\u00e9ances photos, studio, packshot.\",\"publisher\":{\"@id\":\"https:\\\/\\\/www.huruguen.fr\\\/site\\\/#organization\"},\"potentialAction\":[{\"@type\":\"SearchAction\",\"target\":{\"@type\":\"EntryPoint\",\"urlTemplate\":\"https:\\\/\\\/www.huruguen.fr\\\/site\\\/?s={search_term_string}\"},\"query-input\":{\"@type\":\"PropertyValueSpecification\",\"valueRequired\":true,\"valueName\":\"search_term_string\"}}],\"inLanguage\":\"fr-FR\"},{\"@type\":\"Organization\",\"@id\":\"https:\\\/\\\/www.huruguen.fr\\\/site\\\/#organization\",\"name\":\"S\u00e9bastien Huruguen Photographe\",\"url\":\"https:\\\/\\\/www.huruguen.fr\\\/site\\\/\",\"logo\":{\"@type\":\"ImageObject\",\"inLanguage\":\"fr-FR\",\"@id\":\"https:\\\/\\\/www.huruguen.fr\\\/site\\\/#\\\/schema\\\/logo\\\/image\\\/\",\"url\":\"https:\\\/\\\/www.huruguen.fr\\\/site\\\/wp-content\\\/uploads\\\/2018\\\/03\\\/Logo-Huruguen-triptique-2018-noir-1500.jpg\",\"contentUrl\":\"https:\\\/\\\/www.huruguen.fr\\\/site\\\/wp-content\\\/uploads\\\/2018\\\/03\\\/Logo-Huruguen-triptique-2018-noir-1500.jpg\",\"width\":1500,\"height\":1500,\"caption\":\"S\u00e9bastien Huruguen Photographe\"},\"image\":{\"@id\":\"https:\\\/\\\/www.huruguen.fr\\\/site\\\/#\\\/schema\\\/logo\\\/image\\\/\"},\"sameAs\":[\"https:\\\/\\\/www.facebook.com\\\/huruguen\",\"https:\\\/\\\/x.com\\\/www_huruguen_fr\",\"https:\\\/\\\/www.instagram.com\\\/sebastien.huruguen\\\/\"]},{\"@type\":\"Person\",\"@id\":\"https:\\\/\\\/www.huruguen.fr\\\/site\\\/#\\\/schema\\\/person\\\/bdce6395a337c00db735bf5fa1268715\",\"name\":\"Sebastien Huruguen\",\"description\":\"S\u00e9bastien Huruguen est photographe professionnel \u00e0 Bordeaux.\",\"sameAs\":[\"https:\\\/\\\/www.huruguen.fr\",\"https:\\\/\\\/www.facebook.com\\\/huruguen\\\/\",\"https:\\\/\\\/www.instagram.com\\\/sebastien.huruguen\\\/\",\"https:\\\/\\\/www.linkedin.com\\\/in\\\/sbastien-huruguen-95452342\\\/\",\"https:\\\/\\\/www.pinterest.fr\\\/shuruguen\\\/\",\"https:\\\/\\\/x.com\\\/www_huruguen_fr\",\"https:\\\/\\\/www.youtube.com\\\/channel\\\/UChEt96Suus_jyoBce80fNOA?nohtml5=False\"]}]}<\/script>\n<!-- \/ Yoast SEO plugin. -->","yoast_head_json":{"title":"MERIGNAC Magazine n\u00b052 - Photographe Professionnel \u00e0 Bordeaux &#x1f4f7; Sebastien Huruguen","description":"Magazine de la ville de M\u00e9rignac n\u00b052. S\u00e9bastien Huruguen photographe professionnel \u00e0 Bordeaux a r\u00e9alis\u00e9 plusieurs reportages pour le magazine de la ville de M\u00e9rignac, un magazine mensuel gratuit distribu\u00e9 dans l'ensemble des boites aux lettres des habitants de la commune de Gironde.","robots":{"index":"index","follow":"follow","max-snippet":"max-snippet:-1","max-image-preview":"max-image-preview:large","max-video-preview":"max-video-preview:-1"},"canonical":"https:\/\/www.huruguen.fr\/site\/merignac-magazine-n52\/","og_locale":"fr_FR","og_type":"article","og_title":"MERIGNAC Magazine n\u00b052 - Photographe Professionnel \u00e0 Bordeaux &#x1f4f7; Sebastien Huruguen","og_description":"Magazine de la ville de M\u00e9rignac n\u00b052. S\u00e9bastien Huruguen photographe professionnel \u00e0 Bordeaux a r\u00e9alis\u00e9 plusieurs reportages pour le magazine de la ville de M\u00e9rignac, un magazine mensuel gratuit distribu\u00e9 dans l'ensemble des boites aux lettres des habitants de la commune de Gironde.","og_url":"https:\/\/www.huruguen.fr\/site\/merignac-magazine-n52\/","og_site_name":"Photographe Professionnel \u00e0 Bordeaux &#x1f4f7; Sebastien Huruguen","article_publisher":"https:\/\/www.facebook.com\/huruguen","article_author":"https:\/\/www.facebook.com\/huruguen\/","article_published_time":"2013-11-04T13:51:12+00:00","article_modified_time":"2020-04-14T13:18:14+00:00","og_image":[{"width":1200,"height":800,"url":"https:\/\/www.huruguen.fr\/site\/wp-content\/uploads\/ngg_featured\/_mg_6709.jpg","type":"image\/jpeg"}],"author":"Sebastien Huruguen","twitter_card":"summary_large_image","twitter_creator":"@www_huruguen_fr","twitter_site":"@www_huruguen_fr","twitter_misc":{"\u00c9crit par":"Sebastien Huruguen"},"schema":{"@context":"https:\/\/schema.org","@graph":[{"@type":"Article","@id":"https:\/\/www.huruguen.fr\/site\/merignac-magazine-n52\/#article","isPartOf":{"@id":"https:\/\/www.huruguen.fr\/site\/merignac-magazine-n52\/"},"author":{"name":"Sebastien Huruguen","@id":"https:\/\/www.huruguen.fr\/site\/#\/schema\/person\/bdce6395a337c00db735bf5fa1268715"},"headline":"MERIGNAC Magazine n\u00b052","datePublished":"2013-11-04T13:51:12+00:00","dateModified":"2020-04-14T13:18:14+00:00","mainEntityOfPage":{"@id":"https:\/\/www.huruguen.fr\/site\/merignac-magazine-n52\/"},"wordCount":92,"publisher":{"@id":"https:\/\/www.huruguen.fr\/site\/#organization"},"image":{"@id":"https:\/\/www.huruguen.fr\/site\/merignac-magazine-n52\/#primaryimage"},"thumbnailUrl":"https:\/\/www.huruguen.fr\/site\/wp-content\/uploads\/ngg_featured\/_mg_6709.jpg","keywords":["33","33700","gironde","krakatoa","Mag","Magazine","Merignac","MLm 52","patrick olaya","photos","tramway","travaux","vents sales"],"articleSection":["Actualit\u00e9s"],"inLanguage":"fr-FR"},{"@type":"WebPage","@id":"https:\/\/www.huruguen.fr\/site\/merignac-magazine-n52\/","url":"https:\/\/www.huruguen.fr\/site\/merignac-magazine-n52\/","name":"MERIGNAC Magazine n\u00b052 - Photographe Professionnel \u00e0 Bordeaux &#x1f4f7; Sebastien Huruguen","isPartOf":{"@id":"https:\/\/www.huruguen.fr\/site\/#website"},"primaryImageOfPage":{"@id":"https:\/\/www.huruguen.fr\/site\/merignac-magazine-n52\/#primaryimage"},"image":{"@id":"https:\/\/www.huruguen.fr\/site\/merignac-magazine-n52\/#primaryimage"},"thumbnailUrl":"https:\/\/www.huruguen.fr\/site\/wp-content\/uploads\/ngg_featured\/_mg_6709.jpg","datePublished":"2013-11-04T13:51:12+00:00","dateModified":"2020-04-14T13:18:14+00:00","description":"Magazine de la ville de M\u00e9rignac n\u00b052. S\u00e9bastien Huruguen photographe professionnel \u00e0 Bordeaux a r\u00e9alis\u00e9 plusieurs reportages pour le magazine de la ville de M\u00e9rignac, un magazine mensuel gratuit distribu\u00e9 dans l'ensemble des boites aux lettres des habitants de la commune de Gironde.","breadcrumb":{"@id":"https:\/\/www.huruguen.fr\/site\/merignac-magazine-n52\/#breadcrumb"},"inLanguage":"fr-FR","potentialAction":[{"@type":"ReadAction","target":["https:\/\/www.huruguen.fr\/site\/merignac-magazine-n52\/"]}]},{"@type":"ImageObject","inLanguage":"fr-FR","@id":"https:\/\/www.huruguen.fr\/site\/merignac-magazine-n52\/#primaryimage","url":"https:\/\/www.huruguen.fr\/site\/wp-content\/uploads\/ngg_featured\/_mg_6709.jpg","contentUrl":"https:\/\/www.huruguen.fr\/site\/wp-content\/uploads\/ngg_featured\/_mg_6709.jpg","width":1200,"height":800,"caption":"_mg_6709"},{"@type":"BreadcrumbList","@id":"https:\/\/www.huruguen.fr\/site\/merignac-magazine-n52\/#breadcrumb","itemListElement":[{"@type":"ListItem","position":1,"name":"Accueil","item":"https:\/\/www.huruguen.fr\/site\/"},{"@type":"ListItem","position":2,"name":"MERIGNAC Magazine n\u00b052"}]},{"@type":"WebSite","@id":"https:\/\/www.huruguen.fr\/site\/#website","url":"https:\/\/www.huruguen.fr\/site\/","name":"Photographe Professionnel \u00e0 Bordeaux Sebastien Huruguen","description":"Photographe professionnel ind\u00e9pendant a Bordeaux. Prestations et services photograpphiques pour les professionnels et particuliers : reportages, s\u00e9ances photos, studio, packshot.","publisher":{"@id":"https:\/\/www.huruguen.fr\/site\/#organization"},"potentialAction":[{"@type":"SearchAction","target":{"@type":"EntryPoint","urlTemplate":"https:\/\/www.huruguen.fr\/site\/?s={search_term_string}"},"query-input":{"@type":"PropertyValueSpecification","valueRequired":true,"valueName":"search_term_string"}}],"inLanguage":"fr-FR"},{"@type":"Organization","@id":"https:\/\/www.huruguen.fr\/site\/#organization","name":"S\u00e9bastien Huruguen Photographe","url":"https:\/\/www.huruguen.fr\/site\/","logo":{"@type":"ImageObject","inLanguage":"fr-FR","@id":"https:\/\/www.huruguen.fr\/site\/#\/schema\/logo\/image\/","url":"https:\/\/www.huruguen.fr\/site\/wp-content\/uploads\/2018\/03\/Logo-Huruguen-triptique-2018-noir-1500.jpg","contentUrl":"https:\/\/www.huruguen.fr\/site\/wp-content\/uploads\/2018\/03\/Logo-Huruguen-triptique-2018-noir-1500.jpg","width":1500,"height":1500,"caption":"S\u00e9bastien Huruguen Photographe"},"image":{"@id":"https:\/\/www.huruguen.fr\/site\/#\/schema\/logo\/image\/"},"sameAs":["https:\/\/www.facebook.com\/huruguen","https:\/\/x.com\/www_huruguen_fr","https:\/\/www.instagram.com\/sebastien.huruguen\/"]},{"@type":"Person","@id":"https:\/\/www.huruguen.fr\/site\/#\/schema\/person\/bdce6395a337c00db735bf5fa1268715","name":"Sebastien Huruguen","description":"S\u00e9bastien Huruguen est photographe professionnel \u00e0 Bordeaux.","sameAs":["https:\/\/www.huruguen.fr","https:\/\/www.facebook.com\/huruguen\/","https:\/\/www.instagram.com\/sebastien.huruguen\/","https:\/\/www.linkedin.com\/in\/sbastien-huruguen-95452342\/","https:\/\/www.pinterest.fr\/shuruguen\/","https:\/\/x.com\/www_huruguen_fr","https:\/\/www.youtube.com\/channel\/UChEt96Suus_jyoBce80fNOA?nohtml5=False"]}]}},"_links":{"self":[{"href":"https:\/\/www.huruguen.fr\/site\/wp-json\/wp\/v2\/posts\/1577","targetHints":{"allow":["GET"]}}],"collection":[{"href":"https:\/\/www.huruguen.fr\/site\/wp-json\/wp\/v2\/posts"}],"about":[{"href":"https:\/\/www.huruguen.fr\/site\/wp-json\/wp\/v2\/types\/post"}],"author":[{"embeddable":true,"href":"https:\/\/www.huruguen.fr\/site\/wp-json\/wp\/v2\/users\/1"}],"replies":[{"embeddable":true,"href":"https:\/\/www.huruguen.fr\/site\/wp-json\/wp\/v2\/comments?post=1577"}],"version-history":[{"count":10,"href":"https:\/\/www.huruguen.fr\/site\/wp-json\/wp\/v2\/posts\/1577\/revisions"}],"predecessor-version":[{"id":60492,"href":"https:\/\/www.huruguen.fr\/site\/wp-json\/wp\/v2\/posts\/1577\/revisions\/60492"}],"wp:featuredmedia":[{"embeddable":true,"href":"https:\/\/www.huruguen.fr\/site\/wp-json\/wp\/v2\/media\/1585"}],"wp:attachment":[{"href":"https:\/\/www.huruguen.fr\/site\/wp-json\/wp\/v2\/media?parent=1577"}],"wp:term":[{"taxonomy":"category","embeddable":true,"href":"https:\/\/www.huruguen.fr\/site\/wp-json\/wp\/v2\/categories?post=1577"},{"taxonomy":"post_tag","embeddable":true,"href":"https:\/\/www.huruguen.fr\/site\/wp-json\/wp\/v2\/tags?post=1577"}],"curies":[{"name":"wp","href":"https:\/\/api.w.org\/{rel}","templated":true}]}}