{"id":1474,"date":"2013-06-26T11:17:57","date_gmt":"2013-06-26T09:17:57","guid":{"rendered":"http:\/\/www.huruguen.fr\/?p=1474"},"modified":"2024-04-03T13:12:20","modified_gmt":"2024-04-03T12:12:20","slug":"magazine-gironde-n103","status":"publish","type":"post","link":"https:\/\/www.huruguen.fr\/site\/magazine-gironde-n103\/","title":{"rendered":"Magazine GIRONDE n\u00b0103"},"content":{"rendered":"<p><a href=\"https:\/\/www.huruguen.fr\/site\/wp-content\/uploads\/2013\/06\/magazine-departement-gironde-103-n103-reportage-photos-sebastien-huruguen-2.jpg\"><img loading=\"lazy\" decoding=\"async\" class=\"alignnone size-full wp-image-58628\" src=\"https:\/\/www.huruguen.fr\/site\/wp-content\/uploads\/2013\/06\/magazine-departement-gironde-103-n103-reportage-photos-sebastien-huruguen-2.jpg\" alt=\"\" width=\"1200\" height=\"800\" data-id=\"58628\" srcset=\"https:\/\/www.huruguen.fr\/site\/wp-content\/uploads\/2013\/06\/magazine-departement-gironde-103-n103-reportage-photos-sebastien-huruguen-2.jpg 1200w, https:\/\/www.huruguen.fr\/site\/wp-content\/uploads\/2013\/06\/magazine-departement-gironde-103-n103-reportage-photos-sebastien-huruguen-2-300x200.jpg 300w, https:\/\/www.huruguen.fr\/site\/wp-content\/uploads\/2013\/06\/magazine-departement-gironde-103-n103-reportage-photos-sebastien-huruguen-2-768x512.jpg 768w, https:\/\/www.huruguen.fr\/site\/wp-content\/uploads\/2013\/06\/magazine-departement-gironde-103-n103-reportage-photos-sebastien-huruguen-2-1024x683.jpg 1024w\" sizes=\"auto, (max-width: 1200px) 100vw, 1200px\" \/><\/a><\/p>\n<h2><\/h2>\n<h2>Espaces Naturels Sensibles, Nettoyage des plages<\/h2>\n<p>&nbsp;<\/p>\n<p>Le dernier num\u00e9ro du magazine du d\u00e9partement de la Gironde est arriv\u00e9 dans votre boite aux lettres hier !<\/p>\n<p>Au programme de ce num\u00e9ro estival, plusieurs reportages photos pour le magazine dont le dossier principal sur les Espaces Naturels Sensibles (ENS) o\u00f9 vous retrouvez des photos du Domaine de Certes \u00e0 Audenge, de la plage de Carcans, des plages du Cap-Ferret\u00a0ou encore de la nouvelle piste cyclable Hostens-Cabenac.<\/p>\n<p>Vous pouviez consulter la version online avec du contenu interactifs et des infos suppl\u00e9mentaires sur le site du d\u00e9partement. Consulter la version pdf.<\/p>\n<p>Voici quelques extraits des reportages photos r\u00e9alis\u00e9s pour ce num\u00e9ro avec quelques photos in\u00e9dites que vous ne retrouvez pas dans le magazine !<\/p>\n<p>Merci pour votre visite, n&rsquo;oubliez pas de <span style=\"text-decoration: underline;\"><strong><a title=\"Facebook Huruguen\" href=\"https:\/\/www.facebook.com\/pages\/S%C3%A9bastien-Huruguen-Photographie\/47697829762?id=47697829762&amp;sk=app_156218351098324\" target=\"_blank\" rel=\"noopener\">cliquer sur la page facebook<\/a><\/strong><\/span> et bonne lecture !<\/p>\n<p>&nbsp;<\/p>\n<h2>Mobilit\u00e9s, Transgironde<\/h2>\n<p>&nbsp;<\/p>\n<div id=\"kad-wp-gallery37\" class=\"kad-wp-gallery kad-light-wp-gallery clearfix kt-gallery-column-3 rowtight\"><div class=\"tcol-lg-4 tcol-md-4 tcol-sm-4 tcol-xs-6 tcol-ss-12 g_item\"><div class=\"grid_item kad_gallery_fade_in gallery_item\"><a href=\"https:\/\/www.huruguen.fr\/site\/wp-content\/uploads\/2013\/06\/magazine-departement-gironde-103-n103-reportage-photos-sebastien-huruguen-14.jpg\" data-rel=\"lightbox\" class=\"lightboxhover\"><img loading=\"lazy\" decoding=\"async\" src=\"https:\/\/www.huruguen.fr\/site\/wp-content\/uploads\/2013\/06\/magazine-departement-gironde-103-n103-reportage-photos-sebastien-huruguen-14-400x400.jpg\" width=\"400\" height=\"400\" alt=\"magazine-departement-gironde-103-n103-reportage-photos-sebastien-huruguen (14)\" srcset=\"https:\/\/www.huruguen.fr\/site\/wp-content\/uploads\/2013\/06\/magazine-departement-gironde-103-n103-reportage-photos-sebastien-huruguen-14-400x400.jpg 400w, https:\/\/www.huruguen.fr\/site\/wp-content\/uploads\/2013\/06\/magazine-departement-gironde-103-n103-reportage-photos-sebastien-huruguen-14-150x150.jpg 150w, https:\/\/www.huruguen.fr\/site\/wp-content\/uploads\/2013\/06\/magazine-departement-gironde-103-n103-reportage-photos-sebastien-huruguen-14-60x60.jpg 60w, https:\/\/www.huruguen.fr\/site\/wp-content\/uploads\/2013\/06\/magazine-departement-gironde-103-n103-reportage-photos-sebastien-huruguen-14-800x800.jpg 800w\" sizes=\"auto, (max-width: 400px) 100vw, 400px\" class=\"light-dropshaddow\"\/><\/a><\/div><\/div><div class=\"tcol-lg-4 tcol-md-4 tcol-sm-4 tcol-xs-6 tcol-ss-12 g_item\"><div class=\"grid_item kad_gallery_fade_in gallery_item\"><a href=\"https:\/\/www.huruguen.fr\/site\/wp-content\/uploads\/2013\/06\/magazine-departement-gironde-103-n103-reportage-photos-sebastien-huruguen-3.jpg\" data-rel=\"lightbox\" class=\"lightboxhover\"><img loading=\"lazy\" decoding=\"async\" src=\"https:\/\/www.huruguen.fr\/site\/wp-content\/uploads\/2013\/06\/magazine-departement-gironde-103-n103-reportage-photos-sebastien-huruguen-3-400x400.jpg\" width=\"400\" height=\"400\" alt=\"magazine-departement-gironde-103-n103-reportage-photos-sebastien-huruguen (3)\" srcset=\"https:\/\/www.huruguen.fr\/site\/wp-content\/uploads\/2013\/06\/magazine-departement-gironde-103-n103-reportage-photos-sebastien-huruguen-3-400x400.jpg 400w, https:\/\/www.huruguen.fr\/site\/wp-content\/uploads\/2013\/06\/magazine-departement-gironde-103-n103-reportage-photos-sebastien-huruguen-3-150x150.jpg 150w, https:\/\/www.huruguen.fr\/site\/wp-content\/uploads\/2013\/06\/magazine-departement-gironde-103-n103-reportage-photos-sebastien-huruguen-3-60x60.jpg 60w, https:\/\/www.huruguen.fr\/site\/wp-content\/uploads\/2013\/06\/magazine-departement-gironde-103-n103-reportage-photos-sebastien-huruguen-3-800x800.jpg 800w\" sizes=\"auto, (max-width: 400px) 100vw, 400px\" class=\"light-dropshaddow\"\/><\/a><\/div><\/div><div class=\"tcol-lg-4 tcol-md-4 tcol-sm-4 tcol-xs-6 tcol-ss-12 g_item\"><div class=\"grid_item kad_gallery_fade_in gallery_item\"><a href=\"https:\/\/www.huruguen.fr\/site\/wp-content\/uploads\/2013\/06\/gironde-103.png\" data-rel=\"lightbox\" class=\"lightboxhover\"><img loading=\"lazy\" decoding=\"async\" src=\"https:\/\/www.huruguen.fr\/site\/wp-content\/uploads\/2013\/06\/gironde-103-400x400.png\" width=\"400\" height=\"400\" alt=\"gironde-103\" srcset=\"https:\/\/www.huruguen.fr\/site\/wp-content\/uploads\/2013\/06\/gironde-103-400x400.png 400w, https:\/\/www.huruguen.fr\/site\/wp-content\/uploads\/2013\/06\/gironde-103-150x150.png 150w, https:\/\/www.huruguen.fr\/site\/wp-content\/uploads\/2013\/06\/gironde-103-60x60.png 60w\" sizes=\"auto, (max-width: 400px) 100vw, 400px\" class=\"light-dropshaddow\"\/><\/a><\/div><\/div><div class=\"tcol-lg-4 tcol-md-4 tcol-sm-4 tcol-xs-6 tcol-ss-12 g_item\"><div class=\"grid_item kad_gallery_fade_in gallery_item\"><a href=\"https:\/\/www.huruguen.fr\/site\/wp-content\/uploads\/2013\/06\/magazine-departement-gironde-103-n103-reportage-photos-sebastien-huruguen-9.jpg\" data-rel=\"lightbox\" class=\"lightboxhover\"><img loading=\"lazy\" decoding=\"async\" src=\"https:\/\/www.huruguen.fr\/site\/wp-content\/uploads\/2013\/06\/magazine-departement-gironde-103-n103-reportage-photos-sebastien-huruguen-9-400x400.jpg\" width=\"400\" height=\"400\" alt=\"magazine-departement-gironde-103-n103-reportage-photos-sebastien-huruguen (9)\" srcset=\"https:\/\/www.huruguen.fr\/site\/wp-content\/uploads\/2013\/06\/magazine-departement-gironde-103-n103-reportage-photos-sebastien-huruguen-9-400x400.jpg 400w, https:\/\/www.huruguen.fr\/site\/wp-content\/uploads\/2013\/06\/magazine-departement-gironde-103-n103-reportage-photos-sebastien-huruguen-9-150x150.jpg 150w, https:\/\/www.huruguen.fr\/site\/wp-content\/uploads\/2013\/06\/magazine-departement-gironde-103-n103-reportage-photos-sebastien-huruguen-9-60x60.jpg 60w, https:\/\/www.huruguen.fr\/site\/wp-content\/uploads\/2013\/06\/magazine-departement-gironde-103-n103-reportage-photos-sebastien-huruguen-9-800x800.jpg 800w\" sizes=\"auto, (max-width: 400px) 100vw, 400px\" class=\"light-dropshaddow\"\/><\/a><\/div><\/div><div class=\"tcol-lg-4 tcol-md-4 tcol-sm-4 tcol-xs-6 tcol-ss-12 g_item\"><div class=\"grid_item kad_gallery_fade_in gallery_item\"><a href=\"https:\/\/www.huruguen.fr\/site\/wp-content\/uploads\/2013\/06\/magazine-departement-gironde-103-n103-reportage-photos-sebastien-huruguen-17.jpg\" data-rel=\"lightbox\" class=\"lightboxhover\"><img loading=\"lazy\" decoding=\"async\" src=\"https:\/\/www.huruguen.fr\/site\/wp-content\/uploads\/2013\/06\/magazine-departement-gironde-103-n103-reportage-photos-sebastien-huruguen-17-400x400.jpg\" width=\"400\" height=\"400\" alt=\"magazine-departement-gironde-103-n103-reportage-photos-sebastien-huruguen (17)\" srcset=\"https:\/\/www.huruguen.fr\/site\/wp-content\/uploads\/2013\/06\/magazine-departement-gironde-103-n103-reportage-photos-sebastien-huruguen-17-400x400.jpg 400w, https:\/\/www.huruguen.fr\/site\/wp-content\/uploads\/2013\/06\/magazine-departement-gironde-103-n103-reportage-photos-sebastien-huruguen-17-150x150.jpg 150w, https:\/\/www.huruguen.fr\/site\/wp-content\/uploads\/2013\/06\/magazine-departement-gironde-103-n103-reportage-photos-sebastien-huruguen-17-60x60.jpg 60w, https:\/\/www.huruguen.fr\/site\/wp-content\/uploads\/2013\/06\/magazine-departement-gironde-103-n103-reportage-photos-sebastien-huruguen-17-800x800.jpg 800w\" sizes=\"auto, (max-width: 400px) 100vw, 400px\" class=\"light-dropshaddow\"\/><\/a><\/div><\/div><div class=\"tcol-lg-4 tcol-md-4 tcol-sm-4 tcol-xs-6 tcol-ss-12 g_item\"><div class=\"grid_item kad_gallery_fade_in gallery_item\"><a href=\"https:\/\/www.huruguen.fr\/site\/wp-content\/uploads\/2013\/06\/magazine-departement-gironde-103-n103-reportage-photos-sebastien-huruguen-18.jpg\" data-rel=\"lightbox\" class=\"lightboxhover\"><img loading=\"lazy\" decoding=\"async\" src=\"https:\/\/www.huruguen.fr\/site\/wp-content\/uploads\/2013\/06\/magazine-departement-gironde-103-n103-reportage-photos-sebastien-huruguen-18-400x400.jpg\" width=\"400\" height=\"400\" alt=\"magazine-departement-gironde-103-n103-reportage-photos-sebastien-huruguen (18)\" srcset=\"https:\/\/www.huruguen.fr\/site\/wp-content\/uploads\/2013\/06\/magazine-departement-gironde-103-n103-reportage-photos-sebastien-huruguen-18-400x400.jpg 400w, https:\/\/www.huruguen.fr\/site\/wp-content\/uploads\/2013\/06\/magazine-departement-gironde-103-n103-reportage-photos-sebastien-huruguen-18-150x150.jpg 150w, https:\/\/www.huruguen.fr\/site\/wp-content\/uploads\/2013\/06\/magazine-departement-gironde-103-n103-reportage-photos-sebastien-huruguen-18-60x60.jpg 60w, https:\/\/www.huruguen.fr\/site\/wp-content\/uploads\/2013\/06\/magazine-departement-gironde-103-n103-reportage-photos-sebastien-huruguen-18-800x800.jpg 800w\" sizes=\"auto, (max-width: 400px) 100vw, 400px\" class=\"light-dropshaddow\"\/><\/a><\/div><\/div><div class=\"tcol-lg-4 tcol-md-4 tcol-sm-4 tcol-xs-6 tcol-ss-12 g_item\"><div class=\"grid_item kad_gallery_fade_in gallery_item\"><a href=\"https:\/\/www.huruguen.fr\/site\/wp-content\/uploads\/2013\/06\/magazine-departement-gironde-103-n103-reportage-photos-sebastien-huruguen-20.jpg\" data-rel=\"lightbox\" class=\"lightboxhover\"><img loading=\"lazy\" decoding=\"async\" src=\"https:\/\/www.huruguen.fr\/site\/wp-content\/uploads\/2013\/06\/magazine-departement-gironde-103-n103-reportage-photos-sebastien-huruguen-20-400x400.jpg\" width=\"400\" height=\"400\" alt=\"magazine-departement-gironde-103-n103-reportage-photos-sebastien-huruguen (20)\" srcset=\"https:\/\/www.huruguen.fr\/site\/wp-content\/uploads\/2013\/06\/magazine-departement-gironde-103-n103-reportage-photos-sebastien-huruguen-20-400x400.jpg 400w, https:\/\/www.huruguen.fr\/site\/wp-content\/uploads\/2013\/06\/magazine-departement-gironde-103-n103-reportage-photos-sebastien-huruguen-20-150x150.jpg 150w, https:\/\/www.huruguen.fr\/site\/wp-content\/uploads\/2013\/06\/magazine-departement-gironde-103-n103-reportage-photos-sebastien-huruguen-20-60x60.jpg 60w, https:\/\/www.huruguen.fr\/site\/wp-content\/uploads\/2013\/06\/magazine-departement-gironde-103-n103-reportage-photos-sebastien-huruguen-20-800x800.jpg 800w\" sizes=\"auto, (max-width: 400px) 100vw, 400px\" class=\"light-dropshaddow\"\/><\/a><\/div><\/div><div class=\"tcol-lg-4 tcol-md-4 tcol-sm-4 tcol-xs-6 tcol-ss-12 g_item\"><div class=\"grid_item kad_gallery_fade_in gallery_item\"><a href=\"https:\/\/www.huruguen.fr\/site\/wp-content\/uploads\/2013\/06\/magazine-departement-gironde-103-n103-reportage-photos-sebastien-huruguen-13.jpg\" data-rel=\"lightbox\" class=\"lightboxhover\"><img loading=\"lazy\" decoding=\"async\" src=\"https:\/\/www.huruguen.fr\/site\/wp-content\/uploads\/2013\/06\/magazine-departement-gironde-103-n103-reportage-photos-sebastien-huruguen-13-400x400.jpg\" width=\"400\" height=\"400\" alt=\"magazine-departement-gironde-103-n103-reportage-photos-sebastien-huruguen (13)\" srcset=\"https:\/\/www.huruguen.fr\/site\/wp-content\/uploads\/2013\/06\/magazine-departement-gironde-103-n103-reportage-photos-sebastien-huruguen-13-400x400.jpg 400w, https:\/\/www.huruguen.fr\/site\/wp-content\/uploads\/2013\/06\/magazine-departement-gironde-103-n103-reportage-photos-sebastien-huruguen-13-150x150.jpg 150w, https:\/\/www.huruguen.fr\/site\/wp-content\/uploads\/2013\/06\/magazine-departement-gironde-103-n103-reportage-photos-sebastien-huruguen-13-60x60.jpg 60w, https:\/\/www.huruguen.fr\/site\/wp-content\/uploads\/2013\/06\/magazine-departement-gironde-103-n103-reportage-photos-sebastien-huruguen-13-800x800.jpg 800w\" sizes=\"auto, (max-width: 400px) 100vw, 400px\" class=\"light-dropshaddow\"\/><\/a><\/div><\/div><div class=\"tcol-lg-4 tcol-md-4 tcol-sm-4 tcol-xs-6 tcol-ss-12 g_item\"><div class=\"grid_item kad_gallery_fade_in gallery_item\"><a href=\"https:\/\/www.huruguen.fr\/site\/wp-content\/uploads\/2013\/06\/magazine-departement-gironde-103-n103-reportage-photos-sebastien-huruguen-2.jpg\" data-rel=\"lightbox\" class=\"lightboxhover\"><img loading=\"lazy\" decoding=\"async\" src=\"https:\/\/www.huruguen.fr\/site\/wp-content\/uploads\/2013\/06\/magazine-departement-gironde-103-n103-reportage-photos-sebastien-huruguen-2-400x400.jpg\" width=\"400\" height=\"400\" alt=\"magazine-departement-gironde-103-n103-reportage-photos-sebastien-huruguen (2)\" srcset=\"https:\/\/www.huruguen.fr\/site\/wp-content\/uploads\/2013\/06\/magazine-departement-gironde-103-n103-reportage-photos-sebastien-huruguen-2-400x400.jpg 400w, https:\/\/www.huruguen.fr\/site\/wp-content\/uploads\/2013\/06\/magazine-departement-gironde-103-n103-reportage-photos-sebastien-huruguen-2-150x150.jpg 150w, https:\/\/www.huruguen.fr\/site\/wp-content\/uploads\/2013\/06\/magazine-departement-gironde-103-n103-reportage-photos-sebastien-huruguen-2-60x60.jpg 60w, https:\/\/www.huruguen.fr\/site\/wp-content\/uploads\/2013\/06\/magazine-departement-gironde-103-n103-reportage-photos-sebastien-huruguen-2-800x800.jpg 800w\" sizes=\"auto, (max-width: 400px) 100vw, 400px\" class=\"light-dropshaddow\"\/><\/a><\/div><\/div><div class=\"tcol-lg-4 tcol-md-4 tcol-sm-4 tcol-xs-6 tcol-ss-12 g_item\"><div class=\"grid_item kad_gallery_fade_in gallery_item\"><a href=\"https:\/\/www.huruguen.fr\/site\/wp-content\/uploads\/2013\/06\/magazine-departement-gironde-103-n103-reportage-photos-sebastien-huruguen-8.jpg\" data-rel=\"lightbox\" class=\"lightboxhover\"><img loading=\"lazy\" decoding=\"async\" src=\"https:\/\/www.huruguen.fr\/site\/wp-content\/uploads\/2013\/06\/magazine-departement-gironde-103-n103-reportage-photos-sebastien-huruguen-8-400x400.jpg\" width=\"400\" height=\"400\" alt=\"magazine-departement-gironde-103-n103-reportage-photos-sebastien-huruguen (8)\" srcset=\"https:\/\/www.huruguen.fr\/site\/wp-content\/uploads\/2013\/06\/magazine-departement-gironde-103-n103-reportage-photos-sebastien-huruguen-8-400x400.jpg 400w, https:\/\/www.huruguen.fr\/site\/wp-content\/uploads\/2013\/06\/magazine-departement-gironde-103-n103-reportage-photos-sebastien-huruguen-8-150x150.jpg 150w, https:\/\/www.huruguen.fr\/site\/wp-content\/uploads\/2013\/06\/magazine-departement-gironde-103-n103-reportage-photos-sebastien-huruguen-8-60x60.jpg 60w, https:\/\/www.huruguen.fr\/site\/wp-content\/uploads\/2013\/06\/magazine-departement-gironde-103-n103-reportage-photos-sebastien-huruguen-8-800x800.jpg 800w\" sizes=\"auto, (max-width: 400px) 100vw, 400px\" class=\"light-dropshaddow\"\/><\/a><\/div><\/div><div class=\"tcol-lg-4 tcol-md-4 tcol-sm-4 tcol-xs-6 tcol-ss-12 g_item\"><div class=\"grid_item kad_gallery_fade_in gallery_item\"><a href=\"https:\/\/www.huruguen.fr\/site\/wp-content\/uploads\/2013\/06\/magazine-departement-gironde-103-n103-reportage-photos-sebastien-huruguen-15.jpg\" data-rel=\"lightbox\" class=\"lightboxhover\"><img loading=\"lazy\" decoding=\"async\" src=\"https:\/\/www.huruguen.fr\/site\/wp-content\/uploads\/2013\/06\/magazine-departement-gironde-103-n103-reportage-photos-sebastien-huruguen-15-400x400.jpg\" width=\"400\" height=\"400\" alt=\"magazine-departement-gironde-103-n103-reportage-photos-sebastien-huruguen (15)\" srcset=\"https:\/\/www.huruguen.fr\/site\/wp-content\/uploads\/2013\/06\/magazine-departement-gironde-103-n103-reportage-photos-sebastien-huruguen-15-400x400.jpg 400w, https:\/\/www.huruguen.fr\/site\/wp-content\/uploads\/2013\/06\/magazine-departement-gironde-103-n103-reportage-photos-sebastien-huruguen-15-150x150.jpg 150w, https:\/\/www.huruguen.fr\/site\/wp-content\/uploads\/2013\/06\/magazine-departement-gironde-103-n103-reportage-photos-sebastien-huruguen-15-60x60.jpg 60w, https:\/\/www.huruguen.fr\/site\/wp-content\/uploads\/2013\/06\/magazine-departement-gironde-103-n103-reportage-photos-sebastien-huruguen-15-800x800.jpg 800w\" sizes=\"auto, (max-width: 400px) 100vw, 400px\" class=\"light-dropshaddow\"\/><\/a><\/div><\/div><div class=\"tcol-lg-4 tcol-md-4 tcol-sm-4 tcol-xs-6 tcol-ss-12 g_item\"><div class=\"grid_item kad_gallery_fade_in gallery_item\"><a href=\"https:\/\/www.huruguen.fr\/site\/wp-content\/uploads\/2013\/06\/magazine-departement-gironde-103-n103-reportage-photos-sebastien-huruguen-4.jpg\" data-rel=\"lightbox\" class=\"lightboxhover\"><img loading=\"lazy\" decoding=\"async\" src=\"https:\/\/www.huruguen.fr\/site\/wp-content\/uploads\/2013\/06\/magazine-departement-gironde-103-n103-reportage-photos-sebastien-huruguen-4-400x400.jpg\" width=\"400\" height=\"400\" alt=\"magazine-departement-gironde-103-n103-reportage-photos-sebastien-huruguen (4)\" srcset=\"https:\/\/www.huruguen.fr\/site\/wp-content\/uploads\/2013\/06\/magazine-departement-gironde-103-n103-reportage-photos-sebastien-huruguen-4-400x400.jpg 400w, https:\/\/www.huruguen.fr\/site\/wp-content\/uploads\/2013\/06\/magazine-departement-gironde-103-n103-reportage-photos-sebastien-huruguen-4-150x150.jpg 150w, https:\/\/www.huruguen.fr\/site\/wp-content\/uploads\/2013\/06\/magazine-departement-gironde-103-n103-reportage-photos-sebastien-huruguen-4-60x60.jpg 60w, https:\/\/www.huruguen.fr\/site\/wp-content\/uploads\/2013\/06\/magazine-departement-gironde-103-n103-reportage-photos-sebastien-huruguen-4-800x800.jpg 800w\" sizes=\"auto, (max-width: 400px) 100vw, 400px\" class=\"light-dropshaddow\"\/><\/a><\/div><\/div><div class=\"tcol-lg-4 tcol-md-4 tcol-sm-4 tcol-xs-6 tcol-ss-12 g_item\"><div class=\"grid_item kad_gallery_fade_in gallery_item\"><a href=\"https:\/\/www.huruguen.fr\/site\/wp-content\/uploads\/2013\/06\/magazine-departement-gironde-103-n103-reportage-photos-sebastien-huruguen-6.jpg\" data-rel=\"lightbox\" class=\"lightboxhover\"><img loading=\"lazy\" decoding=\"async\" src=\"https:\/\/www.huruguen.fr\/site\/wp-content\/uploads\/2013\/06\/magazine-departement-gironde-103-n103-reportage-photos-sebastien-huruguen-6-400x400.jpg\" width=\"400\" height=\"400\" alt=\"magazine-departement-gironde-103-n103-reportage-photos-sebastien-huruguen (6)\" srcset=\"https:\/\/www.huruguen.fr\/site\/wp-content\/uploads\/2013\/06\/magazine-departement-gironde-103-n103-reportage-photos-sebastien-huruguen-6-400x400.jpg 400w, https:\/\/www.huruguen.fr\/site\/wp-content\/uploads\/2013\/06\/magazine-departement-gironde-103-n103-reportage-photos-sebastien-huruguen-6-150x150.jpg 150w, https:\/\/www.huruguen.fr\/site\/wp-content\/uploads\/2013\/06\/magazine-departement-gironde-103-n103-reportage-photos-sebastien-huruguen-6-60x60.jpg 60w, https:\/\/www.huruguen.fr\/site\/wp-content\/uploads\/2013\/06\/magazine-departement-gironde-103-n103-reportage-photos-sebastien-huruguen-6-800x800.jpg 800w\" sizes=\"auto, (max-width: 400px) 100vw, 400px\" class=\"light-dropshaddow\"\/><\/a><\/div><\/div><div class=\"tcol-lg-4 tcol-md-4 tcol-sm-4 tcol-xs-6 tcol-ss-12 g_item\"><div class=\"grid_item kad_gallery_fade_in gallery_item\"><a href=\"https:\/\/www.huruguen.fr\/site\/wp-content\/uploads\/2013\/06\/magazine-departement-gironde-103-n103-reportage-photos-sebastien-huruguen-1.jpg\" data-rel=\"lightbox\" class=\"lightboxhover\"><img loading=\"lazy\" decoding=\"async\" src=\"https:\/\/www.huruguen.fr\/site\/wp-content\/uploads\/2013\/06\/magazine-departement-gironde-103-n103-reportage-photos-sebastien-huruguen-1-400x400.jpg\" width=\"400\" height=\"400\" alt=\"magazine-departement-gironde-103-n103-reportage-photos-sebastien-huruguen (1)\" srcset=\"https:\/\/www.huruguen.fr\/site\/wp-content\/uploads\/2013\/06\/magazine-departement-gironde-103-n103-reportage-photos-sebastien-huruguen-1-400x400.jpg 400w, https:\/\/www.huruguen.fr\/site\/wp-content\/uploads\/2013\/06\/magazine-departement-gironde-103-n103-reportage-photos-sebastien-huruguen-1-150x150.jpg 150w, https:\/\/www.huruguen.fr\/site\/wp-content\/uploads\/2013\/06\/magazine-departement-gironde-103-n103-reportage-photos-sebastien-huruguen-1-60x60.jpg 60w, https:\/\/www.huruguen.fr\/site\/wp-content\/uploads\/2013\/06\/magazine-departement-gironde-103-n103-reportage-photos-sebastien-huruguen-1-800x800.jpg 800w\" sizes=\"auto, (max-width: 400px) 100vw, 400px\" class=\"light-dropshaddow\"\/><\/a><\/div><\/div><div class=\"tcol-lg-4 tcol-md-4 tcol-sm-4 tcol-xs-6 tcol-ss-12 g_item\"><div class=\"grid_item kad_gallery_fade_in gallery_item\"><a href=\"https:\/\/www.huruguen.fr\/site\/wp-content\/uploads\/2013\/06\/magazine-departement-gironde-103-n103-reportage-photos-sebastien-huruguen-7.jpg\" data-rel=\"lightbox\" class=\"lightboxhover\"><img loading=\"lazy\" decoding=\"async\" src=\"https:\/\/www.huruguen.fr\/site\/wp-content\/uploads\/2013\/06\/magazine-departement-gironde-103-n103-reportage-photos-sebastien-huruguen-7-400x400.jpg\" width=\"400\" height=\"400\" alt=\"magazine-departement-gironde-103-n103-reportage-photos-sebastien-huruguen (7)\" srcset=\"https:\/\/www.huruguen.fr\/site\/wp-content\/uploads\/2013\/06\/magazine-departement-gironde-103-n103-reportage-photos-sebastien-huruguen-7-400x400.jpg 400w, https:\/\/www.huruguen.fr\/site\/wp-content\/uploads\/2013\/06\/magazine-departement-gironde-103-n103-reportage-photos-sebastien-huruguen-7-150x150.jpg 150w, https:\/\/www.huruguen.fr\/site\/wp-content\/uploads\/2013\/06\/magazine-departement-gironde-103-n103-reportage-photos-sebastien-huruguen-7-60x60.jpg 60w, https:\/\/www.huruguen.fr\/site\/wp-content\/uploads\/2013\/06\/magazine-departement-gironde-103-n103-reportage-photos-sebastien-huruguen-7-800x800.jpg 800w\" sizes=\"auto, (max-width: 400px) 100vw, 400px\" class=\"light-dropshaddow\"\/><\/a><\/div><\/div><div class=\"tcol-lg-4 tcol-md-4 tcol-sm-4 tcol-xs-6 tcol-ss-12 g_item\"><div class=\"grid_item kad_gallery_fade_in gallery_item\"><a href=\"https:\/\/www.huruguen.fr\/site\/wp-content\/uploads\/2013\/06\/magazine-departement-gironde-103-n103-reportage-photos-sebastien-huruguen-21.jpg\" data-rel=\"lightbox\" class=\"lightboxhover\"><img loading=\"lazy\" decoding=\"async\" src=\"https:\/\/www.huruguen.fr\/site\/wp-content\/uploads\/2013\/06\/magazine-departement-gironde-103-n103-reportage-photos-sebastien-huruguen-21-400x400.jpg\" width=\"400\" height=\"400\" alt=\"magazine-departement-gironde-103-n103-reportage-photos-sebastien-huruguen (21)\" srcset=\"https:\/\/www.huruguen.fr\/site\/wp-content\/uploads\/2013\/06\/magazine-departement-gironde-103-n103-reportage-photos-sebastien-huruguen-21-400x400.jpg 400w, https:\/\/www.huruguen.fr\/site\/wp-content\/uploads\/2013\/06\/magazine-departement-gironde-103-n103-reportage-photos-sebastien-huruguen-21-150x150.jpg 150w, https:\/\/www.huruguen.fr\/site\/wp-content\/uploads\/2013\/06\/magazine-departement-gironde-103-n103-reportage-photos-sebastien-huruguen-21-60x60.jpg 60w, https:\/\/www.huruguen.fr\/site\/wp-content\/uploads\/2013\/06\/magazine-departement-gironde-103-n103-reportage-photos-sebastien-huruguen-21-800x800.jpg 800w\" sizes=\"auto, (max-width: 400px) 100vw, 400px\" class=\"light-dropshaddow\"\/><\/a><\/div><\/div><div class=\"tcol-lg-4 tcol-md-4 tcol-sm-4 tcol-xs-6 tcol-ss-12 g_item\"><div class=\"grid_item kad_gallery_fade_in gallery_item\"><a href=\"https:\/\/www.huruguen.fr\/site\/wp-content\/uploads\/2013\/06\/magazine-departement-gironde-103-n103-reportage-photos-sebastien-huruguen-19.jpg\" data-rel=\"lightbox\" class=\"lightboxhover\"><img loading=\"lazy\" decoding=\"async\" src=\"https:\/\/www.huruguen.fr\/site\/wp-content\/uploads\/2013\/06\/magazine-departement-gironde-103-n103-reportage-photos-sebastien-huruguen-19-400x400.jpg\" width=\"400\" height=\"400\" alt=\"magazine-departement-gironde-103-n103-reportage-photos-sebastien-huruguen (19)\" srcset=\"https:\/\/www.huruguen.fr\/site\/wp-content\/uploads\/2013\/06\/magazine-departement-gironde-103-n103-reportage-photos-sebastien-huruguen-19-400x400.jpg 400w, https:\/\/www.huruguen.fr\/site\/wp-content\/uploads\/2013\/06\/magazine-departement-gironde-103-n103-reportage-photos-sebastien-huruguen-19-150x150.jpg 150w, https:\/\/www.huruguen.fr\/site\/wp-content\/uploads\/2013\/06\/magazine-departement-gironde-103-n103-reportage-photos-sebastien-huruguen-19-60x60.jpg 60w, https:\/\/www.huruguen.fr\/site\/wp-content\/uploads\/2013\/06\/magazine-departement-gironde-103-n103-reportage-photos-sebastien-huruguen-19-800x800.jpg 800w\" sizes=\"auto, (max-width: 400px) 100vw, 400px\" class=\"light-dropshaddow\"\/><\/a><\/div><\/div><div class=\"tcol-lg-4 tcol-md-4 tcol-sm-4 tcol-xs-6 tcol-ss-12 g_item\"><div class=\"grid_item kad_gallery_fade_in gallery_item\"><a href=\"https:\/\/www.huruguen.fr\/site\/wp-content\/uploads\/2013\/06\/magazine-departement-gironde-103-n103-reportage-photos-sebastien-huruguen-16.jpg\" data-rel=\"lightbox\" class=\"lightboxhover\"><img loading=\"lazy\" decoding=\"async\" src=\"https:\/\/www.huruguen.fr\/site\/wp-content\/uploads\/2013\/06\/magazine-departement-gironde-103-n103-reportage-photos-sebastien-huruguen-16-400x400.jpg\" width=\"400\" height=\"400\" alt=\"magazine-departement-gironde-103-n103-reportage-photos-sebastien-huruguen (16)\" srcset=\"https:\/\/www.huruguen.fr\/site\/wp-content\/uploads\/2013\/06\/magazine-departement-gironde-103-n103-reportage-photos-sebastien-huruguen-16-400x400.jpg 400w, https:\/\/www.huruguen.fr\/site\/wp-content\/uploads\/2013\/06\/magazine-departement-gironde-103-n103-reportage-photos-sebastien-huruguen-16-150x150.jpg 150w, https:\/\/www.huruguen.fr\/site\/wp-content\/uploads\/2013\/06\/magazine-departement-gironde-103-n103-reportage-photos-sebastien-huruguen-16-60x60.jpg 60w, https:\/\/www.huruguen.fr\/site\/wp-content\/uploads\/2013\/06\/magazine-departement-gironde-103-n103-reportage-photos-sebastien-huruguen-16-800x800.jpg 800w\" sizes=\"auto, (max-width: 400px) 100vw, 400px\" class=\"light-dropshaddow\"\/><\/a><\/div><\/div><div class=\"tcol-lg-4 tcol-md-4 tcol-sm-4 tcol-xs-6 tcol-ss-12 g_item\"><div class=\"grid_item kad_gallery_fade_in gallery_item\"><a href=\"https:\/\/www.huruguen.fr\/site\/wp-content\/uploads\/2013\/06\/magazine-departement-gironde-103-n103-reportage-photos-sebastien-huruguen-10.jpg\" data-rel=\"lightbox\" class=\"lightboxhover\"><img loading=\"lazy\" decoding=\"async\" src=\"https:\/\/www.huruguen.fr\/site\/wp-content\/uploads\/2013\/06\/magazine-departement-gironde-103-n103-reportage-photos-sebastien-huruguen-10-400x400.jpg\" width=\"400\" height=\"400\" alt=\"magazine-departement-gironde-103-n103-reportage-photos-sebastien-huruguen (10)\" srcset=\"https:\/\/www.huruguen.fr\/site\/wp-content\/uploads\/2013\/06\/magazine-departement-gironde-103-n103-reportage-photos-sebastien-huruguen-10-400x400.jpg 400w, https:\/\/www.huruguen.fr\/site\/wp-content\/uploads\/2013\/06\/magazine-departement-gironde-103-n103-reportage-photos-sebastien-huruguen-10-150x150.jpg 150w, https:\/\/www.huruguen.fr\/site\/wp-content\/uploads\/2013\/06\/magazine-departement-gironde-103-n103-reportage-photos-sebastien-huruguen-10-60x60.jpg 60w, https:\/\/www.huruguen.fr\/site\/wp-content\/uploads\/2013\/06\/magazine-departement-gironde-103-n103-reportage-photos-sebastien-huruguen-10-800x800.jpg 800w\" sizes=\"auto, (max-width: 400px) 100vw, 400px\" class=\"light-dropshaddow\"\/><\/a><\/div><\/div><div class=\"tcol-lg-4 tcol-md-4 tcol-sm-4 tcol-xs-6 tcol-ss-12 g_item\"><div class=\"grid_item kad_gallery_fade_in gallery_item\"><a href=\"https:\/\/www.huruguen.fr\/site\/wp-content\/uploads\/2013\/06\/magazine-departement-gironde-103-n103-reportage-photos-sebastien-huruguen-12.jpg\" data-rel=\"lightbox\" class=\"lightboxhover\"><img loading=\"lazy\" decoding=\"async\" src=\"https:\/\/www.huruguen.fr\/site\/wp-content\/uploads\/2013\/06\/magazine-departement-gironde-103-n103-reportage-photos-sebastien-huruguen-12-400x400.jpg\" width=\"400\" height=\"400\" alt=\"magazine-departement-gironde-103-n103-reportage-photos-sebastien-huruguen (12)\" srcset=\"https:\/\/www.huruguen.fr\/site\/wp-content\/uploads\/2013\/06\/magazine-departement-gironde-103-n103-reportage-photos-sebastien-huruguen-12-400x400.jpg 400w, https:\/\/www.huruguen.fr\/site\/wp-content\/uploads\/2013\/06\/magazine-departement-gironde-103-n103-reportage-photos-sebastien-huruguen-12-150x150.jpg 150w, https:\/\/www.huruguen.fr\/site\/wp-content\/uploads\/2013\/06\/magazine-departement-gironde-103-n103-reportage-photos-sebastien-huruguen-12-60x60.jpg 60w, https:\/\/www.huruguen.fr\/site\/wp-content\/uploads\/2013\/06\/magazine-departement-gironde-103-n103-reportage-photos-sebastien-huruguen-12-800x800.jpg 800w\" sizes=\"auto, (max-width: 400px) 100vw, 400px\" class=\"light-dropshaddow\"\/><\/a><\/div><\/div><div class=\"tcol-lg-4 tcol-md-4 tcol-sm-4 tcol-xs-6 tcol-ss-12 g_item\"><div class=\"grid_item kad_gallery_fade_in gallery_item\"><a href=\"https:\/\/www.huruguen.fr\/site\/wp-content\/uploads\/2013\/06\/magazine-departement-gironde-103-n103-reportage-photos-sebastien-huruguen-5.jpg\" data-rel=\"lightbox\" class=\"lightboxhover\"><img loading=\"lazy\" decoding=\"async\" src=\"https:\/\/www.huruguen.fr\/site\/wp-content\/uploads\/2013\/06\/magazine-departement-gironde-103-n103-reportage-photos-sebastien-huruguen-5-400x400.jpg\" width=\"400\" height=\"400\" alt=\"magazine-departement-gironde-103-n103-reportage-photos-sebastien-huruguen (5)\" srcset=\"https:\/\/www.huruguen.fr\/site\/wp-content\/uploads\/2013\/06\/magazine-departement-gironde-103-n103-reportage-photos-sebastien-huruguen-5-400x400.jpg 400w, https:\/\/www.huruguen.fr\/site\/wp-content\/uploads\/2013\/06\/magazine-departement-gironde-103-n103-reportage-photos-sebastien-huruguen-5-150x150.jpg 150w, https:\/\/www.huruguen.fr\/site\/wp-content\/uploads\/2013\/06\/magazine-departement-gironde-103-n103-reportage-photos-sebastien-huruguen-5-60x60.jpg 60w, https:\/\/www.huruguen.fr\/site\/wp-content\/uploads\/2013\/06\/magazine-departement-gironde-103-n103-reportage-photos-sebastien-huruguen-5-800x800.jpg 800w\" sizes=\"auto, (max-width: 400px) 100vw, 400px\" class=\"light-dropshaddow\"\/><\/a><\/div><\/div><div class=\"tcol-lg-4 tcol-md-4 tcol-sm-4 tcol-xs-6 tcol-ss-12 g_item\"><div class=\"grid_item kad_gallery_fade_in gallery_item\"><a href=\"https:\/\/www.huruguen.fr\/site\/wp-content\/uploads\/2013\/06\/magazine-departement-gironde-103-n103-reportage-photos-sebastien-huruguen-11.jpg\" data-rel=\"lightbox\" class=\"lightboxhover\"><img loading=\"lazy\" decoding=\"async\" src=\"https:\/\/www.huruguen.fr\/site\/wp-content\/uploads\/2013\/06\/magazine-departement-gironde-103-n103-reportage-photos-sebastien-huruguen-11-400x400.jpg\" width=\"400\" height=\"400\" alt=\"magazine-departement-gironde-103-n103-reportage-photos-sebastien-huruguen (11)\" srcset=\"https:\/\/www.huruguen.fr\/site\/wp-content\/uploads\/2013\/06\/magazine-departement-gironde-103-n103-reportage-photos-sebastien-huruguen-11-400x400.jpg 400w, https:\/\/www.huruguen.fr\/site\/wp-content\/uploads\/2013\/06\/magazine-departement-gironde-103-n103-reportage-photos-sebastien-huruguen-11-150x150.jpg 150w, https:\/\/www.huruguen.fr\/site\/wp-content\/uploads\/2013\/06\/magazine-departement-gironde-103-n103-reportage-photos-sebastien-huruguen-11-60x60.jpg 60w, https:\/\/www.huruguen.fr\/site\/wp-content\/uploads\/2013\/06\/magazine-departement-gironde-103-n103-reportage-photos-sebastien-huruguen-11-800x800.jpg 800w\" sizes=\"auto, (max-width: 400px) 100vw, 400px\" class=\"light-dropshaddow\"\/><\/a><\/div><\/div><\/div>\n","protected":false},"excerpt":{"rendered":"<p>Espaces Naturels Sensibles, Nettoyage des plages &nbsp; Le dernier num\u00e9ro du magazine du d\u00e9partement de la Gironde est arriv\u00e9 dans votre boite aux lettres hier ! Au programme de ce num\u00e9ro estival, plusieurs reportages photos pour le magazine dont le &hellip; <a href=\"https:\/\/www.huruguen.fr\/site\/magazine-gironde-n103\/\">Lire la suite<\/a><\/p>\n","protected":false},"author":1,"featured_media":1475,"comment_status":"closed","ping_status":"open","sticky":false,"template":"","format":"standard","meta":{"kt_blocks_editor_width":"","footnotes":""},"categories":[1537],"tags":[],"class_list":["post-1474","post","type-post","status-publish","format-standard","has-post-thumbnail","hentry","category-reportages"],"yoast_head":"<!-- This site is optimized with the Yoast SEO plugin v27.4 - https:\/\/yoast.com\/product\/yoast-seo-wordpress\/ -->\n<title>Magazine GIRONDE n\u00b0103 - Photographe Professionnel \u00e0 Bordeaux &#x1f4f7; Sebastien Huruguen<\/title>\n<meta name=\"description\" content=\"Photographe \u00e0 Bordeaux, S\u00e9bastien Huruguen a r\u00e9alis\u00e9 plusieurs reportages photos pour le magazine du departement Gironde n\u00b0103. Magazine gratuit distribu\u00e9 dans tout le d\u00e9partement.\" \/>\n<meta name=\"robots\" content=\"index, follow, max-snippet:-1, max-image-preview:large, max-video-preview:-1\" \/>\n<link rel=\"canonical\" href=\"https:\/\/www.huruguen.fr\/site\/magazine-gironde-n103\/\" \/>\n<meta property=\"og:locale\" content=\"fr_FR\" \/>\n<meta property=\"og:type\" content=\"article\" \/>\n<meta property=\"og:title\" content=\"Magazine GIRONDE n\u00b0103 - Photographe Professionnel \u00e0 Bordeaux &#x1f4f7; Sebastien Huruguen\" \/>\n<meta property=\"og:description\" content=\"Photographe \u00e0 Bordeaux, S\u00e9bastien Huruguen a r\u00e9alis\u00e9 plusieurs reportages photos pour le magazine du departement Gironde n\u00b0103. Magazine gratuit distribu\u00e9 dans tout le d\u00e9partement.\" \/>\n<meta property=\"og:url\" content=\"https:\/\/www.huruguen.fr\/site\/magazine-gironde-n103\/\" \/>\n<meta property=\"og:site_name\" content=\"Photographe Professionnel \u00e0 Bordeaux &#x1f4f7; Sebastien Huruguen\" \/>\n<meta property=\"article:publisher\" content=\"https:\/\/www.facebook.com\/huruguen\" \/>\n<meta property=\"article:author\" content=\"https:\/\/www.facebook.com\/huruguen\/\" \/>\n<meta property=\"article:published_time\" content=\"2013-06-26T09:17:57+00:00\" \/>\n<meta property=\"article:modified_time\" content=\"2024-04-03T12:12:20+00:00\" \/>\n<meta property=\"og:image\" content=\"https:\/\/www.huruguen.fr\/site\/wp-content\/uploads\/2013\/06\/gironde-103-dechetes-plages-girondines-pollution-plastique-dechet.jpg\" \/>\n\t<meta property=\"og:image:width\" content=\"960\" \/>\n\t<meta property=\"og:image:height\" content=\"447\" \/>\n\t<meta property=\"og:image:type\" content=\"image\/jpeg\" \/>\n<meta name=\"author\" content=\"Sebastien Huruguen\" \/>\n<meta name=\"twitter:card\" content=\"summary_large_image\" \/>\n<meta name=\"twitter:creator\" content=\"@www_huruguen_fr\" \/>\n<meta name=\"twitter:site\" content=\"@www_huruguen_fr\" \/>\n<meta name=\"twitter:label1\" content=\"\u00c9crit par\" \/>\n\t<meta name=\"twitter:data1\" content=\"Sebastien Huruguen\" \/>\n\t<meta name=\"twitter:label2\" content=\"Dur\u00e9e de lecture estim\u00e9e\" \/>\n\t<meta name=\"twitter:data2\" content=\"1 minute\" \/>\n<script type=\"application\/ld+json\" class=\"yoast-schema-graph\">{\"@context\":\"https:\\\/\\\/schema.org\",\"@graph\":[{\"@type\":\"Article\",\"@id\":\"https:\\\/\\\/www.huruguen.fr\\\/site\\\/magazine-gironde-n103\\\/#article\",\"isPartOf\":{\"@id\":\"https:\\\/\\\/www.huruguen.fr\\\/site\\\/magazine-gironde-n103\\\/\"},\"author\":{\"name\":\"Sebastien Huruguen\",\"@id\":\"https:\\\/\\\/www.huruguen.fr\\\/site\\\/#\\\/schema\\\/person\\\/bdce6395a337c00db735bf5fa1268715\"},\"headline\":\"Magazine GIRONDE n\u00b0103\",\"datePublished\":\"2013-06-26T09:17:57+00:00\",\"dateModified\":\"2024-04-03T12:12:20+00:00\",\"mainEntityOfPage\":{\"@id\":\"https:\\\/\\\/www.huruguen.fr\\\/site\\\/magazine-gironde-n103\\\/\"},\"wordCount\":160,\"publisher\":{\"@id\":\"https:\\\/\\\/www.huruguen.fr\\\/site\\\/#organization\"},\"image\":{\"@id\":\"https:\\\/\\\/www.huruguen.fr\\\/site\\\/magazine-gironde-n103\\\/#primaryimage\"},\"thumbnailUrl\":\"https:\\\/\\\/www.huruguen.fr\\\/site\\\/wp-content\\\/uploads\\\/2013\\\/06\\\/gironde-103-dechetes-plages-girondines-pollution-plastique-dechet.jpg\",\"articleSection\":[\"Actualit\u00e9s\"],\"inLanguage\":\"fr-FR\"},{\"@type\":\"WebPage\",\"@id\":\"https:\\\/\\\/www.huruguen.fr\\\/site\\\/magazine-gironde-n103\\\/\",\"url\":\"https:\\\/\\\/www.huruguen.fr\\\/site\\\/magazine-gironde-n103\\\/\",\"name\":\"Magazine GIRONDE n\u00b0103 - Photographe Professionnel \u00e0 Bordeaux &#x1f4f7; Sebastien Huruguen\",\"isPartOf\":{\"@id\":\"https:\\\/\\\/www.huruguen.fr\\\/site\\\/#website\"},\"primaryImageOfPage\":{\"@id\":\"https:\\\/\\\/www.huruguen.fr\\\/site\\\/magazine-gironde-n103\\\/#primaryimage\"},\"image\":{\"@id\":\"https:\\\/\\\/www.huruguen.fr\\\/site\\\/magazine-gironde-n103\\\/#primaryimage\"},\"thumbnailUrl\":\"https:\\\/\\\/www.huruguen.fr\\\/site\\\/wp-content\\\/uploads\\\/2013\\\/06\\\/gironde-103-dechetes-plages-girondines-pollution-plastique-dechet.jpg\",\"datePublished\":\"2013-06-26T09:17:57+00:00\",\"dateModified\":\"2024-04-03T12:12:20+00:00\",\"description\":\"Photographe \u00e0 Bordeaux, S\u00e9bastien Huruguen a r\u00e9alis\u00e9 plusieurs reportages photos pour le magazine du departement Gironde n\u00b0103. Magazine gratuit distribu\u00e9 dans tout le d\u00e9partement.\",\"breadcrumb\":{\"@id\":\"https:\\\/\\\/www.huruguen.fr\\\/site\\\/magazine-gironde-n103\\\/#breadcrumb\"},\"inLanguage\":\"fr-FR\",\"potentialAction\":[{\"@type\":\"ReadAction\",\"target\":[\"https:\\\/\\\/www.huruguen.fr\\\/site\\\/magazine-gironde-n103\\\/\"]}]},{\"@type\":\"ImageObject\",\"inLanguage\":\"fr-FR\",\"@id\":\"https:\\\/\\\/www.huruguen.fr\\\/site\\\/magazine-gironde-n103\\\/#primaryimage\",\"url\":\"https:\\\/\\\/www.huruguen.fr\\\/site\\\/wp-content\\\/uploads\\\/2013\\\/06\\\/gironde-103-dechetes-plages-girondines-pollution-plastique-dechet.jpg\",\"contentUrl\":\"https:\\\/\\\/www.huruguen.fr\\\/site\\\/wp-content\\\/uploads\\\/2013\\\/06\\\/gironde-103-dechetes-plages-girondines-pollution-plastique-dechet.jpg\",\"width\":960,\"height\":447,\"caption\":\"Gironde 103 dechetes plages girondines pollution plastique dechet\"},{\"@type\":\"BreadcrumbList\",\"@id\":\"https:\\\/\\\/www.huruguen.fr\\\/site\\\/magazine-gironde-n103\\\/#breadcrumb\",\"itemListElement\":[{\"@type\":\"ListItem\",\"position\":1,\"name\":\"Accueil\",\"item\":\"https:\\\/\\\/www.huruguen.fr\\\/site\\\/\"},{\"@type\":\"ListItem\",\"position\":2,\"name\":\"Magazine GIRONDE n\u00b0103\"}]},{\"@type\":\"WebSite\",\"@id\":\"https:\\\/\\\/www.huruguen.fr\\\/site\\\/#website\",\"url\":\"https:\\\/\\\/www.huruguen.fr\\\/site\\\/\",\"name\":\"Photographe Professionnel \u00e0 Bordeaux Sebastien Huruguen\",\"description\":\"Photographe professionnel ind\u00e9pendant a Bordeaux. Prestations et services photograpphiques pour les professionnels et particuliers : reportages, s\u00e9ances photos, studio, packshot.\",\"publisher\":{\"@id\":\"https:\\\/\\\/www.huruguen.fr\\\/site\\\/#organization\"},\"potentialAction\":[{\"@type\":\"SearchAction\",\"target\":{\"@type\":\"EntryPoint\",\"urlTemplate\":\"https:\\\/\\\/www.huruguen.fr\\\/site\\\/?s={search_term_string}\"},\"query-input\":{\"@type\":\"PropertyValueSpecification\",\"valueRequired\":true,\"valueName\":\"search_term_string\"}}],\"inLanguage\":\"fr-FR\"},{\"@type\":\"Organization\",\"@id\":\"https:\\\/\\\/www.huruguen.fr\\\/site\\\/#organization\",\"name\":\"S\u00e9bastien Huruguen Photographe\",\"url\":\"https:\\\/\\\/www.huruguen.fr\\\/site\\\/\",\"logo\":{\"@type\":\"ImageObject\",\"inLanguage\":\"fr-FR\",\"@id\":\"https:\\\/\\\/www.huruguen.fr\\\/site\\\/#\\\/schema\\\/logo\\\/image\\\/\",\"url\":\"https:\\\/\\\/www.huruguen.fr\\\/site\\\/wp-content\\\/uploads\\\/2018\\\/03\\\/Logo-Huruguen-triptique-2018-noir-1500.jpg\",\"contentUrl\":\"https:\\\/\\\/www.huruguen.fr\\\/site\\\/wp-content\\\/uploads\\\/2018\\\/03\\\/Logo-Huruguen-triptique-2018-noir-1500.jpg\",\"width\":1500,\"height\":1500,\"caption\":\"S\u00e9bastien Huruguen Photographe\"},\"image\":{\"@id\":\"https:\\\/\\\/www.huruguen.fr\\\/site\\\/#\\\/schema\\\/logo\\\/image\\\/\"},\"sameAs\":[\"https:\\\/\\\/www.facebook.com\\\/huruguen\",\"https:\\\/\\\/x.com\\\/www_huruguen_fr\",\"https:\\\/\\\/www.instagram.com\\\/sebastien.huruguen\\\/\"]},{\"@type\":\"Person\",\"@id\":\"https:\\\/\\\/www.huruguen.fr\\\/site\\\/#\\\/schema\\\/person\\\/bdce6395a337c00db735bf5fa1268715\",\"name\":\"Sebastien Huruguen\",\"description\":\"S\u00e9bastien Huruguen est photographe professionnel \u00e0 Bordeaux.\",\"sameAs\":[\"https:\\\/\\\/www.huruguen.fr\",\"https:\\\/\\\/www.facebook.com\\\/huruguen\\\/\",\"https:\\\/\\\/www.instagram.com\\\/sebastien.huruguen\\\/\",\"https:\\\/\\\/www.linkedin.com\\\/in\\\/sbastien-huruguen-95452342\\\/\",\"https:\\\/\\\/www.pinterest.fr\\\/shuruguen\\\/\",\"https:\\\/\\\/x.com\\\/www_huruguen_fr\",\"https:\\\/\\\/www.youtube.com\\\/channel\\\/UChEt96Suus_jyoBce80fNOA?nohtml5=False\"]}]}<\/script>\n<!-- \/ Yoast SEO plugin. -->","yoast_head_json":{"title":"Magazine GIRONDE n\u00b0103 - Photographe Professionnel \u00e0 Bordeaux &#x1f4f7; Sebastien Huruguen","description":"Photographe \u00e0 Bordeaux, S\u00e9bastien Huruguen a r\u00e9alis\u00e9 plusieurs reportages photos pour le magazine du departement Gironde n\u00b0103. Magazine gratuit distribu\u00e9 dans tout le d\u00e9partement.","robots":{"index":"index","follow":"follow","max-snippet":"max-snippet:-1","max-image-preview":"max-image-preview:large","max-video-preview":"max-video-preview:-1"},"canonical":"https:\/\/www.huruguen.fr\/site\/magazine-gironde-n103\/","og_locale":"fr_FR","og_type":"article","og_title":"Magazine GIRONDE n\u00b0103 - Photographe Professionnel \u00e0 Bordeaux &#x1f4f7; Sebastien Huruguen","og_description":"Photographe \u00e0 Bordeaux, S\u00e9bastien Huruguen a r\u00e9alis\u00e9 plusieurs reportages photos pour le magazine du departement Gironde n\u00b0103. Magazine gratuit distribu\u00e9 dans tout le d\u00e9partement.","og_url":"https:\/\/www.huruguen.fr\/site\/magazine-gironde-n103\/","og_site_name":"Photographe Professionnel \u00e0 Bordeaux &#x1f4f7; Sebastien Huruguen","article_publisher":"https:\/\/www.facebook.com\/huruguen","article_author":"https:\/\/www.facebook.com\/huruguen\/","article_published_time":"2013-06-26T09:17:57+00:00","article_modified_time":"2024-04-03T12:12:20+00:00","og_image":[{"width":960,"height":447,"url":"https:\/\/www.huruguen.fr\/site\/wp-content\/uploads\/2013\/06\/gironde-103-dechetes-plages-girondines-pollution-plastique-dechet.jpg","type":"image\/jpeg"}],"author":"Sebastien Huruguen","twitter_card":"summary_large_image","twitter_creator":"@www_huruguen_fr","twitter_site":"@www_huruguen_fr","twitter_misc":{"\u00c9crit par":"Sebastien Huruguen","Dur\u00e9e de lecture estim\u00e9e":"1 minute"},"schema":{"@context":"https:\/\/schema.org","@graph":[{"@type":"Article","@id":"https:\/\/www.huruguen.fr\/site\/magazine-gironde-n103\/#article","isPartOf":{"@id":"https:\/\/www.huruguen.fr\/site\/magazine-gironde-n103\/"},"author":{"name":"Sebastien Huruguen","@id":"https:\/\/www.huruguen.fr\/site\/#\/schema\/person\/bdce6395a337c00db735bf5fa1268715"},"headline":"Magazine GIRONDE n\u00b0103","datePublished":"2013-06-26T09:17:57+00:00","dateModified":"2024-04-03T12:12:20+00:00","mainEntityOfPage":{"@id":"https:\/\/www.huruguen.fr\/site\/magazine-gironde-n103\/"},"wordCount":160,"publisher":{"@id":"https:\/\/www.huruguen.fr\/site\/#organization"},"image":{"@id":"https:\/\/www.huruguen.fr\/site\/magazine-gironde-n103\/#primaryimage"},"thumbnailUrl":"https:\/\/www.huruguen.fr\/site\/wp-content\/uploads\/2013\/06\/gironde-103-dechetes-plages-girondines-pollution-plastique-dechet.jpg","articleSection":["Actualit\u00e9s"],"inLanguage":"fr-FR"},{"@type":"WebPage","@id":"https:\/\/www.huruguen.fr\/site\/magazine-gironde-n103\/","url":"https:\/\/www.huruguen.fr\/site\/magazine-gironde-n103\/","name":"Magazine GIRONDE n\u00b0103 - Photographe Professionnel \u00e0 Bordeaux &#x1f4f7; Sebastien Huruguen","isPartOf":{"@id":"https:\/\/www.huruguen.fr\/site\/#website"},"primaryImageOfPage":{"@id":"https:\/\/www.huruguen.fr\/site\/magazine-gironde-n103\/#primaryimage"},"image":{"@id":"https:\/\/www.huruguen.fr\/site\/magazine-gironde-n103\/#primaryimage"},"thumbnailUrl":"https:\/\/www.huruguen.fr\/site\/wp-content\/uploads\/2013\/06\/gironde-103-dechetes-plages-girondines-pollution-plastique-dechet.jpg","datePublished":"2013-06-26T09:17:57+00:00","dateModified":"2024-04-03T12:12:20+00:00","description":"Photographe \u00e0 Bordeaux, S\u00e9bastien Huruguen a r\u00e9alis\u00e9 plusieurs reportages photos pour le magazine du departement Gironde n\u00b0103. Magazine gratuit distribu\u00e9 dans tout le d\u00e9partement.","breadcrumb":{"@id":"https:\/\/www.huruguen.fr\/site\/magazine-gironde-n103\/#breadcrumb"},"inLanguage":"fr-FR","potentialAction":[{"@type":"ReadAction","target":["https:\/\/www.huruguen.fr\/site\/magazine-gironde-n103\/"]}]},{"@type":"ImageObject","inLanguage":"fr-FR","@id":"https:\/\/www.huruguen.fr\/site\/magazine-gironde-n103\/#primaryimage","url":"https:\/\/www.huruguen.fr\/site\/wp-content\/uploads\/2013\/06\/gironde-103-dechetes-plages-girondines-pollution-plastique-dechet.jpg","contentUrl":"https:\/\/www.huruguen.fr\/site\/wp-content\/uploads\/2013\/06\/gironde-103-dechetes-plages-girondines-pollution-plastique-dechet.jpg","width":960,"height":447,"caption":"Gironde 103 dechetes plages girondines pollution plastique dechet"},{"@type":"BreadcrumbList","@id":"https:\/\/www.huruguen.fr\/site\/magazine-gironde-n103\/#breadcrumb","itemListElement":[{"@type":"ListItem","position":1,"name":"Accueil","item":"https:\/\/www.huruguen.fr\/site\/"},{"@type":"ListItem","position":2,"name":"Magazine GIRONDE n\u00b0103"}]},{"@type":"WebSite","@id":"https:\/\/www.huruguen.fr\/site\/#website","url":"https:\/\/www.huruguen.fr\/site\/","name":"Photographe Professionnel \u00e0 Bordeaux Sebastien Huruguen","description":"Photographe professionnel ind\u00e9pendant a Bordeaux. Prestations et services photograpphiques pour les professionnels et particuliers : reportages, s\u00e9ances photos, studio, packshot.","publisher":{"@id":"https:\/\/www.huruguen.fr\/site\/#organization"},"potentialAction":[{"@type":"SearchAction","target":{"@type":"EntryPoint","urlTemplate":"https:\/\/www.huruguen.fr\/site\/?s={search_term_string}"},"query-input":{"@type":"PropertyValueSpecification","valueRequired":true,"valueName":"search_term_string"}}],"inLanguage":"fr-FR"},{"@type":"Organization","@id":"https:\/\/www.huruguen.fr\/site\/#organization","name":"S\u00e9bastien Huruguen Photographe","url":"https:\/\/www.huruguen.fr\/site\/","logo":{"@type":"ImageObject","inLanguage":"fr-FR","@id":"https:\/\/www.huruguen.fr\/site\/#\/schema\/logo\/image\/","url":"https:\/\/www.huruguen.fr\/site\/wp-content\/uploads\/2018\/03\/Logo-Huruguen-triptique-2018-noir-1500.jpg","contentUrl":"https:\/\/www.huruguen.fr\/site\/wp-content\/uploads\/2018\/03\/Logo-Huruguen-triptique-2018-noir-1500.jpg","width":1500,"height":1500,"caption":"S\u00e9bastien Huruguen Photographe"},"image":{"@id":"https:\/\/www.huruguen.fr\/site\/#\/schema\/logo\/image\/"},"sameAs":["https:\/\/www.facebook.com\/huruguen","https:\/\/x.com\/www_huruguen_fr","https:\/\/www.instagram.com\/sebastien.huruguen\/"]},{"@type":"Person","@id":"https:\/\/www.huruguen.fr\/site\/#\/schema\/person\/bdce6395a337c00db735bf5fa1268715","name":"Sebastien Huruguen","description":"S\u00e9bastien Huruguen est photographe professionnel \u00e0 Bordeaux.","sameAs":["https:\/\/www.huruguen.fr","https:\/\/www.facebook.com\/huruguen\/","https:\/\/www.instagram.com\/sebastien.huruguen\/","https:\/\/www.linkedin.com\/in\/sbastien-huruguen-95452342\/","https:\/\/www.pinterest.fr\/shuruguen\/","https:\/\/x.com\/www_huruguen_fr","https:\/\/www.youtube.com\/channel\/UChEt96Suus_jyoBce80fNOA?nohtml5=False"]}]}},"_links":{"self":[{"href":"https:\/\/www.huruguen.fr\/site\/wp-json\/wp\/v2\/posts\/1474","targetHints":{"allow":["GET"]}}],"collection":[{"href":"https:\/\/www.huruguen.fr\/site\/wp-json\/wp\/v2\/posts"}],"about":[{"href":"https:\/\/www.huruguen.fr\/site\/wp-json\/wp\/v2\/types\/post"}],"author":[{"embeddable":true,"href":"https:\/\/www.huruguen.fr\/site\/wp-json\/wp\/v2\/users\/1"}],"replies":[{"embeddable":true,"href":"https:\/\/www.huruguen.fr\/site\/wp-json\/wp\/v2\/comments?post=1474"}],"version-history":[{"count":9,"href":"https:\/\/www.huruguen.fr\/site\/wp-json\/wp\/v2\/posts\/1474\/revisions"}],"predecessor-version":[{"id":62966,"href":"https:\/\/www.huruguen.fr\/site\/wp-json\/wp\/v2\/posts\/1474\/revisions\/62966"}],"wp:featuredmedia":[{"embeddable":true,"href":"https:\/\/www.huruguen.fr\/site\/wp-json\/wp\/v2\/media\/1475"}],"wp:attachment":[{"href":"https:\/\/www.huruguen.fr\/site\/wp-json\/wp\/v2\/media?parent=1474"}],"wp:term":[{"taxonomy":"category","embeddable":true,"href":"https:\/\/www.huruguen.fr\/site\/wp-json\/wp\/v2\/categories?post=1474"},{"taxonomy":"post_tag","embeddable":true,"href":"https:\/\/www.huruguen.fr\/site\/wp-json\/wp\/v2\/tags?post=1474"}],"curies":[{"name":"wp","href":"https:\/\/api.w.org\/{rel}","templated":true}]}}