{"id":1107,"date":"2012-12-03T21:14:40","date_gmt":"2012-12-03T19:14:40","guid":{"rendered":"http:\/\/www.huruguen.fr\/?p=1107"},"modified":"2018-05-17T14:32:00","modified_gmt":"2018-05-17T13:32:00","slug":"merignac-magazine-n42","status":"publish","type":"post","link":"https:\/\/www.huruguen.fr\/site\/merignac-magazine-n42\/","title":{"rendered":"MERIGNAC Magazine n\u00b042"},"content":{"rendered":"<p><a href=\"https:\/\/www.huruguen.fr\/site\/wp-content\/uploads\/2012\/12\/merignac-magazine-numero-42-sebastien-huruguen-2.jpg\"><img loading=\"lazy\" decoding=\"async\" class=\"alignnone size-full wp-image-58954\" src=\"https:\/\/www.huruguen.fr\/site\/wp-content\/uploads\/2012\/12\/merignac-magazine-numero-42-sebastien-huruguen-2.jpg\" alt=\"\" width=\"960\" height=\"640\" data-id=\"58954\" srcset=\"https:\/\/www.huruguen.fr\/site\/wp-content\/uploads\/2012\/12\/merignac-magazine-numero-42-sebastien-huruguen-2.jpg 960w, https:\/\/www.huruguen.fr\/site\/wp-content\/uploads\/2012\/12\/merignac-magazine-numero-42-sebastien-huruguen-2-300x200.jpg 300w, https:\/\/www.huruguen.fr\/site\/wp-content\/uploads\/2012\/12\/merignac-magazine-numero-42-sebastien-huruguen-2-768x512.jpg 768w\" sizes=\"auto, (max-width: 960px) 100vw, 960px\" \/><\/a><\/p>\n<p>L&rsquo;hiver est bien l\u00e0, et No\u00ebl approche \u00e0 grand pas !<\/p>\n<p>Le nouveau num\u00e9ro de D\u00e9cembre du Magazine de la ville de M\u00e9rignac est d\u00e9sormais dispo dans toutes les boites aux lettres de la ville mais \u00e9galement consultable en ligne sur le site de la mairie dans sa version pdf :&nbsp;www.merignac.com<\/p>\n<p>Retrouvez en couverture le dossier sp\u00e9cial No\u00ebl consacr\u00e9 aux commerces de la ville de M\u00e9rignac illustr\u00e9 par mes photos.<\/p>\n<div id=\"kad-wp-gallery29\" class=\"kad-wp-gallery kad-light-wp-gallery clearfix kt-gallery-column-3 rowtight\"><div class=\"tcol-lg-4 tcol-md-4 tcol-sm-4 tcol-xs-6 tcol-ss-12 g_item\"><div class=\"grid_item kad_gallery_fade_in gallery_item\"><a href=\"https:\/\/www.huruguen.fr\/site\/wp-content\/uploads\/2012\/12\/merignac-magazine-numero-42-sebastien-huruguen-1.jpg\" data-rel=\"lightbox\" class=\"lightboxhover\"><img loading=\"lazy\" decoding=\"async\" src=\"https:\/\/www.huruguen.fr\/site\/wp-content\/uploads\/2012\/12\/merignac-magazine-numero-42-sebastien-huruguen-1-400x400.jpg\" width=\"400\" height=\"400\" alt=\"merignac-magazine-numero-42-sebastien-huruguen (1)\" srcset=\"https:\/\/www.huruguen.fr\/site\/wp-content\/uploads\/2012\/12\/merignac-magazine-numero-42-sebastien-huruguen-1-400x400.jpg 400w, https:\/\/www.huruguen.fr\/site\/wp-content\/uploads\/2012\/12\/merignac-magazine-numero-42-sebastien-huruguen-1-150x150.jpg 150w, https:\/\/www.huruguen.fr\/site\/wp-content\/uploads\/2012\/12\/merignac-magazine-numero-42-sebastien-huruguen-1-60x60.jpg 60w\" sizes=\"auto, (max-width: 400px) 100vw, 400px\" class=\"light-dropshaddow\"\/><\/a><\/div><\/div><div class=\"tcol-lg-4 tcol-md-4 tcol-sm-4 tcol-xs-6 tcol-ss-12 g_item\"><div class=\"grid_item kad_gallery_fade_in gallery_item\"><a href=\"https:\/\/www.huruguen.fr\/site\/wp-content\/uploads\/2012\/12\/merignac-magazine-numero-42-sebastien-huruguen-2.jpg\" data-rel=\"lightbox\" class=\"lightboxhover\"><img loading=\"lazy\" decoding=\"async\" src=\"https:\/\/www.huruguen.fr\/site\/wp-content\/uploads\/2012\/12\/merignac-magazine-numero-42-sebastien-huruguen-2-400x400.jpg\" width=\"400\" height=\"400\" alt=\"merignac-magazine-numero-42-sebastien-huruguen (2)\" srcset=\"https:\/\/www.huruguen.fr\/site\/wp-content\/uploads\/2012\/12\/merignac-magazine-numero-42-sebastien-huruguen-2-400x400.jpg 400w, https:\/\/www.huruguen.fr\/site\/wp-content\/uploads\/2012\/12\/merignac-magazine-numero-42-sebastien-huruguen-2-150x150.jpg 150w, https:\/\/www.huruguen.fr\/site\/wp-content\/uploads\/2012\/12\/merignac-magazine-numero-42-sebastien-huruguen-2-60x60.jpg 60w\" sizes=\"auto, (max-width: 400px) 100vw, 400px\" class=\"light-dropshaddow\"\/><\/a><\/div><\/div><div class=\"tcol-lg-4 tcol-md-4 tcol-sm-4 tcol-xs-6 tcol-ss-12 g_item\"><div class=\"grid_item kad_gallery_fade_in gallery_item\"><a href=\"https:\/\/www.huruguen.fr\/site\/wp-content\/uploads\/2012\/12\/merignac-magazine-numero-42-sebastien-huruguen-3.jpg\" data-rel=\"lightbox\" class=\"lightboxhover\"><img loading=\"lazy\" decoding=\"async\" src=\"https:\/\/www.huruguen.fr\/site\/wp-content\/uploads\/2012\/12\/merignac-magazine-numero-42-sebastien-huruguen-3-400x400.jpg\" width=\"400\" height=\"400\" alt=\"merignac-magazine-numero-42-sebastien-huruguen (3)\" srcset=\"https:\/\/www.huruguen.fr\/site\/wp-content\/uploads\/2012\/12\/merignac-magazine-numero-42-sebastien-huruguen-3-400x400.jpg 400w, https:\/\/www.huruguen.fr\/site\/wp-content\/uploads\/2012\/12\/merignac-magazine-numero-42-sebastien-huruguen-3-150x150.jpg 150w, https:\/\/www.huruguen.fr\/site\/wp-content\/uploads\/2012\/12\/merignac-magazine-numero-42-sebastien-huruguen-3-60x60.jpg 60w\" sizes=\"auto, (max-width: 400px) 100vw, 400px\" class=\"light-dropshaddow\"\/><\/a><\/div><\/div><div class=\"tcol-lg-4 tcol-md-4 tcol-sm-4 tcol-xs-6 tcol-ss-12 g_item\"><div class=\"grid_item kad_gallery_fade_in gallery_item\"><a href=\"https:\/\/www.huruguen.fr\/site\/wp-content\/uploads\/2012\/12\/merignac-magazine-numero-42-sebastien-huruguen-4.jpg\" data-rel=\"lightbox\" class=\"lightboxhover\"><img loading=\"lazy\" decoding=\"async\" src=\"https:\/\/www.huruguen.fr\/site\/wp-content\/uploads\/2012\/12\/merignac-magazine-numero-42-sebastien-huruguen-4-400x400.jpg\" width=\"400\" height=\"400\" alt=\"merignac-magazine-numero-42-sebastien-huruguen (4)\" srcset=\"https:\/\/www.huruguen.fr\/site\/wp-content\/uploads\/2012\/12\/merignac-magazine-numero-42-sebastien-huruguen-4-400x400.jpg 400w, https:\/\/www.huruguen.fr\/site\/wp-content\/uploads\/2012\/12\/merignac-magazine-numero-42-sebastien-huruguen-4-150x150.jpg 150w, https:\/\/www.huruguen.fr\/site\/wp-content\/uploads\/2012\/12\/merignac-magazine-numero-42-sebastien-huruguen-4-60x60.jpg 60w\" sizes=\"auto, (max-width: 400px) 100vw, 400px\" class=\"light-dropshaddow\"\/><\/a><\/div><\/div><div class=\"tcol-lg-4 tcol-md-4 tcol-sm-4 tcol-xs-6 tcol-ss-12 g_item\"><div class=\"grid_item kad_gallery_fade_in gallery_item\"><a href=\"https:\/\/www.huruguen.fr\/site\/wp-content\/uploads\/2012\/12\/merignac-magazine-numero-42-sebastien-huruguen-5.jpg\" data-rel=\"lightbox\" class=\"lightboxhover\"><img loading=\"lazy\" decoding=\"async\" src=\"https:\/\/www.huruguen.fr\/site\/wp-content\/uploads\/2012\/12\/merignac-magazine-numero-42-sebastien-huruguen-5-400x400.jpg\" width=\"400\" height=\"400\" alt=\"merignac-magazine-numero-42-sebastien-huruguen (5)\" srcset=\"https:\/\/www.huruguen.fr\/site\/wp-content\/uploads\/2012\/12\/merignac-magazine-numero-42-sebastien-huruguen-5-400x400.jpg 400w, https:\/\/www.huruguen.fr\/site\/wp-content\/uploads\/2012\/12\/merignac-magazine-numero-42-sebastien-huruguen-5-150x150.jpg 150w, https:\/\/www.huruguen.fr\/site\/wp-content\/uploads\/2012\/12\/merignac-magazine-numero-42-sebastien-huruguen-5-60x60.jpg 60w\" sizes=\"auto, (max-width: 400px) 100vw, 400px\" class=\"light-dropshaddow\"\/><\/a><\/div><\/div><div class=\"tcol-lg-4 tcol-md-4 tcol-sm-4 tcol-xs-6 tcol-ss-12 g_item\"><div class=\"grid_item kad_gallery_fade_in gallery_item\"><a href=\"https:\/\/www.huruguen.fr\/site\/wp-content\/uploads\/2012\/12\/merignac-magazine-numero-42-sebastien-huruguen-6.jpg\" data-rel=\"lightbox\" class=\"lightboxhover\"><img loading=\"lazy\" decoding=\"async\" src=\"https:\/\/www.huruguen.fr\/site\/wp-content\/uploads\/2012\/12\/merignac-magazine-numero-42-sebastien-huruguen-6-400x400.jpg\" width=\"400\" height=\"400\" alt=\"merignac-magazine-numero-42-sebastien-huruguen (6)\" srcset=\"https:\/\/www.huruguen.fr\/site\/wp-content\/uploads\/2012\/12\/merignac-magazine-numero-42-sebastien-huruguen-6-400x400.jpg 400w, https:\/\/www.huruguen.fr\/site\/wp-content\/uploads\/2012\/12\/merignac-magazine-numero-42-sebastien-huruguen-6-150x150.jpg 150w, https:\/\/www.huruguen.fr\/site\/wp-content\/uploads\/2012\/12\/merignac-magazine-numero-42-sebastien-huruguen-6-60x60.jpg 60w\" sizes=\"auto, (max-width: 400px) 100vw, 400px\" class=\"light-dropshaddow\"\/><\/a><\/div><\/div><div class=\"tcol-lg-4 tcol-md-4 tcol-sm-4 tcol-xs-6 tcol-ss-12 g_item\"><div class=\"grid_item kad_gallery_fade_in gallery_item\"><a href=\"https:\/\/www.huruguen.fr\/site\/wp-content\/uploads\/2016\/03\/mlm-42-couv-800.jpg\" data-rel=\"lightbox\" class=\"lightboxhover\"><img loading=\"lazy\" decoding=\"async\" src=\"https:\/\/www.huruguen.fr\/site\/wp-content\/uploads\/2016\/03\/mlm-42-couv-800-400x400.jpg\" width=\"400\" height=\"400\" alt=\"Mlm 42 Couv 800\" srcset=\"https:\/\/www.huruguen.fr\/site\/wp-content\/uploads\/2016\/03\/mlm-42-couv-800-400x400.jpg 400w, https:\/\/www.huruguen.fr\/site\/wp-content\/uploads\/2016\/03\/mlm-42-couv-800-150x150.jpg 150w, https:\/\/www.huruguen.fr\/site\/wp-content\/uploads\/2016\/03\/mlm-42-couv-800-60x60.jpg 60w\" sizes=\"auto, (max-width: 400px) 100vw, 400px\" class=\"light-dropshaddow\"\/><\/a><\/div><\/div><\/div>\n","protected":false},"excerpt":{"rendered":"<p>L&rsquo;hiver est bien l\u00e0, et No\u00ebl approche \u00e0 grand pas ! Le nouveau num\u00e9ro de D\u00e9cembre du Magazine de la ville de M\u00e9rignac est d\u00e9sormais dispo dans toutes les boites aux lettres de la ville mais \u00e9galement consultable en ligne &hellip; <a href=\"https:\/\/www.huruguen.fr\/site\/merignac-magazine-n42\/\">Lire la suite<\/a><\/p>\n","protected":false},"author":1,"featured_media":1108,"comment_status":"closed","ping_status":"open","sticky":false,"template":"","format":"standard","meta":{"kt_blocks_editor_width":"","footnotes":""},"categories":[1537],"tags":[2356,2547,1306,2361,2279,1240,923,1305,1248,2290],"class_list":["post-1107","post","type-post","status-publish","format-standard","has-post-thumbnail","hentry","category-reportages","tag-2356","tag-commercants","tag-decembre-2","tag-gironde","tag-huruguen","tag-mag-2","tag-merignac","tag-merignac-mlm-42","tag-noel-2","tag-seb"],"yoast_head":"<!-- This site is optimized with the Yoast SEO plugin v27.4 - https:\/\/yoast.com\/product\/yoast-seo-wordpress\/ -->\n<title>MERIGNAC Magazine n\u00b042 - Photographe Professionnel \u00e0 Bordeaux &#x1f4f7; Sebastien Huruguen<\/title>\n<meta name=\"robots\" content=\"index, follow, max-snippet:-1, max-image-preview:large, max-video-preview:-1\" \/>\n<link rel=\"canonical\" href=\"https:\/\/www.huruguen.fr\/site\/merignac-magazine-n42\/\" \/>\n<meta property=\"og:locale\" content=\"fr_FR\" \/>\n<meta property=\"og:type\" content=\"article\" \/>\n<meta property=\"og:title\" content=\"MERIGNAC Magazine n\u00b042 - Photographe Professionnel \u00e0 Bordeaux &#x1f4f7; Sebastien Huruguen\" \/>\n<meta property=\"og:description\" content=\"L&rsquo;hiver est bien l\u00e0, et No\u00ebl approche \u00e0 grand pas ! Le nouveau num\u00e9ro de D\u00e9cembre du Magazine de la ville de M\u00e9rignac est d\u00e9sormais dispo dans toutes les boites aux lettres de la ville mais \u00e9galement consultable en ligne &hellip; Lire la suite\" \/>\n<meta property=\"og:url\" content=\"https:\/\/www.huruguen.fr\/site\/merignac-magazine-n42\/\" \/>\n<meta property=\"og:site_name\" content=\"Photographe Professionnel \u00e0 Bordeaux &#x1f4f7; Sebastien Huruguen\" \/>\n<meta property=\"article:publisher\" content=\"https:\/\/www.facebook.com\/huruguen\" \/>\n<meta property=\"article:author\" content=\"https:\/\/www.facebook.com\/huruguen\/\" \/>\n<meta property=\"article:published_time\" content=\"2012-12-03T19:14:40+00:00\" \/>\n<meta property=\"article:modified_time\" content=\"2018-05-17T13:32:00+00:00\" \/>\n<meta property=\"og:image\" content=\"https:\/\/www.huruguen.fr\/site\/wp-content\/uploads\/2012\/12\/MG_0344.jpg\" \/>\n\t<meta property=\"og:image:width\" content=\"960\" \/>\n\t<meta property=\"og:image:height\" content=\"640\" \/>\n\t<meta property=\"og:image:type\" content=\"image\/jpeg\" \/>\n<meta name=\"author\" content=\"Sebastien Huruguen\" \/>\n<meta name=\"twitter:card\" content=\"summary_large_image\" \/>\n<meta name=\"twitter:creator\" content=\"@www_huruguen_fr\" \/>\n<meta name=\"twitter:site\" content=\"@www_huruguen_fr\" \/>\n<meta name=\"twitter:label1\" content=\"\u00c9crit par\" \/>\n\t<meta name=\"twitter:data1\" content=\"Sebastien Huruguen\" \/>\n<script type=\"application\/ld+json\" class=\"yoast-schema-graph\">{\"@context\":\"https:\\\/\\\/schema.org\",\"@graph\":[{\"@type\":\"Article\",\"@id\":\"https:\\\/\\\/www.huruguen.fr\\\/site\\\/merignac-magazine-n42\\\/#article\",\"isPartOf\":{\"@id\":\"https:\\\/\\\/www.huruguen.fr\\\/site\\\/merignac-magazine-n42\\\/\"},\"author\":{\"name\":\"Sebastien Huruguen\",\"@id\":\"https:\\\/\\\/www.huruguen.fr\\\/site\\\/#\\\/schema\\\/person\\\/bdce6395a337c00db735bf5fa1268715\"},\"headline\":\"MERIGNAC Magazine n\u00b042\",\"datePublished\":\"2012-12-03T19:14:40+00:00\",\"dateModified\":\"2018-05-17T13:32:00+00:00\",\"mainEntityOfPage\":{\"@id\":\"https:\\\/\\\/www.huruguen.fr\\\/site\\\/merignac-magazine-n42\\\/\"},\"wordCount\":89,\"publisher\":{\"@id\":\"https:\\\/\\\/www.huruguen.fr\\\/site\\\/#organization\"},\"image\":{\"@id\":\"https:\\\/\\\/www.huruguen.fr\\\/site\\\/merignac-magazine-n42\\\/#primaryimage\"},\"thumbnailUrl\":\"https:\\\/\\\/www.huruguen.fr\\\/site\\\/wp-content\\\/uploads\\\/2012\\\/12\\\/MG_0344.jpg\",\"keywords\":[\"33\",\"Commer\u00e7ants\",\"decembre\",\"gironde\",\"huruguen\",\"Mag\",\"Merignac\",\"Merignac MLM 42\",\"Noel\",\"seb\"],\"articleSection\":[\"Actualit\u00e9s\"],\"inLanguage\":\"fr-FR\"},{\"@type\":\"WebPage\",\"@id\":\"https:\\\/\\\/www.huruguen.fr\\\/site\\\/merignac-magazine-n42\\\/\",\"url\":\"https:\\\/\\\/www.huruguen.fr\\\/site\\\/merignac-magazine-n42\\\/\",\"name\":\"MERIGNAC Magazine n\u00b042 - Photographe Professionnel \u00e0 Bordeaux &#x1f4f7; Sebastien Huruguen\",\"isPartOf\":{\"@id\":\"https:\\\/\\\/www.huruguen.fr\\\/site\\\/#website\"},\"primaryImageOfPage\":{\"@id\":\"https:\\\/\\\/www.huruguen.fr\\\/site\\\/merignac-magazine-n42\\\/#primaryimage\"},\"image\":{\"@id\":\"https:\\\/\\\/www.huruguen.fr\\\/site\\\/merignac-magazine-n42\\\/#primaryimage\"},\"thumbnailUrl\":\"https:\\\/\\\/www.huruguen.fr\\\/site\\\/wp-content\\\/uploads\\\/2012\\\/12\\\/MG_0344.jpg\",\"datePublished\":\"2012-12-03T19:14:40+00:00\",\"dateModified\":\"2018-05-17T13:32:00+00:00\",\"breadcrumb\":{\"@id\":\"https:\\\/\\\/www.huruguen.fr\\\/site\\\/merignac-magazine-n42\\\/#breadcrumb\"},\"inLanguage\":\"fr-FR\",\"potentialAction\":[{\"@type\":\"ReadAction\",\"target\":[\"https:\\\/\\\/www.huruguen.fr\\\/site\\\/merignac-magazine-n42\\\/\"]}]},{\"@type\":\"ImageObject\",\"inLanguage\":\"fr-FR\",\"@id\":\"https:\\\/\\\/www.huruguen.fr\\\/site\\\/merignac-magazine-n42\\\/#primaryimage\",\"url\":\"https:\\\/\\\/www.huruguen.fr\\\/site\\\/wp-content\\\/uploads\\\/2012\\\/12\\\/MG_0344.jpg\",\"contentUrl\":\"https:\\\/\\\/www.huruguen.fr\\\/site\\\/wp-content\\\/uploads\\\/2012\\\/12\\\/MG_0344.jpg\",\"width\":\"960\",\"height\":\"640\",\"caption\":\"_MG_0344\"},{\"@type\":\"BreadcrumbList\",\"@id\":\"https:\\\/\\\/www.huruguen.fr\\\/site\\\/merignac-magazine-n42\\\/#breadcrumb\",\"itemListElement\":[{\"@type\":\"ListItem\",\"position\":1,\"name\":\"Accueil\",\"item\":\"https:\\\/\\\/www.huruguen.fr\\\/site\\\/\"},{\"@type\":\"ListItem\",\"position\":2,\"name\":\"MERIGNAC Magazine n\u00b042\"}]},{\"@type\":\"WebSite\",\"@id\":\"https:\\\/\\\/www.huruguen.fr\\\/site\\\/#website\",\"url\":\"https:\\\/\\\/www.huruguen.fr\\\/site\\\/\",\"name\":\"Photographe Professionnel \u00e0 Bordeaux Sebastien Huruguen\",\"description\":\"Photographe professionnel ind\u00e9pendant a Bordeaux. Prestations et services photograpphiques pour les professionnels et particuliers : reportages, s\u00e9ances photos, studio, packshot.\",\"publisher\":{\"@id\":\"https:\\\/\\\/www.huruguen.fr\\\/site\\\/#organization\"},\"potentialAction\":[{\"@type\":\"SearchAction\",\"target\":{\"@type\":\"EntryPoint\",\"urlTemplate\":\"https:\\\/\\\/www.huruguen.fr\\\/site\\\/?s={search_term_string}\"},\"query-input\":{\"@type\":\"PropertyValueSpecification\",\"valueRequired\":true,\"valueName\":\"search_term_string\"}}],\"inLanguage\":\"fr-FR\"},{\"@type\":\"Organization\",\"@id\":\"https:\\\/\\\/www.huruguen.fr\\\/site\\\/#organization\",\"name\":\"S\u00e9bastien Huruguen Photographe\",\"url\":\"https:\\\/\\\/www.huruguen.fr\\\/site\\\/\",\"logo\":{\"@type\":\"ImageObject\",\"inLanguage\":\"fr-FR\",\"@id\":\"https:\\\/\\\/www.huruguen.fr\\\/site\\\/#\\\/schema\\\/logo\\\/image\\\/\",\"url\":\"https:\\\/\\\/www.huruguen.fr\\\/site\\\/wp-content\\\/uploads\\\/2018\\\/03\\\/Logo-Huruguen-triptique-2018-noir-1500.jpg\",\"contentUrl\":\"https:\\\/\\\/www.huruguen.fr\\\/site\\\/wp-content\\\/uploads\\\/2018\\\/03\\\/Logo-Huruguen-triptique-2018-noir-1500.jpg\",\"width\":1500,\"height\":1500,\"caption\":\"S\u00e9bastien Huruguen Photographe\"},\"image\":{\"@id\":\"https:\\\/\\\/www.huruguen.fr\\\/site\\\/#\\\/schema\\\/logo\\\/image\\\/\"},\"sameAs\":[\"https:\\\/\\\/www.facebook.com\\\/huruguen\",\"https:\\\/\\\/x.com\\\/www_huruguen_fr\",\"https:\\\/\\\/www.instagram.com\\\/sebastien.huruguen\\\/\"]},{\"@type\":\"Person\",\"@id\":\"https:\\\/\\\/www.huruguen.fr\\\/site\\\/#\\\/schema\\\/person\\\/bdce6395a337c00db735bf5fa1268715\",\"name\":\"Sebastien Huruguen\",\"description\":\"S\u00e9bastien Huruguen est photographe professionnel \u00e0 Bordeaux.\",\"sameAs\":[\"https:\\\/\\\/www.huruguen.fr\",\"https:\\\/\\\/www.facebook.com\\\/huruguen\\\/\",\"https:\\\/\\\/www.instagram.com\\\/sebastien.huruguen\\\/\",\"https:\\\/\\\/www.linkedin.com\\\/in\\\/sbastien-huruguen-95452342\\\/\",\"https:\\\/\\\/www.pinterest.fr\\\/shuruguen\\\/\",\"https:\\\/\\\/x.com\\\/www_huruguen_fr\",\"https:\\\/\\\/www.youtube.com\\\/channel\\\/UChEt96Suus_jyoBce80fNOA?nohtml5=False\"]}]}<\/script>\n<!-- \/ Yoast SEO plugin. -->","yoast_head_json":{"title":"MERIGNAC Magazine n\u00b042 - Photographe Professionnel \u00e0 Bordeaux &#x1f4f7; Sebastien Huruguen","robots":{"index":"index","follow":"follow","max-snippet":"max-snippet:-1","max-image-preview":"max-image-preview:large","max-video-preview":"max-video-preview:-1"},"canonical":"https:\/\/www.huruguen.fr\/site\/merignac-magazine-n42\/","og_locale":"fr_FR","og_type":"article","og_title":"MERIGNAC Magazine n\u00b042 - Photographe Professionnel \u00e0 Bordeaux &#x1f4f7; Sebastien Huruguen","og_description":"L&rsquo;hiver est bien l\u00e0, et No\u00ebl approche \u00e0 grand pas ! Le nouveau num\u00e9ro de D\u00e9cembre du Magazine de la ville de M\u00e9rignac est d\u00e9sormais dispo dans toutes les boites aux lettres de la ville mais \u00e9galement consultable en ligne &hellip; Lire la suite","og_url":"https:\/\/www.huruguen.fr\/site\/merignac-magazine-n42\/","og_site_name":"Photographe Professionnel \u00e0 Bordeaux &#x1f4f7; Sebastien Huruguen","article_publisher":"https:\/\/www.facebook.com\/huruguen","article_author":"https:\/\/www.facebook.com\/huruguen\/","article_published_time":"2012-12-03T19:14:40+00:00","article_modified_time":"2018-05-17T13:32:00+00:00","og_image":[{"width":960,"height":640,"url":"https:\/\/www.huruguen.fr\/site\/wp-content\/uploads\/2012\/12\/MG_0344.jpg","type":"image\/jpeg"}],"author":"Sebastien Huruguen","twitter_card":"summary_large_image","twitter_creator":"@www_huruguen_fr","twitter_site":"@www_huruguen_fr","twitter_misc":{"\u00c9crit par":"Sebastien Huruguen"},"schema":{"@context":"https:\/\/schema.org","@graph":[{"@type":"Article","@id":"https:\/\/www.huruguen.fr\/site\/merignac-magazine-n42\/#article","isPartOf":{"@id":"https:\/\/www.huruguen.fr\/site\/merignac-magazine-n42\/"},"author":{"name":"Sebastien Huruguen","@id":"https:\/\/www.huruguen.fr\/site\/#\/schema\/person\/bdce6395a337c00db735bf5fa1268715"},"headline":"MERIGNAC Magazine n\u00b042","datePublished":"2012-12-03T19:14:40+00:00","dateModified":"2018-05-17T13:32:00+00:00","mainEntityOfPage":{"@id":"https:\/\/www.huruguen.fr\/site\/merignac-magazine-n42\/"},"wordCount":89,"publisher":{"@id":"https:\/\/www.huruguen.fr\/site\/#organization"},"image":{"@id":"https:\/\/www.huruguen.fr\/site\/merignac-magazine-n42\/#primaryimage"},"thumbnailUrl":"https:\/\/www.huruguen.fr\/site\/wp-content\/uploads\/2012\/12\/MG_0344.jpg","keywords":["33","Commer\u00e7ants","decembre","gironde","huruguen","Mag","Merignac","Merignac MLM 42","Noel","seb"],"articleSection":["Actualit\u00e9s"],"inLanguage":"fr-FR"},{"@type":"WebPage","@id":"https:\/\/www.huruguen.fr\/site\/merignac-magazine-n42\/","url":"https:\/\/www.huruguen.fr\/site\/merignac-magazine-n42\/","name":"MERIGNAC Magazine n\u00b042 - Photographe Professionnel \u00e0 Bordeaux &#x1f4f7; Sebastien Huruguen","isPartOf":{"@id":"https:\/\/www.huruguen.fr\/site\/#website"},"primaryImageOfPage":{"@id":"https:\/\/www.huruguen.fr\/site\/merignac-magazine-n42\/#primaryimage"},"image":{"@id":"https:\/\/www.huruguen.fr\/site\/merignac-magazine-n42\/#primaryimage"},"thumbnailUrl":"https:\/\/www.huruguen.fr\/site\/wp-content\/uploads\/2012\/12\/MG_0344.jpg","datePublished":"2012-12-03T19:14:40+00:00","dateModified":"2018-05-17T13:32:00+00:00","breadcrumb":{"@id":"https:\/\/www.huruguen.fr\/site\/merignac-magazine-n42\/#breadcrumb"},"inLanguage":"fr-FR","potentialAction":[{"@type":"ReadAction","target":["https:\/\/www.huruguen.fr\/site\/merignac-magazine-n42\/"]}]},{"@type":"ImageObject","inLanguage":"fr-FR","@id":"https:\/\/www.huruguen.fr\/site\/merignac-magazine-n42\/#primaryimage","url":"https:\/\/www.huruguen.fr\/site\/wp-content\/uploads\/2012\/12\/MG_0344.jpg","contentUrl":"https:\/\/www.huruguen.fr\/site\/wp-content\/uploads\/2012\/12\/MG_0344.jpg","width":"960","height":"640","caption":"_MG_0344"},{"@type":"BreadcrumbList","@id":"https:\/\/www.huruguen.fr\/site\/merignac-magazine-n42\/#breadcrumb","itemListElement":[{"@type":"ListItem","position":1,"name":"Accueil","item":"https:\/\/www.huruguen.fr\/site\/"},{"@type":"ListItem","position":2,"name":"MERIGNAC Magazine n\u00b042"}]},{"@type":"WebSite","@id":"https:\/\/www.huruguen.fr\/site\/#website","url":"https:\/\/www.huruguen.fr\/site\/","name":"Photographe Professionnel \u00e0 Bordeaux Sebastien Huruguen","description":"Photographe professionnel ind\u00e9pendant a Bordeaux. Prestations et services photograpphiques pour les professionnels et particuliers : reportages, s\u00e9ances photos, studio, packshot.","publisher":{"@id":"https:\/\/www.huruguen.fr\/site\/#organization"},"potentialAction":[{"@type":"SearchAction","target":{"@type":"EntryPoint","urlTemplate":"https:\/\/www.huruguen.fr\/site\/?s={search_term_string}"},"query-input":{"@type":"PropertyValueSpecification","valueRequired":true,"valueName":"search_term_string"}}],"inLanguage":"fr-FR"},{"@type":"Organization","@id":"https:\/\/www.huruguen.fr\/site\/#organization","name":"S\u00e9bastien Huruguen Photographe","url":"https:\/\/www.huruguen.fr\/site\/","logo":{"@type":"ImageObject","inLanguage":"fr-FR","@id":"https:\/\/www.huruguen.fr\/site\/#\/schema\/logo\/image\/","url":"https:\/\/www.huruguen.fr\/site\/wp-content\/uploads\/2018\/03\/Logo-Huruguen-triptique-2018-noir-1500.jpg","contentUrl":"https:\/\/www.huruguen.fr\/site\/wp-content\/uploads\/2018\/03\/Logo-Huruguen-triptique-2018-noir-1500.jpg","width":1500,"height":1500,"caption":"S\u00e9bastien Huruguen Photographe"},"image":{"@id":"https:\/\/www.huruguen.fr\/site\/#\/schema\/logo\/image\/"},"sameAs":["https:\/\/www.facebook.com\/huruguen","https:\/\/x.com\/www_huruguen_fr","https:\/\/www.instagram.com\/sebastien.huruguen\/"]},{"@type":"Person","@id":"https:\/\/www.huruguen.fr\/site\/#\/schema\/person\/bdce6395a337c00db735bf5fa1268715","name":"Sebastien Huruguen","description":"S\u00e9bastien Huruguen est photographe professionnel \u00e0 Bordeaux.","sameAs":["https:\/\/www.huruguen.fr","https:\/\/www.facebook.com\/huruguen\/","https:\/\/www.instagram.com\/sebastien.huruguen\/","https:\/\/www.linkedin.com\/in\/sbastien-huruguen-95452342\/","https:\/\/www.pinterest.fr\/shuruguen\/","https:\/\/x.com\/www_huruguen_fr","https:\/\/www.youtube.com\/channel\/UChEt96Suus_jyoBce80fNOA?nohtml5=False"]}]}},"_links":{"self":[{"href":"https:\/\/www.huruguen.fr\/site\/wp-json\/wp\/v2\/posts\/1107","targetHints":{"allow":["GET"]}}],"collection":[{"href":"https:\/\/www.huruguen.fr\/site\/wp-json\/wp\/v2\/posts"}],"about":[{"href":"https:\/\/www.huruguen.fr\/site\/wp-json\/wp\/v2\/types\/post"}],"author":[{"embeddable":true,"href":"https:\/\/www.huruguen.fr\/site\/wp-json\/wp\/v2\/users\/1"}],"replies":[{"embeddable":true,"href":"https:\/\/www.huruguen.fr\/site\/wp-json\/wp\/v2\/comments?post=1107"}],"version-history":[{"count":3,"href":"https:\/\/www.huruguen.fr\/site\/wp-json\/wp\/v2\/posts\/1107\/revisions"}],"predecessor-version":[{"id":58959,"href":"https:\/\/www.huruguen.fr\/site\/wp-json\/wp\/v2\/posts\/1107\/revisions\/58959"}],"wp:featuredmedia":[{"embeddable":true,"href":"https:\/\/www.huruguen.fr\/site\/wp-json\/wp\/v2\/media\/1108"}],"wp:attachment":[{"href":"https:\/\/www.huruguen.fr\/site\/wp-json\/wp\/v2\/media?parent=1107"}],"wp:term":[{"taxonomy":"category","embeddable":true,"href":"https:\/\/www.huruguen.fr\/site\/wp-json\/wp\/v2\/categories?post=1107"},{"taxonomy":"post_tag","embeddable":true,"href":"https:\/\/www.huruguen.fr\/site\/wp-json\/wp\/v2\/tags?post=1107"}],"curies":[{"name":"wp","href":"https:\/\/api.w.org\/{rel}","templated":true}]}}