{"id":1007,"date":"2012-08-14T01:03:26","date_gmt":"2012-08-13T23:03:26","guid":{"rendered":"http:\/\/www.huruguen.fr\/?p=1007"},"modified":"2020-04-14T16:02:20","modified_gmt":"2020-04-14T15:02:20","slug":"airwalk-lacanau-pro-junior-2012","status":"publish","type":"post","link":"https:\/\/www.huruguen.fr\/site\/airwalk-lacanau-pro-junior-2012\/","title":{"rendered":"Airwalk Lacanau Pro Junior 2012"},"content":{"rendered":"<figure id=\"attachment_58500\" class=\"thumbnail wp-caption alignnone\" style=\"width: 960px\"><a href=\"https:\/\/www.huruguen.fr\/site\/wp-content\/uploads\/2012\/08\/lacanauprojr_leticia-canales-bilbao-euk6830_huruguen_day4_0.jpg\"><img loading=\"lazy\" decoding=\"async\" class=\"wp-image-58500 size-full\" src=\"https:\/\/www.huruguen.fr\/site\/wp-content\/uploads\/2012\/08\/lacanauprojr_leticia-canales-bilbao-euk6830_huruguen_day4_0.jpg\" alt=\"\" width=\"960\" height=\"640\" data-id=\"58500\" srcset=\"https:\/\/www.huruguen.fr\/site\/wp-content\/uploads\/2012\/08\/lacanauprojr_leticia-canales-bilbao-euk6830_huruguen_day4_0.jpg 960w, https:\/\/www.huruguen.fr\/site\/wp-content\/uploads\/2012\/08\/lacanauprojr_leticia-canales-bilbao-euk6830_huruguen_day4_0-300x200.jpg 300w, https:\/\/www.huruguen.fr\/site\/wp-content\/uploads\/2012\/08\/lacanauprojr_leticia-canales-bilbao-euk6830_huruguen_day4_0-768x512.jpg 768w\" sizes=\"auto, (max-width: 960px) 100vw, 960px\" \/><\/a><figcaption class=\"caption wp-caption-text\">Airwalk Pro Junior 2012, Lacanau, France<\/figcaption><\/figure>\n<p>Une s\u00e9lection non exhaustive des photos officielles r\u00e9alis\u00e9es\u00a0pour l\u2019ASP Europe (nouvellement <a title=\"World Surf League\" href=\"https:\/\/www.worldsurfleague.com\/\" target=\"_blank\" rel=\"noopener noreferrer\">World Surf League<\/a>)\u00a0lors du Airwalk Lacanau Pro Junior 2012 !<\/p>\n<p>Toutes les photos de la comp\u00e9tition sont visibles sur le site officiel du\u00a0Airwalk Lacanau Pro Junior 2012.<\/p>\n<p>R\u00e9sultats <a href=\"https:\/\/www.worldsurfleague.com\/events\/2012\/mjun\/456\/airwalk-lacanau-pro-junior\" target=\"_blank\" rel=\"noopener noreferrer\">Men<\/a> et <a href=\"https:\/\/www.worldsurfleague.com\/events\/2012\/wjun\/455\/airwalk-lacanau-pro-junior\" target=\"_blank\" rel=\"noopener noreferrer\">Women<\/a>.<\/p>\n<div id=\"kad-wp-gallery31\" class=\"kad-wp-gallery kad-light-wp-gallery clearfix kt-gallery-column-3 rowtight\"><div class=\"tcol-lg-4 tcol-md-4 tcol-sm-4 tcol-xs-6 tcol-ss-12 g_item\"><div class=\"grid_item kad_gallery_fade_in gallery_item\"><a href=\"https:\/\/www.huruguen.fr\/site\/wp-content\/uploads\/2012\/08\/lacanauprojr_alex-gironi-euk6643_huruguen_day4_0.jpg\" data-rel=\"lightbox\" class=\"lightboxhover\"><img loading=\"lazy\" decoding=\"async\" src=\"https:\/\/www.huruguen.fr\/site\/wp-content\/uploads\/2012\/08\/lacanauprojr_alex-gironi-euk6643_huruguen_day4_0-400x400.jpg\" width=\"400\" height=\"400\" alt=\"Airwalk Pro Junior 2012, Lacanau, France\" srcset=\"https:\/\/www.huruguen.fr\/site\/wp-content\/uploads\/2012\/08\/lacanauprojr_alex-gironi-euk6643_huruguen_day4_0-400x400.jpg 400w, https:\/\/www.huruguen.fr\/site\/wp-content\/uploads\/2012\/08\/lacanauprojr_alex-gironi-euk6643_huruguen_day4_0-150x150.jpg 150w, https:\/\/www.huruguen.fr\/site\/wp-content\/uploads\/2012\/08\/lacanauprojr_alex-gironi-euk6643_huruguen_day4_0-60x60.jpg 60w\" sizes=\"auto, (max-width: 400px) 100vw, 400px\" class=\"light-dropshaddow\"\/><\/a><\/div><\/div><div class=\"tcol-lg-4 tcol-md-4 tcol-sm-4 tcol-xs-6 tcol-ss-12 g_item\"><div class=\"grid_item kad_gallery_fade_in gallery_item\"><a href=\"https:\/\/www.huruguen.fr\/site\/wp-content\/uploads\/2012\/08\/lacanauprojr_andy-criere-fra4991_huruguen_day1_0.jpg\" data-rel=\"lightbox\" class=\"lightboxhover\"><img loading=\"lazy\" decoding=\"async\" src=\"https:\/\/www.huruguen.fr\/site\/wp-content\/uploads\/2012\/08\/lacanauprojr_andy-criere-fra4991_huruguen_day1_0-400x400.jpg\" width=\"400\" height=\"400\" alt=\"Airwalk Pro Junior 2012, Lacanau, France\" srcset=\"https:\/\/www.huruguen.fr\/site\/wp-content\/uploads\/2012\/08\/lacanauprojr_andy-criere-fra4991_huruguen_day1_0-400x400.jpg 400w, https:\/\/www.huruguen.fr\/site\/wp-content\/uploads\/2012\/08\/lacanauprojr_andy-criere-fra4991_huruguen_day1_0-150x150.jpg 150w, https:\/\/www.huruguen.fr\/site\/wp-content\/uploads\/2012\/08\/lacanauprojr_andy-criere-fra4991_huruguen_day1_0-60x60.jpg 60w\" sizes=\"auto, (max-width: 400px) 100vw, 400px\" class=\"light-dropshaddow\"\/><\/a><\/div><\/div><div class=\"tcol-lg-4 tcol-md-4 tcol-sm-4 tcol-xs-6 tcol-ss-12 g_item\"><div class=\"grid_item kad_gallery_fade_in gallery_item\"><a href=\"https:\/\/www.huruguen.fr\/site\/wp-content\/uploads\/2012\/08\/lacanauprojr_asp-europe-trophies6097_huruguen_day3_0.jpg\" data-rel=\"lightbox\" class=\"lightboxhover\"><img loading=\"lazy\" decoding=\"async\" src=\"https:\/\/www.huruguen.fr\/site\/wp-content\/uploads\/2012\/08\/lacanauprojr_asp-europe-trophies6097_huruguen_day3_0-400x400.jpg\" width=\"400\" height=\"400\" alt=\"Airwalk Pro Junior 2012, Lacanau, France\" srcset=\"https:\/\/www.huruguen.fr\/site\/wp-content\/uploads\/2012\/08\/lacanauprojr_asp-europe-trophies6097_huruguen_day3_0-400x400.jpg 400w, https:\/\/www.huruguen.fr\/site\/wp-content\/uploads\/2012\/08\/lacanauprojr_asp-europe-trophies6097_huruguen_day3_0-150x150.jpg 150w, https:\/\/www.huruguen.fr\/site\/wp-content\/uploads\/2012\/08\/lacanauprojr_asp-europe-trophies6097_huruguen_day3_0-60x60.jpg 60w\" sizes=\"auto, (max-width: 400px) 100vw, 400px\" class=\"light-dropshaddow\"\/><\/a><\/div><\/div><div class=\"tcol-lg-4 tcol-md-4 tcol-sm-4 tcol-xs-6 tcol-ss-12 g_item\"><div class=\"grid_item kad_gallery_fade_in gallery_item\"><a href=\"https:\/\/www.huruguen.fr\/site\/wp-content\/uploads\/2012\/08\/lacanauprojr_canelle-bulard-reu5551_huruguen_day3_0.jpg\" data-rel=\"lightbox\" class=\"lightboxhover\"><img loading=\"lazy\" decoding=\"async\" src=\"https:\/\/www.huruguen.fr\/site\/wp-content\/uploads\/2012\/08\/lacanauprojr_canelle-bulard-reu5551_huruguen_day3_0-400x400.jpg\" width=\"400\" height=\"400\" alt=\"Airwalk Pro Junior 2012, Lacanau, France\" srcset=\"https:\/\/www.huruguen.fr\/site\/wp-content\/uploads\/2012\/08\/lacanauprojr_canelle-bulard-reu5551_huruguen_day3_0-400x400.jpg 400w, https:\/\/www.huruguen.fr\/site\/wp-content\/uploads\/2012\/08\/lacanauprojr_canelle-bulard-reu5551_huruguen_day3_0-150x150.jpg 150w, https:\/\/www.huruguen.fr\/site\/wp-content\/uploads\/2012\/08\/lacanauprojr_canelle-bulard-reu5551_huruguen_day3_0-60x60.jpg 60w\" sizes=\"auto, (max-width: 400px) 100vw, 400px\" class=\"light-dropshaddow\"\/><\/a><\/div><\/div><div class=\"tcol-lg-4 tcol-md-4 tcol-sm-4 tcol-xs-6 tcol-ss-12 g_item\"><div class=\"grid_item kad_gallery_fade_in gallery_item\"><a href=\"https:\/\/www.huruguen.fr\/site\/wp-content\/uploads\/2012\/08\/lacanauprojr_carlos-munoz-cri3_huruguen_day4_0.jpg\" data-rel=\"lightbox\" class=\"lightboxhover\"><img loading=\"lazy\" decoding=\"async\" src=\"https:\/\/www.huruguen.fr\/site\/wp-content\/uploads\/2012\/08\/lacanauprojr_carlos-munoz-cri3_huruguen_day4_0-400x400.jpg\" width=\"400\" height=\"400\" alt=\"Airwalk Pro Junior 2012, Lacanau, France\" srcset=\"https:\/\/www.huruguen.fr\/site\/wp-content\/uploads\/2012\/08\/lacanauprojr_carlos-munoz-cri3_huruguen_day4_0-400x400.jpg 400w, https:\/\/www.huruguen.fr\/site\/wp-content\/uploads\/2012\/08\/lacanauprojr_carlos-munoz-cri3_huruguen_day4_0-150x150.jpg 150w, https:\/\/www.huruguen.fr\/site\/wp-content\/uploads\/2012\/08\/lacanauprojr_carlos-munoz-cri3_huruguen_day4_0-60x60.jpg 60w\" sizes=\"auto, (max-width: 400px) 100vw, 400px\" class=\"light-dropshaddow\"\/><\/a><\/div><\/div><div class=\"tcol-lg-4 tcol-md-4 tcol-sm-4 tcol-xs-6 tcol-ss-12 g_item\"><div class=\"grid_item kad_gallery_fade_in gallery_item\"><a href=\"https:\/\/www.huruguen.fr\/site\/wp-content\/uploads\/2012\/08\/lacanauprojr_carlos-munoz-cri4875_huruguen_day1_0.jpg\" data-rel=\"lightbox\" class=\"lightboxhover\"><img loading=\"lazy\" decoding=\"async\" src=\"https:\/\/www.huruguen.fr\/site\/wp-content\/uploads\/2012\/08\/lacanauprojr_carlos-munoz-cri4875_huruguen_day1_0-400x400.jpg\" width=\"400\" height=\"400\" alt=\"Airwalk Pro Junior 2012, Lacanau, France\" srcset=\"https:\/\/www.huruguen.fr\/site\/wp-content\/uploads\/2012\/08\/lacanauprojr_carlos-munoz-cri4875_huruguen_day1_0-400x400.jpg 400w, https:\/\/www.huruguen.fr\/site\/wp-content\/uploads\/2012\/08\/lacanauprojr_carlos-munoz-cri4875_huruguen_day1_0-150x150.jpg 150w, https:\/\/www.huruguen.fr\/site\/wp-content\/uploads\/2012\/08\/lacanauprojr_carlos-munoz-cri4875_huruguen_day1_0-60x60.jpg 60w\" sizes=\"auto, (max-width: 400px) 100vw, 400px\" class=\"light-dropshaddow\"\/><\/a><\/div><\/div><div class=\"tcol-lg-4 tcol-md-4 tcol-sm-4 tcol-xs-6 tcol-ss-12 g_item\"><div class=\"grid_item kad_gallery_fade_in gallery_item\"><a href=\"https:\/\/www.huruguen.fr\/site\/wp-content\/uploads\/2012\/08\/lacanauprojr_frederico-morais-prt7818_huruguen_day4_0.jpg\" data-rel=\"lightbox\" class=\"lightboxhover\"><img loading=\"lazy\" decoding=\"async\" src=\"https:\/\/www.huruguen.fr\/site\/wp-content\/uploads\/2012\/08\/lacanauprojr_frederico-morais-prt7818_huruguen_day4_0-400x400.jpg\" width=\"400\" height=\"400\" alt=\"Airwalk Pro Junior 2012, Lacanau, France\" srcset=\"https:\/\/www.huruguen.fr\/site\/wp-content\/uploads\/2012\/08\/lacanauprojr_frederico-morais-prt7818_huruguen_day4_0-400x400.jpg 400w, https:\/\/www.huruguen.fr\/site\/wp-content\/uploads\/2012\/08\/lacanauprojr_frederico-morais-prt7818_huruguen_day4_0-150x150.jpg 150w, https:\/\/www.huruguen.fr\/site\/wp-content\/uploads\/2012\/08\/lacanauprojr_frederico-morais-prt7818_huruguen_day4_0-60x60.jpg 60w\" sizes=\"auto, (max-width: 400px) 100vw, 400px\" class=\"light-dropshaddow\"\/><\/a><\/div><\/div><div class=\"tcol-lg-4 tcol-md-4 tcol-sm-4 tcol-xs-6 tcol-ss-12 g_item\"><div class=\"grid_item kad_gallery_fade_in gallery_item\"><a href=\"https:\/\/www.huruguen.fr\/site\/wp-content\/uploads\/2012\/08\/lacanauprojr_gaetien-delahaye-glp4969_huruguen_day1_0.jpg\" data-rel=\"lightbox\" class=\"lightboxhover\"><img loading=\"lazy\" decoding=\"async\" src=\"https:\/\/www.huruguen.fr\/site\/wp-content\/uploads\/2012\/08\/lacanauprojr_gaetien-delahaye-glp4969_huruguen_day1_0-400x400.jpg\" width=\"400\" height=\"400\" alt=\"Airwalk Pro Junior 2012, Lacanau, France\" srcset=\"https:\/\/www.huruguen.fr\/site\/wp-content\/uploads\/2012\/08\/lacanauprojr_gaetien-delahaye-glp4969_huruguen_day1_0-400x400.jpg 400w, https:\/\/www.huruguen.fr\/site\/wp-content\/uploads\/2012\/08\/lacanauprojr_gaetien-delahaye-glp4969_huruguen_day1_0-150x150.jpg 150w, https:\/\/www.huruguen.fr\/site\/wp-content\/uploads\/2012\/08\/lacanauprojr_gaetien-delahaye-glp4969_huruguen_day1_0-60x60.jpg 60w\" sizes=\"auto, (max-width: 400px) 100vw, 400px\" class=\"light-dropshaddow\"\/><\/a><\/div><\/div><div class=\"tcol-lg-4 tcol-md-4 tcol-sm-4 tcol-xs-6 tcol-ss-12 g_item\"><div class=\"grid_item kad_gallery_fade_in gallery_item\"><a href=\"https:\/\/www.huruguen.fr\/site\/wp-content\/uploads\/2012\/08\/lacanauprojr_leticia-canales-bilbao-euk6830_huruguen_day4_0.jpg\" data-rel=\"lightbox\" class=\"lightboxhover\"><img loading=\"lazy\" decoding=\"async\" src=\"https:\/\/www.huruguen.fr\/site\/wp-content\/uploads\/2012\/08\/lacanauprojr_leticia-canales-bilbao-euk6830_huruguen_day4_0-400x400.jpg\" width=\"400\" height=\"400\" alt=\"Airwalk Pro Junior 2012, Lacanau, France\" srcset=\"https:\/\/www.huruguen.fr\/site\/wp-content\/uploads\/2012\/08\/lacanauprojr_leticia-canales-bilbao-euk6830_huruguen_day4_0-400x400.jpg 400w, https:\/\/www.huruguen.fr\/site\/wp-content\/uploads\/2012\/08\/lacanauprojr_leticia-canales-bilbao-euk6830_huruguen_day4_0-150x150.jpg 150w, https:\/\/www.huruguen.fr\/site\/wp-content\/uploads\/2012\/08\/lacanauprojr_leticia-canales-bilbao-euk6830_huruguen_day4_0-60x60.jpg 60w\" sizes=\"auto, (max-width: 400px) 100vw, 400px\" class=\"light-dropshaddow\"\/><\/a><\/div><\/div><div class=\"tcol-lg-4 tcol-md-4 tcol-sm-4 tcol-xs-6 tcol-ss-12 g_item\"><div class=\"grid_item kad_gallery_fade_in gallery_item\"><a href=\"https:\/\/www.huruguen.fr\/site\/wp-content\/uploads\/2012\/08\/lacanauprojr_lifestyle4864_huruguen_day1_0.jpg\" data-rel=\"lightbox\" class=\"lightboxhover\"><img loading=\"lazy\" decoding=\"async\" src=\"https:\/\/www.huruguen.fr\/site\/wp-content\/uploads\/2012\/08\/lacanauprojr_lifestyle4864_huruguen_day1_0-400x400.jpg\" width=\"400\" height=\"400\" alt=\"Airwalk Pro Junior 2012, Lacanau, France\" srcset=\"https:\/\/www.huruguen.fr\/site\/wp-content\/uploads\/2012\/08\/lacanauprojr_lifestyle4864_huruguen_day1_0-400x400.jpg 400w, https:\/\/www.huruguen.fr\/site\/wp-content\/uploads\/2012\/08\/lacanauprojr_lifestyle4864_huruguen_day1_0-150x150.jpg 150w, https:\/\/www.huruguen.fr\/site\/wp-content\/uploads\/2012\/08\/lacanauprojr_lifestyle4864_huruguen_day1_0-60x60.jpg 60w\" sizes=\"auto, (max-width: 400px) 100vw, 400px\" class=\"light-dropshaddow\"\/><\/a><\/div><\/div><div class=\"tcol-lg-4 tcol-md-4 tcol-sm-4 tcol-xs-6 tcol-ss-12 g_item\"><div class=\"grid_item kad_gallery_fade_in gallery_item\"><a href=\"https:\/\/www.huruguen.fr\/site\/wp-content\/uploads\/2012\/08\/lacanauprojr_lifestyle5435_huruguen_day3_0.jpg\" data-rel=\"lightbox\" class=\"lightboxhover\"><img loading=\"lazy\" decoding=\"async\" src=\"https:\/\/www.huruguen.fr\/site\/wp-content\/uploads\/2012\/08\/lacanauprojr_lifestyle5435_huruguen_day3_0-400x400.jpg\" width=\"400\" height=\"400\" alt=\"Airwalk Pro Junior 2012, Lacanau, France\" srcset=\"https:\/\/www.huruguen.fr\/site\/wp-content\/uploads\/2012\/08\/lacanauprojr_lifestyle5435_huruguen_day3_0-400x400.jpg 400w, https:\/\/www.huruguen.fr\/site\/wp-content\/uploads\/2012\/08\/lacanauprojr_lifestyle5435_huruguen_day3_0-150x150.jpg 150w, https:\/\/www.huruguen.fr\/site\/wp-content\/uploads\/2012\/08\/lacanauprojr_lifestyle5435_huruguen_day3_0-60x60.jpg 60w\" sizes=\"auto, (max-width: 400px) 100vw, 400px\" class=\"light-dropshaddow\"\/><\/a><\/div><\/div><div class=\"tcol-lg-4 tcol-md-4 tcol-sm-4 tcol-xs-6 tcol-ss-12 g_item\"><div class=\"grid_item kad_gallery_fade_in gallery_item\"><a href=\"https:\/\/www.huruguen.fr\/site\/wp-content\/uploads\/2012\/08\/lacanauprojr_lucia-martino-esp6955_huruguen_day4_0.jpg\" data-rel=\"lightbox\" class=\"lightboxhover\"><img loading=\"lazy\" decoding=\"async\" src=\"https:\/\/www.huruguen.fr\/site\/wp-content\/uploads\/2012\/08\/lacanauprojr_lucia-martino-esp6955_huruguen_day4_0-400x400.jpg\" width=\"400\" height=\"400\" alt=\"Airwalk Pro Junior 2012, Lacanau, France\" srcset=\"https:\/\/www.huruguen.fr\/site\/wp-content\/uploads\/2012\/08\/lacanauprojr_lucia-martino-esp6955_huruguen_day4_0-400x400.jpg 400w, https:\/\/www.huruguen.fr\/site\/wp-content\/uploads\/2012\/08\/lacanauprojr_lucia-martino-esp6955_huruguen_day4_0-150x150.jpg 150w, https:\/\/www.huruguen.fr\/site\/wp-content\/uploads\/2012\/08\/lacanauprojr_lucia-martino-esp6955_huruguen_day4_0-60x60.jpg 60w\" sizes=\"auto, (max-width: 400px) 100vw, 400px\" class=\"light-dropshaddow\"\/><\/a><\/div><\/div><div class=\"tcol-lg-4 tcol-md-4 tcol-sm-4 tcol-xs-6 tcol-ss-12 g_item\"><div class=\"grid_item kad_gallery_fade_in gallery_item\"><a href=\"https:\/\/www.huruguen.fr\/site\/wp-content\/uploads\/2012\/08\/lacanauprojr_lucia-martino-esp7015_huruguen_day4_0.jpg\" data-rel=\"lightbox\" class=\"lightboxhover\"><img loading=\"lazy\" decoding=\"async\" src=\"https:\/\/www.huruguen.fr\/site\/wp-content\/uploads\/2012\/08\/lacanauprojr_lucia-martino-esp7015_huruguen_day4_0-400x400.jpg\" width=\"400\" height=\"400\" alt=\"Airwalk Pro Junior 2012, Lacanau, France\" srcset=\"https:\/\/www.huruguen.fr\/site\/wp-content\/uploads\/2012\/08\/lacanauprojr_lucia-martino-esp7015_huruguen_day4_0-400x400.jpg 400w, https:\/\/www.huruguen.fr\/site\/wp-content\/uploads\/2012\/08\/lacanauprojr_lucia-martino-esp7015_huruguen_day4_0-150x150.jpg 150w, https:\/\/www.huruguen.fr\/site\/wp-content\/uploads\/2012\/08\/lacanauprojr_lucia-martino-esp7015_huruguen_day4_0-60x60.jpg 60w\" sizes=\"auto, (max-width: 400px) 100vw, 400px\" class=\"light-dropshaddow\"\/><\/a><\/div><\/div><div class=\"tcol-lg-4 tcol-md-4 tcol-sm-4 tcol-xs-6 tcol-ss-12 g_item\"><div class=\"grid_item kad_gallery_fade_in gallery_item\"><a href=\"https:\/\/www.huruguen.fr\/site\/wp-content\/uploads\/2012\/08\/lacanauprojr_maud-le-car-fra7046_huruguen_day4.jpg\" data-rel=\"lightbox\" class=\"lightboxhover\"><img loading=\"lazy\" decoding=\"async\" src=\"https:\/\/www.huruguen.fr\/site\/wp-content\/uploads\/2012\/08\/lacanauprojr_maud-le-car-fra7046_huruguen_day4-400x400.jpg\" width=\"400\" height=\"400\" alt=\"Airwalk Pro Junior 2012, Lacanau, France\" srcset=\"https:\/\/www.huruguen.fr\/site\/wp-content\/uploads\/2012\/08\/lacanauprojr_maud-le-car-fra7046_huruguen_day4-400x400.jpg 400w, https:\/\/www.huruguen.fr\/site\/wp-content\/uploads\/2012\/08\/lacanauprojr_maud-le-car-fra7046_huruguen_day4-150x150.jpg 150w, https:\/\/www.huruguen.fr\/site\/wp-content\/uploads\/2012\/08\/lacanauprojr_maud-le-car-fra7046_huruguen_day4-60x60.jpg 60w\" sizes=\"auto, (max-width: 400px) 100vw, 400px\" class=\"light-dropshaddow\"\/><\/a><\/div><\/div><div class=\"tcol-lg-4 tcol-md-4 tcol-sm-4 tcol-xs-6 tcol-ss-12 g_item\"><div class=\"grid_item kad_gallery_fade_in gallery_item\"><a href=\"https:\/\/www.huruguen.fr\/site\/wp-content\/uploads\/2012\/08\/lacanauprojr_ramzi-boukhiam-mar3_huruguen_day3.jpg\" data-rel=\"lightbox\" class=\"lightboxhover\"><img loading=\"lazy\" decoding=\"async\" src=\"https:\/\/www.huruguen.fr\/site\/wp-content\/uploads\/2012\/08\/lacanauprojr_ramzi-boukhiam-mar3_huruguen_day3-400x400.jpg\" width=\"400\" height=\"400\" alt=\"Airwalk Pro Junior 2012, Lacanau, France\" srcset=\"https:\/\/www.huruguen.fr\/site\/wp-content\/uploads\/2012\/08\/lacanauprojr_ramzi-boukhiam-mar3_huruguen_day3-400x400.jpg 400w, https:\/\/www.huruguen.fr\/site\/wp-content\/uploads\/2012\/08\/lacanauprojr_ramzi-boukhiam-mar3_huruguen_day3-150x150.jpg 150w, https:\/\/www.huruguen.fr\/site\/wp-content\/uploads\/2012\/08\/lacanauprojr_ramzi-boukhiam-mar3_huruguen_day3-60x60.jpg 60w\" sizes=\"auto, (max-width: 400px) 100vw, 400px\" class=\"light-dropshaddow\"\/><\/a><\/div><\/div><div class=\"tcol-lg-4 tcol-md-4 tcol-sm-4 tcol-xs-6 tcol-ss-12 g_item\"><div class=\"grid_item kad_gallery_fade_in gallery_item\"><a href=\"https:\/\/www.huruguen.fr\/site\/wp-content\/uploads\/2012\/08\/lacanauprojr_tom-bellevergue-fra5421_huruguen_day1.jpg\" data-rel=\"lightbox\" class=\"lightboxhover\"><img loading=\"lazy\" decoding=\"async\" src=\"https:\/\/www.huruguen.fr\/site\/wp-content\/uploads\/2012\/08\/lacanauprojr_tom-bellevergue-fra5421_huruguen_day1-400x400.jpg\" width=\"400\" height=\"400\" alt=\"Airwalk Pro Junior 2012, Lacanau, France\" srcset=\"https:\/\/www.huruguen.fr\/site\/wp-content\/uploads\/2012\/08\/lacanauprojr_tom-bellevergue-fra5421_huruguen_day1-400x400.jpg 400w, https:\/\/www.huruguen.fr\/site\/wp-content\/uploads\/2012\/08\/lacanauprojr_tom-bellevergue-fra5421_huruguen_day1-150x150.jpg 150w, https:\/\/www.huruguen.fr\/site\/wp-content\/uploads\/2012\/08\/lacanauprojr_tom-bellevergue-fra5421_huruguen_day1-60x60.jpg 60w\" sizes=\"auto, (max-width: 400px) 100vw, 400px\" class=\"light-dropshaddow\"\/><\/a><\/div><\/div><div class=\"tcol-lg-4 tcol-md-4 tcol-sm-4 tcol-xs-6 tcol-ss-12 g_item\"><div class=\"grid_item kad_gallery_fade_in gallery_item\"><a href=\"https:\/\/www.huruguen.fr\/site\/wp-content\/uploads\/2012\/08\/lacanauprojr_william-aliotti-fra5037_huruguen_day1.jpg\" data-rel=\"lightbox\" class=\"lightboxhover\"><img loading=\"lazy\" decoding=\"async\" src=\"https:\/\/www.huruguen.fr\/site\/wp-content\/uploads\/2012\/08\/lacanauprojr_william-aliotti-fra5037_huruguen_day1-400x400.jpg\" width=\"400\" height=\"400\" alt=\"Airwalk Pro Junior 2012, Lacanau, France\" srcset=\"https:\/\/www.huruguen.fr\/site\/wp-content\/uploads\/2012\/08\/lacanauprojr_william-aliotti-fra5037_huruguen_day1-400x400.jpg 400w, https:\/\/www.huruguen.fr\/site\/wp-content\/uploads\/2012\/08\/lacanauprojr_william-aliotti-fra5037_huruguen_day1-150x150.jpg 150w, https:\/\/www.huruguen.fr\/site\/wp-content\/uploads\/2012\/08\/lacanauprojr_william-aliotti-fra5037_huruguen_day1-60x60.jpg 60w\" sizes=\"auto, (max-width: 400px) 100vw, 400px\" class=\"light-dropshaddow\"\/><\/a><\/div><\/div><\/div>\n","protected":false},"excerpt":{"rendered":"<p>Une s\u00e9lection non exhaustive des photos officielles r\u00e9alis\u00e9es\u00a0pour l\u2019ASP Europe (nouvellement World Surf League)\u00a0lors du Airwalk Lacanau Pro Junior 2012 ! Toutes les photos de la comp\u00e9tition sont visibles sur le site officiel du\u00a0Airwalk Lacanau Pro Junior 2012. R\u00e9sultats Men &hellip; <a href=\"https:\/\/www.huruguen.fr\/site\/airwalk-lacanau-pro-junior-2012\/\">Lire la suite<\/a><\/p>\n","protected":false},"author":1,"featured_media":1010,"comment_status":"closed","ping_status":"open","sticky":false,"template":"","format":"standard","meta":{"kt_blocks_editor_width":"","footnotes":""},"categories":[1537],"tags":[2492,2523,45,1128,1127,1123,46,2282,1053,2524,1126,1122,1121,1125,1124,2525,1129,2526],"class_list":["post-1007","post","type-post","status-publish","format-standard","has-post-thumbnail","hentry","category-reportages","tag-2492","tag-airwalk","tag-asp-2","tag-bulard","tag-canelle","tag-carlos","tag-europe-2","tag-france","tag-junior","tag-lacanau","tag-le-car","tag-lucia","tag-martino","tag-maud","tag-munoz","tag-pro-junior","tag-ramzi","tag-sooruz"],"yoast_head":"<!-- This site is optimized with the Yoast SEO plugin v27.4 - https:\/\/yoast.com\/product\/yoast-seo-wordpress\/ -->\n<title>Airwalk Lacanau Pro Junior 2012 - Photographe Professionnel \u00e0 Bordeaux &#x1f4f7; Sebastien Huruguen<\/title>\n<meta name=\"description\" content=\"Photos du Airwalk Lacanau Pro Junior 2012. S\u00e9bastien Huruguen Photographe professionnel de surf \u00e0 Bordeaux en Gironde dans le sud ouest de la France.\" \/>\n<meta name=\"robots\" content=\"index, follow, max-snippet:-1, max-image-preview:large, max-video-preview:-1\" \/>\n<link rel=\"canonical\" href=\"https:\/\/www.huruguen.fr\/site\/airwalk-lacanau-pro-junior-2012\/\" \/>\n<meta property=\"og:locale\" content=\"fr_FR\" \/>\n<meta property=\"og:type\" content=\"article\" \/>\n<meta property=\"og:title\" content=\"Airwalk Lacanau Pro Junior 2012 - Photographe Professionnel \u00e0 Bordeaux &#x1f4f7; Sebastien Huruguen\" \/>\n<meta property=\"og:description\" content=\"Photos du Airwalk Lacanau Pro Junior 2012. S\u00e9bastien Huruguen Photographe professionnel de surf \u00e0 Bordeaux en Gironde dans le sud ouest de la France.\" \/>\n<meta property=\"og:url\" content=\"https:\/\/www.huruguen.fr\/site\/airwalk-lacanau-pro-junior-2012\/\" \/>\n<meta property=\"og:site_name\" content=\"Photographe Professionnel \u00e0 Bordeaux &#x1f4f7; Sebastien Huruguen\" \/>\n<meta property=\"article:publisher\" content=\"https:\/\/www.facebook.com\/huruguen\" \/>\n<meta property=\"article:author\" content=\"https:\/\/www.facebook.com\/huruguen\/\" \/>\n<meta property=\"article:published_time\" content=\"2012-08-13T23:03:26+00:00\" \/>\n<meta property=\"article:modified_time\" content=\"2020-04-14T15:02:20+00:00\" \/>\n<meta property=\"og:image\" content=\"https:\/\/www.huruguen.fr\/site\/wp-content\/uploads\/2012\/08\/LacanauProJR_Carlos-Munoz-CRI3_Huruguen_Day4.jpg\" \/>\n\t<meta property=\"og:image:width\" content=\"960\" \/>\n\t<meta property=\"og:image:height\" content=\"640\" \/>\n\t<meta property=\"og:image:type\" content=\"image\/jpeg\" \/>\n<meta name=\"author\" content=\"Sebastien Huruguen\" \/>\n<meta name=\"twitter:card\" content=\"summary_large_image\" \/>\n<meta name=\"twitter:creator\" content=\"@www_huruguen_fr\" \/>\n<meta name=\"twitter:site\" content=\"@www_huruguen_fr\" \/>\n<meta name=\"twitter:label1\" content=\"\u00c9crit par\" \/>\n\t<meta name=\"twitter:data1\" content=\"Sebastien Huruguen\" \/>\n<script type=\"application\/ld+json\" class=\"yoast-schema-graph\">{\"@context\":\"https:\\\/\\\/schema.org\",\"@graph\":[{\"@type\":\"Article\",\"@id\":\"https:\\\/\\\/www.huruguen.fr\\\/site\\\/airwalk-lacanau-pro-junior-2012\\\/#article\",\"isPartOf\":{\"@id\":\"https:\\\/\\\/www.huruguen.fr\\\/site\\\/airwalk-lacanau-pro-junior-2012\\\/\"},\"author\":{\"name\":\"Sebastien Huruguen\",\"@id\":\"https:\\\/\\\/www.huruguen.fr\\\/site\\\/#\\\/schema\\\/person\\\/bdce6395a337c00db735bf5fa1268715\"},\"headline\":\"Airwalk Lacanau Pro Junior 2012\",\"datePublished\":\"2012-08-13T23:03:26+00:00\",\"dateModified\":\"2020-04-14T15:02:20+00:00\",\"mainEntityOfPage\":{\"@id\":\"https:\\\/\\\/www.huruguen.fr\\\/site\\\/airwalk-lacanau-pro-junior-2012\\\/\"},\"wordCount\":70,\"publisher\":{\"@id\":\"https:\\\/\\\/www.huruguen.fr\\\/site\\\/#organization\"},\"image\":{\"@id\":\"https:\\\/\\\/www.huruguen.fr\\\/site\\\/airwalk-lacanau-pro-junior-2012\\\/#primaryimage\"},\"thumbnailUrl\":\"https:\\\/\\\/www.huruguen.fr\\\/site\\\/wp-content\\\/uploads\\\/2012\\\/08\\\/LacanauProJR_Carlos-Munoz-CRI3_Huruguen_Day4.jpg\",\"keywords\":[\"2012\",\"Airwalk\",\"ASP\",\"Bulard\",\"Canelle\",\"Carlos\",\"Europe\",\"France\",\"junior\",\"Lacanau\",\"Le Car\",\"Lucia\",\"Martino\",\"Maud\",\"Munoz\",\"Pro Junior\",\"Ramzi\",\"Sooruz\"],\"articleSection\":[\"Actualit\u00e9s\"],\"inLanguage\":\"fr-FR\"},{\"@type\":\"WebPage\",\"@id\":\"https:\\\/\\\/www.huruguen.fr\\\/site\\\/airwalk-lacanau-pro-junior-2012\\\/\",\"url\":\"https:\\\/\\\/www.huruguen.fr\\\/site\\\/airwalk-lacanau-pro-junior-2012\\\/\",\"name\":\"Airwalk Lacanau Pro Junior 2012 - Photographe Professionnel \u00e0 Bordeaux &#x1f4f7; Sebastien Huruguen\",\"isPartOf\":{\"@id\":\"https:\\\/\\\/www.huruguen.fr\\\/site\\\/#website\"},\"primaryImageOfPage\":{\"@id\":\"https:\\\/\\\/www.huruguen.fr\\\/site\\\/airwalk-lacanau-pro-junior-2012\\\/#primaryimage\"},\"image\":{\"@id\":\"https:\\\/\\\/www.huruguen.fr\\\/site\\\/airwalk-lacanau-pro-junior-2012\\\/#primaryimage\"},\"thumbnailUrl\":\"https:\\\/\\\/www.huruguen.fr\\\/site\\\/wp-content\\\/uploads\\\/2012\\\/08\\\/LacanauProJR_Carlos-Munoz-CRI3_Huruguen_Day4.jpg\",\"datePublished\":\"2012-08-13T23:03:26+00:00\",\"dateModified\":\"2020-04-14T15:02:20+00:00\",\"description\":\"Photos du Airwalk Lacanau Pro Junior 2012. S\u00e9bastien Huruguen Photographe professionnel de surf \u00e0 Bordeaux en Gironde dans le sud ouest de la France.\",\"breadcrumb\":{\"@id\":\"https:\\\/\\\/www.huruguen.fr\\\/site\\\/airwalk-lacanau-pro-junior-2012\\\/#breadcrumb\"},\"inLanguage\":\"fr-FR\",\"potentialAction\":[{\"@type\":\"ReadAction\",\"target\":[\"https:\\\/\\\/www.huruguen.fr\\\/site\\\/airwalk-lacanau-pro-junior-2012\\\/\"]}]},{\"@type\":\"ImageObject\",\"inLanguage\":\"fr-FR\",\"@id\":\"https:\\\/\\\/www.huruguen.fr\\\/site\\\/airwalk-lacanau-pro-junior-2012\\\/#primaryimage\",\"url\":\"https:\\\/\\\/www.huruguen.fr\\\/site\\\/wp-content\\\/uploads\\\/2012\\\/08\\\/LacanauProJR_Carlos-Munoz-CRI3_Huruguen_Day4.jpg\",\"contentUrl\":\"https:\\\/\\\/www.huruguen.fr\\\/site\\\/wp-content\\\/uploads\\\/2012\\\/08\\\/LacanauProJR_Carlos-Munoz-CRI3_Huruguen_Day4.jpg\",\"width\":\"960\",\"height\":\"640\",\"caption\":\"Carlos Munoz (CRI)\"},{\"@type\":\"BreadcrumbList\",\"@id\":\"https:\\\/\\\/www.huruguen.fr\\\/site\\\/airwalk-lacanau-pro-junior-2012\\\/#breadcrumb\",\"itemListElement\":[{\"@type\":\"ListItem\",\"position\":1,\"name\":\"Accueil\",\"item\":\"https:\\\/\\\/www.huruguen.fr\\\/site\\\/\"},{\"@type\":\"ListItem\",\"position\":2,\"name\":\"Airwalk Lacanau Pro Junior 2012\"}]},{\"@type\":\"WebSite\",\"@id\":\"https:\\\/\\\/www.huruguen.fr\\\/site\\\/#website\",\"url\":\"https:\\\/\\\/www.huruguen.fr\\\/site\\\/\",\"name\":\"Photographe Professionnel \u00e0 Bordeaux Sebastien Huruguen\",\"description\":\"Photographe professionnel ind\u00e9pendant a Bordeaux. Prestations et services photograpphiques pour les professionnels et particuliers : reportages, s\u00e9ances photos, studio, packshot.\",\"publisher\":{\"@id\":\"https:\\\/\\\/www.huruguen.fr\\\/site\\\/#organization\"},\"potentialAction\":[{\"@type\":\"SearchAction\",\"target\":{\"@type\":\"EntryPoint\",\"urlTemplate\":\"https:\\\/\\\/www.huruguen.fr\\\/site\\\/?s={search_term_string}\"},\"query-input\":{\"@type\":\"PropertyValueSpecification\",\"valueRequired\":true,\"valueName\":\"search_term_string\"}}],\"inLanguage\":\"fr-FR\"},{\"@type\":\"Organization\",\"@id\":\"https:\\\/\\\/www.huruguen.fr\\\/site\\\/#organization\",\"name\":\"S\u00e9bastien Huruguen Photographe\",\"url\":\"https:\\\/\\\/www.huruguen.fr\\\/site\\\/\",\"logo\":{\"@type\":\"ImageObject\",\"inLanguage\":\"fr-FR\",\"@id\":\"https:\\\/\\\/www.huruguen.fr\\\/site\\\/#\\\/schema\\\/logo\\\/image\\\/\",\"url\":\"https:\\\/\\\/www.huruguen.fr\\\/site\\\/wp-content\\\/uploads\\\/2018\\\/03\\\/Logo-Huruguen-triptique-2018-noir-1500.jpg\",\"contentUrl\":\"https:\\\/\\\/www.huruguen.fr\\\/site\\\/wp-content\\\/uploads\\\/2018\\\/03\\\/Logo-Huruguen-triptique-2018-noir-1500.jpg\",\"width\":1500,\"height\":1500,\"caption\":\"S\u00e9bastien Huruguen Photographe\"},\"image\":{\"@id\":\"https:\\\/\\\/www.huruguen.fr\\\/site\\\/#\\\/schema\\\/logo\\\/image\\\/\"},\"sameAs\":[\"https:\\\/\\\/www.facebook.com\\\/huruguen\",\"https:\\\/\\\/x.com\\\/www_huruguen_fr\",\"https:\\\/\\\/www.instagram.com\\\/sebastien.huruguen\\\/\"]},{\"@type\":\"Person\",\"@id\":\"https:\\\/\\\/www.huruguen.fr\\\/site\\\/#\\\/schema\\\/person\\\/bdce6395a337c00db735bf5fa1268715\",\"name\":\"Sebastien Huruguen\",\"description\":\"S\u00e9bastien Huruguen est photographe professionnel \u00e0 Bordeaux.\",\"sameAs\":[\"https:\\\/\\\/www.huruguen.fr\",\"https:\\\/\\\/www.facebook.com\\\/huruguen\\\/\",\"https:\\\/\\\/www.instagram.com\\\/sebastien.huruguen\\\/\",\"https:\\\/\\\/www.linkedin.com\\\/in\\\/sbastien-huruguen-95452342\\\/\",\"https:\\\/\\\/www.pinterest.fr\\\/shuruguen\\\/\",\"https:\\\/\\\/x.com\\\/www_huruguen_fr\",\"https:\\\/\\\/www.youtube.com\\\/channel\\\/UChEt96Suus_jyoBce80fNOA?nohtml5=False\"]}]}<\/script>\n<!-- \/ Yoast SEO plugin. -->","yoast_head_json":{"title":"Airwalk Lacanau Pro Junior 2012 - Photographe Professionnel \u00e0 Bordeaux &#x1f4f7; Sebastien Huruguen","description":"Photos du Airwalk Lacanau Pro Junior 2012. S\u00e9bastien Huruguen Photographe professionnel de surf \u00e0 Bordeaux en Gironde dans le sud ouest de la France.","robots":{"index":"index","follow":"follow","max-snippet":"max-snippet:-1","max-image-preview":"max-image-preview:large","max-video-preview":"max-video-preview:-1"},"canonical":"https:\/\/www.huruguen.fr\/site\/airwalk-lacanau-pro-junior-2012\/","og_locale":"fr_FR","og_type":"article","og_title":"Airwalk Lacanau Pro Junior 2012 - Photographe Professionnel \u00e0 Bordeaux &#x1f4f7; Sebastien Huruguen","og_description":"Photos du Airwalk Lacanau Pro Junior 2012. S\u00e9bastien Huruguen Photographe professionnel de surf \u00e0 Bordeaux en Gironde dans le sud ouest de la France.","og_url":"https:\/\/www.huruguen.fr\/site\/airwalk-lacanau-pro-junior-2012\/","og_site_name":"Photographe Professionnel \u00e0 Bordeaux &#x1f4f7; Sebastien Huruguen","article_publisher":"https:\/\/www.facebook.com\/huruguen","article_author":"https:\/\/www.facebook.com\/huruguen\/","article_published_time":"2012-08-13T23:03:26+00:00","article_modified_time":"2020-04-14T15:02:20+00:00","og_image":[{"width":960,"height":640,"url":"https:\/\/www.huruguen.fr\/site\/wp-content\/uploads\/2012\/08\/LacanauProJR_Carlos-Munoz-CRI3_Huruguen_Day4.jpg","type":"image\/jpeg"}],"author":"Sebastien Huruguen","twitter_card":"summary_large_image","twitter_creator":"@www_huruguen_fr","twitter_site":"@www_huruguen_fr","twitter_misc":{"\u00c9crit par":"Sebastien Huruguen"},"schema":{"@context":"https:\/\/schema.org","@graph":[{"@type":"Article","@id":"https:\/\/www.huruguen.fr\/site\/airwalk-lacanau-pro-junior-2012\/#article","isPartOf":{"@id":"https:\/\/www.huruguen.fr\/site\/airwalk-lacanau-pro-junior-2012\/"},"author":{"name":"Sebastien Huruguen","@id":"https:\/\/www.huruguen.fr\/site\/#\/schema\/person\/bdce6395a337c00db735bf5fa1268715"},"headline":"Airwalk Lacanau Pro Junior 2012","datePublished":"2012-08-13T23:03:26+00:00","dateModified":"2020-04-14T15:02:20+00:00","mainEntityOfPage":{"@id":"https:\/\/www.huruguen.fr\/site\/airwalk-lacanau-pro-junior-2012\/"},"wordCount":70,"publisher":{"@id":"https:\/\/www.huruguen.fr\/site\/#organization"},"image":{"@id":"https:\/\/www.huruguen.fr\/site\/airwalk-lacanau-pro-junior-2012\/#primaryimage"},"thumbnailUrl":"https:\/\/www.huruguen.fr\/site\/wp-content\/uploads\/2012\/08\/LacanauProJR_Carlos-Munoz-CRI3_Huruguen_Day4.jpg","keywords":["2012","Airwalk","ASP","Bulard","Canelle","Carlos","Europe","France","junior","Lacanau","Le Car","Lucia","Martino","Maud","Munoz","Pro Junior","Ramzi","Sooruz"],"articleSection":["Actualit\u00e9s"],"inLanguage":"fr-FR"},{"@type":"WebPage","@id":"https:\/\/www.huruguen.fr\/site\/airwalk-lacanau-pro-junior-2012\/","url":"https:\/\/www.huruguen.fr\/site\/airwalk-lacanau-pro-junior-2012\/","name":"Airwalk Lacanau Pro Junior 2012 - Photographe Professionnel \u00e0 Bordeaux &#x1f4f7; Sebastien Huruguen","isPartOf":{"@id":"https:\/\/www.huruguen.fr\/site\/#website"},"primaryImageOfPage":{"@id":"https:\/\/www.huruguen.fr\/site\/airwalk-lacanau-pro-junior-2012\/#primaryimage"},"image":{"@id":"https:\/\/www.huruguen.fr\/site\/airwalk-lacanau-pro-junior-2012\/#primaryimage"},"thumbnailUrl":"https:\/\/www.huruguen.fr\/site\/wp-content\/uploads\/2012\/08\/LacanauProJR_Carlos-Munoz-CRI3_Huruguen_Day4.jpg","datePublished":"2012-08-13T23:03:26+00:00","dateModified":"2020-04-14T15:02:20+00:00","description":"Photos du Airwalk Lacanau Pro Junior 2012. S\u00e9bastien Huruguen Photographe professionnel de surf \u00e0 Bordeaux en Gironde dans le sud ouest de la France.","breadcrumb":{"@id":"https:\/\/www.huruguen.fr\/site\/airwalk-lacanau-pro-junior-2012\/#breadcrumb"},"inLanguage":"fr-FR","potentialAction":[{"@type":"ReadAction","target":["https:\/\/www.huruguen.fr\/site\/airwalk-lacanau-pro-junior-2012\/"]}]},{"@type":"ImageObject","inLanguage":"fr-FR","@id":"https:\/\/www.huruguen.fr\/site\/airwalk-lacanau-pro-junior-2012\/#primaryimage","url":"https:\/\/www.huruguen.fr\/site\/wp-content\/uploads\/2012\/08\/LacanauProJR_Carlos-Munoz-CRI3_Huruguen_Day4.jpg","contentUrl":"https:\/\/www.huruguen.fr\/site\/wp-content\/uploads\/2012\/08\/LacanauProJR_Carlos-Munoz-CRI3_Huruguen_Day4.jpg","width":"960","height":"640","caption":"Carlos Munoz (CRI)"},{"@type":"BreadcrumbList","@id":"https:\/\/www.huruguen.fr\/site\/airwalk-lacanau-pro-junior-2012\/#breadcrumb","itemListElement":[{"@type":"ListItem","position":1,"name":"Accueil","item":"https:\/\/www.huruguen.fr\/site\/"},{"@type":"ListItem","position":2,"name":"Airwalk Lacanau Pro Junior 2012"}]},{"@type":"WebSite","@id":"https:\/\/www.huruguen.fr\/site\/#website","url":"https:\/\/www.huruguen.fr\/site\/","name":"Photographe Professionnel \u00e0 Bordeaux Sebastien Huruguen","description":"Photographe professionnel ind\u00e9pendant a Bordeaux. Prestations et services photograpphiques pour les professionnels et particuliers : reportages, s\u00e9ances photos, studio, packshot.","publisher":{"@id":"https:\/\/www.huruguen.fr\/site\/#organization"},"potentialAction":[{"@type":"SearchAction","target":{"@type":"EntryPoint","urlTemplate":"https:\/\/www.huruguen.fr\/site\/?s={search_term_string}"},"query-input":{"@type":"PropertyValueSpecification","valueRequired":true,"valueName":"search_term_string"}}],"inLanguage":"fr-FR"},{"@type":"Organization","@id":"https:\/\/www.huruguen.fr\/site\/#organization","name":"S\u00e9bastien Huruguen Photographe","url":"https:\/\/www.huruguen.fr\/site\/","logo":{"@type":"ImageObject","inLanguage":"fr-FR","@id":"https:\/\/www.huruguen.fr\/site\/#\/schema\/logo\/image\/","url":"https:\/\/www.huruguen.fr\/site\/wp-content\/uploads\/2018\/03\/Logo-Huruguen-triptique-2018-noir-1500.jpg","contentUrl":"https:\/\/www.huruguen.fr\/site\/wp-content\/uploads\/2018\/03\/Logo-Huruguen-triptique-2018-noir-1500.jpg","width":1500,"height":1500,"caption":"S\u00e9bastien Huruguen Photographe"},"image":{"@id":"https:\/\/www.huruguen.fr\/site\/#\/schema\/logo\/image\/"},"sameAs":["https:\/\/www.facebook.com\/huruguen","https:\/\/x.com\/www_huruguen_fr","https:\/\/www.instagram.com\/sebastien.huruguen\/"]},{"@type":"Person","@id":"https:\/\/www.huruguen.fr\/site\/#\/schema\/person\/bdce6395a337c00db735bf5fa1268715","name":"Sebastien Huruguen","description":"S\u00e9bastien Huruguen est photographe professionnel \u00e0 Bordeaux.","sameAs":["https:\/\/www.huruguen.fr","https:\/\/www.facebook.com\/huruguen\/","https:\/\/www.instagram.com\/sebastien.huruguen\/","https:\/\/www.linkedin.com\/in\/sbastien-huruguen-95452342\/","https:\/\/www.pinterest.fr\/shuruguen\/","https:\/\/x.com\/www_huruguen_fr","https:\/\/www.youtube.com\/channel\/UChEt96Suus_jyoBce80fNOA?nohtml5=False"]}]}},"_links":{"self":[{"href":"https:\/\/www.huruguen.fr\/site\/wp-json\/wp\/v2\/posts\/1007","targetHints":{"allow":["GET"]}}],"collection":[{"href":"https:\/\/www.huruguen.fr\/site\/wp-json\/wp\/v2\/posts"}],"about":[{"href":"https:\/\/www.huruguen.fr\/site\/wp-json\/wp\/v2\/types\/post"}],"author":[{"embeddable":true,"href":"https:\/\/www.huruguen.fr\/site\/wp-json\/wp\/v2\/users\/1"}],"replies":[{"embeddable":true,"href":"https:\/\/www.huruguen.fr\/site\/wp-json\/wp\/v2\/comments?post=1007"}],"version-history":[{"count":8,"href":"https:\/\/www.huruguen.fr\/site\/wp-json\/wp\/v2\/posts\/1007\/revisions"}],"predecessor-version":[{"id":60522,"href":"https:\/\/www.huruguen.fr\/site\/wp-json\/wp\/v2\/posts\/1007\/revisions\/60522"}],"wp:featuredmedia":[{"embeddable":true,"href":"https:\/\/www.huruguen.fr\/site\/wp-json\/wp\/v2\/media\/1010"}],"wp:attachment":[{"href":"https:\/\/www.huruguen.fr\/site\/wp-json\/wp\/v2\/media?parent=1007"}],"wp:term":[{"taxonomy":"category","embeddable":true,"href":"https:\/\/www.huruguen.fr\/site\/wp-json\/wp\/v2\/categories?post=1007"},{"taxonomy":"post_tag","embeddable":true,"href":"https:\/\/www.huruguen.fr\/site\/wp-json\/wp\/v2\/tags?post=1007"}],"curies":[{"name":"wp","href":"https:\/\/api.w.org\/{rel}","templated":true}]}}